{"id":15755,"date":"2025-01-07T14:57:41","date_gmt":"2025-01-07T17:57:41","guid":{"rendered":"https:\/\/www.sitsesp.org.br\/novo\/?p=15755"},"modified":"2025-01-10T16:46:51","modified_gmt":"2025-01-10T19:46:51","slug":"acesso-ao-sesc-sao-paulo-e-retomado-para-servidores-da-fundacao-casa-em-2025","status":"publish","type":"post","link":"https:\/\/www.sitsesp.org.br\/novo\/acesso-ao-sesc-sao-paulo-e-retomado-para-servidores-da-fundacao-casa-em-2025\/","title":{"rendered":"Acesso ao SESC S\u00e3o Paulo \u00e9 retomado para servidores da Funda\u00e7\u00e3o CASA em 2025"},"content":{"rendered":"<p><!-- VideographyWP Plugin Message: Automatic video embedding prevented by plugin options. --><\/p>\n<p style=\"text-align: justify;\">O SITSESP informa com satisfa\u00e7\u00e3o a retomada do benef\u00edcio de acesso ao SESC S\u00e3o Paulo para os servidores da Funda\u00e7\u00e3o CASA, resultado de esfor\u00e7os e di\u00e1logo constante entre o sindicato e a institui\u00e7\u00e3o.<\/p>\n<p style=\"text-align: justify;\">Em maio de 2024, o SITSESP alertou sobre atrasos na entrega de documenta\u00e7\u00e3o espec\u00edfica da Funda\u00e7\u00e3o CASA junto ao SESC, reiterando a necessidade de regulariza\u00e7\u00e3o para que o benef\u00edcio fosse garantido.<\/p>\n<p style=\"text-align: justify;\">Agora, no in\u00edcio de 2025, foi firmado um acordo de coopera\u00e7\u00e3o t\u00e9cnica com o Servi\u00e7o Social do Com\u00e9rcio de S\u00e3o Paulo (SESC S\u00e3o Paulo), permitindo que os servidores se inscrevam na Matr\u00edcula de Interesse Social (MIS) para usufruir dos espa\u00e7os e servi\u00e7os em qualquer unidade do Estado.<\/p>\n<p style=\"text-align: justify;\">Esse conv\u00eanio refor\u00e7a o compromisso com a valoriza\u00e7\u00e3o dos servidores, atendendo \u00e0 cl\u00e1usula estabelecida na campanha salarial de 2023\/2024. O benef\u00edcio garante acesso a atividades culturais, esportivas e de lazer, ampliando as oportunidades para os trabalhadores e suas fam\u00edlias.<\/p>\n<h3 style=\"text-align: justify;\"><strong>Como se inscrever:<\/strong><\/h3>\n<p style=\"text-align: justify;\">As inscri\u00e7\u00f5es para a demonstra\u00e7\u00e3o de interesse j\u00e1 est\u00e3o abertas e devem seguir duas etapas:<\/p>\n<ol style=\"text-align: justify;\">\n<li><strong>Preenchimento do formul\u00e1rio on-line:<\/strong>\n<ul>\n<li>Acesse o link dispon\u00edvel no <strong>Comunicado DRH n.\u00ba 001\/2025<\/strong>, na intranet, e preencha o formul\u00e1rio on-line.<\/li>\n<li>Os dados fornecidos ser\u00e3o compartilhados pela Divis\u00e3o de Recursos Humanos (DRH) com o SESC S\u00e3o Paulo, que realizar\u00e1 o cadastro para efetiva\u00e7\u00e3o da matr\u00edcula.<\/li>\n<\/ul>\n<\/li>\n<li><strong>Efetiva\u00e7\u00e3o presencial:<\/strong>\n<ul>\n<li>Compare\u00e7a a qualquer unidade do SESC S\u00e3o Paulo para concluir a matr\u00edcula, apresentando os documentos necess\u00e1rios e realizando o pagamento da anuidade de R$ 40,00.<\/li>\n<li>O atendimento presencial pode ser realizado com ou sem agendamento.<\/li>\n<\/ul>\n<\/li>\n<\/ol>\n<hr \/>\n<h3 style=\"text-align: justify;\"><strong>Prazos e inclus\u00e3o de dependentes:<\/strong><\/h3>\n<ul style=\"text-align: justify;\">\n<li>A inscri\u00e7\u00e3o pode ser feita a qualquer momento durante o ano de 2025.<\/li>\n<li>Para quem se inscrever at\u00e9 o dia <strong>09 de janeiro<\/strong>, o SESC iniciar\u00e1 a etapa final de inscri\u00e7\u00e3o a partir do dia <strong>15 de janeiro<\/strong>.<\/li>\n<li>Dependentes, como c\u00f4njuge, companheiro(a) em uni\u00e3o est\u00e1vel de qualquer g\u00eanero, filhos e enteados menores de 21 anos, tamb\u00e9m podem ser inclu\u00eddos. A inscri\u00e7\u00e3o para dependentes custa R$ 40,00, independentemente do n\u00famero de inscritos.<\/li>\n<\/ul>\n<p style=\"text-align: justify;\">As informa\u00e7\u00f5es detalhadas sobre os documentos necess\u00e1rios est\u00e3o no <strong>Comunicado DRH n.\u00ba 001\/2025<\/strong>, dispon\u00edvel na intranet.<\/p>\n<p style=\"text-align: justify;\">Importante ressalta que o preenchimento do formul\u00e1rio on-line \u00e9 obrigat\u00f3rio. N\u00e3o ser\u00e1 poss\u00edvel realizar a matr\u00edcula diretamente nas unidades do SESC S\u00e3o Paulo sem antes completar essa etapa.<\/p>\n<p style=\"text-align: justify;\">Em caso de d\u00favidas, entre em contato com o SITSESP ou consulte a intranet da Funda\u00e7\u00e3o CASA.<\/p>\n<p>&nbsp;<\/p>\n<p><a href=\"https:\/\/www.sitsesp.org.br\/novo\/sitsesp-pressiona-por-adesao-ao-sesc-apos-atraso-burocratico-na-fundacao-casa\/\">Confira reportagem publicada em maio 2024:\u00a0<\/a><\/p>\n<p><img fetchpriority=\"high\" decoding=\"async\" class=\"alignnone size-full wp-image-15760\" src=\"https:\/\/www.sitsesp.org.br\/novo\/wp-content\/uploads\/2025\/01\/Captura-de-Tela-2025-01-07-a\u0300s-14.59.23.png\" alt=\"\" width=\"543\" height=\"497\" \/><\/p>\n","protected":false},"excerpt":{"rendered":"<p>O SITSESP informa com satisfa\u00e7\u00e3o a retomada do benef\u00edcio de acesso ao SESC S\u00e3o Paulo para os servidores da Funda\u00e7\u00e3o CASA,&hellip;<\/p>\n","protected":false},"author":7,"featured_media":15756,"comment_status":"open","ping_status":"open","sticky":false,"template":"","format":"standard","meta":{"cybocfi_hide_featured_image":"","footnotes":""},"categories":[78],"tags":[],"yoast_head":"<!-- This site is optimized with the Yoast SEO plugin v22.8 - https:\/\/yoast.com\/wordpress\/plugins\/seo\/ -->\n<title>Acesso ao SESC S\u00e3o Paulo \u00e9 retomado para servidores da Funda\u00e7\u00e3o CASA em 2025 - SITSESP<\/title>\n<meta name=\"robots\" content=\"index, follow, max-snippet:-1, max-image-preview:large, max-video-preview:-1\" \/>\n<link rel=\"canonical\" href=\"https:\/\/www.sitsesp.org.br\/novo\/acesso-ao-sesc-sao-paulo-e-retomado-para-servidores-da-fundacao-casa-em-2025\/\" \/>\n<meta property=\"og:locale\" content=\"pt_BR\" \/>\n<meta property=\"og:type\" content=\"article\" \/>\n<meta property=\"og:title\" content=\"Acesso ao SESC S\u00e3o Paulo \u00e9 retomado para servidores da Funda\u00e7\u00e3o CASA em 2025 - SITSESP\" \/>\n<meta property=\"og:description\" content=\"O SITSESP informa com satisfa\u00e7\u00e3o a retomada do benef\u00edcio de acesso ao SESC S\u00e3o Paulo para os servidores da Funda\u00e7\u00e3o CASA,&hellip;\" \/>\n<meta property=\"og:url\" content=\"https:\/\/www.sitsesp.org.br\/novo\/acesso-ao-sesc-sao-paulo-e-retomado-para-servidores-da-fundacao-casa-em-2025\/\" \/>\n<meta property=\"og:site_name\" content=\"SITSESP\" \/>\n<meta property=\"article:published_time\" content=\"2025-01-07T17:57:41+00:00\" \/>\n<meta property=\"article:modified_time\" content=\"2025-01-10T19:46:51+00:00\" \/>\n<meta property=\"og:image\" content=\"https:\/\/www.sitsesp.org.br\/novo\/wp-content\/uploads\/2025\/01\/1259884364.jpeg\" \/>\n\t<meta property=\"og:image:width\" content=\"792\" \/>\n\t<meta property=\"og:image:height\" content=\"594\" \/>\n\t<meta property=\"og:image:type\" content=\"image\/jpeg\" \/>\n<meta name=\"author\" content=\"2.8marcosaa\" \/>\n<meta name=\"twitter:card\" content=\"summary_large_image\" \/>\n<meta name=\"twitter:label1\" content=\"Escrito por\" \/>\n\t<meta name=\"twitter:data1\" content=\"2.8marcosaa\" \/>\n\t<meta name=\"twitter:label2\" content=\"Est. tempo de leitura\" \/>\n\t<meta name=\"twitter:data2\" content=\"3 minutos\" \/>\n<script type=\"application\/ld+json\" class=\"yoast-schema-graph\">{\"@context\":\"https:\/\/schema.org\",\"@graph\":[{\"@type\":\"Article\",\"@id\":\"https:\/\/www.sitsesp.org.br\/novo\/acesso-ao-sesc-sao-paulo-e-retomado-para-servidores-da-fundacao-casa-em-2025\/#article\",\"isPartOf\":{\"@id\":\"https:\/\/www.sitsesp.org.br\/novo\/acesso-ao-sesc-sao-paulo-e-retomado-para-servidores-da-fundacao-casa-em-2025\/\"},\"author\":{\"name\":\"2.8marcosaa\",\"@id\":\"https:\/\/www.sitsesp.org.br\/novo\/#\/schema\/person\/0410b37c20ab60fd51a7b8ae5983f8de\"},\"headline\":\"Acesso ao SESC S\u00e3o Paulo \u00e9 retomado para servidores da Funda\u00e7\u00e3o CASA em 2025\",\"datePublished\":\"2025-01-07T17:57:41+00:00\",\"dateModified\":\"2025-01-10T19:46:51+00:00\",\"mainEntityOfPage\":{\"@id\":\"https:\/\/www.sitsesp.org.br\/novo\/acesso-ao-sesc-sao-paulo-e-retomado-para-servidores-da-fundacao-casa-em-2025\/\"},\"wordCount\":461,\"commentCount\":0,\"publisher\":{\"@id\":\"https:\/\/www.sitsesp.org.br\/novo\/#organization\"},\"image\":{\"@id\":\"https:\/\/www.sitsesp.org.br\/novo\/acesso-ao-sesc-sao-paulo-e-retomado-para-servidores-da-fundacao-casa-em-2025\/#primaryimage\"},\"thumbnailUrl\":\"https:\/\/www.sitsesp.org.br\/novo\/wp-content\/uploads\/2025\/01\/1259884364.jpeg\",\"articleSection\":[\"manchete\"],\"inLanguage\":\"pt-BR\",\"potentialAction\":[{\"@type\":\"CommentAction\",\"name\":\"Comment\",\"target\":[\"https:\/\/www.sitsesp.org.br\/novo\/acesso-ao-sesc-sao-paulo-e-retomado-para-servidores-da-fundacao-casa-em-2025\/#respond\"]}]},{\"@type\":\"WebPage\",\"@id\":\"https:\/\/www.sitsesp.org.br\/novo\/acesso-ao-sesc-sao-paulo-e-retomado-para-servidores-da-fundacao-casa-em-2025\/\",\"url\":\"https:\/\/www.sitsesp.org.br\/novo\/acesso-ao-sesc-sao-paulo-e-retomado-para-servidores-da-fundacao-casa-em-2025\/\",\"name\":\"Acesso ao SESC S\u00e3o Paulo \u00e9 retomado para servidores da Funda\u00e7\u00e3o CASA em 2025 - SITSESP\",\"isPartOf\":{\"@id\":\"https:\/\/www.sitsesp.org.br\/novo\/#website\"},\"primaryImageOfPage\":{\"@id\":\"https:\/\/www.sitsesp.org.br\/novo\/acesso-ao-sesc-sao-paulo-e-retomado-para-servidores-da-fundacao-casa-em-2025\/#primaryimage\"},\"image\":{\"@id\":\"https:\/\/www.sitsesp.org.br\/novo\/acesso-ao-sesc-sao-paulo-e-retomado-para-servidores-da-fundacao-casa-em-2025\/#primaryimage\"},\"thumbnailUrl\":\"https:\/\/www.sitsesp.org.br\/novo\/wp-content\/uploads\/2025\/01\/1259884364.jpeg\",\"datePublished\":\"2025-01-07T17:57:41+00:00\",\"dateModified\":\"2025-01-10T19:46:51+00:00\",\"breadcrumb\":{\"@id\":\"https:\/\/www.sitsesp.org.br\/novo\/acesso-ao-sesc-sao-paulo-e-retomado-para-servidores-da-fundacao-casa-em-2025\/#breadcrumb\"},\"inLanguage\":\"pt-BR\",\"potentialAction\":[{\"@type\":\"ReadAction\",\"target\":[\"https:\/\/www.sitsesp.org.br\/novo\/acesso-ao-sesc-sao-paulo-e-retomado-para-servidores-da-fundacao-casa-em-2025\/\"]}]},{\"@type\":\"ImageObject\",\"inLanguage\":\"pt-BR\",\"@id\":\"https:\/\/www.sitsesp.org.br\/novo\/acesso-ao-sesc-sao-paulo-e-retomado-para-servidores-da-fundacao-casa-em-2025\/#primaryimage\",\"url\":\"https:\/\/www.sitsesp.org.br\/novo\/wp-content\/uploads\/2025\/01\/1259884364.jpeg\",\"contentUrl\":\"https:\/\/www.sitsesp.org.br\/novo\/wp-content\/uploads\/2025\/01\/1259884364.jpeg\",\"width\":792,\"height\":594},{\"@type\":\"BreadcrumbList\",\"@id\":\"https:\/\/www.sitsesp.org.br\/novo\/acesso-ao-sesc-sao-paulo-e-retomado-para-servidores-da-fundacao-casa-em-2025\/#breadcrumb\",\"itemListElement\":[{\"@type\":\"ListItem\",\"position\":1,\"name\":\"In\u00edcio\",\"item\":\"https:\/\/www.sitsesp.org.br\/novo\/\"},{\"@type\":\"ListItem\",\"position\":2,\"name\":\"Acesso ao SESC S\u00e3o Paulo \u00e9 retomado para servidores da Funda\u00e7\u00e3o CASA em 2025\"}]},{\"@type\":\"WebSite\",\"@id\":\"https:\/\/www.sitsesp.org.br\/novo\/#website\",\"url\":\"https:\/\/www.sitsesp.org.br\/novo\/\",\"name\":\"Sitsesp\",\"description\":\"SIndicato da Socioeduca\u00e7\u00e3o do Estado de S\u00e3o Paulo\",\"publisher\":{\"@id\":\"https:\/\/www.sitsesp.org.br\/novo\/#organization\"},\"potentialAction\":[{\"@type\":\"SearchAction\",\"target\":{\"@type\":\"EntryPoint\",\"urlTemplate\":\"https:\/\/www.sitsesp.org.br\/novo\/?s={search_term_string}\"},\"query-input\":\"required name=search_term_string\"}],\"inLanguage\":\"pt-BR\"},{\"@type\":\"Organization\",\"@id\":\"https:\/\/www.sitsesp.org.br\/novo\/#organization\",\"name\":\"Sitsesp\",\"url\":\"https:\/\/www.sitsesp.org.br\/novo\/\",\"logo\":{\"@type\":\"ImageObject\",\"inLanguage\":\"pt-BR\",\"@id\":\"https:\/\/www.sitsesp.org.br\/novo\/#\/schema\/logo\/image\/\",\"url\":\"https:\/\/www.sitsesp.org.br\/novo\/wp-content\/uploads\/2020\/09\/Design-sem-nome-1.jpg\",\"contentUrl\":\"https:\/\/www.sitsesp.org.br\/novo\/wp-content\/uploads\/2020\/09\/Design-sem-nome-1.jpg\",\"width\":300,\"height\":300,\"caption\":\"Sitsesp\"},\"image\":{\"@id\":\"https:\/\/www.sitsesp.org.br\/novo\/#\/schema\/logo\/image\/\"}},{\"@type\":\"Person\",\"@id\":\"https:\/\/www.sitsesp.org.br\/novo\/#\/schema\/person\/0410b37c20ab60fd51a7b8ae5983f8de\",\"name\":\"2.8marcosaa\",\"image\":{\"@type\":\"ImageObject\",\"inLanguage\":\"pt-BR\",\"@id\":\"https:\/\/www.sitsesp.org.br\/novo\/#\/schema\/person\/image\/\",\"url\":\"https:\/\/secure.gravatar.com\/avatar\/0273db62f5a16721adcf1f80ba308e7b?s=96&d=mm&r=g\",\"contentUrl\":\"https:\/\/secure.gravatar.com\/avatar\/0273db62f5a16721adcf1f80ba308e7b?s=96&d=mm&r=g\",\"caption\":\"2.8marcosaa\"},\"sameAs\":[\"http:\/\/www.362k.com.br\"]}]}<\/script>\n<!-- \/ Yoast SEO plugin. -->","yoast_head_json":{"title":"Acesso ao SESC S\u00e3o Paulo \u00e9 retomado para servidores da Funda\u00e7\u00e3o CASA em 2025 - SITSESP","robots":{"index":"index","follow":"follow","max-snippet":"max-snippet:-1","max-image-preview":"max-image-preview:large","max-video-preview":"max-video-preview:-1"},"canonical":"https:\/\/www.sitsesp.org.br\/novo\/acesso-ao-sesc-sao-paulo-e-retomado-para-servidores-da-fundacao-casa-em-2025\/","og_locale":"pt_BR","og_type":"article","og_title":"Acesso ao SESC S\u00e3o Paulo \u00e9 retomado para servidores da Funda\u00e7\u00e3o CASA em 2025 - SITSESP","og_description":"O SITSESP informa com satisfa\u00e7\u00e3o a retomada do benef\u00edcio de acesso ao SESC S\u00e3o Paulo para os servidores da Funda\u00e7\u00e3o CASA,&hellip;","og_url":"https:\/\/www.sitsesp.org.br\/novo\/acesso-ao-sesc-sao-paulo-e-retomado-para-servidores-da-fundacao-casa-em-2025\/","og_site_name":"SITSESP","article_published_time":"2025-01-07T17:57:41+00:00","article_modified_time":"2025-01-10T19:46:51+00:00","og_image":[{"width":792,"height":594,"url":"https:\/\/www.sitsesp.org.br\/novo\/wp-content\/uploads\/2025\/01\/1259884364.jpeg","type":"image\/jpeg"}],"author":"2.8marcosaa","twitter_card":"summary_large_image","twitter_misc":{"Escrito por":"2.8marcosaa","Est. tempo de leitura":"3 minutos"},"schema":{"@context":"https:\/\/schema.org","@graph":[{"@type":"Article","@id":"https:\/\/www.sitsesp.org.br\/novo\/acesso-ao-sesc-sao-paulo-e-retomado-para-servidores-da-fundacao-casa-em-2025\/#article","isPartOf":{"@id":"https:\/\/www.sitsesp.org.br\/novo\/acesso-ao-sesc-sao-paulo-e-retomado-para-servidores-da-fundacao-casa-em-2025\/"},"author":{"name":"2.8marcosaa","@id":"https:\/\/www.sitsesp.org.br\/novo\/#\/schema\/person\/0410b37c20ab60fd51a7b8ae5983f8de"},"headline":"Acesso ao SESC S\u00e3o Paulo \u00e9 retomado para servidores da Funda\u00e7\u00e3o CASA em 2025","datePublished":"2025-01-07T17:57:41+00:00","dateModified":"2025-01-10T19:46:51+00:00","mainEntityOfPage":{"@id":"https:\/\/www.sitsesp.org.br\/novo\/acesso-ao-sesc-sao-paulo-e-retomado-para-servidores-da-fundacao-casa-em-2025\/"},"wordCount":461,"commentCount":0,"publisher":{"@id":"https:\/\/www.sitsesp.org.br\/novo\/#organization"},"image":{"@id":"https:\/\/www.sitsesp.org.br\/novo\/acesso-ao-sesc-sao-paulo-e-retomado-para-servidores-da-fundacao-casa-em-2025\/#primaryimage"},"thumbnailUrl":"https:\/\/www.sitsesp.org.br\/novo\/wp-content\/uploads\/2025\/01\/1259884364.jpeg","articleSection":["manchete"],"inLanguage":"pt-BR","potentialAction":[{"@type":"CommentAction","name":"Comment","target":["https:\/\/www.sitsesp.org.br\/novo\/acesso-ao-sesc-sao-paulo-e-retomado-para-servidores-da-fundacao-casa-em-2025\/#respond"]}]},{"@type":"WebPage","@id":"https:\/\/www.sitsesp.org.br\/novo\/acesso-ao-sesc-sao-paulo-e-retomado-para-servidores-da-fundacao-casa-em-2025\/","url":"https:\/\/www.sitsesp.org.br\/novo\/acesso-ao-sesc-sao-paulo-e-retomado-para-servidores-da-fundacao-casa-em-2025\/","name":"Acesso ao SESC S\u00e3o Paulo \u00e9 retomado para servidores da Funda\u00e7\u00e3o CASA em 2025 - SITSESP","isPartOf":{"@id":"https:\/\/www.sitsesp.org.br\/novo\/#website"},"primaryImageOfPage":{"@id":"https:\/\/www.sitsesp.org.br\/novo\/acesso-ao-sesc-sao-paulo-e-retomado-para-servidores-da-fundacao-casa-em-2025\/#primaryimage"},"image":{"@id":"https:\/\/www.sitsesp.org.br\/novo\/acesso-ao-sesc-sao-paulo-e-retomado-para-servidores-da-fundacao-casa-em-2025\/#primaryimage"},"thumbnailUrl":"https:\/\/www.sitsesp.org.br\/novo\/wp-content\/uploads\/2025\/01\/1259884364.jpeg","datePublished":"2025-01-07T17:57:41+00:00","dateModified":"2025-01-10T19:46:51+00:00","breadcrumb":{"@id":"https:\/\/www.sitsesp.org.br\/novo\/acesso-ao-sesc-sao-paulo-e-retomado-para-servidores-da-fundacao-casa-em-2025\/#breadcrumb"},"inLanguage":"pt-BR","potentialAction":[{"@type":"ReadAction","target":["https:\/\/www.sitsesp.org.br\/novo\/acesso-ao-sesc-sao-paulo-e-retomado-para-servidores-da-fundacao-casa-em-2025\/"]}]},{"@type":"ImageObject","inLanguage":"pt-BR","@id":"https:\/\/www.sitsesp.org.br\/novo\/acesso-ao-sesc-sao-paulo-e-retomado-para-servidores-da-fundacao-casa-em-2025\/#primaryimage","url":"https:\/\/www.sitsesp.org.br\/novo\/wp-content\/uploads\/2025\/01\/1259884364.jpeg","contentUrl":"https:\/\/www.sitsesp.org.br\/novo\/wp-content\/uploads\/2025\/01\/1259884364.jpeg","width":792,"height":594},{"@type":"BreadcrumbList","@id":"https:\/\/www.sitsesp.org.br\/novo\/acesso-ao-sesc-sao-paulo-e-retomado-para-servidores-da-fundacao-casa-em-2025\/#breadcrumb","itemListElement":[{"@type":"ListItem","position":1,"name":"In\u00edcio","item":"https:\/\/www.sitsesp.org.br\/novo\/"},{"@type":"ListItem","position":2,"name":"Acesso ao SESC S\u00e3o Paulo \u00e9 retomado para servidores da Funda\u00e7\u00e3o CASA em 2025"}]},{"@type":"WebSite","@id":"https:\/\/www.sitsesp.org.br\/novo\/#website","url":"https:\/\/www.sitsesp.org.br\/novo\/","name":"Sitsesp","description":"SIndicato da Socioeduca\u00e7\u00e3o do Estado de S\u00e3o Paulo","publisher":{"@id":"https:\/\/www.sitsesp.org.br\/novo\/#organization"},"potentialAction":[{"@type":"SearchAction","target":{"@type":"EntryPoint","urlTemplate":"https:\/\/www.sitsesp.org.br\/novo\/?s={search_term_string}"},"query-input":"required name=search_term_string"}],"inLanguage":"pt-BR"},{"@type":"Organization","@id":"https:\/\/www.sitsesp.org.br\/novo\/#organization","name":"Sitsesp","url":"https:\/\/www.sitsesp.org.br\/novo\/","logo":{"@type":"ImageObject","inLanguage":"pt-BR","@id":"https:\/\/www.sitsesp.org.br\/novo\/#\/schema\/logo\/image\/","url":"https:\/\/www.sitsesp.org.br\/novo\/wp-content\/uploads\/2020\/09\/Design-sem-nome-1.jpg","contentUrl":"https:\/\/www.sitsesp.org.br\/novo\/wp-content\/uploads\/2020\/09\/Design-sem-nome-1.jpg","width":300,"height":300,"caption":"Sitsesp"},"image":{"@id":"https:\/\/www.sitsesp.org.br\/novo\/#\/schema\/logo\/image\/"}},{"@type":"Person","@id":"https:\/\/www.sitsesp.org.br\/novo\/#\/schema\/person\/0410b37c20ab60fd51a7b8ae5983f8de","name":"2.8marcosaa","image":{"@type":"ImageObject","inLanguage":"pt-BR","@id":"https:\/\/www.sitsesp.org.br\/novo\/#\/schema\/person\/image\/","url":"https:\/\/secure.gravatar.com\/avatar\/0273db62f5a16721adcf1f80ba308e7b?s=96&d=mm&r=g","contentUrl":"https:\/\/secure.gravatar.com\/avatar\/0273db62f5a16721adcf1f80ba308e7b?s=96&d=mm&r=g","caption":"2.8marcosaa"},"sameAs":["http:\/\/www.362k.com.br"]}]}},"_links":{"self":[{"href":"https:\/\/www.sitsesp.org.br\/novo\/wp-json\/wp\/v2\/posts\/15755"}],"collection":[{"href":"https:\/\/www.sitsesp.org.br\/novo\/wp-json\/wp\/v2\/posts"}],"about":[{"href":"https:\/\/www.sitsesp.org.br\/novo\/wp-json\/wp\/v2\/types\/post"}],"author":[{"embeddable":true,"href":"https:\/\/www.sitsesp.org.br\/novo\/wp-json\/wp\/v2\/users\/7"}],"replies":[{"embeddable":true,"href":"https:\/\/www.sitsesp.org.br\/novo\/wp-json\/wp\/v2\/comments?post=15755"}],"version-history":[{"count":3,"href":"https:\/\/www.sitsesp.org.br\/novo\/wp-json\/wp\/v2\/posts\/15755\/revisions"}],"predecessor-version":[{"id":15761,"href":"https:\/\/www.sitsesp.org.br\/novo\/wp-json\/wp\/v2\/posts\/15755\/revisions\/15761"}],"wp:featuredmedia":[{"embeddable":true,"href":"https:\/\/www.sitsesp.org.br\/novo\/wp-json\/wp\/v2\/media\/15756"}],"wp:attachment":[{"href":"https:\/\/www.sitsesp.org.br\/novo\/wp-json\/wp\/v2\/media?parent=15755"}],"wp:term":[{"taxonomy":"category","embeddable":true,"href":"https:\/\/www.sitsesp.org.br\/novo\/wp-json\/wp\/v2\/categories?post=15755"},{"taxonomy":"post_tag","embeddable":true,"href":"https:\/\/www.sitsesp.org.br\/novo\/wp-json\/wp\/v2\/tags?post=15755"}],"curies":[{"name":"wp","href":"https:\/\/api.w.org\/{rel}","templated":true}]}}