{"id":15921,"date":"2025-02-26T18:58:32","date_gmt":"2025-02-26T21:58:32","guid":{"rendered":"https:\/\/www.sitsesp.org.br\/novo\/?p=15921"},"modified":"2025-02-28T11:17:58","modified_gmt":"2025-02-28T14:17:58","slug":"sitsesp-convoca-servidores-da-fundacao-casa-para-ato-em-brasilia","status":"publish","type":"post","link":"https:\/\/www.sitsesp.org.br\/novo\/sitsesp-convoca-servidores-da-fundacao-casa-para-ato-em-brasilia\/","title":{"rendered":"SITSESP Convoca Servidores da Funda\u00e7\u00e3o CASA para Ato em Bras\u00edlia"},"content":{"rendered":"<p><!-- VideographyWP Plugin Message: Automatic video embedding prevented by plugin options. --><br \/>\nO Sindicato dos Servidores da Funda\u00e7\u00e3o CASA do Estado de S\u00e3o Paulo (SITSESP) convoca os servidores da institui\u00e7\u00e3o a participarem da mobiliza\u00e7\u00e3o nacional e reuni\u00e3o da Frente Parlamentar em favor dos profissionais do Sistema Socioeducativo, que acontecer\u00e1 no dia 09 de abril de 2025, \u00e0s 8h, no audit\u00f3rio Nereu Ramos, na C\u00e2mara dos Deputados, em Bras\u00edlia.<\/p>\n<p>A mobiliza\u00e7\u00e3o \u00e9 organizada pela Federa\u00e7\u00e3o Nacional dos Trabalhadores do Sistema Socioeducativo (FENASSE) e pelo Conselho Nacional de Entidades Representativas dos Servidores e Trabalhadores do Sistema Socioeducativo (CONASSE).<\/p>\n<p>O ato tem como objetivo refor\u00e7ar a luta pelos direitos dos servidores, exigir melhores condi\u00e7\u00f5es de trabalho e garantir o fortalecimento do Sistema Socioeducativo.<\/p>\n<p>O SITSESP disponibilizar\u00e1 transporte gratuito aos servidores interessados. As inscri\u00e7\u00f5es devem ser feitas atrav\u00e9s do formul\u00e1rio Google Docs.<\/p>\n<p>&nbsp;<\/p>\n<p>A presen\u00e7a dos servidores \u00e9 fundamental para demonstrarmos nossa uni\u00e3o e for\u00e7a na defesa da nossa categoria. Vamos juntos lutar por respeito, valoriza\u00e7\u00e3o e dignidade!<\/p>\n<p>Inscreva-se agora: link no final da mat\u00e9ria.<\/p>\n<p>As inscri\u00e7\u00f5es estar\u00e3o abertas at\u00e9 o dia 1 de abril. A log\u00edstica com data e hor\u00e1rio da sa\u00edda e retorno ser\u00e1 divulgada posteriormente.<\/p>\n<p>Data do evento: 09 de abril de 2025<\/p>\n<p>Hor\u00e1rio: 8h<br \/>\nLocal: Audit\u00f3rio Nereu Ramos \u2013 C\u00e2mara dos Deputados, Bras\u00edlia.<\/p>\n<p>Sindicato dos Servidores da Funda\u00e7\u00e3o CASA do Estado de S\u00e3o Paulo \u2013 SITSESP<\/p>\n<p>&nbsp;<\/p>\n<p>&nbsp;<\/p>\n<p><iframe src=\"https:\/\/docs.google.com\/forms\/d\/e\/1FAIpQLSfzapMMCL73P0_nHRByACu_60o0v8z_69bGSV1sXk5gz15pnw\/viewform?embedded=true\" width=\"640\" height=\"855\" frameborder=\"0\" marginwidth=\"0\" marginheight=\"0\">Carregando\u2026<\/iframe><\/p>\n","protected":false},"excerpt":{"rendered":"<p>O Sindicato dos Servidores da Funda\u00e7\u00e3o CASA do Estado de S\u00e3o Paulo (SITSESP) convoca os servidores da institui\u00e7\u00e3o a participarem da&hellip;<\/p>\n","protected":false},"author":7,"featured_media":15922,"comment_status":"open","ping_status":"open","sticky":false,"template":"","format":"standard","meta":{"cybocfi_hide_featured_image":"","footnotes":""},"categories":[27],"tags":[],"yoast_head":"<!-- This site is optimized with the Yoast SEO plugin v22.8 - https:\/\/yoast.com\/wordpress\/plugins\/seo\/ -->\n<title>SITSESP Convoca Servidores da Funda\u00e7\u00e3o CASA para Ato em Bras\u00edlia - SITSESP<\/title>\n<meta name=\"robots\" content=\"index, follow, max-snippet:-1, max-image-preview:large, max-video-preview:-1\" \/>\n<link rel=\"canonical\" href=\"https:\/\/www.sitsesp.org.br\/novo\/sitsesp-convoca-servidores-da-fundacao-casa-para-ato-em-brasilia\/\" \/>\n<meta property=\"og:locale\" content=\"pt_BR\" \/>\n<meta property=\"og:type\" content=\"article\" \/>\n<meta property=\"og:title\" content=\"SITSESP Convoca Servidores da Funda\u00e7\u00e3o CASA para Ato em Bras\u00edlia - SITSESP\" \/>\n<meta property=\"og:description\" content=\"O Sindicato dos Servidores da Funda\u00e7\u00e3o CASA do Estado de S\u00e3o Paulo (SITSESP) convoca os servidores da institui\u00e7\u00e3o a participarem da&hellip;\" \/>\n<meta property=\"og:url\" content=\"https:\/\/www.sitsesp.org.br\/novo\/sitsesp-convoca-servidores-da-fundacao-casa-para-ato-em-brasilia\/\" \/>\n<meta property=\"og:site_name\" content=\"SITSESP\" \/>\n<meta property=\"article:published_time\" content=\"2025-02-26T21:58:32+00:00\" \/>\n<meta property=\"article:modified_time\" content=\"2025-02-28T14:17:58+00:00\" \/>\n<meta property=\"og:image\" content=\"https:\/\/www.sitsesp.org.br\/novo\/wp-content\/uploads\/2025\/02\/Green-Organic-Shape-Illustrative-Blank-Page-Border-Paper-Document-A4-Horizontal-5.jpg\" \/>\n\t<meta property=\"og:image:width\" content=\"2000\" \/>\n\t<meta property=\"og:image:height\" content=\"1414\" \/>\n\t<meta property=\"og:image:type\" content=\"image\/jpeg\" \/>\n<meta name=\"author\" content=\"2.8marcosaa\" \/>\n<meta name=\"twitter:card\" content=\"summary_large_image\" \/>\n<meta name=\"twitter:label1\" content=\"Escrito por\" \/>\n\t<meta name=\"twitter:data1\" content=\"2.8marcosaa\" \/>\n\t<meta name=\"twitter:label2\" content=\"Est. tempo de leitura\" \/>\n\t<meta name=\"twitter:data2\" content=\"2 minutos\" \/>\n<script type=\"application\/ld+json\" class=\"yoast-schema-graph\">{\"@context\":\"https:\/\/schema.org\",\"@graph\":[{\"@type\":\"Article\",\"@id\":\"https:\/\/www.sitsesp.org.br\/novo\/sitsesp-convoca-servidores-da-fundacao-casa-para-ato-em-brasilia\/#article\",\"isPartOf\":{\"@id\":\"https:\/\/www.sitsesp.org.br\/novo\/sitsesp-convoca-servidores-da-fundacao-casa-para-ato-em-brasilia\/\"},\"author\":{\"name\":\"2.8marcosaa\",\"@id\":\"https:\/\/www.sitsesp.org.br\/novo\/#\/schema\/person\/0410b37c20ab60fd51a7b8ae5983f8de\"},\"headline\":\"SITSESP Convoca Servidores da Funda\u00e7\u00e3o CASA para Ato em Bras\u00edlia\",\"datePublished\":\"2025-02-26T21:58:32+00:00\",\"dateModified\":\"2025-02-28T14:17:58+00:00\",\"mainEntityOfPage\":{\"@id\":\"https:\/\/www.sitsesp.org.br\/novo\/sitsesp-convoca-servidores-da-fundacao-casa-para-ato-em-brasilia\/\"},\"wordCount\":251,\"commentCount\":1,\"publisher\":{\"@id\":\"https:\/\/www.sitsesp.org.br\/novo\/#organization\"},\"image\":{\"@id\":\"https:\/\/www.sitsesp.org.br\/novo\/sitsesp-convoca-servidores-da-fundacao-casa-para-ato-em-brasilia\/#primaryimage\"},\"thumbnailUrl\":\"https:\/\/www.sitsesp.org.br\/novo\/wp-content\/uploads\/2025\/02\/Green-Organic-Shape-Illustrative-Blank-Page-Border-Paper-Document-A4-Horizontal-5.jpg\",\"articleSection\":[\"Destaque\"],\"inLanguage\":\"pt-BR\",\"potentialAction\":[{\"@type\":\"CommentAction\",\"name\":\"Comment\",\"target\":[\"https:\/\/www.sitsesp.org.br\/novo\/sitsesp-convoca-servidores-da-fundacao-casa-para-ato-em-brasilia\/#respond\"]}]},{\"@type\":\"WebPage\",\"@id\":\"https:\/\/www.sitsesp.org.br\/novo\/sitsesp-convoca-servidores-da-fundacao-casa-para-ato-em-brasilia\/\",\"url\":\"https:\/\/www.sitsesp.org.br\/novo\/sitsesp-convoca-servidores-da-fundacao-casa-para-ato-em-brasilia\/\",\"name\":\"SITSESP Convoca Servidores da Funda\u00e7\u00e3o CASA para Ato em Bras\u00edlia - SITSESP\",\"isPartOf\":{\"@id\":\"https:\/\/www.sitsesp.org.br\/novo\/#website\"},\"primaryImageOfPage\":{\"@id\":\"https:\/\/www.sitsesp.org.br\/novo\/sitsesp-convoca-servidores-da-fundacao-casa-para-ato-em-brasilia\/#primaryimage\"},\"image\":{\"@id\":\"https:\/\/www.sitsesp.org.br\/novo\/sitsesp-convoca-servidores-da-fundacao-casa-para-ato-em-brasilia\/#primaryimage\"},\"thumbnailUrl\":\"https:\/\/www.sitsesp.org.br\/novo\/wp-content\/uploads\/2025\/02\/Green-Organic-Shape-Illustrative-Blank-Page-Border-Paper-Document-A4-Horizontal-5.jpg\",\"datePublished\":\"2025-02-26T21:58:32+00:00\",\"dateModified\":\"2025-02-28T14:17:58+00:00\",\"breadcrumb\":{\"@id\":\"https:\/\/www.sitsesp.org.br\/novo\/sitsesp-convoca-servidores-da-fundacao-casa-para-ato-em-brasilia\/#breadcrumb\"},\"inLanguage\":\"pt-BR\",\"potentialAction\":[{\"@type\":\"ReadAction\",\"target\":[\"https:\/\/www.sitsesp.org.br\/novo\/sitsesp-convoca-servidores-da-fundacao-casa-para-ato-em-brasilia\/\"]}]},{\"@type\":\"ImageObject\",\"inLanguage\":\"pt-BR\",\"@id\":\"https:\/\/www.sitsesp.org.br\/novo\/sitsesp-convoca-servidores-da-fundacao-casa-para-ato-em-brasilia\/#primaryimage\",\"url\":\"https:\/\/www.sitsesp.org.br\/novo\/wp-content\/uploads\/2025\/02\/Green-Organic-Shape-Illustrative-Blank-Page-Border-Paper-Document-A4-Horizontal-5.jpg\",\"contentUrl\":\"https:\/\/www.sitsesp.org.br\/novo\/wp-content\/uploads\/2025\/02\/Green-Organic-Shape-Illustrative-Blank-Page-Border-Paper-Document-A4-Horizontal-5.jpg\",\"width\":2000,\"height\":1414},{\"@type\":\"BreadcrumbList\",\"@id\":\"https:\/\/www.sitsesp.org.br\/novo\/sitsesp-convoca-servidores-da-fundacao-casa-para-ato-em-brasilia\/#breadcrumb\",\"itemListElement\":[{\"@type\":\"ListItem\",\"position\":1,\"name\":\"In\u00edcio\",\"item\":\"https:\/\/www.sitsesp.org.br\/novo\/\"},{\"@type\":\"ListItem\",\"position\":2,\"name\":\"SITSESP Convoca Servidores da Funda\u00e7\u00e3o CASA para Ato em Bras\u00edlia\"}]},{\"@type\":\"WebSite\",\"@id\":\"https:\/\/www.sitsesp.org.br\/novo\/#website\",\"url\":\"https:\/\/www.sitsesp.org.br\/novo\/\",\"name\":\"Sitsesp\",\"description\":\"SIndicato da Socioeduca\u00e7\u00e3o do Estado de S\u00e3o Paulo\",\"publisher\":{\"@id\":\"https:\/\/www.sitsesp.org.br\/novo\/#organization\"},\"potentialAction\":[{\"@type\":\"SearchAction\",\"target\":{\"@type\":\"EntryPoint\",\"urlTemplate\":\"https:\/\/www.sitsesp.org.br\/novo\/?s={search_term_string}\"},\"query-input\":\"required name=search_term_string\"}],\"inLanguage\":\"pt-BR\"},{\"@type\":\"Organization\",\"@id\":\"https:\/\/www.sitsesp.org.br\/novo\/#organization\",\"name\":\"Sitsesp\",\"url\":\"https:\/\/www.sitsesp.org.br\/novo\/\",\"logo\":{\"@type\":\"ImageObject\",\"inLanguage\":\"pt-BR\",\"@id\":\"https:\/\/www.sitsesp.org.br\/novo\/#\/schema\/logo\/image\/\",\"url\":\"https:\/\/www.sitsesp.org.br\/novo\/wp-content\/uploads\/2020\/09\/Design-sem-nome-1.jpg\",\"contentUrl\":\"https:\/\/www.sitsesp.org.br\/novo\/wp-content\/uploads\/2020\/09\/Design-sem-nome-1.jpg\",\"width\":300,\"height\":300,\"caption\":\"Sitsesp\"},\"image\":{\"@id\":\"https:\/\/www.sitsesp.org.br\/novo\/#\/schema\/logo\/image\/\"}},{\"@type\":\"Person\",\"@id\":\"https:\/\/www.sitsesp.org.br\/novo\/#\/schema\/person\/0410b37c20ab60fd51a7b8ae5983f8de\",\"name\":\"2.8marcosaa\",\"image\":{\"@type\":\"ImageObject\",\"inLanguage\":\"pt-BR\",\"@id\":\"https:\/\/www.sitsesp.org.br\/novo\/#\/schema\/person\/image\/\",\"url\":\"https:\/\/secure.gravatar.com\/avatar\/0273db62f5a16721adcf1f80ba308e7b?s=96&d=mm&r=g\",\"contentUrl\":\"https:\/\/secure.gravatar.com\/avatar\/0273db62f5a16721adcf1f80ba308e7b?s=96&d=mm&r=g\",\"caption\":\"2.8marcosaa\"},\"sameAs\":[\"http:\/\/www.362k.com.br\"]}]}<\/script>\n<!-- \/ Yoast SEO plugin. -->","yoast_head_json":{"title":"SITSESP Convoca Servidores da Funda\u00e7\u00e3o CASA para Ato em Bras\u00edlia - SITSESP","robots":{"index":"index","follow":"follow","max-snippet":"max-snippet:-1","max-image-preview":"max-image-preview:large","max-video-preview":"max-video-preview:-1"},"canonical":"https:\/\/www.sitsesp.org.br\/novo\/sitsesp-convoca-servidores-da-fundacao-casa-para-ato-em-brasilia\/","og_locale":"pt_BR","og_type":"article","og_title":"SITSESP Convoca Servidores da Funda\u00e7\u00e3o CASA para Ato em Bras\u00edlia - SITSESP","og_description":"O Sindicato dos Servidores da Funda\u00e7\u00e3o CASA do Estado de S\u00e3o Paulo (SITSESP) convoca os servidores da institui\u00e7\u00e3o a participarem da&hellip;","og_url":"https:\/\/www.sitsesp.org.br\/novo\/sitsesp-convoca-servidores-da-fundacao-casa-para-ato-em-brasilia\/","og_site_name":"SITSESP","article_published_time":"2025-02-26T21:58:32+00:00","article_modified_time":"2025-02-28T14:17:58+00:00","og_image":[{"width":2000,"height":1414,"url":"https:\/\/www.sitsesp.org.br\/novo\/wp-content\/uploads\/2025\/02\/Green-Organic-Shape-Illustrative-Blank-Page-Border-Paper-Document-A4-Horizontal-5.jpg","type":"image\/jpeg"}],"author":"2.8marcosaa","twitter_card":"summary_large_image","twitter_misc":{"Escrito por":"2.8marcosaa","Est. tempo de leitura":"2 minutos"},"schema":{"@context":"https:\/\/schema.org","@graph":[{"@type":"Article","@id":"https:\/\/www.sitsesp.org.br\/novo\/sitsesp-convoca-servidores-da-fundacao-casa-para-ato-em-brasilia\/#article","isPartOf":{"@id":"https:\/\/www.sitsesp.org.br\/novo\/sitsesp-convoca-servidores-da-fundacao-casa-para-ato-em-brasilia\/"},"author":{"name":"2.8marcosaa","@id":"https:\/\/www.sitsesp.org.br\/novo\/#\/schema\/person\/0410b37c20ab60fd51a7b8ae5983f8de"},"headline":"SITSESP Convoca Servidores da Funda\u00e7\u00e3o CASA para Ato em Bras\u00edlia","datePublished":"2025-02-26T21:58:32+00:00","dateModified":"2025-02-28T14:17:58+00:00","mainEntityOfPage":{"@id":"https:\/\/www.sitsesp.org.br\/novo\/sitsesp-convoca-servidores-da-fundacao-casa-para-ato-em-brasilia\/"},"wordCount":251,"commentCount":1,"publisher":{"@id":"https:\/\/www.sitsesp.org.br\/novo\/#organization"},"image":{"@id":"https:\/\/www.sitsesp.org.br\/novo\/sitsesp-convoca-servidores-da-fundacao-casa-para-ato-em-brasilia\/#primaryimage"},"thumbnailUrl":"https:\/\/www.sitsesp.org.br\/novo\/wp-content\/uploads\/2025\/02\/Green-Organic-Shape-Illustrative-Blank-Page-Border-Paper-Document-A4-Horizontal-5.jpg","articleSection":["Destaque"],"inLanguage":"pt-BR","potentialAction":[{"@type":"CommentAction","name":"Comment","target":["https:\/\/www.sitsesp.org.br\/novo\/sitsesp-convoca-servidores-da-fundacao-casa-para-ato-em-brasilia\/#respond"]}]},{"@type":"WebPage","@id":"https:\/\/www.sitsesp.org.br\/novo\/sitsesp-convoca-servidores-da-fundacao-casa-para-ato-em-brasilia\/","url":"https:\/\/www.sitsesp.org.br\/novo\/sitsesp-convoca-servidores-da-fundacao-casa-para-ato-em-brasilia\/","name":"SITSESP Convoca Servidores da Funda\u00e7\u00e3o CASA para Ato em Bras\u00edlia - SITSESP","isPartOf":{"@id":"https:\/\/www.sitsesp.org.br\/novo\/#website"},"primaryImageOfPage":{"@id":"https:\/\/www.sitsesp.org.br\/novo\/sitsesp-convoca-servidores-da-fundacao-casa-para-ato-em-brasilia\/#primaryimage"},"image":{"@id":"https:\/\/www.sitsesp.org.br\/novo\/sitsesp-convoca-servidores-da-fundacao-casa-para-ato-em-brasilia\/#primaryimage"},"thumbnailUrl":"https:\/\/www.sitsesp.org.br\/novo\/wp-content\/uploads\/2025\/02\/Green-Organic-Shape-Illustrative-Blank-Page-Border-Paper-Document-A4-Horizontal-5.jpg","datePublished":"2025-02-26T21:58:32+00:00","dateModified":"2025-02-28T14:17:58+00:00","breadcrumb":{"@id":"https:\/\/www.sitsesp.org.br\/novo\/sitsesp-convoca-servidores-da-fundacao-casa-para-ato-em-brasilia\/#breadcrumb"},"inLanguage":"pt-BR","potentialAction":[{"@type":"ReadAction","target":["https:\/\/www.sitsesp.org.br\/novo\/sitsesp-convoca-servidores-da-fundacao-casa-para-ato-em-brasilia\/"]}]},{"@type":"ImageObject","inLanguage":"pt-BR","@id":"https:\/\/www.sitsesp.org.br\/novo\/sitsesp-convoca-servidores-da-fundacao-casa-para-ato-em-brasilia\/#primaryimage","url":"https:\/\/www.sitsesp.org.br\/novo\/wp-content\/uploads\/2025\/02\/Green-Organic-Shape-Illustrative-Blank-Page-Border-Paper-Document-A4-Horizontal-5.jpg","contentUrl":"https:\/\/www.sitsesp.org.br\/novo\/wp-content\/uploads\/2025\/02\/Green-Organic-Shape-Illustrative-Blank-Page-Border-Paper-Document-A4-Horizontal-5.jpg","width":2000,"height":1414},{"@type":"BreadcrumbList","@id":"https:\/\/www.sitsesp.org.br\/novo\/sitsesp-convoca-servidores-da-fundacao-casa-para-ato-em-brasilia\/#breadcrumb","itemListElement":[{"@type":"ListItem","position":1,"name":"In\u00edcio","item":"https:\/\/www.sitsesp.org.br\/novo\/"},{"@type":"ListItem","position":2,"name":"SITSESP Convoca Servidores da Funda\u00e7\u00e3o CASA para Ato em Bras\u00edlia"}]},{"@type":"WebSite","@id":"https:\/\/www.sitsesp.org.br\/novo\/#website","url":"https:\/\/www.sitsesp.org.br\/novo\/","name":"Sitsesp","description":"SIndicato da Socioeduca\u00e7\u00e3o do Estado de S\u00e3o Paulo","publisher":{"@id":"https:\/\/www.sitsesp.org.br\/novo\/#organization"},"potentialAction":[{"@type":"SearchAction","target":{"@type":"EntryPoint","urlTemplate":"https:\/\/www.sitsesp.org.br\/novo\/?s={search_term_string}"},"query-input":"required name=search_term_string"}],"inLanguage":"pt-BR"},{"@type":"Organization","@id":"https:\/\/www.sitsesp.org.br\/novo\/#organization","name":"Sitsesp","url":"https:\/\/www.sitsesp.org.br\/novo\/","logo":{"@type":"ImageObject","inLanguage":"pt-BR","@id":"https:\/\/www.sitsesp.org.br\/novo\/#\/schema\/logo\/image\/","url":"https:\/\/www.sitsesp.org.br\/novo\/wp-content\/uploads\/2020\/09\/Design-sem-nome-1.jpg","contentUrl":"https:\/\/www.sitsesp.org.br\/novo\/wp-content\/uploads\/2020\/09\/Design-sem-nome-1.jpg","width":300,"height":300,"caption":"Sitsesp"},"image":{"@id":"https:\/\/www.sitsesp.org.br\/novo\/#\/schema\/logo\/image\/"}},{"@type":"Person","@id":"https:\/\/www.sitsesp.org.br\/novo\/#\/schema\/person\/0410b37c20ab60fd51a7b8ae5983f8de","name":"2.8marcosaa","image":{"@type":"ImageObject","inLanguage":"pt-BR","@id":"https:\/\/www.sitsesp.org.br\/novo\/#\/schema\/person\/image\/","url":"https:\/\/secure.gravatar.com\/avatar\/0273db62f5a16721adcf1f80ba308e7b?s=96&d=mm&r=g","contentUrl":"https:\/\/secure.gravatar.com\/avatar\/0273db62f5a16721adcf1f80ba308e7b?s=96&d=mm&r=g","caption":"2.8marcosaa"},"sameAs":["http:\/\/www.362k.com.br"]}]}},"_links":{"self":[{"href":"https:\/\/www.sitsesp.org.br\/novo\/wp-json\/wp\/v2\/posts\/15921"}],"collection":[{"href":"https:\/\/www.sitsesp.org.br\/novo\/wp-json\/wp\/v2\/posts"}],"about":[{"href":"https:\/\/www.sitsesp.org.br\/novo\/wp-json\/wp\/v2\/types\/post"}],"author":[{"embeddable":true,"href":"https:\/\/www.sitsesp.org.br\/novo\/wp-json\/wp\/v2\/users\/7"}],"replies":[{"embeddable":true,"href":"https:\/\/www.sitsesp.org.br\/novo\/wp-json\/wp\/v2\/comments?post=15921"}],"version-history":[{"count":4,"href":"https:\/\/www.sitsesp.org.br\/novo\/wp-json\/wp\/v2\/posts\/15921\/revisions"}],"predecessor-version":[{"id":15926,"href":"https:\/\/www.sitsesp.org.br\/novo\/wp-json\/wp\/v2\/posts\/15921\/revisions\/15926"}],"wp:featuredmedia":[{"embeddable":true,"href":"https:\/\/www.sitsesp.org.br\/novo\/wp-json\/wp\/v2\/media\/15922"}],"wp:attachment":[{"href":"https:\/\/www.sitsesp.org.br\/novo\/wp-json\/wp\/v2\/media?parent=15921"}],"wp:term":[{"taxonomy":"category","embeddable":true,"href":"https:\/\/www.sitsesp.org.br\/novo\/wp-json\/wp\/v2\/categories?post=15921"},{"taxonomy":"post_tag","embeddable":true,"href":"https:\/\/www.sitsesp.org.br\/novo\/wp-json\/wp\/v2\/tags?post=15921"}],"curies":[{"name":"wp","href":"https:\/\/api.w.org\/{rel}","templated":true}]}}