{"id":15927,"date":"2025-02-27T18:44:13","date_gmt":"2025-02-27T21:44:13","guid":{"rendered":"https:\/\/www.sitsesp.org.br\/novo\/?p=15927"},"modified":"2025-02-28T11:22:08","modified_gmt":"2025-02-28T14:22:08","slug":"campanha-salarial-2025-segunda-reuniao-de-negociacao-foca-em-clausulas-sociais-com-enfase-no-transporte-e-transferenc","status":"publish","type":"post","link":"https:\/\/www.sitsesp.org.br\/novo\/campanha-salarial-2025-segunda-reuniao-de-negociacao-foca-em-clausulas-sociais-com-enfase-no-transporte-e-transferenc\/","title":{"rendered":"Campanha Salarial 2025: Segunda Reuni\u00e3o de Negocia\u00e7\u00e3o Foca em Cl\u00e1usulas Sociais, com \u00eanfase no Transporte e Transfer\u00eancia"},"content":{"rendered":"<p><!-- VideographyWP Plugin Message: Automatic video embedding prevented by plugin options. --><\/p>\n<p class=\"selectable-text copyable-text x15bjb6t x1n2onr6\" dir=\"ltr\" style=\"text-align: justify;\"><span class=\"selectable-text copyable-text false\">Na manh\u00e3 desta quinta-feira, 27 de fevereiro, ocorreu a segunda reuni\u00e3o de negocia\u00e7\u00e3o da Campanha Salarial 2025 entre o SITSESP e a Funda\u00e7\u00e3o CASA. O encontro teve como foco na discuss\u00e3o de cl\u00e1usulas sociais, quest\u00e3o de transporte e transfer\u00eancias.<\/span><\/p>\n<p class=\"selectable-text copyable-text x15bjb6t x1n2onr6\" dir=\"ltr\" style=\"text-align: justify;\"><span class=\"selectable-text copyable-text false\">Foram debatidas as cl\u00e1usulas 02, 08, 10, 18, 19, 20, 24, 41, 48 e 51, previamente selecionadas por consenso entre a comiss\u00e3o de negocia\u00e7\u00e3o e a diretoria do SITSESP.<\/span><\/p>\n<p class=\"selectable-text copyable-text x15bjb6t x1n2onr6\" dir=\"ltr\" style=\"text-align: justify;\"><span class=\"selectable-text copyable-text false\">A cl\u00e1usula 08 (concurso para o quadro permanente), o SITSESP defendeu a import\u00e2ncia de contrata\u00e7\u00e3o, em especial para o setor de seguran\u00e7a, pois o n\u00famero de agentes encontra-se defasado, fragilizando a seguran\u00e7a, necessitando de urgente contrata\u00e7\u00e3o de m\u00e3o de obra. Embora bem encaminhada, seguir\u00e1 como tema de negocia\u00e7\u00e3o permanente e ser\u00e1 enviada para estudo da Comiss\u00e3o de Pol\u00edtica Salarial (CPS).<\/span><\/p>\n<p class=\"selectable-text copyable-text x15bjb6t x1n2onr6\" dir=\"ltr\" style=\"text-align: justify;\"><span class=\"selectable-text copyable-text false\">Cl\u00e1usula 10 (Vale-transporte e vale-combust\u00edvel) Essa foi a cl\u00e1usula com maior destaque na assembleia, demonstrando o interesse da categoria neste tema. A reivindica\u00e7\u00e3o \u00e9 que a Funda\u00e7\u00e3o disponibilize um valor (aux\u00edlio-combust\u00edvel) para os servidores lotados nas unidades de dif\u00edcil acesso. Ficou acordado a realiza\u00e7\u00e3o de ajustes na cl\u00e1usula adequando \u00e0 legisla\u00e7\u00e3o.\u00a0 Devido ao impacto econ\u00f4mico no or\u00e7amento, esta cl\u00e1usula necessita de aprova\u00e7\u00e3o da PGE (Procuradoria Geral do Estado).<\/span><\/p>\n<p class=\"selectable-text copyable-text x15bjb6t x1n2onr6\" dir=\"ltr\" style=\"text-align: justify;\"><span class=\"selectable-text copyable-text false\">Cl\u00e1usula 18. BDIR | Transfer\u00eancia: Essa cl\u00e1usula tem 9 par\u00e1grafos, sendo bastante ampla, alguns par\u00e1grafos houve consenso, outros precisam de maior debate, a discuss\u00e3o ser\u00e1 retomada na pr\u00f3xima mesa.<\/span><\/p>\n<p class=\"selectable-text copyable-text x15bjb6t x1n2onr6\" dir=\"ltr\" style=\"text-align: justify;\"><span class=\"selectable-text copyable-text false\">Cl\u00e1usulas 19 e 20 ser\u00e3o discutidas na pr\u00f3xima mesa.<\/span><\/p>\n<p class=\"selectable-text copyable-text x15bjb6t x1n2onr6\" dir=\"ltr\" style=\"text-align: justify;\"><span class=\"selectable-text copyable-text false\">Cl\u00e1usula 24: 06 faltas abonadas: houve consenso.<\/span><\/p>\n<p class=\"selectable-text copyable-text x15bjb6t x1n2onr6\" dir=\"ltr\" style=\"text-align: justify;\"><span class=\"selectable-text copyable-text false\">Cl\u00e1usula 41: n\u00e3o desconto de faltas para acompanhar familiar, c\u00f4njuge, filhos tutelados e curatelados, pais, madrastas e padrastos ou incapazes perante a lei. Haver\u00e1 dispensa do CID: houve consenso.<\/span><\/p>\n<p class=\"selectable-text copyable-text x15bjb6t x1n2onr6\" dir=\"ltr\" style=\"text-align: justify;\"><span class=\"selectable-text copyable-text false\">Cl\u00e1usula 48: Estabilidade dos delegados sindicais. At\u00e9 1 ano ap\u00f3s o fim do mandato. Houve consenso.<\/span><\/p>\n<p class=\"selectable-text copyable-text x15bjb6t x1n2onr6\" dir=\"ltr\" style=\"text-align: justify;\"><span class=\"selectable-text copyable-text false\">Cl\u00e1usula 51: Libera\u00e7\u00e3o de 10 dirigentes sindicais. Houve consenso.<\/span><\/p>\n<p class=\"selectable-text copyable-text x15bjb6t x1n2onr6\" dir=\"ltr\" style=\"text-align: justify;\"><span class=\"selectable-text copyable-text false\">Representando o SITSESP, estiveram presentes: Neemias de Souza (Presidente) Jessita Camargo (Secret\u00e1ria-geral) Angela Aparecida (Secret\u00e1ria de Negocia\u00e7\u00e3o) Edson Brito (Diretor Jur\u00eddico) Ronaldo Pagotto e Silmar Dutra (Advogados) Pedro Camilo, Jos\u00e9 Bof e Cl\u00e1udio Almeida (Membros da Comiss\u00e3o de Negocia\u00e7\u00e3o)<\/span><\/p>\n<p class=\"selectable-text copyable-text x15bjb6t x1n2onr6\" dir=\"ltr\" style=\"text-align: justify;\"><span class=\"selectable-text copyable-text false\">J\u00e1 pela Funda\u00e7\u00e3o CASA, participaram: Raelen Bego Luiz (Chefe de Gabinete) Ruth Rebou\u00e7as (Corregedora) Vanessa Valente (Diretora de Gest\u00e3o Administrativa) Eduardo C\u00e2ndido da Costa (Diretor de Recursos Humanos) Ana Paula Floresta (Assessora Jur\u00eddica)<\/span><\/p>\n<p class=\"selectable-text copyable-text x15bjb6t x1n2onr6\" dir=\"ltr\" style=\"text-align: justify;\"><span class=\"selectable-text copyable-text false\">Embora tenham ficado 4 cl\u00e1usulas para serem discutidas na pr\u00f3xima mesa, o presidente Neemias de Souza considera que a reuni\u00e3o foi positiva, com avan\u00e7o de mais 05 cl\u00e1usulas.\u00a0\u00a0 Na pr\u00f3xima reuni\u00e3o, nosso objetivo \u00e9 avan\u00e7ar nas cl\u00e1usulas sociais.<\/span><\/p>\n<p class=\"selectable-text copyable-text x15bjb6t x1n2onr6\" dir=\"ltr\" style=\"text-align: justify;\"><span class=\"selectable-text copyable-text false\">Pr\u00f3xima reuni\u00e3o.<\/span><\/p>\n<p class=\"selectable-text copyable-text x15bjb6t x1n2onr6\" dir=\"ltr\" style=\"text-align: justify;\"><span class=\"selectable-text copyable-text false\">A terceira reuni\u00e3o da mesa de negocia\u00e7\u00e3o est\u00e1 agendada para o dia 14 de mar\u00e7o, \u00e0s 10h, onde ser\u00e1 dada continuidade \u00e0s negocia\u00e7\u00f5es das 04 cl\u00e1usulas em que n\u00e3o houve consenso e novas\u00a0cl\u00e1usulas sociais.<\/span><\/p>\n","protected":false},"excerpt":{"rendered":"<p>Na manh\u00e3 desta quinta-feira, 27 de fevereiro, ocorreu a segunda reuni\u00e3o de negocia\u00e7\u00e3o da Campanha Salarial 2025 entre o SITSESP e&hellip;<\/p>\n","protected":false},"author":7,"featured_media":15928,"comment_status":"open","ping_status":"open","sticky":false,"template":"","format":"standard","meta":{"cybocfi_hide_featured_image":"","footnotes":""},"categories":[27],"tags":[],"yoast_head":"<!-- This site is optimized with the Yoast SEO plugin v22.8 - https:\/\/yoast.com\/wordpress\/plugins\/seo\/ -->\n<title>Campanha Salarial 2025: Segunda Reuni\u00e3o de Negocia\u00e7\u00e3o Foca em Cl\u00e1usulas Sociais, com \u00eanfase no Transporte e Transfer\u00eancia - SITSESP<\/title>\n<meta name=\"robots\" content=\"index, follow, max-snippet:-1, max-image-preview:large, max-video-preview:-1\" \/>\n<link rel=\"canonical\" href=\"https:\/\/www.sitsesp.org.br\/novo\/campanha-salarial-2025-segunda-reuniao-de-negociacao-foca-em-clausulas-sociais-com-enfase-no-transporte-e-transferenc\/\" \/>\n<meta property=\"og:locale\" content=\"pt_BR\" \/>\n<meta property=\"og:type\" content=\"article\" \/>\n<meta property=\"og:title\" content=\"Campanha Salarial 2025: Segunda Reuni\u00e3o de Negocia\u00e7\u00e3o Foca em Cl\u00e1usulas Sociais, com \u00eanfase no Transporte e Transfer\u00eancia - SITSESP\" \/>\n<meta property=\"og:description\" content=\"Na manh\u00e3 desta quinta-feira, 27 de fevereiro, ocorreu a segunda reuni\u00e3o de negocia\u00e7\u00e3o da Campanha Salarial 2025 entre o SITSESP e&hellip;\" \/>\n<meta property=\"og:url\" content=\"https:\/\/www.sitsesp.org.br\/novo\/campanha-salarial-2025-segunda-reuniao-de-negociacao-foca-em-clausulas-sociais-com-enfase-no-transporte-e-transferenc\/\" \/>\n<meta property=\"og:site_name\" content=\"SITSESP\" \/>\n<meta property=\"article:published_time\" content=\"2025-02-27T21:44:13+00:00\" \/>\n<meta property=\"article:modified_time\" content=\"2025-02-28T14:22:08+00:00\" \/>\n<meta property=\"og:image\" content=\"https:\/\/www.sitsesp.org.br\/novo\/wp-content\/uploads\/2025\/02\/WhatsApp-Image-2025-02-27-at-18.07.08.jpeg\" \/>\n\t<meta property=\"og:image:width\" content=\"1600\" \/>\n\t<meta property=\"og:image:height\" content=\"1204\" \/>\n\t<meta property=\"og:image:type\" content=\"image\/jpeg\" \/>\n<meta name=\"author\" content=\"2.8marcosaa\" \/>\n<meta name=\"twitter:card\" content=\"summary_large_image\" \/>\n<meta name=\"twitter:label1\" content=\"Escrito por\" \/>\n\t<meta name=\"twitter:data1\" content=\"2.8marcosaa\" \/>\n\t<meta name=\"twitter:label2\" content=\"Est. tempo de leitura\" \/>\n\t<meta name=\"twitter:data2\" content=\"3 minutos\" \/>\n<script type=\"application\/ld+json\" class=\"yoast-schema-graph\">{\"@context\":\"https:\/\/schema.org\",\"@graph\":[{\"@type\":\"Article\",\"@id\":\"https:\/\/www.sitsesp.org.br\/novo\/campanha-salarial-2025-segunda-reuniao-de-negociacao-foca-em-clausulas-sociais-com-enfase-no-transporte-e-transferenc\/#article\",\"isPartOf\":{\"@id\":\"https:\/\/www.sitsesp.org.br\/novo\/campanha-salarial-2025-segunda-reuniao-de-negociacao-foca-em-clausulas-sociais-com-enfase-no-transporte-e-transferenc\/\"},\"author\":{\"name\":\"2.8marcosaa\",\"@id\":\"https:\/\/www.sitsesp.org.br\/novo\/#\/schema\/person\/0410b37c20ab60fd51a7b8ae5983f8de\"},\"headline\":\"Campanha Salarial 2025: Segunda Reuni\u00e3o de Negocia\u00e7\u00e3o Foca em Cl\u00e1usulas Sociais, com \u00eanfase no Transporte e Transfer\u00eancia\",\"datePublished\":\"2025-02-27T21:44:13+00:00\",\"dateModified\":\"2025-02-28T14:22:08+00:00\",\"mainEntityOfPage\":{\"@id\":\"https:\/\/www.sitsesp.org.br\/novo\/campanha-salarial-2025-segunda-reuniao-de-negociacao-foca-em-clausulas-sociais-com-enfase-no-transporte-e-transferenc\/\"},\"wordCount\":513,\"commentCount\":0,\"publisher\":{\"@id\":\"https:\/\/www.sitsesp.org.br\/novo\/#organization\"},\"image\":{\"@id\":\"https:\/\/www.sitsesp.org.br\/novo\/campanha-salarial-2025-segunda-reuniao-de-negociacao-foca-em-clausulas-sociais-com-enfase-no-transporte-e-transferenc\/#primaryimage\"},\"thumbnailUrl\":\"https:\/\/www.sitsesp.org.br\/novo\/wp-content\/uploads\/2025\/02\/WhatsApp-Image-2025-02-27-at-18.07.08.jpeg\",\"articleSection\":[\"Destaque\"],\"inLanguage\":\"pt-BR\",\"potentialAction\":[{\"@type\":\"CommentAction\",\"name\":\"Comment\",\"target\":[\"https:\/\/www.sitsesp.org.br\/novo\/campanha-salarial-2025-segunda-reuniao-de-negociacao-foca-em-clausulas-sociais-com-enfase-no-transporte-e-transferenc\/#respond\"]}]},{\"@type\":\"WebPage\",\"@id\":\"https:\/\/www.sitsesp.org.br\/novo\/campanha-salarial-2025-segunda-reuniao-de-negociacao-foca-em-clausulas-sociais-com-enfase-no-transporte-e-transferenc\/\",\"url\":\"https:\/\/www.sitsesp.org.br\/novo\/campanha-salarial-2025-segunda-reuniao-de-negociacao-foca-em-clausulas-sociais-com-enfase-no-transporte-e-transferenc\/\",\"name\":\"Campanha Salarial 2025: Segunda Reuni\u00e3o de Negocia\u00e7\u00e3o Foca em Cl\u00e1usulas Sociais, com \u00eanfase no Transporte e Transfer\u00eancia - SITSESP\",\"isPartOf\":{\"@id\":\"https:\/\/www.sitsesp.org.br\/novo\/#website\"},\"primaryImageOfPage\":{\"@id\":\"https:\/\/www.sitsesp.org.br\/novo\/campanha-salarial-2025-segunda-reuniao-de-negociacao-foca-em-clausulas-sociais-com-enfase-no-transporte-e-transferenc\/#primaryimage\"},\"image\":{\"@id\":\"https:\/\/www.sitsesp.org.br\/novo\/campanha-salarial-2025-segunda-reuniao-de-negociacao-foca-em-clausulas-sociais-com-enfase-no-transporte-e-transferenc\/#primaryimage\"},\"thumbnailUrl\":\"https:\/\/www.sitsesp.org.br\/novo\/wp-content\/uploads\/2025\/02\/WhatsApp-Image-2025-02-27-at-18.07.08.jpeg\",\"datePublished\":\"2025-02-27T21:44:13+00:00\",\"dateModified\":\"2025-02-28T14:22:08+00:00\",\"breadcrumb\":{\"@id\":\"https:\/\/www.sitsesp.org.br\/novo\/campanha-salarial-2025-segunda-reuniao-de-negociacao-foca-em-clausulas-sociais-com-enfase-no-transporte-e-transferenc\/#breadcrumb\"},\"inLanguage\":\"pt-BR\",\"potentialAction\":[{\"@type\":\"ReadAction\",\"target\":[\"https:\/\/www.sitsesp.org.br\/novo\/campanha-salarial-2025-segunda-reuniao-de-negociacao-foca-em-clausulas-sociais-com-enfase-no-transporte-e-transferenc\/\"]}]},{\"@type\":\"ImageObject\",\"inLanguage\":\"pt-BR\",\"@id\":\"https:\/\/www.sitsesp.org.br\/novo\/campanha-salarial-2025-segunda-reuniao-de-negociacao-foca-em-clausulas-sociais-com-enfase-no-transporte-e-transferenc\/#primaryimage\",\"url\":\"https:\/\/www.sitsesp.org.br\/novo\/wp-content\/uploads\/2025\/02\/WhatsApp-Image-2025-02-27-at-18.07.08.jpeg\",\"contentUrl\":\"https:\/\/www.sitsesp.org.br\/novo\/wp-content\/uploads\/2025\/02\/WhatsApp-Image-2025-02-27-at-18.07.08.jpeg\",\"width\":1600,\"height\":1204},{\"@type\":\"BreadcrumbList\",\"@id\":\"https:\/\/www.sitsesp.org.br\/novo\/campanha-salarial-2025-segunda-reuniao-de-negociacao-foca-em-clausulas-sociais-com-enfase-no-transporte-e-transferenc\/#breadcrumb\",\"itemListElement\":[{\"@type\":\"ListItem\",\"position\":1,\"name\":\"In\u00edcio\",\"item\":\"https:\/\/www.sitsesp.org.br\/novo\/\"},{\"@type\":\"ListItem\",\"position\":2,\"name\":\"Campanha Salarial 2025: Segunda Reuni\u00e3o de Negocia\u00e7\u00e3o Foca em Cl\u00e1usulas Sociais, com \u00eanfase no Transporte e Transfer\u00eancia\"}]},{\"@type\":\"WebSite\",\"@id\":\"https:\/\/www.sitsesp.org.br\/novo\/#website\",\"url\":\"https:\/\/www.sitsesp.org.br\/novo\/\",\"name\":\"Sitsesp\",\"description\":\"SIndicato da Socioeduca\u00e7\u00e3o do Estado de S\u00e3o Paulo\",\"publisher\":{\"@id\":\"https:\/\/www.sitsesp.org.br\/novo\/#organization\"},\"potentialAction\":[{\"@type\":\"SearchAction\",\"target\":{\"@type\":\"EntryPoint\",\"urlTemplate\":\"https:\/\/www.sitsesp.org.br\/novo\/?s={search_term_string}\"},\"query-input\":\"required name=search_term_string\"}],\"inLanguage\":\"pt-BR\"},{\"@type\":\"Organization\",\"@id\":\"https:\/\/www.sitsesp.org.br\/novo\/#organization\",\"name\":\"Sitsesp\",\"url\":\"https:\/\/www.sitsesp.org.br\/novo\/\",\"logo\":{\"@type\":\"ImageObject\",\"inLanguage\":\"pt-BR\",\"@id\":\"https:\/\/www.sitsesp.org.br\/novo\/#\/schema\/logo\/image\/\",\"url\":\"https:\/\/www.sitsesp.org.br\/novo\/wp-content\/uploads\/2020\/09\/Design-sem-nome-1.jpg\",\"contentUrl\":\"https:\/\/www.sitsesp.org.br\/novo\/wp-content\/uploads\/2020\/09\/Design-sem-nome-1.jpg\",\"width\":300,\"height\":300,\"caption\":\"Sitsesp\"},\"image\":{\"@id\":\"https:\/\/www.sitsesp.org.br\/novo\/#\/schema\/logo\/image\/\"}},{\"@type\":\"Person\",\"@id\":\"https:\/\/www.sitsesp.org.br\/novo\/#\/schema\/person\/0410b37c20ab60fd51a7b8ae5983f8de\",\"name\":\"2.8marcosaa\",\"image\":{\"@type\":\"ImageObject\",\"inLanguage\":\"pt-BR\",\"@id\":\"https:\/\/www.sitsesp.org.br\/novo\/#\/schema\/person\/image\/\",\"url\":\"https:\/\/secure.gravatar.com\/avatar\/0273db62f5a16721adcf1f80ba308e7b?s=96&d=mm&r=g\",\"contentUrl\":\"https:\/\/secure.gravatar.com\/avatar\/0273db62f5a16721adcf1f80ba308e7b?s=96&d=mm&r=g\",\"caption\":\"2.8marcosaa\"},\"sameAs\":[\"http:\/\/www.362k.com.br\"]}]}<\/script>\n<!-- \/ Yoast SEO plugin. -->","yoast_head_json":{"title":"Campanha Salarial 2025: Segunda Reuni\u00e3o de Negocia\u00e7\u00e3o Foca em Cl\u00e1usulas Sociais, com \u00eanfase no Transporte e Transfer\u00eancia - SITSESP","robots":{"index":"index","follow":"follow","max-snippet":"max-snippet:-1","max-image-preview":"max-image-preview:large","max-video-preview":"max-video-preview:-1"},"canonical":"https:\/\/www.sitsesp.org.br\/novo\/campanha-salarial-2025-segunda-reuniao-de-negociacao-foca-em-clausulas-sociais-com-enfase-no-transporte-e-transferenc\/","og_locale":"pt_BR","og_type":"article","og_title":"Campanha Salarial 2025: Segunda Reuni\u00e3o de Negocia\u00e7\u00e3o Foca em Cl\u00e1usulas Sociais, com \u00eanfase no Transporte e Transfer\u00eancia - SITSESP","og_description":"Na manh\u00e3 desta quinta-feira, 27 de fevereiro, ocorreu a segunda reuni\u00e3o de negocia\u00e7\u00e3o da Campanha Salarial 2025 entre o SITSESP e&hellip;","og_url":"https:\/\/www.sitsesp.org.br\/novo\/campanha-salarial-2025-segunda-reuniao-de-negociacao-foca-em-clausulas-sociais-com-enfase-no-transporte-e-transferenc\/","og_site_name":"SITSESP","article_published_time":"2025-02-27T21:44:13+00:00","article_modified_time":"2025-02-28T14:22:08+00:00","og_image":[{"width":1600,"height":1204,"url":"https:\/\/www.sitsesp.org.br\/novo\/wp-content\/uploads\/2025\/02\/WhatsApp-Image-2025-02-27-at-18.07.08.jpeg","type":"image\/jpeg"}],"author":"2.8marcosaa","twitter_card":"summary_large_image","twitter_misc":{"Escrito por":"2.8marcosaa","Est. tempo de leitura":"3 minutos"},"schema":{"@context":"https:\/\/schema.org","@graph":[{"@type":"Article","@id":"https:\/\/www.sitsesp.org.br\/novo\/campanha-salarial-2025-segunda-reuniao-de-negociacao-foca-em-clausulas-sociais-com-enfase-no-transporte-e-transferenc\/#article","isPartOf":{"@id":"https:\/\/www.sitsesp.org.br\/novo\/campanha-salarial-2025-segunda-reuniao-de-negociacao-foca-em-clausulas-sociais-com-enfase-no-transporte-e-transferenc\/"},"author":{"name":"2.8marcosaa","@id":"https:\/\/www.sitsesp.org.br\/novo\/#\/schema\/person\/0410b37c20ab60fd51a7b8ae5983f8de"},"headline":"Campanha Salarial 2025: Segunda Reuni\u00e3o de Negocia\u00e7\u00e3o Foca em Cl\u00e1usulas Sociais, com \u00eanfase no Transporte e Transfer\u00eancia","datePublished":"2025-02-27T21:44:13+00:00","dateModified":"2025-02-28T14:22:08+00:00","mainEntityOfPage":{"@id":"https:\/\/www.sitsesp.org.br\/novo\/campanha-salarial-2025-segunda-reuniao-de-negociacao-foca-em-clausulas-sociais-com-enfase-no-transporte-e-transferenc\/"},"wordCount":513,"commentCount":0,"publisher":{"@id":"https:\/\/www.sitsesp.org.br\/novo\/#organization"},"image":{"@id":"https:\/\/www.sitsesp.org.br\/novo\/campanha-salarial-2025-segunda-reuniao-de-negociacao-foca-em-clausulas-sociais-com-enfase-no-transporte-e-transferenc\/#primaryimage"},"thumbnailUrl":"https:\/\/www.sitsesp.org.br\/novo\/wp-content\/uploads\/2025\/02\/WhatsApp-Image-2025-02-27-at-18.07.08.jpeg","articleSection":["Destaque"],"inLanguage":"pt-BR","potentialAction":[{"@type":"CommentAction","name":"Comment","target":["https:\/\/www.sitsesp.org.br\/novo\/campanha-salarial-2025-segunda-reuniao-de-negociacao-foca-em-clausulas-sociais-com-enfase-no-transporte-e-transferenc\/#respond"]}]},{"@type":"WebPage","@id":"https:\/\/www.sitsesp.org.br\/novo\/campanha-salarial-2025-segunda-reuniao-de-negociacao-foca-em-clausulas-sociais-com-enfase-no-transporte-e-transferenc\/","url":"https:\/\/www.sitsesp.org.br\/novo\/campanha-salarial-2025-segunda-reuniao-de-negociacao-foca-em-clausulas-sociais-com-enfase-no-transporte-e-transferenc\/","name":"Campanha Salarial 2025: Segunda Reuni\u00e3o de Negocia\u00e7\u00e3o Foca em Cl\u00e1usulas Sociais, com \u00eanfase no Transporte e Transfer\u00eancia - SITSESP","isPartOf":{"@id":"https:\/\/www.sitsesp.org.br\/novo\/#website"},"primaryImageOfPage":{"@id":"https:\/\/www.sitsesp.org.br\/novo\/campanha-salarial-2025-segunda-reuniao-de-negociacao-foca-em-clausulas-sociais-com-enfase-no-transporte-e-transferenc\/#primaryimage"},"image":{"@id":"https:\/\/www.sitsesp.org.br\/novo\/campanha-salarial-2025-segunda-reuniao-de-negociacao-foca-em-clausulas-sociais-com-enfase-no-transporte-e-transferenc\/#primaryimage"},"thumbnailUrl":"https:\/\/www.sitsesp.org.br\/novo\/wp-content\/uploads\/2025\/02\/WhatsApp-Image-2025-02-27-at-18.07.08.jpeg","datePublished":"2025-02-27T21:44:13+00:00","dateModified":"2025-02-28T14:22:08+00:00","breadcrumb":{"@id":"https:\/\/www.sitsesp.org.br\/novo\/campanha-salarial-2025-segunda-reuniao-de-negociacao-foca-em-clausulas-sociais-com-enfase-no-transporte-e-transferenc\/#breadcrumb"},"inLanguage":"pt-BR","potentialAction":[{"@type":"ReadAction","target":["https:\/\/www.sitsesp.org.br\/novo\/campanha-salarial-2025-segunda-reuniao-de-negociacao-foca-em-clausulas-sociais-com-enfase-no-transporte-e-transferenc\/"]}]},{"@type":"ImageObject","inLanguage":"pt-BR","@id":"https:\/\/www.sitsesp.org.br\/novo\/campanha-salarial-2025-segunda-reuniao-de-negociacao-foca-em-clausulas-sociais-com-enfase-no-transporte-e-transferenc\/#primaryimage","url":"https:\/\/www.sitsesp.org.br\/novo\/wp-content\/uploads\/2025\/02\/WhatsApp-Image-2025-02-27-at-18.07.08.jpeg","contentUrl":"https:\/\/www.sitsesp.org.br\/novo\/wp-content\/uploads\/2025\/02\/WhatsApp-Image-2025-02-27-at-18.07.08.jpeg","width":1600,"height":1204},{"@type":"BreadcrumbList","@id":"https:\/\/www.sitsesp.org.br\/novo\/campanha-salarial-2025-segunda-reuniao-de-negociacao-foca-em-clausulas-sociais-com-enfase-no-transporte-e-transferenc\/#breadcrumb","itemListElement":[{"@type":"ListItem","position":1,"name":"In\u00edcio","item":"https:\/\/www.sitsesp.org.br\/novo\/"},{"@type":"ListItem","position":2,"name":"Campanha Salarial 2025: Segunda Reuni\u00e3o de Negocia\u00e7\u00e3o Foca em Cl\u00e1usulas Sociais, com \u00eanfase no Transporte e Transfer\u00eancia"}]},{"@type":"WebSite","@id":"https:\/\/www.sitsesp.org.br\/novo\/#website","url":"https:\/\/www.sitsesp.org.br\/novo\/","name":"Sitsesp","description":"SIndicato da Socioeduca\u00e7\u00e3o do Estado de S\u00e3o Paulo","publisher":{"@id":"https:\/\/www.sitsesp.org.br\/novo\/#organization"},"potentialAction":[{"@type":"SearchAction","target":{"@type":"EntryPoint","urlTemplate":"https:\/\/www.sitsesp.org.br\/novo\/?s={search_term_string}"},"query-input":"required name=search_term_string"}],"inLanguage":"pt-BR"},{"@type":"Organization","@id":"https:\/\/www.sitsesp.org.br\/novo\/#organization","name":"Sitsesp","url":"https:\/\/www.sitsesp.org.br\/novo\/","logo":{"@type":"ImageObject","inLanguage":"pt-BR","@id":"https:\/\/www.sitsesp.org.br\/novo\/#\/schema\/logo\/image\/","url":"https:\/\/www.sitsesp.org.br\/novo\/wp-content\/uploads\/2020\/09\/Design-sem-nome-1.jpg","contentUrl":"https:\/\/www.sitsesp.org.br\/novo\/wp-content\/uploads\/2020\/09\/Design-sem-nome-1.jpg","width":300,"height":300,"caption":"Sitsesp"},"image":{"@id":"https:\/\/www.sitsesp.org.br\/novo\/#\/schema\/logo\/image\/"}},{"@type":"Person","@id":"https:\/\/www.sitsesp.org.br\/novo\/#\/schema\/person\/0410b37c20ab60fd51a7b8ae5983f8de","name":"2.8marcosaa","image":{"@type":"ImageObject","inLanguage":"pt-BR","@id":"https:\/\/www.sitsesp.org.br\/novo\/#\/schema\/person\/image\/","url":"https:\/\/secure.gravatar.com\/avatar\/0273db62f5a16721adcf1f80ba308e7b?s=96&d=mm&r=g","contentUrl":"https:\/\/secure.gravatar.com\/avatar\/0273db62f5a16721adcf1f80ba308e7b?s=96&d=mm&r=g","caption":"2.8marcosaa"},"sameAs":["http:\/\/www.362k.com.br"]}]}},"_links":{"self":[{"href":"https:\/\/www.sitsesp.org.br\/novo\/wp-json\/wp\/v2\/posts\/15927"}],"collection":[{"href":"https:\/\/www.sitsesp.org.br\/novo\/wp-json\/wp\/v2\/posts"}],"about":[{"href":"https:\/\/www.sitsesp.org.br\/novo\/wp-json\/wp\/v2\/types\/post"}],"author":[{"embeddable":true,"href":"https:\/\/www.sitsesp.org.br\/novo\/wp-json\/wp\/v2\/users\/7"}],"replies":[{"embeddable":true,"href":"https:\/\/www.sitsesp.org.br\/novo\/wp-json\/wp\/v2\/comments?post=15927"}],"version-history":[{"count":8,"href":"https:\/\/www.sitsesp.org.br\/novo\/wp-json\/wp\/v2\/posts\/15927\/revisions"}],"predecessor-version":[{"id":15936,"href":"https:\/\/www.sitsesp.org.br\/novo\/wp-json\/wp\/v2\/posts\/15927\/revisions\/15936"}],"wp:featuredmedia":[{"embeddable":true,"href":"https:\/\/www.sitsesp.org.br\/novo\/wp-json\/wp\/v2\/media\/15928"}],"wp:attachment":[{"href":"https:\/\/www.sitsesp.org.br\/novo\/wp-json\/wp\/v2\/media?parent=15927"}],"wp:term":[{"taxonomy":"category","embeddable":true,"href":"https:\/\/www.sitsesp.org.br\/novo\/wp-json\/wp\/v2\/categories?post=15927"},{"taxonomy":"post_tag","embeddable":true,"href":"https:\/\/www.sitsesp.org.br\/novo\/wp-json\/wp\/v2\/tags?post=15927"}],"curies":[{"name":"wp","href":"https:\/\/api.w.org\/{rel}","templated":true}]}}