{"id":15953,"date":"2025-03-06T10:27:58","date_gmt":"2025-03-06T13:27:58","guid":{"rendered":"https:\/\/www.sitsesp.org.br\/novo\/?p=15953"},"modified":"2025-03-06T12:05:52","modified_gmt":"2025-03-06T15:05:52","slug":"sitsesp-participara-do-seminario-contra-as-privatizacoe","status":"publish","type":"post","link":"https:\/\/www.sitsesp.org.br\/novo\/sitsesp-participara-do-seminario-contra-as-privatizacoe\/","title":{"rendered":"SITSESP participar\u00e1 do Semin\u00e1rio Contra as Privatiza\u00e7\u00f5es"},"content":{"rendered":"<p><!-- VideographyWP Plugin Message: Automatic video embedding prevented by plugin options. --><\/p>\n<div>\n<p class=\"selectable-text copyable-text x15bjb6t x1n2onr6\" dir=\"ltr\" style=\"text-align: justify;\"><span class=\"selectable-text copyable-text false\">Os servidores da Socioeduca\u00e7\u00e3o, representados pelo SITSESP foram convidados para participar do importante Semin\u00e1rio Contra as Privatiza\u00e7\u00f5es: CPTM, EFCJ e Metr\u00f4-SP. O evento, promovido pelo Sindicato dos Trabalhadores(as) em Empresas Ferrovi\u00e1rias da Zona Central do Brasil, ser\u00e1 realizado nos dias 13 e 14 de mar\u00e7o, reunindo pol\u00edticos, influenciadores, sindicalistas e jornalistas para debater os impactos negativos das privatiza\u00e7\u00f5es.<\/span><\/p>\n<p class=\"selectable-text copyable-text x15bjb6t x1n2onr6\" dir=\"ltr\" style=\"text-align: justify;\"><span class=\"selectable-text copyable-text false\">O presidente do SITSESP, Neemias de Souza, participar\u00e1 da mesa do debate sobre \u201cPrivatiza\u00e7\u00f5es no Mundo\u201d, ao lado de Jos\u00e9 Faggian, presidente do SINTAEMA; Jo\u00e3o Ananias, vereador; Roberval Duarte Placce, diretor jur\u00eddico do FITF; os Deputados Estaduais R\u00f4mulo Fernandes e Paula Nunes, da Bancada Feminista do PSOL. O debate trar\u00e1 uma an\u00e1lise sobre as consequ\u00eancias desse modelo privatista para os trabalhadores e para a sociedade. Durante sua interven\u00e7\u00e3o, Neemias destacar\u00e1 a amea\u00e7a de privatiza\u00e7\u00e3o na Funda\u00e7\u00e3o CASA, al\u00e9m de experi\u00eancias que demonstram como a privatiza\u00e7\u00e3o frequentemente leva ao aumento das tarifas, \u00e0 redu\u00e7\u00e3o da qualidade dos servi\u00e7os e \u00e0 exclus\u00e3o social, precarizando o servi\u00e7o p\u00fablico.<\/span><\/p>\n<p class=\"selectable-text copyable-text x15bjb6t x1n2onr6\" dir=\"ltr\" style=\"text-align: justify;\"><span class=\"selectable-text copyable-text false\">A participa\u00e7\u00e3o do SITSESP no evento refor\u00e7a o compromisso do sindicato na defesa dos direitos dos trabalhadores. A mobiliza\u00e7\u00e3o promovida pelo semin\u00e1rio ser\u00e1 um passo essencial para sensibilizar a sociedade e fortalecer estrat\u00e9gias de resist\u00eancia contra a privatiza\u00e7\u00e3o. O evento tamb\u00e9m abordar\u00e1 temas como os impactos das privatiza\u00e7\u00f5es na efici\u00eancia dos servi\u00e7os, o aumento das tarifas e a precariza\u00e7\u00e3o das condi\u00e7\u00f5es de trabalho. Relatos de trabalhadores e usu\u00e1rios evidenciar\u00e3o a preocupa\u00e7\u00e3o com as mudan\u00e7as propostas pelo governo e seus reflexos na vida da popula\u00e7\u00e3o. Neemias de Souza destaca a import\u00e2ncia da unidade entre sindicatos e sociedade civil para barrar o avan\u00e7o da privatiza\u00e7\u00e3o e garantir a preserva\u00e7\u00e3o do patrim\u00f4nio p\u00fablico.<\/span><\/p>\n<\/div>\n<div><img fetchpriority=\"high\" decoding=\"async\" class=\"alignnone size-full wp-image-15955\" src=\"https:\/\/www.sitsesp.org.br\/novo\/wp-content\/uploads\/2025\/03\/WhatsApp-Image-2025-03-05-at-15.24.23.jpeg\" alt=\"\" width=\"1599\" height=\"899\" \/><\/div>\n","protected":false},"excerpt":{"rendered":"<p>Os servidores da Socioeduca\u00e7\u00e3o, representados pelo SITSESP foram convidados para participar do importante Semin\u00e1rio Contra as Privatiza\u00e7\u00f5es: CPTM, EFCJ e Metr\u00f4-SP.&hellip;<\/p>\n","protected":false},"author":7,"featured_media":15959,"comment_status":"open","ping_status":"open","sticky":false,"template":"","format":"standard","meta":{"cybocfi_hide_featured_image":"","footnotes":""},"categories":[27],"tags":[],"yoast_head":"<!-- This site is optimized with the Yoast SEO plugin v22.8 - https:\/\/yoast.com\/wordpress\/plugins\/seo\/ -->\n<title>SITSESP participar\u00e1 do Semin\u00e1rio Contra as Privatiza\u00e7\u00f5es - SITSESP<\/title>\n<meta name=\"robots\" content=\"index, follow, max-snippet:-1, max-image-preview:large, max-video-preview:-1\" \/>\n<link rel=\"canonical\" href=\"https:\/\/www.sitsesp.org.br\/novo\/sitsesp-participara-do-seminario-contra-as-privatizacoe\/\" \/>\n<meta property=\"og:locale\" content=\"pt_BR\" \/>\n<meta property=\"og:type\" content=\"article\" \/>\n<meta property=\"og:title\" content=\"SITSESP participar\u00e1 do Semin\u00e1rio Contra as Privatiza\u00e7\u00f5es - SITSESP\" \/>\n<meta property=\"og:description\" content=\"Os servidores da Socioeduca\u00e7\u00e3o, representados pelo SITSESP foram convidados para participar do importante Semin\u00e1rio Contra as Privatiza\u00e7\u00f5es: CPTM, EFCJ e Metr\u00f4-SP.&hellip;\" \/>\n<meta property=\"og:url\" content=\"https:\/\/www.sitsesp.org.br\/novo\/sitsesp-participara-do-seminario-contra-as-privatizacoe\/\" \/>\n<meta property=\"og:site_name\" content=\"SITSESP\" \/>\n<meta property=\"article:published_time\" content=\"2025-03-06T13:27:58+00:00\" \/>\n<meta property=\"article:modified_time\" content=\"2025-03-06T15:05:52+00:00\" \/>\n<meta property=\"og:image\" content=\"https:\/\/www.sitsesp.org.br\/novo\/wp-content\/uploads\/2025\/03\/neemias1.jpg\" \/>\n\t<meta property=\"og:image:width\" content=\"2000\" \/>\n\t<meta property=\"og:image:height\" content=\"1414\" \/>\n\t<meta property=\"og:image:type\" content=\"image\/jpeg\" \/>\n<meta name=\"author\" content=\"2.8marcosaa\" \/>\n<meta name=\"twitter:card\" content=\"summary_large_image\" \/>\n<meta name=\"twitter:label1\" content=\"Escrito por\" \/>\n\t<meta name=\"twitter:data1\" content=\"2.8marcosaa\" \/>\n\t<meta name=\"twitter:label2\" content=\"Est. tempo de leitura\" \/>\n\t<meta name=\"twitter:data2\" content=\"2 minutos\" \/>\n<script type=\"application\/ld+json\" class=\"yoast-schema-graph\">{\"@context\":\"https:\/\/schema.org\",\"@graph\":[{\"@type\":\"Article\",\"@id\":\"https:\/\/www.sitsesp.org.br\/novo\/sitsesp-participara-do-seminario-contra-as-privatizacoe\/#article\",\"isPartOf\":{\"@id\":\"https:\/\/www.sitsesp.org.br\/novo\/sitsesp-participara-do-seminario-contra-as-privatizacoe\/\"},\"author\":{\"name\":\"2.8marcosaa\",\"@id\":\"https:\/\/www.sitsesp.org.br\/novo\/#\/schema\/person\/0410b37c20ab60fd51a7b8ae5983f8de\"},\"headline\":\"SITSESP participar\u00e1 do Semin\u00e1rio Contra as Privatiza\u00e7\u00f5es\",\"datePublished\":\"2025-03-06T13:27:58+00:00\",\"dateModified\":\"2025-03-06T15:05:52+00:00\",\"mainEntityOfPage\":{\"@id\":\"https:\/\/www.sitsesp.org.br\/novo\/sitsesp-participara-do-seminario-contra-as-privatizacoe\/\"},\"wordCount\":329,\"commentCount\":0,\"publisher\":{\"@id\":\"https:\/\/www.sitsesp.org.br\/novo\/#organization\"},\"image\":{\"@id\":\"https:\/\/www.sitsesp.org.br\/novo\/sitsesp-participara-do-seminario-contra-as-privatizacoe\/#primaryimage\"},\"thumbnailUrl\":\"https:\/\/www.sitsesp.org.br\/novo\/wp-content\/uploads\/2025\/03\/neemias1.jpg\",\"articleSection\":[\"Destaque\"],\"inLanguage\":\"pt-BR\",\"potentialAction\":[{\"@type\":\"CommentAction\",\"name\":\"Comment\",\"target\":[\"https:\/\/www.sitsesp.org.br\/novo\/sitsesp-participara-do-seminario-contra-as-privatizacoe\/#respond\"]}]},{\"@type\":\"WebPage\",\"@id\":\"https:\/\/www.sitsesp.org.br\/novo\/sitsesp-participara-do-seminario-contra-as-privatizacoe\/\",\"url\":\"https:\/\/www.sitsesp.org.br\/novo\/sitsesp-participara-do-seminario-contra-as-privatizacoe\/\",\"name\":\"SITSESP participar\u00e1 do Semin\u00e1rio Contra as Privatiza\u00e7\u00f5es - SITSESP\",\"isPartOf\":{\"@id\":\"https:\/\/www.sitsesp.org.br\/novo\/#website\"},\"primaryImageOfPage\":{\"@id\":\"https:\/\/www.sitsesp.org.br\/novo\/sitsesp-participara-do-seminario-contra-as-privatizacoe\/#primaryimage\"},\"image\":{\"@id\":\"https:\/\/www.sitsesp.org.br\/novo\/sitsesp-participara-do-seminario-contra-as-privatizacoe\/#primaryimage\"},\"thumbnailUrl\":\"https:\/\/www.sitsesp.org.br\/novo\/wp-content\/uploads\/2025\/03\/neemias1.jpg\",\"datePublished\":\"2025-03-06T13:27:58+00:00\",\"dateModified\":\"2025-03-06T15:05:52+00:00\",\"breadcrumb\":{\"@id\":\"https:\/\/www.sitsesp.org.br\/novo\/sitsesp-participara-do-seminario-contra-as-privatizacoe\/#breadcrumb\"},\"inLanguage\":\"pt-BR\",\"potentialAction\":[{\"@type\":\"ReadAction\",\"target\":[\"https:\/\/www.sitsesp.org.br\/novo\/sitsesp-participara-do-seminario-contra-as-privatizacoe\/\"]}]},{\"@type\":\"ImageObject\",\"inLanguage\":\"pt-BR\",\"@id\":\"https:\/\/www.sitsesp.org.br\/novo\/sitsesp-participara-do-seminario-contra-as-privatizacoe\/#primaryimage\",\"url\":\"https:\/\/www.sitsesp.org.br\/novo\/wp-content\/uploads\/2025\/03\/neemias1.jpg\",\"contentUrl\":\"https:\/\/www.sitsesp.org.br\/novo\/wp-content\/uploads\/2025\/03\/neemias1.jpg\",\"width\":2000,\"height\":1414},{\"@type\":\"BreadcrumbList\",\"@id\":\"https:\/\/www.sitsesp.org.br\/novo\/sitsesp-participara-do-seminario-contra-as-privatizacoe\/#breadcrumb\",\"itemListElement\":[{\"@type\":\"ListItem\",\"position\":1,\"name\":\"In\u00edcio\",\"item\":\"https:\/\/www.sitsesp.org.br\/novo\/\"},{\"@type\":\"ListItem\",\"position\":2,\"name\":\"SITSESP participar\u00e1 do Semin\u00e1rio Contra as Privatiza\u00e7\u00f5es\"}]},{\"@type\":\"WebSite\",\"@id\":\"https:\/\/www.sitsesp.org.br\/novo\/#website\",\"url\":\"https:\/\/www.sitsesp.org.br\/novo\/\",\"name\":\"Sitsesp\",\"description\":\"SIndicato da Socioeduca\u00e7\u00e3o do Estado de S\u00e3o Paulo\",\"publisher\":{\"@id\":\"https:\/\/www.sitsesp.org.br\/novo\/#organization\"},\"potentialAction\":[{\"@type\":\"SearchAction\",\"target\":{\"@type\":\"EntryPoint\",\"urlTemplate\":\"https:\/\/www.sitsesp.org.br\/novo\/?s={search_term_string}\"},\"query-input\":\"required name=search_term_string\"}],\"inLanguage\":\"pt-BR\"},{\"@type\":\"Organization\",\"@id\":\"https:\/\/www.sitsesp.org.br\/novo\/#organization\",\"name\":\"Sitsesp\",\"url\":\"https:\/\/www.sitsesp.org.br\/novo\/\",\"logo\":{\"@type\":\"ImageObject\",\"inLanguage\":\"pt-BR\",\"@id\":\"https:\/\/www.sitsesp.org.br\/novo\/#\/schema\/logo\/image\/\",\"url\":\"https:\/\/www.sitsesp.org.br\/novo\/wp-content\/uploads\/2020\/09\/Design-sem-nome-1.jpg\",\"contentUrl\":\"https:\/\/www.sitsesp.org.br\/novo\/wp-content\/uploads\/2020\/09\/Design-sem-nome-1.jpg\",\"width\":300,\"height\":300,\"caption\":\"Sitsesp\"},\"image\":{\"@id\":\"https:\/\/www.sitsesp.org.br\/novo\/#\/schema\/logo\/image\/\"}},{\"@type\":\"Person\",\"@id\":\"https:\/\/www.sitsesp.org.br\/novo\/#\/schema\/person\/0410b37c20ab60fd51a7b8ae5983f8de\",\"name\":\"2.8marcosaa\",\"image\":{\"@type\":\"ImageObject\",\"inLanguage\":\"pt-BR\",\"@id\":\"https:\/\/www.sitsesp.org.br\/novo\/#\/schema\/person\/image\/\",\"url\":\"https:\/\/secure.gravatar.com\/avatar\/0273db62f5a16721adcf1f80ba308e7b?s=96&d=mm&r=g\",\"contentUrl\":\"https:\/\/secure.gravatar.com\/avatar\/0273db62f5a16721adcf1f80ba308e7b?s=96&d=mm&r=g\",\"caption\":\"2.8marcosaa\"},\"sameAs\":[\"http:\/\/www.362k.com.br\"]}]}<\/script>\n<!-- \/ Yoast SEO plugin. -->","yoast_head_json":{"title":"SITSESP participar\u00e1 do Semin\u00e1rio Contra as Privatiza\u00e7\u00f5es - SITSESP","robots":{"index":"index","follow":"follow","max-snippet":"max-snippet:-1","max-image-preview":"max-image-preview:large","max-video-preview":"max-video-preview:-1"},"canonical":"https:\/\/www.sitsesp.org.br\/novo\/sitsesp-participara-do-seminario-contra-as-privatizacoe\/","og_locale":"pt_BR","og_type":"article","og_title":"SITSESP participar\u00e1 do Semin\u00e1rio Contra as Privatiza\u00e7\u00f5es - SITSESP","og_description":"Os servidores da Socioeduca\u00e7\u00e3o, representados pelo SITSESP foram convidados para participar do importante Semin\u00e1rio Contra as Privatiza\u00e7\u00f5es: CPTM, EFCJ e Metr\u00f4-SP.&hellip;","og_url":"https:\/\/www.sitsesp.org.br\/novo\/sitsesp-participara-do-seminario-contra-as-privatizacoe\/","og_site_name":"SITSESP","article_published_time":"2025-03-06T13:27:58+00:00","article_modified_time":"2025-03-06T15:05:52+00:00","og_image":[{"width":2000,"height":1414,"url":"https:\/\/www.sitsesp.org.br\/novo\/wp-content\/uploads\/2025\/03\/neemias1.jpg","type":"image\/jpeg"}],"author":"2.8marcosaa","twitter_card":"summary_large_image","twitter_misc":{"Escrito por":"2.8marcosaa","Est. tempo de leitura":"2 minutos"},"schema":{"@context":"https:\/\/schema.org","@graph":[{"@type":"Article","@id":"https:\/\/www.sitsesp.org.br\/novo\/sitsesp-participara-do-seminario-contra-as-privatizacoe\/#article","isPartOf":{"@id":"https:\/\/www.sitsesp.org.br\/novo\/sitsesp-participara-do-seminario-contra-as-privatizacoe\/"},"author":{"name":"2.8marcosaa","@id":"https:\/\/www.sitsesp.org.br\/novo\/#\/schema\/person\/0410b37c20ab60fd51a7b8ae5983f8de"},"headline":"SITSESP participar\u00e1 do Semin\u00e1rio Contra as Privatiza\u00e7\u00f5es","datePublished":"2025-03-06T13:27:58+00:00","dateModified":"2025-03-06T15:05:52+00:00","mainEntityOfPage":{"@id":"https:\/\/www.sitsesp.org.br\/novo\/sitsesp-participara-do-seminario-contra-as-privatizacoe\/"},"wordCount":329,"commentCount":0,"publisher":{"@id":"https:\/\/www.sitsesp.org.br\/novo\/#organization"},"image":{"@id":"https:\/\/www.sitsesp.org.br\/novo\/sitsesp-participara-do-seminario-contra-as-privatizacoe\/#primaryimage"},"thumbnailUrl":"https:\/\/www.sitsesp.org.br\/novo\/wp-content\/uploads\/2025\/03\/neemias1.jpg","articleSection":["Destaque"],"inLanguage":"pt-BR","potentialAction":[{"@type":"CommentAction","name":"Comment","target":["https:\/\/www.sitsesp.org.br\/novo\/sitsesp-participara-do-seminario-contra-as-privatizacoe\/#respond"]}]},{"@type":"WebPage","@id":"https:\/\/www.sitsesp.org.br\/novo\/sitsesp-participara-do-seminario-contra-as-privatizacoe\/","url":"https:\/\/www.sitsesp.org.br\/novo\/sitsesp-participara-do-seminario-contra-as-privatizacoe\/","name":"SITSESP participar\u00e1 do Semin\u00e1rio Contra as Privatiza\u00e7\u00f5es - SITSESP","isPartOf":{"@id":"https:\/\/www.sitsesp.org.br\/novo\/#website"},"primaryImageOfPage":{"@id":"https:\/\/www.sitsesp.org.br\/novo\/sitsesp-participara-do-seminario-contra-as-privatizacoe\/#primaryimage"},"image":{"@id":"https:\/\/www.sitsesp.org.br\/novo\/sitsesp-participara-do-seminario-contra-as-privatizacoe\/#primaryimage"},"thumbnailUrl":"https:\/\/www.sitsesp.org.br\/novo\/wp-content\/uploads\/2025\/03\/neemias1.jpg","datePublished":"2025-03-06T13:27:58+00:00","dateModified":"2025-03-06T15:05:52+00:00","breadcrumb":{"@id":"https:\/\/www.sitsesp.org.br\/novo\/sitsesp-participara-do-seminario-contra-as-privatizacoe\/#breadcrumb"},"inLanguage":"pt-BR","potentialAction":[{"@type":"ReadAction","target":["https:\/\/www.sitsesp.org.br\/novo\/sitsesp-participara-do-seminario-contra-as-privatizacoe\/"]}]},{"@type":"ImageObject","inLanguage":"pt-BR","@id":"https:\/\/www.sitsesp.org.br\/novo\/sitsesp-participara-do-seminario-contra-as-privatizacoe\/#primaryimage","url":"https:\/\/www.sitsesp.org.br\/novo\/wp-content\/uploads\/2025\/03\/neemias1.jpg","contentUrl":"https:\/\/www.sitsesp.org.br\/novo\/wp-content\/uploads\/2025\/03\/neemias1.jpg","width":2000,"height":1414},{"@type":"BreadcrumbList","@id":"https:\/\/www.sitsesp.org.br\/novo\/sitsesp-participara-do-seminario-contra-as-privatizacoe\/#breadcrumb","itemListElement":[{"@type":"ListItem","position":1,"name":"In\u00edcio","item":"https:\/\/www.sitsesp.org.br\/novo\/"},{"@type":"ListItem","position":2,"name":"SITSESP participar\u00e1 do Semin\u00e1rio Contra as Privatiza\u00e7\u00f5es"}]},{"@type":"WebSite","@id":"https:\/\/www.sitsesp.org.br\/novo\/#website","url":"https:\/\/www.sitsesp.org.br\/novo\/","name":"Sitsesp","description":"SIndicato da Socioeduca\u00e7\u00e3o do Estado de S\u00e3o Paulo","publisher":{"@id":"https:\/\/www.sitsesp.org.br\/novo\/#organization"},"potentialAction":[{"@type":"SearchAction","target":{"@type":"EntryPoint","urlTemplate":"https:\/\/www.sitsesp.org.br\/novo\/?s={search_term_string}"},"query-input":"required name=search_term_string"}],"inLanguage":"pt-BR"},{"@type":"Organization","@id":"https:\/\/www.sitsesp.org.br\/novo\/#organization","name":"Sitsesp","url":"https:\/\/www.sitsesp.org.br\/novo\/","logo":{"@type":"ImageObject","inLanguage":"pt-BR","@id":"https:\/\/www.sitsesp.org.br\/novo\/#\/schema\/logo\/image\/","url":"https:\/\/www.sitsesp.org.br\/novo\/wp-content\/uploads\/2020\/09\/Design-sem-nome-1.jpg","contentUrl":"https:\/\/www.sitsesp.org.br\/novo\/wp-content\/uploads\/2020\/09\/Design-sem-nome-1.jpg","width":300,"height":300,"caption":"Sitsesp"},"image":{"@id":"https:\/\/www.sitsesp.org.br\/novo\/#\/schema\/logo\/image\/"}},{"@type":"Person","@id":"https:\/\/www.sitsesp.org.br\/novo\/#\/schema\/person\/0410b37c20ab60fd51a7b8ae5983f8de","name":"2.8marcosaa","image":{"@type":"ImageObject","inLanguage":"pt-BR","@id":"https:\/\/www.sitsesp.org.br\/novo\/#\/schema\/person\/image\/","url":"https:\/\/secure.gravatar.com\/avatar\/0273db62f5a16721adcf1f80ba308e7b?s=96&d=mm&r=g","contentUrl":"https:\/\/secure.gravatar.com\/avatar\/0273db62f5a16721adcf1f80ba308e7b?s=96&d=mm&r=g","caption":"2.8marcosaa"},"sameAs":["http:\/\/www.362k.com.br"]}]}},"_links":{"self":[{"href":"https:\/\/www.sitsesp.org.br\/novo\/wp-json\/wp\/v2\/posts\/15953"}],"collection":[{"href":"https:\/\/www.sitsesp.org.br\/novo\/wp-json\/wp\/v2\/posts"}],"about":[{"href":"https:\/\/www.sitsesp.org.br\/novo\/wp-json\/wp\/v2\/types\/post"}],"author":[{"embeddable":true,"href":"https:\/\/www.sitsesp.org.br\/novo\/wp-json\/wp\/v2\/users\/7"}],"replies":[{"embeddable":true,"href":"https:\/\/www.sitsesp.org.br\/novo\/wp-json\/wp\/v2\/comments?post=15953"}],"version-history":[{"count":4,"href":"https:\/\/www.sitsesp.org.br\/novo\/wp-json\/wp\/v2\/posts\/15953\/revisions"}],"predecessor-version":[{"id":15960,"href":"https:\/\/www.sitsesp.org.br\/novo\/wp-json\/wp\/v2\/posts\/15953\/revisions\/15960"}],"wp:featuredmedia":[{"embeddable":true,"href":"https:\/\/www.sitsesp.org.br\/novo\/wp-json\/wp\/v2\/media\/15959"}],"wp:attachment":[{"href":"https:\/\/www.sitsesp.org.br\/novo\/wp-json\/wp\/v2\/media?parent=15953"}],"wp:term":[{"taxonomy":"category","embeddable":true,"href":"https:\/\/www.sitsesp.org.br\/novo\/wp-json\/wp\/v2\/categories?post=15953"},{"taxonomy":"post_tag","embeddable":true,"href":"https:\/\/www.sitsesp.org.br\/novo\/wp-json\/wp\/v2\/tags?post=15953"}],"curies":[{"name":"wp","href":"https:\/\/api.w.org\/{rel}","templated":true}]}}