{"id":16162,"date":"2025-04-24T11:57:19","date_gmt":"2025-04-24T14:57:19","guid":{"rendered":"https:\/\/www.sitsesp.org.br\/novo\/?p=16162"},"modified":"2025-04-24T11:59:07","modified_gmt":"2025-04-24T14:59:07","slug":"sitsesp-intensifica-acoes-em-defesa-da-saude-dos-trabalhadores-da-fundacao-casa","status":"publish","type":"post","link":"https:\/\/www.sitsesp.org.br\/novo\/sitsesp-intensifica-acoes-em-defesa-da-saude-dos-trabalhadores-da-fundacao-casa\/","title":{"rendered":"SITSESP intensifica a\u00e7\u00f5es em defesa da sa\u00fade dos trabalhadores da Funda\u00e7\u00e3o CASA"},"content":{"rendered":"<p><!-- VideographyWP Plugin Message: Automatic video embedding prevented by plugin options. --><\/p>\n<p style=\"text-align: justify;\">Em clima de di\u00e1logo e busca por solu\u00e7\u00f5es concretas, ocorreu ontem a 4\u00aa reuni\u00e3o do programa de combate ao absente\u00edsmo entre o SITSESP (Sindicato dos Trabalhadores do Sistema Socioeducativo do Estado de S\u00e3o Paulo) e a Funda\u00e7\u00e3o CASA. Estiveram presentes, representando o sindicato, Jessita, \u00c2ngela, Isabel e Simone, enquanto pela Funda\u00e7\u00e3o participaram Luiz, Eduardo, Fernando, Marcelo, Clayton e Leandro (Corregedoria).<\/p>\n<p style=\"text-align: justify;\">Durante o encontro, foram apresentados dados consolidados desde o ano de 2020, que mostram a evolu\u00e7\u00e3o dos \u00edndices de afastamentos por atestados m\u00e9dicos. Este trabalho \u00e9 fruto da Portaria 456\/2023, implantada ainda na gest\u00e3o do Dr. Jo\u00e3o, que permitiu um avan\u00e7o importante na coleta e an\u00e1lise dos dados, possibilitando uma leitura mais precisa da realidade dos servidores.<\/p>\n<p style=\"text-align: justify;\">Nesta nova fase do programa, a Funda\u00e7\u00e3o CASA iniciou um acompanhamento mais pr\u00f3ximo dos servidores com mais de 90 atestados em um per\u00edodo de um ano e tr\u00eas meses. O projeto-piloto est\u00e1 sendo implementado inicialmente no centro Casa S\u00e3o Paulo, conforme a Portaria 01\/2025. O SITSESP, ciente da complexidade do tema, se posicionou de forma cr\u00edtica e construtiva, refor\u00e7ando a necessidade de que a\u00e7\u00f5es estruturais sejam priorizadas para garantir o bem-estar dos trabalhadores, sem criminalizar o adoecimento.<\/p>\n<p style=\"text-align: justify;\">Outra pauta importante debatida foi a contrata\u00e7\u00e3o de uma empresa especializada em bem-estar do trabalhador, que se encontra em fase de licita\u00e7\u00e3o. A proposta inclui a cria\u00e7\u00e3o de salas de descompress\u00e3o e a disponibiliza\u00e7\u00e3o de novos equipamentos para os refeit\u00f3rios, como televisores, geladeiras e micro-ondas, promovendo um ambiente mais acolhedor e digno para os servidores.<\/p>\n<p style=\"text-align: justify;\">Tamb\u00e9m foi mencionada a prorroga\u00e7\u00e3o do prazo de implementa\u00e7\u00e3o da NR-1 (Norma Regulamentadora n\u00ba 1), que trata do gerenciamento de riscos ocupacionais. Diante disso, o SITSESP cobrou a\u00e7\u00f5es emergenciais, destacando a urg\u00eancia de medidas como:<\/p>\n<p style=\"text-align: justify;\">Plant\u00e3o psicol\u00f3gico 24 horas, por meio de conv\u00eanio;<\/p>\n<p style=\"text-align: justify;\">Consultas de psicoterapia sem coparticipa\u00e7\u00e3o;<\/p>\n<p style=\"text-align: justify;\">Campanhas de vacina\u00e7\u00e3o em massa, principalmente nos centros da capital paulista.<\/p>\n<p style=\"text-align: justify;\">A diretora de sa\u00fade da Funda\u00e7\u00e3o, presente na reuni\u00e3o, reconheceu as demandas e sinalizou abertura para discutir os encaminhamentos apresentados pelo sindicato.<\/p>\n<p style=\"text-align: justify;\">A participa\u00e7\u00e3o da dire\u00e7\u00e3o do SITSESP nas reuni\u00f5es da comiss\u00e3o de absente\u00edsmo tem como principal objetivo acompanhar de perto os trabalhos desenvolvidos, garantindo transpar\u00eancia e justi\u00e7a na an\u00e1lise dos atestados m\u00e9dicos. Isso porque a comiss\u00e3o \u00e9 composta exclusivamente por representantes da executiva da Funda\u00e7\u00e3o CASA. Ainda na gest\u00e3o do presidente Dr. Jo\u00e3o Ver\u00edssimo, o sindicato solicitou e obteve a inclus\u00e3o de dois representantes dos trabalhadores \u2013 um titular e um suplente \u2013, refor\u00e7ando o compromisso com a fiscaliza\u00e7\u00e3o. \u00c9 importante destacar que toda a apura\u00e7\u00e3o \u00e9 conduzida pela GMST, Corregedoria, DRH e Gabinete da Presid\u00eancia, cabendo ao sindicato\u00a0 o acesso aos dados e a sua an\u00e1lise cr\u00edtica. O SITSESP n\u00e3o participa da gest\u00e3o do programa, mas atua firmemente na defesa dos direitos dos trabalhadores, fiscalizando e acompanhando cada etapa.<\/p>\n","protected":false},"excerpt":{"rendered":"<p>Em clima de di\u00e1logo e busca por solu\u00e7\u00f5es concretas, ocorreu ontem a 4\u00aa reuni\u00e3o do programa de combate ao absente\u00edsmo entre&hellip;<\/p>\n","protected":false},"author":7,"featured_media":16166,"comment_status":"open","ping_status":"open","sticky":false,"template":"","format":"standard","meta":{"cybocfi_hide_featured_image":"","footnotes":""},"categories":[27],"tags":[],"yoast_head":"<!-- This site is optimized with the Yoast SEO plugin v22.8 - https:\/\/yoast.com\/wordpress\/plugins\/seo\/ -->\n<title>SITSESP intensifica a\u00e7\u00f5es em defesa da sa\u00fade dos trabalhadores da Funda\u00e7\u00e3o CASA - SITSESP<\/title>\n<meta name=\"robots\" content=\"index, follow, max-snippet:-1, max-image-preview:large, max-video-preview:-1\" \/>\n<link rel=\"canonical\" href=\"https:\/\/www.sitsesp.org.br\/novo\/sitsesp-intensifica-acoes-em-defesa-da-saude-dos-trabalhadores-da-fundacao-casa\/\" \/>\n<meta property=\"og:locale\" content=\"pt_BR\" \/>\n<meta property=\"og:type\" content=\"article\" \/>\n<meta property=\"og:title\" content=\"SITSESP intensifica a\u00e7\u00f5es em defesa da sa\u00fade dos trabalhadores da Funda\u00e7\u00e3o CASA - SITSESP\" \/>\n<meta property=\"og:description\" content=\"Em clima de di\u00e1logo e busca por solu\u00e7\u00f5es concretas, ocorreu ontem a 4\u00aa reuni\u00e3o do programa de combate ao absente\u00edsmo entre&hellip;\" \/>\n<meta property=\"og:url\" content=\"https:\/\/www.sitsesp.org.br\/novo\/sitsesp-intensifica-acoes-em-defesa-da-saude-dos-trabalhadores-da-fundacao-casa\/\" \/>\n<meta property=\"og:site_name\" content=\"SITSESP\" \/>\n<meta property=\"article:published_time\" content=\"2025-04-24T14:57:19+00:00\" \/>\n<meta property=\"article:modified_time\" content=\"2025-04-24T14:59:07+00:00\" \/>\n<meta property=\"og:image\" content=\"https:\/\/www.sitsesp.org.br\/novo\/wp-content\/uploads\/2025\/04\/2.jpg\" \/>\n\t<meta property=\"og:image:width\" content=\"800\" \/>\n\t<meta property=\"og:image:height\" content=\"566\" \/>\n\t<meta property=\"og:image:type\" content=\"image\/jpeg\" \/>\n<meta name=\"author\" content=\"2.8marcosaa\" \/>\n<meta name=\"twitter:card\" content=\"summary_large_image\" \/>\n<meta name=\"twitter:label1\" content=\"Escrito por\" \/>\n\t<meta name=\"twitter:data1\" content=\"2.8marcosaa\" \/>\n\t<meta name=\"twitter:label2\" content=\"Est. tempo de leitura\" \/>\n\t<meta name=\"twitter:data2\" content=\"3 minutos\" \/>\n<script type=\"application\/ld+json\" class=\"yoast-schema-graph\">{\"@context\":\"https:\/\/schema.org\",\"@graph\":[{\"@type\":\"Article\",\"@id\":\"https:\/\/www.sitsesp.org.br\/novo\/sitsesp-intensifica-acoes-em-defesa-da-saude-dos-trabalhadores-da-fundacao-casa\/#article\",\"isPartOf\":{\"@id\":\"https:\/\/www.sitsesp.org.br\/novo\/sitsesp-intensifica-acoes-em-defesa-da-saude-dos-trabalhadores-da-fundacao-casa\/\"},\"author\":{\"name\":\"2.8marcosaa\",\"@id\":\"https:\/\/www.sitsesp.org.br\/novo\/#\/schema\/person\/0410b37c20ab60fd51a7b8ae5983f8de\"},\"headline\":\"SITSESP intensifica a\u00e7\u00f5es em defesa da sa\u00fade dos trabalhadores da Funda\u00e7\u00e3o CASA\",\"datePublished\":\"2025-04-24T14:57:19+00:00\",\"dateModified\":\"2025-04-24T14:59:07+00:00\",\"mainEntityOfPage\":{\"@id\":\"https:\/\/www.sitsesp.org.br\/novo\/sitsesp-intensifica-acoes-em-defesa-da-saude-dos-trabalhadores-da-fundacao-casa\/\"},\"wordCount\":524,\"commentCount\":0,\"publisher\":{\"@id\":\"https:\/\/www.sitsesp.org.br\/novo\/#organization\"},\"image\":{\"@id\":\"https:\/\/www.sitsesp.org.br\/novo\/sitsesp-intensifica-acoes-em-defesa-da-saude-dos-trabalhadores-da-fundacao-casa\/#primaryimage\"},\"thumbnailUrl\":\"https:\/\/www.sitsesp.org.br\/novo\/wp-content\/uploads\/2025\/04\/2.jpg\",\"articleSection\":[\"Destaque\"],\"inLanguage\":\"pt-BR\",\"potentialAction\":[{\"@type\":\"CommentAction\",\"name\":\"Comment\",\"target\":[\"https:\/\/www.sitsesp.org.br\/novo\/sitsesp-intensifica-acoes-em-defesa-da-saude-dos-trabalhadores-da-fundacao-casa\/#respond\"]}]},{\"@type\":\"WebPage\",\"@id\":\"https:\/\/www.sitsesp.org.br\/novo\/sitsesp-intensifica-acoes-em-defesa-da-saude-dos-trabalhadores-da-fundacao-casa\/\",\"url\":\"https:\/\/www.sitsesp.org.br\/novo\/sitsesp-intensifica-acoes-em-defesa-da-saude-dos-trabalhadores-da-fundacao-casa\/\",\"name\":\"SITSESP intensifica a\u00e7\u00f5es em defesa da sa\u00fade dos trabalhadores da Funda\u00e7\u00e3o CASA - SITSESP\",\"isPartOf\":{\"@id\":\"https:\/\/www.sitsesp.org.br\/novo\/#website\"},\"primaryImageOfPage\":{\"@id\":\"https:\/\/www.sitsesp.org.br\/novo\/sitsesp-intensifica-acoes-em-defesa-da-saude-dos-trabalhadores-da-fundacao-casa\/#primaryimage\"},\"image\":{\"@id\":\"https:\/\/www.sitsesp.org.br\/novo\/sitsesp-intensifica-acoes-em-defesa-da-saude-dos-trabalhadores-da-fundacao-casa\/#primaryimage\"},\"thumbnailUrl\":\"https:\/\/www.sitsesp.org.br\/novo\/wp-content\/uploads\/2025\/04\/2.jpg\",\"datePublished\":\"2025-04-24T14:57:19+00:00\",\"dateModified\":\"2025-04-24T14:59:07+00:00\",\"breadcrumb\":{\"@id\":\"https:\/\/www.sitsesp.org.br\/novo\/sitsesp-intensifica-acoes-em-defesa-da-saude-dos-trabalhadores-da-fundacao-casa\/#breadcrumb\"},\"inLanguage\":\"pt-BR\",\"potentialAction\":[{\"@type\":\"ReadAction\",\"target\":[\"https:\/\/www.sitsesp.org.br\/novo\/sitsesp-intensifica-acoes-em-defesa-da-saude-dos-trabalhadores-da-fundacao-casa\/\"]}]},{\"@type\":\"ImageObject\",\"inLanguage\":\"pt-BR\",\"@id\":\"https:\/\/www.sitsesp.org.br\/novo\/sitsesp-intensifica-acoes-em-defesa-da-saude-dos-trabalhadores-da-fundacao-casa\/#primaryimage\",\"url\":\"https:\/\/www.sitsesp.org.br\/novo\/wp-content\/uploads\/2025\/04\/2.jpg\",\"contentUrl\":\"https:\/\/www.sitsesp.org.br\/novo\/wp-content\/uploads\/2025\/04\/2.jpg\",\"width\":800,\"height\":566},{\"@type\":\"BreadcrumbList\",\"@id\":\"https:\/\/www.sitsesp.org.br\/novo\/sitsesp-intensifica-acoes-em-defesa-da-saude-dos-trabalhadores-da-fundacao-casa\/#breadcrumb\",\"itemListElement\":[{\"@type\":\"ListItem\",\"position\":1,\"name\":\"In\u00edcio\",\"item\":\"https:\/\/www.sitsesp.org.br\/novo\/\"},{\"@type\":\"ListItem\",\"position\":2,\"name\":\"SITSESP intensifica a\u00e7\u00f5es em defesa da sa\u00fade dos trabalhadores da Funda\u00e7\u00e3o CASA\"}]},{\"@type\":\"WebSite\",\"@id\":\"https:\/\/www.sitsesp.org.br\/novo\/#website\",\"url\":\"https:\/\/www.sitsesp.org.br\/novo\/\",\"name\":\"Sitsesp\",\"description\":\"SIndicato da Socioeduca\u00e7\u00e3o do Estado de S\u00e3o Paulo\",\"publisher\":{\"@id\":\"https:\/\/www.sitsesp.org.br\/novo\/#organization\"},\"potentialAction\":[{\"@type\":\"SearchAction\",\"target\":{\"@type\":\"EntryPoint\",\"urlTemplate\":\"https:\/\/www.sitsesp.org.br\/novo\/?s={search_term_string}\"},\"query-input\":\"required name=search_term_string\"}],\"inLanguage\":\"pt-BR\"},{\"@type\":\"Organization\",\"@id\":\"https:\/\/www.sitsesp.org.br\/novo\/#organization\",\"name\":\"Sitsesp\",\"url\":\"https:\/\/www.sitsesp.org.br\/novo\/\",\"logo\":{\"@type\":\"ImageObject\",\"inLanguage\":\"pt-BR\",\"@id\":\"https:\/\/www.sitsesp.org.br\/novo\/#\/schema\/logo\/image\/\",\"url\":\"https:\/\/www.sitsesp.org.br\/novo\/wp-content\/uploads\/2020\/09\/Design-sem-nome-1.jpg\",\"contentUrl\":\"https:\/\/www.sitsesp.org.br\/novo\/wp-content\/uploads\/2020\/09\/Design-sem-nome-1.jpg\",\"width\":300,\"height\":300,\"caption\":\"Sitsesp\"},\"image\":{\"@id\":\"https:\/\/www.sitsesp.org.br\/novo\/#\/schema\/logo\/image\/\"}},{\"@type\":\"Person\",\"@id\":\"https:\/\/www.sitsesp.org.br\/novo\/#\/schema\/person\/0410b37c20ab60fd51a7b8ae5983f8de\",\"name\":\"2.8marcosaa\",\"image\":{\"@type\":\"ImageObject\",\"inLanguage\":\"pt-BR\",\"@id\":\"https:\/\/www.sitsesp.org.br\/novo\/#\/schema\/person\/image\/\",\"url\":\"https:\/\/secure.gravatar.com\/avatar\/0273db62f5a16721adcf1f80ba308e7b?s=96&d=mm&r=g\",\"contentUrl\":\"https:\/\/secure.gravatar.com\/avatar\/0273db62f5a16721adcf1f80ba308e7b?s=96&d=mm&r=g\",\"caption\":\"2.8marcosaa\"},\"sameAs\":[\"http:\/\/www.362k.com.br\"]}]}<\/script>\n<!-- \/ Yoast SEO plugin. -->","yoast_head_json":{"title":"SITSESP intensifica a\u00e7\u00f5es em defesa da sa\u00fade dos trabalhadores da Funda\u00e7\u00e3o CASA - SITSESP","robots":{"index":"index","follow":"follow","max-snippet":"max-snippet:-1","max-image-preview":"max-image-preview:large","max-video-preview":"max-video-preview:-1"},"canonical":"https:\/\/www.sitsesp.org.br\/novo\/sitsesp-intensifica-acoes-em-defesa-da-saude-dos-trabalhadores-da-fundacao-casa\/","og_locale":"pt_BR","og_type":"article","og_title":"SITSESP intensifica a\u00e7\u00f5es em defesa da sa\u00fade dos trabalhadores da Funda\u00e7\u00e3o CASA - SITSESP","og_description":"Em clima de di\u00e1logo e busca por solu\u00e7\u00f5es concretas, ocorreu ontem a 4\u00aa reuni\u00e3o do programa de combate ao absente\u00edsmo entre&hellip;","og_url":"https:\/\/www.sitsesp.org.br\/novo\/sitsesp-intensifica-acoes-em-defesa-da-saude-dos-trabalhadores-da-fundacao-casa\/","og_site_name":"SITSESP","article_published_time":"2025-04-24T14:57:19+00:00","article_modified_time":"2025-04-24T14:59:07+00:00","og_image":[{"width":800,"height":566,"url":"https:\/\/www.sitsesp.org.br\/novo\/wp-content\/uploads\/2025\/04\/2.jpg","type":"image\/jpeg"}],"author":"2.8marcosaa","twitter_card":"summary_large_image","twitter_misc":{"Escrito por":"2.8marcosaa","Est. tempo de leitura":"3 minutos"},"schema":{"@context":"https:\/\/schema.org","@graph":[{"@type":"Article","@id":"https:\/\/www.sitsesp.org.br\/novo\/sitsesp-intensifica-acoes-em-defesa-da-saude-dos-trabalhadores-da-fundacao-casa\/#article","isPartOf":{"@id":"https:\/\/www.sitsesp.org.br\/novo\/sitsesp-intensifica-acoes-em-defesa-da-saude-dos-trabalhadores-da-fundacao-casa\/"},"author":{"name":"2.8marcosaa","@id":"https:\/\/www.sitsesp.org.br\/novo\/#\/schema\/person\/0410b37c20ab60fd51a7b8ae5983f8de"},"headline":"SITSESP intensifica a\u00e7\u00f5es em defesa da sa\u00fade dos trabalhadores da Funda\u00e7\u00e3o CASA","datePublished":"2025-04-24T14:57:19+00:00","dateModified":"2025-04-24T14:59:07+00:00","mainEntityOfPage":{"@id":"https:\/\/www.sitsesp.org.br\/novo\/sitsesp-intensifica-acoes-em-defesa-da-saude-dos-trabalhadores-da-fundacao-casa\/"},"wordCount":524,"commentCount":0,"publisher":{"@id":"https:\/\/www.sitsesp.org.br\/novo\/#organization"},"image":{"@id":"https:\/\/www.sitsesp.org.br\/novo\/sitsesp-intensifica-acoes-em-defesa-da-saude-dos-trabalhadores-da-fundacao-casa\/#primaryimage"},"thumbnailUrl":"https:\/\/www.sitsesp.org.br\/novo\/wp-content\/uploads\/2025\/04\/2.jpg","articleSection":["Destaque"],"inLanguage":"pt-BR","potentialAction":[{"@type":"CommentAction","name":"Comment","target":["https:\/\/www.sitsesp.org.br\/novo\/sitsesp-intensifica-acoes-em-defesa-da-saude-dos-trabalhadores-da-fundacao-casa\/#respond"]}]},{"@type":"WebPage","@id":"https:\/\/www.sitsesp.org.br\/novo\/sitsesp-intensifica-acoes-em-defesa-da-saude-dos-trabalhadores-da-fundacao-casa\/","url":"https:\/\/www.sitsesp.org.br\/novo\/sitsesp-intensifica-acoes-em-defesa-da-saude-dos-trabalhadores-da-fundacao-casa\/","name":"SITSESP intensifica a\u00e7\u00f5es em defesa da sa\u00fade dos trabalhadores da Funda\u00e7\u00e3o CASA - SITSESP","isPartOf":{"@id":"https:\/\/www.sitsesp.org.br\/novo\/#website"},"primaryImageOfPage":{"@id":"https:\/\/www.sitsesp.org.br\/novo\/sitsesp-intensifica-acoes-em-defesa-da-saude-dos-trabalhadores-da-fundacao-casa\/#primaryimage"},"image":{"@id":"https:\/\/www.sitsesp.org.br\/novo\/sitsesp-intensifica-acoes-em-defesa-da-saude-dos-trabalhadores-da-fundacao-casa\/#primaryimage"},"thumbnailUrl":"https:\/\/www.sitsesp.org.br\/novo\/wp-content\/uploads\/2025\/04\/2.jpg","datePublished":"2025-04-24T14:57:19+00:00","dateModified":"2025-04-24T14:59:07+00:00","breadcrumb":{"@id":"https:\/\/www.sitsesp.org.br\/novo\/sitsesp-intensifica-acoes-em-defesa-da-saude-dos-trabalhadores-da-fundacao-casa\/#breadcrumb"},"inLanguage":"pt-BR","potentialAction":[{"@type":"ReadAction","target":["https:\/\/www.sitsesp.org.br\/novo\/sitsesp-intensifica-acoes-em-defesa-da-saude-dos-trabalhadores-da-fundacao-casa\/"]}]},{"@type":"ImageObject","inLanguage":"pt-BR","@id":"https:\/\/www.sitsesp.org.br\/novo\/sitsesp-intensifica-acoes-em-defesa-da-saude-dos-trabalhadores-da-fundacao-casa\/#primaryimage","url":"https:\/\/www.sitsesp.org.br\/novo\/wp-content\/uploads\/2025\/04\/2.jpg","contentUrl":"https:\/\/www.sitsesp.org.br\/novo\/wp-content\/uploads\/2025\/04\/2.jpg","width":800,"height":566},{"@type":"BreadcrumbList","@id":"https:\/\/www.sitsesp.org.br\/novo\/sitsesp-intensifica-acoes-em-defesa-da-saude-dos-trabalhadores-da-fundacao-casa\/#breadcrumb","itemListElement":[{"@type":"ListItem","position":1,"name":"In\u00edcio","item":"https:\/\/www.sitsesp.org.br\/novo\/"},{"@type":"ListItem","position":2,"name":"SITSESP intensifica a\u00e7\u00f5es em defesa da sa\u00fade dos trabalhadores da Funda\u00e7\u00e3o CASA"}]},{"@type":"WebSite","@id":"https:\/\/www.sitsesp.org.br\/novo\/#website","url":"https:\/\/www.sitsesp.org.br\/novo\/","name":"Sitsesp","description":"SIndicato da Socioeduca\u00e7\u00e3o do Estado de S\u00e3o Paulo","publisher":{"@id":"https:\/\/www.sitsesp.org.br\/novo\/#organization"},"potentialAction":[{"@type":"SearchAction","target":{"@type":"EntryPoint","urlTemplate":"https:\/\/www.sitsesp.org.br\/novo\/?s={search_term_string}"},"query-input":"required name=search_term_string"}],"inLanguage":"pt-BR"},{"@type":"Organization","@id":"https:\/\/www.sitsesp.org.br\/novo\/#organization","name":"Sitsesp","url":"https:\/\/www.sitsesp.org.br\/novo\/","logo":{"@type":"ImageObject","inLanguage":"pt-BR","@id":"https:\/\/www.sitsesp.org.br\/novo\/#\/schema\/logo\/image\/","url":"https:\/\/www.sitsesp.org.br\/novo\/wp-content\/uploads\/2020\/09\/Design-sem-nome-1.jpg","contentUrl":"https:\/\/www.sitsesp.org.br\/novo\/wp-content\/uploads\/2020\/09\/Design-sem-nome-1.jpg","width":300,"height":300,"caption":"Sitsesp"},"image":{"@id":"https:\/\/www.sitsesp.org.br\/novo\/#\/schema\/logo\/image\/"}},{"@type":"Person","@id":"https:\/\/www.sitsesp.org.br\/novo\/#\/schema\/person\/0410b37c20ab60fd51a7b8ae5983f8de","name":"2.8marcosaa","image":{"@type":"ImageObject","inLanguage":"pt-BR","@id":"https:\/\/www.sitsesp.org.br\/novo\/#\/schema\/person\/image\/","url":"https:\/\/secure.gravatar.com\/avatar\/0273db62f5a16721adcf1f80ba308e7b?s=96&d=mm&r=g","contentUrl":"https:\/\/secure.gravatar.com\/avatar\/0273db62f5a16721adcf1f80ba308e7b?s=96&d=mm&r=g","caption":"2.8marcosaa"},"sameAs":["http:\/\/www.362k.com.br"]}]}},"_links":{"self":[{"href":"https:\/\/www.sitsesp.org.br\/novo\/wp-json\/wp\/v2\/posts\/16162"}],"collection":[{"href":"https:\/\/www.sitsesp.org.br\/novo\/wp-json\/wp\/v2\/posts"}],"about":[{"href":"https:\/\/www.sitsesp.org.br\/novo\/wp-json\/wp\/v2\/types\/post"}],"author":[{"embeddable":true,"href":"https:\/\/www.sitsesp.org.br\/novo\/wp-json\/wp\/v2\/users\/7"}],"replies":[{"embeddable":true,"href":"https:\/\/www.sitsesp.org.br\/novo\/wp-json\/wp\/v2\/comments?post=16162"}],"version-history":[{"count":1,"href":"https:\/\/www.sitsesp.org.br\/novo\/wp-json\/wp\/v2\/posts\/16162\/revisions"}],"predecessor-version":[{"id":16165,"href":"https:\/\/www.sitsesp.org.br\/novo\/wp-json\/wp\/v2\/posts\/16162\/revisions\/16165"}],"wp:featuredmedia":[{"embeddable":true,"href":"https:\/\/www.sitsesp.org.br\/novo\/wp-json\/wp\/v2\/media\/16166"}],"wp:attachment":[{"href":"https:\/\/www.sitsesp.org.br\/novo\/wp-json\/wp\/v2\/media?parent=16162"}],"wp:term":[{"taxonomy":"category","embeddable":true,"href":"https:\/\/www.sitsesp.org.br\/novo\/wp-json\/wp\/v2\/categories?post=16162"},{"taxonomy":"post_tag","embeddable":true,"href":"https:\/\/www.sitsesp.org.br\/novo\/wp-json\/wp\/v2\/tags?post=16162"}],"curies":[{"name":"wp","href":"https:\/\/api.w.org\/{rel}","templated":true}]}}