{"id":16418,"date":"2025-07-07T14:10:21","date_gmt":"2025-07-07T17:10:21","guid":{"rendered":"https:\/\/www.sitsesp.org.br\/novo\/?p=16418"},"modified":"2025-07-07T14:11:26","modified_gmt":"2025-07-07T17:11:26","slug":"sitsesp-marca-presenca-na-5a-conferencia-estadual-de-saude-do-trabalhador-e-da-trabalhadora-em-sao-paulo","status":"publish","type":"post","link":"https:\/\/www.sitsesp.org.br\/novo\/sitsesp-marca-presenca-na-5a-conferencia-estadual-de-saude-do-trabalhador-e-da-trabalhadora-em-sao-paulo\/","title":{"rendered":"SITSESP marca presen\u00e7a na 5\u00aa Confer\u00eancia Estadual de Sa\u00fade do Trabalhador e da Trabalhadora em S\u00e3o Paulo"},"content":{"rendered":"<p><!-- VideographyWP Plugin Message: Automatic video embedding prevented by plugin options. --><br \/>\nEntre os dias 30 de junho e 2 de julho de 2025, a cidade de Campinas\u2013SP sediou a 5\u00aa Confer\u00eancia Estadual de Sa\u00fade do Trabalhador e da Trabalhadora, que reuniu profissionais, gestores p\u00fablicos, representantes de sindicatos e movimentos sociais para debater pol\u00edticas de sa\u00fade e seguran\u00e7a no trabalho.<\/p>\n<p>Com o tema \u201cSa\u00fade do Trabalhador e da Trabalhadora como Direito Humano\u201d, o evento teve como objetivo central fortalecer a Pol\u00edtica Nacional de Sa\u00fade do Trabalhador e da Trabalhadora (PNSTT) e promover ambientes de trabalho mais seguros, saud\u00e1veis e dignos para todas as categorias.<\/p>\n<p>A diretora do SITSESP, \u00c2ngela Santos, participou representando o SinPSI estando ativamente presente nos debates e discuss\u00f5es em defesa dos servidores da socioeduca\u00e7\u00e3o. Sua presen\u00e7a refor\u00e7ou o compromisso do sindicato com a valoriza\u00e7\u00e3o da sa\u00fade integral, a preven\u00e7\u00e3o de adoecimentos f\u00edsicos e mentais, e a luta por condi\u00e7\u00f5es de trabalho mais justas.<\/p>\n<p>Durante a confer\u00eancia, foram abordados desafios importantes, como a precariza\u00e7\u00e3o das rela\u00e7\u00f5es de trabalho, a falta de estrutura e a sobrecarga vivida por trabalhadores e trabalhadoras em diversas \u00e1reas, incluindo a socioeduca\u00e7\u00e3o.<\/p>\n<p>A participa\u00e7\u00e3o de \u00c2ngela como conselheira municipal de sa\u00fade reafirma o defesa da vida, da dignidade e da sa\u00fade de seus representados, destacando a import\u00e2ncia do controle social e do di\u00e1logo permanente para a constru\u00e7\u00e3o de pol\u00edticas p\u00fablicas que realmente atendam \u00e0s necessidades de quem est\u00e1 na linha de frente.<\/p>\n<p>\u201cA sa\u00fade do trabalhador e da trabalhadora \u00e9 um direito fundamental. Estar presente na confer\u00eancia \u00e9 dar voz a uma categoria que, muitas vezes, \u00e9 invisibilizada, mas que cumpre um papel essencial para a sociedade\u201d, destacou \u00c2ngela durante o evento.<\/p>\n<p>O SITSESP seguir\u00e1 acompanhando e participando das etapas preparat\u00f3rias rumo \u00e0 5\u00aa Confer\u00eancia Nacional de Sa\u00fade do Trabalhador e da Trabalhadora, que acontecer\u00e1 em agosto, em Bras\u00edlia.<\/p>\n<p><img fetchpriority=\"high\" decoding=\"async\" class=\"alignnone size-full wp-image-16421\" src=\"https:\/\/www.sitsesp.org.br\/novo\/wp-content\/uploads\/2025\/07\/WhatsApp-Image-2025-07-07-at-10.46.00.jpeg\" alt=\"\" width=\"1200\" height=\"1600\" srcset=\"https:\/\/www.sitsesp.org.br\/novo\/wp-content\/uploads\/2025\/07\/WhatsApp-Image-2025-07-07-at-10.46.00.jpeg 1200w, https:\/\/www.sitsesp.org.br\/novo\/wp-content\/uploads\/2025\/07\/WhatsApp-Image-2025-07-07-at-10.46.00-225x300.jpeg 225w, https:\/\/www.sitsesp.org.br\/novo\/wp-content\/uploads\/2025\/07\/WhatsApp-Image-2025-07-07-at-10.46.00-768x1024.jpeg 768w, https:\/\/www.sitsesp.org.br\/novo\/wp-content\/uploads\/2025\/07\/WhatsApp-Image-2025-07-07-at-10.46.00-1152x1536.jpeg 1152w, https:\/\/www.sitsesp.org.br\/novo\/wp-content\/uploads\/2025\/07\/WhatsApp-Image-2025-07-07-at-10.46.00-1170x1560.jpeg 1170w, https:\/\/www.sitsesp.org.br\/novo\/wp-content\/uploads\/2025\/07\/WhatsApp-Image-2025-07-07-at-10.46.00-585x780.jpeg 585w\" sizes=\"(max-width: 1200px) 100vw, 1200px\" \/><\/p>\n","protected":false},"excerpt":{"rendered":"<p>Entre os dias 30 de junho e 2 de julho de 2025, a cidade de Campinas\u2013SP sediou a 5\u00aa Confer\u00eancia Estadual&hellip;<\/p>\n","protected":false},"author":1,"featured_media":16420,"comment_status":"open","ping_status":"open","sticky":false,"template":"","format":"standard","meta":{"cybocfi_hide_featured_image":"","footnotes":""},"categories":[22,1],"tags":[],"yoast_head":"<!-- This site is optimized with the Yoast SEO plugin v22.8 - https:\/\/yoast.com\/wordpress\/plugins\/seo\/ -->\n<title>SITSESP marca presen\u00e7a na 5\u00aa Confer\u00eancia Estadual de Sa\u00fade do Trabalhador e da Trabalhadora em S\u00e3o Paulo - SITSESP<\/title>\n<meta name=\"robots\" content=\"index, follow, max-snippet:-1, max-image-preview:large, max-video-preview:-1\" \/>\n<link rel=\"canonical\" href=\"https:\/\/www.sitsesp.org.br\/novo\/sitsesp-marca-presenca-na-5a-conferencia-estadual-de-saude-do-trabalhador-e-da-trabalhadora-em-sao-paulo\/\" \/>\n<meta property=\"og:locale\" content=\"pt_BR\" \/>\n<meta property=\"og:type\" content=\"article\" \/>\n<meta property=\"og:title\" content=\"SITSESP marca presen\u00e7a na 5\u00aa Confer\u00eancia Estadual de Sa\u00fade do Trabalhador e da Trabalhadora em S\u00e3o Paulo - SITSESP\" \/>\n<meta property=\"og:description\" content=\"Entre os dias 30 de junho e 2 de julho de 2025, a cidade de Campinas\u2013SP sediou a 5\u00aa Confer\u00eancia Estadual&hellip;\" \/>\n<meta property=\"og:url\" content=\"https:\/\/www.sitsesp.org.br\/novo\/sitsesp-marca-presenca-na-5a-conferencia-estadual-de-saude-do-trabalhador-e-da-trabalhadora-em-sao-paulo\/\" \/>\n<meta property=\"og:site_name\" content=\"SITSESP\" \/>\n<meta property=\"article:published_time\" content=\"2025-07-07T17:10:21+00:00\" \/>\n<meta property=\"article:modified_time\" content=\"2025-07-07T17:11:26+00:00\" \/>\n<meta property=\"og:image\" content=\"https:\/\/www.sitsesp.org.br\/novo\/wp-content\/uploads\/2025\/07\/WhatsApp-Image-2025-07-07-at-10.45.27.jpeg\" \/>\n\t<meta property=\"og:image:width\" content=\"1600\" \/>\n\t<meta property=\"og:image:height\" content=\"1200\" \/>\n\t<meta property=\"og:image:type\" content=\"image\/jpeg\" \/>\n<meta name=\"author\" content=\"mhais\" \/>\n<meta name=\"twitter:card\" content=\"summary_large_image\" \/>\n<meta name=\"twitter:label1\" content=\"Escrito por\" \/>\n\t<meta name=\"twitter:data1\" content=\"mhais\" \/>\n\t<meta name=\"twitter:label2\" content=\"Est. tempo de leitura\" \/>\n\t<meta name=\"twitter:data2\" content=\"3 minutos\" \/>\n<script type=\"application\/ld+json\" class=\"yoast-schema-graph\">{\"@context\":\"https:\/\/schema.org\",\"@graph\":[{\"@type\":\"Article\",\"@id\":\"https:\/\/www.sitsesp.org.br\/novo\/sitsesp-marca-presenca-na-5a-conferencia-estadual-de-saude-do-trabalhador-e-da-trabalhadora-em-sao-paulo\/#article\",\"isPartOf\":{\"@id\":\"https:\/\/www.sitsesp.org.br\/novo\/sitsesp-marca-presenca-na-5a-conferencia-estadual-de-saude-do-trabalhador-e-da-trabalhadora-em-sao-paulo\/\"},\"author\":{\"name\":\"mhais\",\"@id\":\"https:\/\/www.sitsesp.org.br\/novo\/#\/schema\/person\/2a4c180eb185645b3bef8657c75e305a\"},\"headline\":\"SITSESP marca presen\u00e7a na 5\u00aa Confer\u00eancia Estadual de Sa\u00fade do Trabalhador e da Trabalhadora em S\u00e3o Paulo\",\"datePublished\":\"2025-07-07T17:10:21+00:00\",\"dateModified\":\"2025-07-07T17:11:26+00:00\",\"mainEntityOfPage\":{\"@id\":\"https:\/\/www.sitsesp.org.br\/novo\/sitsesp-marca-presenca-na-5a-conferencia-estadual-de-saude-do-trabalhador-e-da-trabalhadora-em-sao-paulo\/\"},\"wordCount\":342,\"commentCount\":0,\"publisher\":{\"@id\":\"https:\/\/www.sitsesp.org.br\/novo\/#organization\"},\"image\":{\"@id\":\"https:\/\/www.sitsesp.org.br\/novo\/sitsesp-marca-presenca-na-5a-conferencia-estadual-de-saude-do-trabalhador-e-da-trabalhadora-em-sao-paulo\/#primaryimage\"},\"thumbnailUrl\":\"https:\/\/www.sitsesp.org.br\/novo\/wp-content\/uploads\/2025\/07\/WhatsApp-Image-2025-07-07-at-10.45.27.jpeg\",\"articleSection\":[\"Noticias\"],\"inLanguage\":\"pt-BR\",\"potentialAction\":[{\"@type\":\"CommentAction\",\"name\":\"Comment\",\"target\":[\"https:\/\/www.sitsesp.org.br\/novo\/sitsesp-marca-presenca-na-5a-conferencia-estadual-de-saude-do-trabalhador-e-da-trabalhadora-em-sao-paulo\/#respond\"]}]},{\"@type\":\"WebPage\",\"@id\":\"https:\/\/www.sitsesp.org.br\/novo\/sitsesp-marca-presenca-na-5a-conferencia-estadual-de-saude-do-trabalhador-e-da-trabalhadora-em-sao-paulo\/\",\"url\":\"https:\/\/www.sitsesp.org.br\/novo\/sitsesp-marca-presenca-na-5a-conferencia-estadual-de-saude-do-trabalhador-e-da-trabalhadora-em-sao-paulo\/\",\"name\":\"SITSESP marca presen\u00e7a na 5\u00aa Confer\u00eancia Estadual de Sa\u00fade do Trabalhador e da Trabalhadora em S\u00e3o Paulo - SITSESP\",\"isPartOf\":{\"@id\":\"https:\/\/www.sitsesp.org.br\/novo\/#website\"},\"primaryImageOfPage\":{\"@id\":\"https:\/\/www.sitsesp.org.br\/novo\/sitsesp-marca-presenca-na-5a-conferencia-estadual-de-saude-do-trabalhador-e-da-trabalhadora-em-sao-paulo\/#primaryimage\"},\"image\":{\"@id\":\"https:\/\/www.sitsesp.org.br\/novo\/sitsesp-marca-presenca-na-5a-conferencia-estadual-de-saude-do-trabalhador-e-da-trabalhadora-em-sao-paulo\/#primaryimage\"},\"thumbnailUrl\":\"https:\/\/www.sitsesp.org.br\/novo\/wp-content\/uploads\/2025\/07\/WhatsApp-Image-2025-07-07-at-10.45.27.jpeg\",\"datePublished\":\"2025-07-07T17:10:21+00:00\",\"dateModified\":\"2025-07-07T17:11:26+00:00\",\"breadcrumb\":{\"@id\":\"https:\/\/www.sitsesp.org.br\/novo\/sitsesp-marca-presenca-na-5a-conferencia-estadual-de-saude-do-trabalhador-e-da-trabalhadora-em-sao-paulo\/#breadcrumb\"},\"inLanguage\":\"pt-BR\",\"potentialAction\":[{\"@type\":\"ReadAction\",\"target\":[\"https:\/\/www.sitsesp.org.br\/novo\/sitsesp-marca-presenca-na-5a-conferencia-estadual-de-saude-do-trabalhador-e-da-trabalhadora-em-sao-paulo\/\"]}]},{\"@type\":\"ImageObject\",\"inLanguage\":\"pt-BR\",\"@id\":\"https:\/\/www.sitsesp.org.br\/novo\/sitsesp-marca-presenca-na-5a-conferencia-estadual-de-saude-do-trabalhador-e-da-trabalhadora-em-sao-paulo\/#primaryimage\",\"url\":\"https:\/\/www.sitsesp.org.br\/novo\/wp-content\/uploads\/2025\/07\/WhatsApp-Image-2025-07-07-at-10.45.27.jpeg\",\"contentUrl\":\"https:\/\/www.sitsesp.org.br\/novo\/wp-content\/uploads\/2025\/07\/WhatsApp-Image-2025-07-07-at-10.45.27.jpeg\",\"width\":1600,\"height\":1200},{\"@type\":\"BreadcrumbList\",\"@id\":\"https:\/\/www.sitsesp.org.br\/novo\/sitsesp-marca-presenca-na-5a-conferencia-estadual-de-saude-do-trabalhador-e-da-trabalhadora-em-sao-paulo\/#breadcrumb\",\"itemListElement\":[{\"@type\":\"ListItem\",\"position\":1,\"name\":\"In\u00edcio\",\"item\":\"https:\/\/www.sitsesp.org.br\/novo\/\"},{\"@type\":\"ListItem\",\"position\":2,\"name\":\"SITSESP marca presen\u00e7a na 5\u00aa Confer\u00eancia Estadual de Sa\u00fade do Trabalhador e da Trabalhadora em S\u00e3o Paulo\"}]},{\"@type\":\"WebSite\",\"@id\":\"https:\/\/www.sitsesp.org.br\/novo\/#website\",\"url\":\"https:\/\/www.sitsesp.org.br\/novo\/\",\"name\":\"Sitsesp\",\"description\":\"SIndicato da Socioeduca\u00e7\u00e3o do Estado de S\u00e3o Paulo\",\"publisher\":{\"@id\":\"https:\/\/www.sitsesp.org.br\/novo\/#organization\"},\"potentialAction\":[{\"@type\":\"SearchAction\",\"target\":{\"@type\":\"EntryPoint\",\"urlTemplate\":\"https:\/\/www.sitsesp.org.br\/novo\/?s={search_term_string}\"},\"query-input\":\"required name=search_term_string\"}],\"inLanguage\":\"pt-BR\"},{\"@type\":\"Organization\",\"@id\":\"https:\/\/www.sitsesp.org.br\/novo\/#organization\",\"name\":\"Sitsesp\",\"url\":\"https:\/\/www.sitsesp.org.br\/novo\/\",\"logo\":{\"@type\":\"ImageObject\",\"inLanguage\":\"pt-BR\",\"@id\":\"https:\/\/www.sitsesp.org.br\/novo\/#\/schema\/logo\/image\/\",\"url\":\"https:\/\/www.sitsesp.org.br\/novo\/wp-content\/uploads\/2020\/09\/Design-sem-nome-1.jpg\",\"contentUrl\":\"https:\/\/www.sitsesp.org.br\/novo\/wp-content\/uploads\/2020\/09\/Design-sem-nome-1.jpg\",\"width\":300,\"height\":300,\"caption\":\"Sitsesp\"},\"image\":{\"@id\":\"https:\/\/www.sitsesp.org.br\/novo\/#\/schema\/logo\/image\/\"}},{\"@type\":\"Person\",\"@id\":\"https:\/\/www.sitsesp.org.br\/novo\/#\/schema\/person\/2a4c180eb185645b3bef8657c75e305a\",\"name\":\"mhais\",\"image\":{\"@type\":\"ImageObject\",\"inLanguage\":\"pt-BR\",\"@id\":\"https:\/\/www.sitsesp.org.br\/novo\/#\/schema\/person\/image\/\",\"url\":\"https:\/\/secure.gravatar.com\/avatar\/6f4eabe86990e81328cf702edfa92a60?s=96&d=mm&r=g\",\"contentUrl\":\"https:\/\/secure.gravatar.com\/avatar\/6f4eabe86990e81328cf702edfa92a60?s=96&d=mm&r=g\",\"caption\":\"mhais\"},\"sameAs\":[\"http:\/\/localhost\/sitsesp\"]}]}<\/script>\n<!-- \/ Yoast SEO plugin. -->","yoast_head_json":{"title":"SITSESP marca presen\u00e7a na 5\u00aa Confer\u00eancia Estadual de Sa\u00fade do Trabalhador e da Trabalhadora em S\u00e3o Paulo - SITSESP","robots":{"index":"index","follow":"follow","max-snippet":"max-snippet:-1","max-image-preview":"max-image-preview:large","max-video-preview":"max-video-preview:-1"},"canonical":"https:\/\/www.sitsesp.org.br\/novo\/sitsesp-marca-presenca-na-5a-conferencia-estadual-de-saude-do-trabalhador-e-da-trabalhadora-em-sao-paulo\/","og_locale":"pt_BR","og_type":"article","og_title":"SITSESP marca presen\u00e7a na 5\u00aa Confer\u00eancia Estadual de Sa\u00fade do Trabalhador e da Trabalhadora em S\u00e3o Paulo - SITSESP","og_description":"Entre os dias 30 de junho e 2 de julho de 2025, a cidade de Campinas\u2013SP sediou a 5\u00aa Confer\u00eancia Estadual&hellip;","og_url":"https:\/\/www.sitsesp.org.br\/novo\/sitsesp-marca-presenca-na-5a-conferencia-estadual-de-saude-do-trabalhador-e-da-trabalhadora-em-sao-paulo\/","og_site_name":"SITSESP","article_published_time":"2025-07-07T17:10:21+00:00","article_modified_time":"2025-07-07T17:11:26+00:00","og_image":[{"width":1600,"height":1200,"url":"https:\/\/www.sitsesp.org.br\/novo\/wp-content\/uploads\/2025\/07\/WhatsApp-Image-2025-07-07-at-10.45.27.jpeg","type":"image\/jpeg"}],"author":"mhais","twitter_card":"summary_large_image","twitter_misc":{"Escrito por":"mhais","Est. tempo de leitura":"3 minutos"},"schema":{"@context":"https:\/\/schema.org","@graph":[{"@type":"Article","@id":"https:\/\/www.sitsesp.org.br\/novo\/sitsesp-marca-presenca-na-5a-conferencia-estadual-de-saude-do-trabalhador-e-da-trabalhadora-em-sao-paulo\/#article","isPartOf":{"@id":"https:\/\/www.sitsesp.org.br\/novo\/sitsesp-marca-presenca-na-5a-conferencia-estadual-de-saude-do-trabalhador-e-da-trabalhadora-em-sao-paulo\/"},"author":{"name":"mhais","@id":"https:\/\/www.sitsesp.org.br\/novo\/#\/schema\/person\/2a4c180eb185645b3bef8657c75e305a"},"headline":"SITSESP marca presen\u00e7a na 5\u00aa Confer\u00eancia Estadual de Sa\u00fade do Trabalhador e da Trabalhadora em S\u00e3o Paulo","datePublished":"2025-07-07T17:10:21+00:00","dateModified":"2025-07-07T17:11:26+00:00","mainEntityOfPage":{"@id":"https:\/\/www.sitsesp.org.br\/novo\/sitsesp-marca-presenca-na-5a-conferencia-estadual-de-saude-do-trabalhador-e-da-trabalhadora-em-sao-paulo\/"},"wordCount":342,"commentCount":0,"publisher":{"@id":"https:\/\/www.sitsesp.org.br\/novo\/#organization"},"image":{"@id":"https:\/\/www.sitsesp.org.br\/novo\/sitsesp-marca-presenca-na-5a-conferencia-estadual-de-saude-do-trabalhador-e-da-trabalhadora-em-sao-paulo\/#primaryimage"},"thumbnailUrl":"https:\/\/www.sitsesp.org.br\/novo\/wp-content\/uploads\/2025\/07\/WhatsApp-Image-2025-07-07-at-10.45.27.jpeg","articleSection":["Noticias"],"inLanguage":"pt-BR","potentialAction":[{"@type":"CommentAction","name":"Comment","target":["https:\/\/www.sitsesp.org.br\/novo\/sitsesp-marca-presenca-na-5a-conferencia-estadual-de-saude-do-trabalhador-e-da-trabalhadora-em-sao-paulo\/#respond"]}]},{"@type":"WebPage","@id":"https:\/\/www.sitsesp.org.br\/novo\/sitsesp-marca-presenca-na-5a-conferencia-estadual-de-saude-do-trabalhador-e-da-trabalhadora-em-sao-paulo\/","url":"https:\/\/www.sitsesp.org.br\/novo\/sitsesp-marca-presenca-na-5a-conferencia-estadual-de-saude-do-trabalhador-e-da-trabalhadora-em-sao-paulo\/","name":"SITSESP marca presen\u00e7a na 5\u00aa Confer\u00eancia Estadual de Sa\u00fade do Trabalhador e da Trabalhadora em S\u00e3o Paulo - SITSESP","isPartOf":{"@id":"https:\/\/www.sitsesp.org.br\/novo\/#website"},"primaryImageOfPage":{"@id":"https:\/\/www.sitsesp.org.br\/novo\/sitsesp-marca-presenca-na-5a-conferencia-estadual-de-saude-do-trabalhador-e-da-trabalhadora-em-sao-paulo\/#primaryimage"},"image":{"@id":"https:\/\/www.sitsesp.org.br\/novo\/sitsesp-marca-presenca-na-5a-conferencia-estadual-de-saude-do-trabalhador-e-da-trabalhadora-em-sao-paulo\/#primaryimage"},"thumbnailUrl":"https:\/\/www.sitsesp.org.br\/novo\/wp-content\/uploads\/2025\/07\/WhatsApp-Image-2025-07-07-at-10.45.27.jpeg","datePublished":"2025-07-07T17:10:21+00:00","dateModified":"2025-07-07T17:11:26+00:00","breadcrumb":{"@id":"https:\/\/www.sitsesp.org.br\/novo\/sitsesp-marca-presenca-na-5a-conferencia-estadual-de-saude-do-trabalhador-e-da-trabalhadora-em-sao-paulo\/#breadcrumb"},"inLanguage":"pt-BR","potentialAction":[{"@type":"ReadAction","target":["https:\/\/www.sitsesp.org.br\/novo\/sitsesp-marca-presenca-na-5a-conferencia-estadual-de-saude-do-trabalhador-e-da-trabalhadora-em-sao-paulo\/"]}]},{"@type":"ImageObject","inLanguage":"pt-BR","@id":"https:\/\/www.sitsesp.org.br\/novo\/sitsesp-marca-presenca-na-5a-conferencia-estadual-de-saude-do-trabalhador-e-da-trabalhadora-em-sao-paulo\/#primaryimage","url":"https:\/\/www.sitsesp.org.br\/novo\/wp-content\/uploads\/2025\/07\/WhatsApp-Image-2025-07-07-at-10.45.27.jpeg","contentUrl":"https:\/\/www.sitsesp.org.br\/novo\/wp-content\/uploads\/2025\/07\/WhatsApp-Image-2025-07-07-at-10.45.27.jpeg","width":1600,"height":1200},{"@type":"BreadcrumbList","@id":"https:\/\/www.sitsesp.org.br\/novo\/sitsesp-marca-presenca-na-5a-conferencia-estadual-de-saude-do-trabalhador-e-da-trabalhadora-em-sao-paulo\/#breadcrumb","itemListElement":[{"@type":"ListItem","position":1,"name":"In\u00edcio","item":"https:\/\/www.sitsesp.org.br\/novo\/"},{"@type":"ListItem","position":2,"name":"SITSESP marca presen\u00e7a na 5\u00aa Confer\u00eancia Estadual de Sa\u00fade do Trabalhador e da Trabalhadora em S\u00e3o Paulo"}]},{"@type":"WebSite","@id":"https:\/\/www.sitsesp.org.br\/novo\/#website","url":"https:\/\/www.sitsesp.org.br\/novo\/","name":"Sitsesp","description":"SIndicato da Socioeduca\u00e7\u00e3o do Estado de S\u00e3o Paulo","publisher":{"@id":"https:\/\/www.sitsesp.org.br\/novo\/#organization"},"potentialAction":[{"@type":"SearchAction","target":{"@type":"EntryPoint","urlTemplate":"https:\/\/www.sitsesp.org.br\/novo\/?s={search_term_string}"},"query-input":"required name=search_term_string"}],"inLanguage":"pt-BR"},{"@type":"Organization","@id":"https:\/\/www.sitsesp.org.br\/novo\/#organization","name":"Sitsesp","url":"https:\/\/www.sitsesp.org.br\/novo\/","logo":{"@type":"ImageObject","inLanguage":"pt-BR","@id":"https:\/\/www.sitsesp.org.br\/novo\/#\/schema\/logo\/image\/","url":"https:\/\/www.sitsesp.org.br\/novo\/wp-content\/uploads\/2020\/09\/Design-sem-nome-1.jpg","contentUrl":"https:\/\/www.sitsesp.org.br\/novo\/wp-content\/uploads\/2020\/09\/Design-sem-nome-1.jpg","width":300,"height":300,"caption":"Sitsesp"},"image":{"@id":"https:\/\/www.sitsesp.org.br\/novo\/#\/schema\/logo\/image\/"}},{"@type":"Person","@id":"https:\/\/www.sitsesp.org.br\/novo\/#\/schema\/person\/2a4c180eb185645b3bef8657c75e305a","name":"mhais","image":{"@type":"ImageObject","inLanguage":"pt-BR","@id":"https:\/\/www.sitsesp.org.br\/novo\/#\/schema\/person\/image\/","url":"https:\/\/secure.gravatar.com\/avatar\/6f4eabe86990e81328cf702edfa92a60?s=96&d=mm&r=g","contentUrl":"https:\/\/secure.gravatar.com\/avatar\/6f4eabe86990e81328cf702edfa92a60?s=96&d=mm&r=g","caption":"mhais"},"sameAs":["http:\/\/localhost\/sitsesp"]}]}},"_links":{"self":[{"href":"https:\/\/www.sitsesp.org.br\/novo\/wp-json\/wp\/v2\/posts\/16418"}],"collection":[{"href":"https:\/\/www.sitsesp.org.br\/novo\/wp-json\/wp\/v2\/posts"}],"about":[{"href":"https:\/\/www.sitsesp.org.br\/novo\/wp-json\/wp\/v2\/types\/post"}],"author":[{"embeddable":true,"href":"https:\/\/www.sitsesp.org.br\/novo\/wp-json\/wp\/v2\/users\/1"}],"replies":[{"embeddable":true,"href":"https:\/\/www.sitsesp.org.br\/novo\/wp-json\/wp\/v2\/comments?post=16418"}],"version-history":[{"count":1,"href":"https:\/\/www.sitsesp.org.br\/novo\/wp-json\/wp\/v2\/posts\/16418\/revisions"}],"predecessor-version":[{"id":16422,"href":"https:\/\/www.sitsesp.org.br\/novo\/wp-json\/wp\/v2\/posts\/16418\/revisions\/16422"}],"wp:featuredmedia":[{"embeddable":true,"href":"https:\/\/www.sitsesp.org.br\/novo\/wp-json\/wp\/v2\/media\/16420"}],"wp:attachment":[{"href":"https:\/\/www.sitsesp.org.br\/novo\/wp-json\/wp\/v2\/media?parent=16418"}],"wp:term":[{"taxonomy":"category","embeddable":true,"href":"https:\/\/www.sitsesp.org.br\/novo\/wp-json\/wp\/v2\/categories?post=16418"},{"taxonomy":"post_tag","embeddable":true,"href":"https:\/\/www.sitsesp.org.br\/novo\/wp-json\/wp\/v2\/tags?post=16418"}],"curies":[{"name":"wp","href":"https:\/\/api.w.org\/{rel}","templated":true}]}}