{"id":16442,"date":"2025-07-13T13:14:59","date_gmt":"2025-07-13T16:14:59","guid":{"rendered":"https:\/\/www.sitsesp.org.br\/novo\/?p=16442"},"modified":"2025-07-15T16:46:35","modified_gmt":"2025-07-15T19:46:35","slug":"sitsesp-tv-recebe-fernanda-magano-para-debater-os-desafios-da-saude-publica","status":"publish","type":"post","link":"https:\/\/www.sitsesp.org.br\/novo\/sitsesp-tv-recebe-fernanda-magano-para-debater-os-desafios-da-saude-publica\/","title":{"rendered":"SITSESP TV recebe Fernanda Magano para debater os desafios da sa\u00fade p\u00fablica"},"content":{"rendered":"<p><!-- VideographyWP Plugin Message: Automatic video embedding prevented by plugin options. --><\/p>\n<p data-start=\"391\" data-end=\"645\">O programa contar\u00e1 com a presen\u00e7a de <strong data-start=\"428\" data-end=\"456\">Fernanda Lou Sans Magano<\/strong>, presidente do Conselho Nacional de Sa\u00fade (CNS). Psic\u00f3loga h\u00e1 mais de 30 anos, natural da capital paulista, Magano \u00e9 formada com especializa\u00e7\u00e3o em Direitos Humanos e Criminologia Social.<\/p>\n<p data-start=\"647\" data-end=\"943\">Ela representa o segmento dos trabalhadores pela Federa\u00e7\u00e3o Nacional dos Psic\u00f3logos (Fenapsi) e tem uma trajet\u00f3ria marcante no CNS, atuando como conselheira desde 2018. Foi integrante da Mesa Diretora do CNS de 2021 a 2024, e foi reconduzida \u00e0 Mesa e \u00e0 Presid\u00eancia para o mandato de 2024 a 2027.<\/p>\n<p data-start=\"945\" data-end=\"1263\">Com atua\u00e7\u00e3o destacada na Sa\u00fade do Sistema Prisional Paulista por tr\u00eas d\u00e9cadas e, atualmente, na Sa\u00fade de Mau\u00e1, Magano tamb\u00e9m \u00e9 dirigente do Sindicato dos Psic\u00f3logos no Estado de S\u00e3o Paulo e da Fenapsi. Integra ainda a dire\u00e7\u00e3o da Confedera\u00e7\u00e3o Nacional de Seguridade Social e a Dire\u00e7\u00e3o Estadual de S\u00e3o Paulo do Dieese.<\/p>\n<p data-start=\"1265\" data-end=\"1639\">Sua milit\u00e2ncia tamb\u00e9m se estende \u00e0 Luta Antimanicomial Brasileira, defendendo o cuidado em liberdade, o fim dos manic\u00f4mios e das comunidades terap\u00eauticas. Magano participa dos coletivos da CUT-SP de Mulheres, Sa\u00fade e Pol\u00edticas Sociais, foi conselheira estadual de sa\u00fade em S\u00e3o Paulo no in\u00edcio dos anos 2000 e integrante da mesa de negocia\u00e7\u00e3o de sa\u00fade municipal na capital.<\/p>\n<p data-start=\"1641\" data-end=\"1892\">Al\u00e9m de Fernanda Magano, a edi\u00e7\u00e3o contar\u00e1 com a participa\u00e7\u00e3o especial de <strong data-start=\"1714\" data-end=\"1730\">Aline Alonso<\/strong>, vice-presidente do SITSESP, e das diretoras <strong data-start=\"1776\" data-end=\"1794\">Helena Machado<\/strong> e <strong data-start=\"1797\" data-end=\"1814\">Isabel Soares<\/strong>, que trar\u00e3o reflex\u00f5es importantes para a categoria e para toda a sociedade.<\/p>\n<p data-start=\"1894\" data-end=\"1964\">\ud83d\udcc5 <strong data-start=\"1897\" data-end=\"1906\">Data:<\/strong> Ter\u00e7a-feira, 15 de julho<br data-start=\"1931\" data-end=\"1934\" \/>\u23f0 <strong data-start=\"1936\" data-end=\"1948\">Hor\u00e1rio:<\/strong> 14h (ao vivo)<\/p>\n<p data-start=\"1966\" data-end=\"2026\">\ud83d\udc49 <strong data-start=\"1969\" data-end=\"2024\">Transmiss\u00e3o ao vivo nos canais oficiais do SITSESP:<\/strong><\/p>\n<ul data-start=\"2027\" data-end=\"2234\">\n<li data-start=\"2027\" data-end=\"2098\">\n<p data-start=\"2029\" data-end=\"2098\">YouTube: <a class=\"\" href=\"https:\/\/www.youtube.com\/@sitsesp2024\" target=\"_new\" rel=\"noopener\" data-start=\"2038\" data-end=\"2096\">SITSESP no YouTube<\/a><\/p>\n<\/li>\n<li data-start=\"2099\" data-end=\"2168\">\n<p data-start=\"2101\" data-end=\"2168\">Facebook: <a class=\"\" href=\"https:\/\/www.facebook.com\/sitsesp\" target=\"_new\" rel=\"noopener\" data-start=\"2111\" data-end=\"2166\">SITSESP no Facebook<\/a><\/p>\n<\/li>\n<li data-start=\"2169\" data-end=\"2234\">\n<p data-start=\"2171\" data-end=\"2234\">Site oficial: <a class=\"\" href=\"http:\/\/www.sitsesp.org.br\" target=\"_new\" rel=\"noopener\" data-start=\"2185\" data-end=\"2232\">www.sitsesp.org.br<\/a><\/p>\n<\/li>\n<\/ul>\n","protected":false},"excerpt":{"rendered":"<p>O programa contar\u00e1 com a presen\u00e7a de Fernanda Lou Sans Magano, presidente do Conselho Nacional de Sa\u00fade (CNS). Psic\u00f3loga h\u00e1 mais&hellip;<\/p>\n","protected":false},"author":1,"featured_media":16443,"comment_status":"open","ping_status":"open","sticky":false,"template":"","format":"standard","meta":{"cybocfi_hide_featured_image":"","footnotes":""},"categories":[1],"tags":[],"yoast_head":"<!-- This site is optimized with the Yoast SEO plugin v22.8 - https:\/\/yoast.com\/wordpress\/plugins\/seo\/ -->\n<title>SITSESP TV recebe Fernanda Magano para debater os desafios da sa\u00fade p\u00fablica - SITSESP<\/title>\n<meta name=\"robots\" content=\"index, follow, max-snippet:-1, max-image-preview:large, max-video-preview:-1\" \/>\n<link rel=\"canonical\" href=\"https:\/\/www.sitsesp.org.br\/novo\/sitsesp-tv-recebe-fernanda-magano-para-debater-os-desafios-da-saude-publica\/\" \/>\n<meta property=\"og:locale\" content=\"pt_BR\" \/>\n<meta property=\"og:type\" content=\"article\" \/>\n<meta property=\"og:title\" content=\"SITSESP TV recebe Fernanda Magano para debater os desafios da sa\u00fade p\u00fablica - SITSESP\" \/>\n<meta property=\"og:description\" content=\"O programa contar\u00e1 com a presen\u00e7a de Fernanda Lou Sans Magano, presidente do Conselho Nacional de Sa\u00fade (CNS). Psic\u00f3loga h\u00e1 mais&hellip;\" \/>\n<meta property=\"og:url\" content=\"https:\/\/www.sitsesp.org.br\/novo\/sitsesp-tv-recebe-fernanda-magano-para-debater-os-desafios-da-saude-publica\/\" \/>\n<meta property=\"og:site_name\" content=\"SITSESP\" \/>\n<meta property=\"article:published_time\" content=\"2025-07-13T16:14:59+00:00\" \/>\n<meta property=\"article:modified_time\" content=\"2025-07-15T19:46:35+00:00\" \/>\n<meta property=\"og:image\" content=\"https:\/\/www.sitsesp.org.br\/novo\/wp-content\/uploads\/2025\/07\/SITSESP-TV-29-x-21-cm.jpg\" \/>\n\t<meta property=\"og:image:width\" content=\"2000\" \/>\n\t<meta property=\"og:image:height\" content=\"1448\" \/>\n\t<meta property=\"og:image:type\" content=\"image\/jpeg\" \/>\n<meta name=\"author\" content=\"mhais\" \/>\n<meta name=\"twitter:card\" content=\"summary_large_image\" \/>\n<meta name=\"twitter:label1\" content=\"Escrito por\" \/>\n\t<meta name=\"twitter:data1\" content=\"mhais\" \/>\n\t<meta name=\"twitter:label2\" content=\"Est. tempo de leitura\" \/>\n\t<meta name=\"twitter:data2\" content=\"2 minutos\" \/>\n<script type=\"application\/ld+json\" class=\"yoast-schema-graph\">{\"@context\":\"https:\/\/schema.org\",\"@graph\":[{\"@type\":\"Article\",\"@id\":\"https:\/\/www.sitsesp.org.br\/novo\/sitsesp-tv-recebe-fernanda-magano-para-debater-os-desafios-da-saude-publica\/#article\",\"isPartOf\":{\"@id\":\"https:\/\/www.sitsesp.org.br\/novo\/sitsesp-tv-recebe-fernanda-magano-para-debater-os-desafios-da-saude-publica\/\"},\"author\":{\"name\":\"mhais\",\"@id\":\"https:\/\/www.sitsesp.org.br\/novo\/#\/schema\/person\/2a4c180eb185645b3bef8657c75e305a\"},\"headline\":\"SITSESP TV recebe Fernanda Magano para debater os desafios da sa\u00fade p\u00fablica\",\"datePublished\":\"2025-07-13T16:14:59+00:00\",\"dateModified\":\"2025-07-15T19:46:35+00:00\",\"mainEntityOfPage\":{\"@id\":\"https:\/\/www.sitsesp.org.br\/novo\/sitsesp-tv-recebe-fernanda-magano-para-debater-os-desafios-da-saude-publica\/\"},\"wordCount\":308,\"commentCount\":0,\"publisher\":{\"@id\":\"https:\/\/www.sitsesp.org.br\/novo\/#organization\"},\"image\":{\"@id\":\"https:\/\/www.sitsesp.org.br\/novo\/sitsesp-tv-recebe-fernanda-magano-para-debater-os-desafios-da-saude-publica\/#primaryimage\"},\"thumbnailUrl\":\"https:\/\/www.sitsesp.org.br\/novo\/wp-content\/uploads\/2025\/07\/SITSESP-TV-29-x-21-cm.jpg\",\"inLanguage\":\"pt-BR\",\"potentialAction\":[{\"@type\":\"CommentAction\",\"name\":\"Comment\",\"target\":[\"https:\/\/www.sitsesp.org.br\/novo\/sitsesp-tv-recebe-fernanda-magano-para-debater-os-desafios-da-saude-publica\/#respond\"]}]},{\"@type\":\"WebPage\",\"@id\":\"https:\/\/www.sitsesp.org.br\/novo\/sitsesp-tv-recebe-fernanda-magano-para-debater-os-desafios-da-saude-publica\/\",\"url\":\"https:\/\/www.sitsesp.org.br\/novo\/sitsesp-tv-recebe-fernanda-magano-para-debater-os-desafios-da-saude-publica\/\",\"name\":\"SITSESP TV recebe Fernanda Magano para debater os desafios da sa\u00fade p\u00fablica - SITSESP\",\"isPartOf\":{\"@id\":\"https:\/\/www.sitsesp.org.br\/novo\/#website\"},\"primaryImageOfPage\":{\"@id\":\"https:\/\/www.sitsesp.org.br\/novo\/sitsesp-tv-recebe-fernanda-magano-para-debater-os-desafios-da-saude-publica\/#primaryimage\"},\"image\":{\"@id\":\"https:\/\/www.sitsesp.org.br\/novo\/sitsesp-tv-recebe-fernanda-magano-para-debater-os-desafios-da-saude-publica\/#primaryimage\"},\"thumbnailUrl\":\"https:\/\/www.sitsesp.org.br\/novo\/wp-content\/uploads\/2025\/07\/SITSESP-TV-29-x-21-cm.jpg\",\"datePublished\":\"2025-07-13T16:14:59+00:00\",\"dateModified\":\"2025-07-15T19:46:35+00:00\",\"breadcrumb\":{\"@id\":\"https:\/\/www.sitsesp.org.br\/novo\/sitsesp-tv-recebe-fernanda-magano-para-debater-os-desafios-da-saude-publica\/#breadcrumb\"},\"inLanguage\":\"pt-BR\",\"potentialAction\":[{\"@type\":\"ReadAction\",\"target\":[\"https:\/\/www.sitsesp.org.br\/novo\/sitsesp-tv-recebe-fernanda-magano-para-debater-os-desafios-da-saude-publica\/\"]}]},{\"@type\":\"ImageObject\",\"inLanguage\":\"pt-BR\",\"@id\":\"https:\/\/www.sitsesp.org.br\/novo\/sitsesp-tv-recebe-fernanda-magano-para-debater-os-desafios-da-saude-publica\/#primaryimage\",\"url\":\"https:\/\/www.sitsesp.org.br\/novo\/wp-content\/uploads\/2025\/07\/SITSESP-TV-29-x-21-cm.jpg\",\"contentUrl\":\"https:\/\/www.sitsesp.org.br\/novo\/wp-content\/uploads\/2025\/07\/SITSESP-TV-29-x-21-cm.jpg\",\"width\":2000,\"height\":1448},{\"@type\":\"BreadcrumbList\",\"@id\":\"https:\/\/www.sitsesp.org.br\/novo\/sitsesp-tv-recebe-fernanda-magano-para-debater-os-desafios-da-saude-publica\/#breadcrumb\",\"itemListElement\":[{\"@type\":\"ListItem\",\"position\":1,\"name\":\"In\u00edcio\",\"item\":\"https:\/\/www.sitsesp.org.br\/novo\/\"},{\"@type\":\"ListItem\",\"position\":2,\"name\":\"SITSESP TV recebe Fernanda Magano para debater os desafios da sa\u00fade p\u00fablica\"}]},{\"@type\":\"WebSite\",\"@id\":\"https:\/\/www.sitsesp.org.br\/novo\/#website\",\"url\":\"https:\/\/www.sitsesp.org.br\/novo\/\",\"name\":\"Sitsesp\",\"description\":\"SIndicato da Socioeduca\u00e7\u00e3o do Estado de S\u00e3o Paulo\",\"publisher\":{\"@id\":\"https:\/\/www.sitsesp.org.br\/novo\/#organization\"},\"potentialAction\":[{\"@type\":\"SearchAction\",\"target\":{\"@type\":\"EntryPoint\",\"urlTemplate\":\"https:\/\/www.sitsesp.org.br\/novo\/?s={search_term_string}\"},\"query-input\":\"required name=search_term_string\"}],\"inLanguage\":\"pt-BR\"},{\"@type\":\"Organization\",\"@id\":\"https:\/\/www.sitsesp.org.br\/novo\/#organization\",\"name\":\"Sitsesp\",\"url\":\"https:\/\/www.sitsesp.org.br\/novo\/\",\"logo\":{\"@type\":\"ImageObject\",\"inLanguage\":\"pt-BR\",\"@id\":\"https:\/\/www.sitsesp.org.br\/novo\/#\/schema\/logo\/image\/\",\"url\":\"https:\/\/www.sitsesp.org.br\/novo\/wp-content\/uploads\/2020\/09\/Design-sem-nome-1.jpg\",\"contentUrl\":\"https:\/\/www.sitsesp.org.br\/novo\/wp-content\/uploads\/2020\/09\/Design-sem-nome-1.jpg\",\"width\":300,\"height\":300,\"caption\":\"Sitsesp\"},\"image\":{\"@id\":\"https:\/\/www.sitsesp.org.br\/novo\/#\/schema\/logo\/image\/\"}},{\"@type\":\"Person\",\"@id\":\"https:\/\/www.sitsesp.org.br\/novo\/#\/schema\/person\/2a4c180eb185645b3bef8657c75e305a\",\"name\":\"mhais\",\"image\":{\"@type\":\"ImageObject\",\"inLanguage\":\"pt-BR\",\"@id\":\"https:\/\/www.sitsesp.org.br\/novo\/#\/schema\/person\/image\/\",\"url\":\"https:\/\/secure.gravatar.com\/avatar\/6f4eabe86990e81328cf702edfa92a60?s=96&d=mm&r=g\",\"contentUrl\":\"https:\/\/secure.gravatar.com\/avatar\/6f4eabe86990e81328cf702edfa92a60?s=96&d=mm&r=g\",\"caption\":\"mhais\"},\"sameAs\":[\"http:\/\/localhost\/sitsesp\"]}]}<\/script>\n<!-- \/ Yoast SEO plugin. -->","yoast_head_json":{"title":"SITSESP TV recebe Fernanda Magano para debater os desafios da sa\u00fade p\u00fablica - SITSESP","robots":{"index":"index","follow":"follow","max-snippet":"max-snippet:-1","max-image-preview":"max-image-preview:large","max-video-preview":"max-video-preview:-1"},"canonical":"https:\/\/www.sitsesp.org.br\/novo\/sitsesp-tv-recebe-fernanda-magano-para-debater-os-desafios-da-saude-publica\/","og_locale":"pt_BR","og_type":"article","og_title":"SITSESP TV recebe Fernanda Magano para debater os desafios da sa\u00fade p\u00fablica - SITSESP","og_description":"O programa contar\u00e1 com a presen\u00e7a de Fernanda Lou Sans Magano, presidente do Conselho Nacional de Sa\u00fade (CNS). Psic\u00f3loga h\u00e1 mais&hellip;","og_url":"https:\/\/www.sitsesp.org.br\/novo\/sitsesp-tv-recebe-fernanda-magano-para-debater-os-desafios-da-saude-publica\/","og_site_name":"SITSESP","article_published_time":"2025-07-13T16:14:59+00:00","article_modified_time":"2025-07-15T19:46:35+00:00","og_image":[{"width":2000,"height":1448,"url":"https:\/\/www.sitsesp.org.br\/novo\/wp-content\/uploads\/2025\/07\/SITSESP-TV-29-x-21-cm.jpg","type":"image\/jpeg"}],"author":"mhais","twitter_card":"summary_large_image","twitter_misc":{"Escrito por":"mhais","Est. tempo de leitura":"2 minutos"},"schema":{"@context":"https:\/\/schema.org","@graph":[{"@type":"Article","@id":"https:\/\/www.sitsesp.org.br\/novo\/sitsesp-tv-recebe-fernanda-magano-para-debater-os-desafios-da-saude-publica\/#article","isPartOf":{"@id":"https:\/\/www.sitsesp.org.br\/novo\/sitsesp-tv-recebe-fernanda-magano-para-debater-os-desafios-da-saude-publica\/"},"author":{"name":"mhais","@id":"https:\/\/www.sitsesp.org.br\/novo\/#\/schema\/person\/2a4c180eb185645b3bef8657c75e305a"},"headline":"SITSESP TV recebe Fernanda Magano para debater os desafios da sa\u00fade p\u00fablica","datePublished":"2025-07-13T16:14:59+00:00","dateModified":"2025-07-15T19:46:35+00:00","mainEntityOfPage":{"@id":"https:\/\/www.sitsesp.org.br\/novo\/sitsesp-tv-recebe-fernanda-magano-para-debater-os-desafios-da-saude-publica\/"},"wordCount":308,"commentCount":0,"publisher":{"@id":"https:\/\/www.sitsesp.org.br\/novo\/#organization"},"image":{"@id":"https:\/\/www.sitsesp.org.br\/novo\/sitsesp-tv-recebe-fernanda-magano-para-debater-os-desafios-da-saude-publica\/#primaryimage"},"thumbnailUrl":"https:\/\/www.sitsesp.org.br\/novo\/wp-content\/uploads\/2025\/07\/SITSESP-TV-29-x-21-cm.jpg","inLanguage":"pt-BR","potentialAction":[{"@type":"CommentAction","name":"Comment","target":["https:\/\/www.sitsesp.org.br\/novo\/sitsesp-tv-recebe-fernanda-magano-para-debater-os-desafios-da-saude-publica\/#respond"]}]},{"@type":"WebPage","@id":"https:\/\/www.sitsesp.org.br\/novo\/sitsesp-tv-recebe-fernanda-magano-para-debater-os-desafios-da-saude-publica\/","url":"https:\/\/www.sitsesp.org.br\/novo\/sitsesp-tv-recebe-fernanda-magano-para-debater-os-desafios-da-saude-publica\/","name":"SITSESP TV recebe Fernanda Magano para debater os desafios da sa\u00fade p\u00fablica - SITSESP","isPartOf":{"@id":"https:\/\/www.sitsesp.org.br\/novo\/#website"},"primaryImageOfPage":{"@id":"https:\/\/www.sitsesp.org.br\/novo\/sitsesp-tv-recebe-fernanda-magano-para-debater-os-desafios-da-saude-publica\/#primaryimage"},"image":{"@id":"https:\/\/www.sitsesp.org.br\/novo\/sitsesp-tv-recebe-fernanda-magano-para-debater-os-desafios-da-saude-publica\/#primaryimage"},"thumbnailUrl":"https:\/\/www.sitsesp.org.br\/novo\/wp-content\/uploads\/2025\/07\/SITSESP-TV-29-x-21-cm.jpg","datePublished":"2025-07-13T16:14:59+00:00","dateModified":"2025-07-15T19:46:35+00:00","breadcrumb":{"@id":"https:\/\/www.sitsesp.org.br\/novo\/sitsesp-tv-recebe-fernanda-magano-para-debater-os-desafios-da-saude-publica\/#breadcrumb"},"inLanguage":"pt-BR","potentialAction":[{"@type":"ReadAction","target":["https:\/\/www.sitsesp.org.br\/novo\/sitsesp-tv-recebe-fernanda-magano-para-debater-os-desafios-da-saude-publica\/"]}]},{"@type":"ImageObject","inLanguage":"pt-BR","@id":"https:\/\/www.sitsesp.org.br\/novo\/sitsesp-tv-recebe-fernanda-magano-para-debater-os-desafios-da-saude-publica\/#primaryimage","url":"https:\/\/www.sitsesp.org.br\/novo\/wp-content\/uploads\/2025\/07\/SITSESP-TV-29-x-21-cm.jpg","contentUrl":"https:\/\/www.sitsesp.org.br\/novo\/wp-content\/uploads\/2025\/07\/SITSESP-TV-29-x-21-cm.jpg","width":2000,"height":1448},{"@type":"BreadcrumbList","@id":"https:\/\/www.sitsesp.org.br\/novo\/sitsesp-tv-recebe-fernanda-magano-para-debater-os-desafios-da-saude-publica\/#breadcrumb","itemListElement":[{"@type":"ListItem","position":1,"name":"In\u00edcio","item":"https:\/\/www.sitsesp.org.br\/novo\/"},{"@type":"ListItem","position":2,"name":"SITSESP TV recebe Fernanda Magano para debater os desafios da sa\u00fade p\u00fablica"}]},{"@type":"WebSite","@id":"https:\/\/www.sitsesp.org.br\/novo\/#website","url":"https:\/\/www.sitsesp.org.br\/novo\/","name":"Sitsesp","description":"SIndicato da Socioeduca\u00e7\u00e3o do Estado de S\u00e3o Paulo","publisher":{"@id":"https:\/\/www.sitsesp.org.br\/novo\/#organization"},"potentialAction":[{"@type":"SearchAction","target":{"@type":"EntryPoint","urlTemplate":"https:\/\/www.sitsesp.org.br\/novo\/?s={search_term_string}"},"query-input":"required name=search_term_string"}],"inLanguage":"pt-BR"},{"@type":"Organization","@id":"https:\/\/www.sitsesp.org.br\/novo\/#organization","name":"Sitsesp","url":"https:\/\/www.sitsesp.org.br\/novo\/","logo":{"@type":"ImageObject","inLanguage":"pt-BR","@id":"https:\/\/www.sitsesp.org.br\/novo\/#\/schema\/logo\/image\/","url":"https:\/\/www.sitsesp.org.br\/novo\/wp-content\/uploads\/2020\/09\/Design-sem-nome-1.jpg","contentUrl":"https:\/\/www.sitsesp.org.br\/novo\/wp-content\/uploads\/2020\/09\/Design-sem-nome-1.jpg","width":300,"height":300,"caption":"Sitsesp"},"image":{"@id":"https:\/\/www.sitsesp.org.br\/novo\/#\/schema\/logo\/image\/"}},{"@type":"Person","@id":"https:\/\/www.sitsesp.org.br\/novo\/#\/schema\/person\/2a4c180eb185645b3bef8657c75e305a","name":"mhais","image":{"@type":"ImageObject","inLanguage":"pt-BR","@id":"https:\/\/www.sitsesp.org.br\/novo\/#\/schema\/person\/image\/","url":"https:\/\/secure.gravatar.com\/avatar\/6f4eabe86990e81328cf702edfa92a60?s=96&d=mm&r=g","contentUrl":"https:\/\/secure.gravatar.com\/avatar\/6f4eabe86990e81328cf702edfa92a60?s=96&d=mm&r=g","caption":"mhais"},"sameAs":["http:\/\/localhost\/sitsesp"]}]}},"_links":{"self":[{"href":"https:\/\/www.sitsesp.org.br\/novo\/wp-json\/wp\/v2\/posts\/16442"}],"collection":[{"href":"https:\/\/www.sitsesp.org.br\/novo\/wp-json\/wp\/v2\/posts"}],"about":[{"href":"https:\/\/www.sitsesp.org.br\/novo\/wp-json\/wp\/v2\/types\/post"}],"author":[{"embeddable":true,"href":"https:\/\/www.sitsesp.org.br\/novo\/wp-json\/wp\/v2\/users\/1"}],"replies":[{"embeddable":true,"href":"https:\/\/www.sitsesp.org.br\/novo\/wp-json\/wp\/v2\/comments?post=16442"}],"version-history":[{"count":1,"href":"https:\/\/www.sitsesp.org.br\/novo\/wp-json\/wp\/v2\/posts\/16442\/revisions"}],"predecessor-version":[{"id":16444,"href":"https:\/\/www.sitsesp.org.br\/novo\/wp-json\/wp\/v2\/posts\/16442\/revisions\/16444"}],"wp:featuredmedia":[{"embeddable":true,"href":"https:\/\/www.sitsesp.org.br\/novo\/wp-json\/wp\/v2\/media\/16443"}],"wp:attachment":[{"href":"https:\/\/www.sitsesp.org.br\/novo\/wp-json\/wp\/v2\/media?parent=16442"}],"wp:term":[{"taxonomy":"category","embeddable":true,"href":"https:\/\/www.sitsesp.org.br\/novo\/wp-json\/wp\/v2\/categories?post=16442"},{"taxonomy":"post_tag","embeddable":true,"href":"https:\/\/www.sitsesp.org.br\/novo\/wp-json\/wp\/v2\/tags?post=16442"}],"curies":[{"name":"wp","href":"https:\/\/api.w.org\/{rel}","templated":true}]}}