{"id":16556,"date":"2025-08-26T23:10:22","date_gmt":"2025-08-27T02:10:22","guid":{"rendered":"https:\/\/www.sitsesp.org.br\/novo\/?p=16556"},"modified":"2025-09-02T17:35:45","modified_gmt":"2025-09-02T20:35:45","slug":"sitsesp-tv-recebe-claudia-carletto-presidente-da-fundacao-casa-no-dia-2-de-setembro","status":"publish","type":"post","link":"https:\/\/www.sitsesp.org.br\/novo\/sitsesp-tv-recebe-claudia-carletto-presidente-da-fundacao-casa-no-dia-2-de-setembro\/","title":{"rendered":"SITSESP TV recebe Cl\u00e1udia Carletto, presidente da Funda\u00e7\u00e3o CASA, no dia 2 de setembro"},"content":{"rendered":"<p><!-- VideographyWP Plugin Message: Automatic video embedding prevented by plugin options. --><\/p>\n<p style=\"text-align: justify;\">O presidente do SITSESP, Neemias de Souza, convidou a presidente da Funda\u00e7\u00e3o CASA, Claudia Carletto, para participar do SITSESP TV. Claudia aceitou prontamente o convite, entendendo ser uma excelente oportunidade para apresentar de forma direta as a\u00e7\u00f5es em curso que impactam os servidores e servidoras da socioeduca\u00e7\u00e3o do Estado de\u00a0 S\u00e3o Paulo.<\/p>\n<p style=\"text-align: justify;\">O programa, que ter\u00e1 Neemias como anfitri\u00e3o, ser\u00e1 conduzido em um formato diferenciado: um di\u00e1logo frente a frente entre o presidente do sindicato e a presidente da institui\u00e7\u00e3o. O objetivo \u00e9 proporcionar uma conversa produtiva e transparente, possibilitando que a gest\u00e3o da Funda\u00e7\u00e3o CASA dialogue de forma mais pr\u00f3xima com os servidores e servidoras.<\/p>\n<p style=\"text-align: justify;\">Para ampliar ainda mais a participa\u00e7\u00e3o da categoria, os servidores e servidoras poder\u00e3o enviar previamente suas perguntas para Neemias e Claudia por meio de um formul\u00e1rio Google, que ser\u00e1 disponibilizado nos canais oficiais do SITSESP. Essa iniciativa garante que d\u00favidas e sugest\u00f5es cheguem diretamente \u00e0 mesa de debate, fortalecendo o espa\u00e7o democr\u00e1tico e de escuta.<\/p>\n<p style=\"text-align: justify;\">Para o presidente Neemias, o encontro representa um marco na valoriza\u00e7\u00e3o da categoria:<\/p>\n<p style=\"text-align: justify;\">\u201cEsse espa\u00e7o \u00e9 fundamental para dar voz aos servidores, mas tamb\u00e9m para permitir que a presidente da Funda\u00e7\u00e3o CASA apresente suas propostas e ou\u00e7a, de maneira direta, as demandas de quem est\u00e1 no dia a dia da socioeduca\u00e7\u00e3o.\u201d<\/p>\n<p style=\"text-align: justify;\">A edi\u00e7\u00e3o do SITSESP TV ser\u00e1 transmitida ao vivo pelos canais oficiais do sindicato \u2014 Site, Facebook e YouTube \u2014 permitindo a participa\u00e7\u00e3o da categoria com perguntas e coment\u00e1rios em tempo real.<\/p>\n<p style=\"text-align: justify;\">\ud83d\udccc Servi\u00e7o<br \/>\n\ud83d\udcfa Programa: SITSESP TV \u2013 Edi\u00e7\u00e3o Especial<br \/>\n\ud83d\uddd3\ufe0f Data: 02\/setembro<br \/>\n\ud83d\udd51 Hor\u00e1rio: 14h<br \/>\n\ud83c\udf10 Transmiss\u00e3o ao vivo:<\/p>\n<p style=\"text-align: justify;\">Site: www.sitsesp.org.br<\/p>\n<p style=\"text-align: justify;\">Facebook: facebook.com\/sitsespoficial<\/p>\n<p style=\"text-align: justify;\">YouTube: youtube.com\/@sitsesp2024<\/p>\n<p>&nbsp;<\/p>\n<p>Envie perguntas no formul\u00e1rio abaixo:<\/p>\n<p><iframe src=\"https:\/\/docs.google.com\/forms\/d\/e\/1FAIpQLSdEltakbCPrmm7Z59edg1oRPXBrPLoQ36ucKrVwnl0oqCoJAA\/viewform?embedded=true\" width=\"640\" height=\"1163\" frameborder=\"0\" marginwidth=\"0\" marginheight=\"0\">Carregando\u2026<\/iframe><\/p>\n","protected":false},"excerpt":{"rendered":"<p>O presidente do SITSESP, Neemias de Souza, convidou a presidente da Funda\u00e7\u00e3o CASA, Claudia Carletto, para participar do SITSESP TV. Claudia&hellip;<\/p>\n","protected":false},"author":1,"featured_media":16557,"comment_status":"open","ping_status":"open","sticky":false,"template":"","format":"standard","meta":{"cybocfi_hide_featured_image":"","footnotes":""},"categories":[1],"tags":[],"yoast_head":"<!-- This site is optimized with the Yoast SEO plugin v22.8 - https:\/\/yoast.com\/wordpress\/plugins\/seo\/ -->\n<title>SITSESP TV recebe Cl\u00e1udia Carletto, presidente da Funda\u00e7\u00e3o CASA, no dia 2 de setembro - SITSESP<\/title>\n<meta name=\"robots\" content=\"index, follow, max-snippet:-1, max-image-preview:large, max-video-preview:-1\" \/>\n<link rel=\"canonical\" href=\"https:\/\/www.sitsesp.org.br\/novo\/sitsesp-tv-recebe-claudia-carletto-presidente-da-fundacao-casa-no-dia-2-de-setembro\/\" \/>\n<meta property=\"og:locale\" content=\"pt_BR\" \/>\n<meta property=\"og:type\" content=\"article\" \/>\n<meta property=\"og:title\" content=\"SITSESP TV recebe Cl\u00e1udia Carletto, presidente da Funda\u00e7\u00e3o CASA, no dia 2 de setembro - SITSESP\" \/>\n<meta property=\"og:description\" content=\"O presidente do SITSESP, Neemias de Souza, convidou a presidente da Funda\u00e7\u00e3o CASA, Claudia Carletto, para participar do SITSESP TV. Claudia&hellip;\" \/>\n<meta property=\"og:url\" content=\"https:\/\/www.sitsesp.org.br\/novo\/sitsesp-tv-recebe-claudia-carletto-presidente-da-fundacao-casa-no-dia-2-de-setembro\/\" \/>\n<meta property=\"og:site_name\" content=\"SITSESP\" \/>\n<meta property=\"article:published_time\" content=\"2025-08-27T02:10:22+00:00\" \/>\n<meta property=\"article:modified_time\" content=\"2025-09-02T20:35:45+00:00\" \/>\n<meta property=\"og:image\" content=\"https:\/\/www.sitsesp.org.br\/novo\/wp-content\/uploads\/2025\/08\/2.jpg\" \/>\n\t<meta property=\"og:image:width\" content=\"2000\" \/>\n\t<meta property=\"og:image:height\" content=\"1448\" \/>\n\t<meta property=\"og:image:type\" content=\"image\/jpeg\" \/>\n<meta name=\"author\" content=\"mhais\" \/>\n<meta name=\"twitter:card\" content=\"summary_large_image\" \/>\n<meta name=\"twitter:label1\" content=\"Escrito por\" \/>\n\t<meta name=\"twitter:data1\" content=\"mhais\" \/>\n\t<meta name=\"twitter:label2\" content=\"Est. tempo de leitura\" \/>\n\t<meta name=\"twitter:data2\" content=\"2 minutos\" \/>\n<script type=\"application\/ld+json\" class=\"yoast-schema-graph\">{\"@context\":\"https:\/\/schema.org\",\"@graph\":[{\"@type\":\"Article\",\"@id\":\"https:\/\/www.sitsesp.org.br\/novo\/sitsesp-tv-recebe-claudia-carletto-presidente-da-fundacao-casa-no-dia-2-de-setembro\/#article\",\"isPartOf\":{\"@id\":\"https:\/\/www.sitsesp.org.br\/novo\/sitsesp-tv-recebe-claudia-carletto-presidente-da-fundacao-casa-no-dia-2-de-setembro\/\"},\"author\":{\"name\":\"mhais\",\"@id\":\"https:\/\/www.sitsesp.org.br\/novo\/#\/schema\/person\/2a4c180eb185645b3bef8657c75e305a\"},\"headline\":\"SITSESP TV recebe Cl\u00e1udia Carletto, presidente da Funda\u00e7\u00e3o CASA, no dia 2 de setembro\",\"datePublished\":\"2025-08-27T02:10:22+00:00\",\"dateModified\":\"2025-09-02T20:35:45+00:00\",\"mainEntityOfPage\":{\"@id\":\"https:\/\/www.sitsesp.org.br\/novo\/sitsesp-tv-recebe-claudia-carletto-presidente-da-fundacao-casa-no-dia-2-de-setembro\/\"},\"wordCount\":318,\"commentCount\":0,\"publisher\":{\"@id\":\"https:\/\/www.sitsesp.org.br\/novo\/#organization\"},\"image\":{\"@id\":\"https:\/\/www.sitsesp.org.br\/novo\/sitsesp-tv-recebe-claudia-carletto-presidente-da-fundacao-casa-no-dia-2-de-setembro\/#primaryimage\"},\"thumbnailUrl\":\"https:\/\/www.sitsesp.org.br\/novo\/wp-content\/uploads\/2025\/08\/2.jpg\",\"inLanguage\":\"pt-BR\",\"potentialAction\":[{\"@type\":\"CommentAction\",\"name\":\"Comment\",\"target\":[\"https:\/\/www.sitsesp.org.br\/novo\/sitsesp-tv-recebe-claudia-carletto-presidente-da-fundacao-casa-no-dia-2-de-setembro\/#respond\"]}]},{\"@type\":\"WebPage\",\"@id\":\"https:\/\/www.sitsesp.org.br\/novo\/sitsesp-tv-recebe-claudia-carletto-presidente-da-fundacao-casa-no-dia-2-de-setembro\/\",\"url\":\"https:\/\/www.sitsesp.org.br\/novo\/sitsesp-tv-recebe-claudia-carletto-presidente-da-fundacao-casa-no-dia-2-de-setembro\/\",\"name\":\"SITSESP TV recebe Cl\u00e1udia Carletto, presidente da Funda\u00e7\u00e3o CASA, no dia 2 de setembro - SITSESP\",\"isPartOf\":{\"@id\":\"https:\/\/www.sitsesp.org.br\/novo\/#website\"},\"primaryImageOfPage\":{\"@id\":\"https:\/\/www.sitsesp.org.br\/novo\/sitsesp-tv-recebe-claudia-carletto-presidente-da-fundacao-casa-no-dia-2-de-setembro\/#primaryimage\"},\"image\":{\"@id\":\"https:\/\/www.sitsesp.org.br\/novo\/sitsesp-tv-recebe-claudia-carletto-presidente-da-fundacao-casa-no-dia-2-de-setembro\/#primaryimage\"},\"thumbnailUrl\":\"https:\/\/www.sitsesp.org.br\/novo\/wp-content\/uploads\/2025\/08\/2.jpg\",\"datePublished\":\"2025-08-27T02:10:22+00:00\",\"dateModified\":\"2025-09-02T20:35:45+00:00\",\"breadcrumb\":{\"@id\":\"https:\/\/www.sitsesp.org.br\/novo\/sitsesp-tv-recebe-claudia-carletto-presidente-da-fundacao-casa-no-dia-2-de-setembro\/#breadcrumb\"},\"inLanguage\":\"pt-BR\",\"potentialAction\":[{\"@type\":\"ReadAction\",\"target\":[\"https:\/\/www.sitsesp.org.br\/novo\/sitsesp-tv-recebe-claudia-carletto-presidente-da-fundacao-casa-no-dia-2-de-setembro\/\"]}]},{\"@type\":\"ImageObject\",\"inLanguage\":\"pt-BR\",\"@id\":\"https:\/\/www.sitsesp.org.br\/novo\/sitsesp-tv-recebe-claudia-carletto-presidente-da-fundacao-casa-no-dia-2-de-setembro\/#primaryimage\",\"url\":\"https:\/\/www.sitsesp.org.br\/novo\/wp-content\/uploads\/2025\/08\/2.jpg\",\"contentUrl\":\"https:\/\/www.sitsesp.org.br\/novo\/wp-content\/uploads\/2025\/08\/2.jpg\",\"width\":2000,\"height\":1448},{\"@type\":\"BreadcrumbList\",\"@id\":\"https:\/\/www.sitsesp.org.br\/novo\/sitsesp-tv-recebe-claudia-carletto-presidente-da-fundacao-casa-no-dia-2-de-setembro\/#breadcrumb\",\"itemListElement\":[{\"@type\":\"ListItem\",\"position\":1,\"name\":\"In\u00edcio\",\"item\":\"https:\/\/www.sitsesp.org.br\/novo\/\"},{\"@type\":\"ListItem\",\"position\":2,\"name\":\"SITSESP TV recebe Cl\u00e1udia Carletto, presidente da Funda\u00e7\u00e3o CASA, no dia 2 de setembro\"}]},{\"@type\":\"WebSite\",\"@id\":\"https:\/\/www.sitsesp.org.br\/novo\/#website\",\"url\":\"https:\/\/www.sitsesp.org.br\/novo\/\",\"name\":\"Sitsesp\",\"description\":\"SIndicato da Socioeduca\u00e7\u00e3o do Estado de S\u00e3o Paulo\",\"publisher\":{\"@id\":\"https:\/\/www.sitsesp.org.br\/novo\/#organization\"},\"potentialAction\":[{\"@type\":\"SearchAction\",\"target\":{\"@type\":\"EntryPoint\",\"urlTemplate\":\"https:\/\/www.sitsesp.org.br\/novo\/?s={search_term_string}\"},\"query-input\":\"required name=search_term_string\"}],\"inLanguage\":\"pt-BR\"},{\"@type\":\"Organization\",\"@id\":\"https:\/\/www.sitsesp.org.br\/novo\/#organization\",\"name\":\"Sitsesp\",\"url\":\"https:\/\/www.sitsesp.org.br\/novo\/\",\"logo\":{\"@type\":\"ImageObject\",\"inLanguage\":\"pt-BR\",\"@id\":\"https:\/\/www.sitsesp.org.br\/novo\/#\/schema\/logo\/image\/\",\"url\":\"https:\/\/www.sitsesp.org.br\/novo\/wp-content\/uploads\/2020\/09\/Design-sem-nome-1.jpg\",\"contentUrl\":\"https:\/\/www.sitsesp.org.br\/novo\/wp-content\/uploads\/2020\/09\/Design-sem-nome-1.jpg\",\"width\":300,\"height\":300,\"caption\":\"Sitsesp\"},\"image\":{\"@id\":\"https:\/\/www.sitsesp.org.br\/novo\/#\/schema\/logo\/image\/\"}},{\"@type\":\"Person\",\"@id\":\"https:\/\/www.sitsesp.org.br\/novo\/#\/schema\/person\/2a4c180eb185645b3bef8657c75e305a\",\"name\":\"mhais\",\"image\":{\"@type\":\"ImageObject\",\"inLanguage\":\"pt-BR\",\"@id\":\"https:\/\/www.sitsesp.org.br\/novo\/#\/schema\/person\/image\/\",\"url\":\"https:\/\/secure.gravatar.com\/avatar\/6f4eabe86990e81328cf702edfa92a60?s=96&d=mm&r=g\",\"contentUrl\":\"https:\/\/secure.gravatar.com\/avatar\/6f4eabe86990e81328cf702edfa92a60?s=96&d=mm&r=g\",\"caption\":\"mhais\"},\"sameAs\":[\"http:\/\/localhost\/sitsesp\"]}]}<\/script>\n<!-- \/ Yoast SEO plugin. -->","yoast_head_json":{"title":"SITSESP TV recebe Cl\u00e1udia Carletto, presidente da Funda\u00e7\u00e3o CASA, no dia 2 de setembro - SITSESP","robots":{"index":"index","follow":"follow","max-snippet":"max-snippet:-1","max-image-preview":"max-image-preview:large","max-video-preview":"max-video-preview:-1"},"canonical":"https:\/\/www.sitsesp.org.br\/novo\/sitsesp-tv-recebe-claudia-carletto-presidente-da-fundacao-casa-no-dia-2-de-setembro\/","og_locale":"pt_BR","og_type":"article","og_title":"SITSESP TV recebe Cl\u00e1udia Carletto, presidente da Funda\u00e7\u00e3o CASA, no dia 2 de setembro - SITSESP","og_description":"O presidente do SITSESP, Neemias de Souza, convidou a presidente da Funda\u00e7\u00e3o CASA, Claudia Carletto, para participar do SITSESP TV. Claudia&hellip;","og_url":"https:\/\/www.sitsesp.org.br\/novo\/sitsesp-tv-recebe-claudia-carletto-presidente-da-fundacao-casa-no-dia-2-de-setembro\/","og_site_name":"SITSESP","article_published_time":"2025-08-27T02:10:22+00:00","article_modified_time":"2025-09-02T20:35:45+00:00","og_image":[{"width":2000,"height":1448,"url":"https:\/\/www.sitsesp.org.br\/novo\/wp-content\/uploads\/2025\/08\/2.jpg","type":"image\/jpeg"}],"author":"mhais","twitter_card":"summary_large_image","twitter_misc":{"Escrito por":"mhais","Est. tempo de leitura":"2 minutos"},"schema":{"@context":"https:\/\/schema.org","@graph":[{"@type":"Article","@id":"https:\/\/www.sitsesp.org.br\/novo\/sitsesp-tv-recebe-claudia-carletto-presidente-da-fundacao-casa-no-dia-2-de-setembro\/#article","isPartOf":{"@id":"https:\/\/www.sitsesp.org.br\/novo\/sitsesp-tv-recebe-claudia-carletto-presidente-da-fundacao-casa-no-dia-2-de-setembro\/"},"author":{"name":"mhais","@id":"https:\/\/www.sitsesp.org.br\/novo\/#\/schema\/person\/2a4c180eb185645b3bef8657c75e305a"},"headline":"SITSESP TV recebe Cl\u00e1udia Carletto, presidente da Funda\u00e7\u00e3o CASA, no dia 2 de setembro","datePublished":"2025-08-27T02:10:22+00:00","dateModified":"2025-09-02T20:35:45+00:00","mainEntityOfPage":{"@id":"https:\/\/www.sitsesp.org.br\/novo\/sitsesp-tv-recebe-claudia-carletto-presidente-da-fundacao-casa-no-dia-2-de-setembro\/"},"wordCount":318,"commentCount":0,"publisher":{"@id":"https:\/\/www.sitsesp.org.br\/novo\/#organization"},"image":{"@id":"https:\/\/www.sitsesp.org.br\/novo\/sitsesp-tv-recebe-claudia-carletto-presidente-da-fundacao-casa-no-dia-2-de-setembro\/#primaryimage"},"thumbnailUrl":"https:\/\/www.sitsesp.org.br\/novo\/wp-content\/uploads\/2025\/08\/2.jpg","inLanguage":"pt-BR","potentialAction":[{"@type":"CommentAction","name":"Comment","target":["https:\/\/www.sitsesp.org.br\/novo\/sitsesp-tv-recebe-claudia-carletto-presidente-da-fundacao-casa-no-dia-2-de-setembro\/#respond"]}]},{"@type":"WebPage","@id":"https:\/\/www.sitsesp.org.br\/novo\/sitsesp-tv-recebe-claudia-carletto-presidente-da-fundacao-casa-no-dia-2-de-setembro\/","url":"https:\/\/www.sitsesp.org.br\/novo\/sitsesp-tv-recebe-claudia-carletto-presidente-da-fundacao-casa-no-dia-2-de-setembro\/","name":"SITSESP TV recebe Cl\u00e1udia Carletto, presidente da Funda\u00e7\u00e3o CASA, no dia 2 de setembro - SITSESP","isPartOf":{"@id":"https:\/\/www.sitsesp.org.br\/novo\/#website"},"primaryImageOfPage":{"@id":"https:\/\/www.sitsesp.org.br\/novo\/sitsesp-tv-recebe-claudia-carletto-presidente-da-fundacao-casa-no-dia-2-de-setembro\/#primaryimage"},"image":{"@id":"https:\/\/www.sitsesp.org.br\/novo\/sitsesp-tv-recebe-claudia-carletto-presidente-da-fundacao-casa-no-dia-2-de-setembro\/#primaryimage"},"thumbnailUrl":"https:\/\/www.sitsesp.org.br\/novo\/wp-content\/uploads\/2025\/08\/2.jpg","datePublished":"2025-08-27T02:10:22+00:00","dateModified":"2025-09-02T20:35:45+00:00","breadcrumb":{"@id":"https:\/\/www.sitsesp.org.br\/novo\/sitsesp-tv-recebe-claudia-carletto-presidente-da-fundacao-casa-no-dia-2-de-setembro\/#breadcrumb"},"inLanguage":"pt-BR","potentialAction":[{"@type":"ReadAction","target":["https:\/\/www.sitsesp.org.br\/novo\/sitsesp-tv-recebe-claudia-carletto-presidente-da-fundacao-casa-no-dia-2-de-setembro\/"]}]},{"@type":"ImageObject","inLanguage":"pt-BR","@id":"https:\/\/www.sitsesp.org.br\/novo\/sitsesp-tv-recebe-claudia-carletto-presidente-da-fundacao-casa-no-dia-2-de-setembro\/#primaryimage","url":"https:\/\/www.sitsesp.org.br\/novo\/wp-content\/uploads\/2025\/08\/2.jpg","contentUrl":"https:\/\/www.sitsesp.org.br\/novo\/wp-content\/uploads\/2025\/08\/2.jpg","width":2000,"height":1448},{"@type":"BreadcrumbList","@id":"https:\/\/www.sitsesp.org.br\/novo\/sitsesp-tv-recebe-claudia-carletto-presidente-da-fundacao-casa-no-dia-2-de-setembro\/#breadcrumb","itemListElement":[{"@type":"ListItem","position":1,"name":"In\u00edcio","item":"https:\/\/www.sitsesp.org.br\/novo\/"},{"@type":"ListItem","position":2,"name":"SITSESP TV recebe Cl\u00e1udia Carletto, presidente da Funda\u00e7\u00e3o CASA, no dia 2 de setembro"}]},{"@type":"WebSite","@id":"https:\/\/www.sitsesp.org.br\/novo\/#website","url":"https:\/\/www.sitsesp.org.br\/novo\/","name":"Sitsesp","description":"SIndicato da Socioeduca\u00e7\u00e3o do Estado de S\u00e3o Paulo","publisher":{"@id":"https:\/\/www.sitsesp.org.br\/novo\/#organization"},"potentialAction":[{"@type":"SearchAction","target":{"@type":"EntryPoint","urlTemplate":"https:\/\/www.sitsesp.org.br\/novo\/?s={search_term_string}"},"query-input":"required name=search_term_string"}],"inLanguage":"pt-BR"},{"@type":"Organization","@id":"https:\/\/www.sitsesp.org.br\/novo\/#organization","name":"Sitsesp","url":"https:\/\/www.sitsesp.org.br\/novo\/","logo":{"@type":"ImageObject","inLanguage":"pt-BR","@id":"https:\/\/www.sitsesp.org.br\/novo\/#\/schema\/logo\/image\/","url":"https:\/\/www.sitsesp.org.br\/novo\/wp-content\/uploads\/2020\/09\/Design-sem-nome-1.jpg","contentUrl":"https:\/\/www.sitsesp.org.br\/novo\/wp-content\/uploads\/2020\/09\/Design-sem-nome-1.jpg","width":300,"height":300,"caption":"Sitsesp"},"image":{"@id":"https:\/\/www.sitsesp.org.br\/novo\/#\/schema\/logo\/image\/"}},{"@type":"Person","@id":"https:\/\/www.sitsesp.org.br\/novo\/#\/schema\/person\/2a4c180eb185645b3bef8657c75e305a","name":"mhais","image":{"@type":"ImageObject","inLanguage":"pt-BR","@id":"https:\/\/www.sitsesp.org.br\/novo\/#\/schema\/person\/image\/","url":"https:\/\/secure.gravatar.com\/avatar\/6f4eabe86990e81328cf702edfa92a60?s=96&d=mm&r=g","contentUrl":"https:\/\/secure.gravatar.com\/avatar\/6f4eabe86990e81328cf702edfa92a60?s=96&d=mm&r=g","caption":"mhais"},"sameAs":["http:\/\/localhost\/sitsesp"]}]}},"_links":{"self":[{"href":"https:\/\/www.sitsesp.org.br\/novo\/wp-json\/wp\/v2\/posts\/16556"}],"collection":[{"href":"https:\/\/www.sitsesp.org.br\/novo\/wp-json\/wp\/v2\/posts"}],"about":[{"href":"https:\/\/www.sitsesp.org.br\/novo\/wp-json\/wp\/v2\/types\/post"}],"author":[{"embeddable":true,"href":"https:\/\/www.sitsesp.org.br\/novo\/wp-json\/wp\/v2\/users\/1"}],"replies":[{"embeddable":true,"href":"https:\/\/www.sitsesp.org.br\/novo\/wp-json\/wp\/v2\/comments?post=16556"}],"version-history":[{"count":1,"href":"https:\/\/www.sitsesp.org.br\/novo\/wp-json\/wp\/v2\/posts\/16556\/revisions"}],"predecessor-version":[{"id":16558,"href":"https:\/\/www.sitsesp.org.br\/novo\/wp-json\/wp\/v2\/posts\/16556\/revisions\/16558"}],"wp:featuredmedia":[{"embeddable":true,"href":"https:\/\/www.sitsesp.org.br\/novo\/wp-json\/wp\/v2\/media\/16557"}],"wp:attachment":[{"href":"https:\/\/www.sitsesp.org.br\/novo\/wp-json\/wp\/v2\/media?parent=16556"}],"wp:term":[{"taxonomy":"category","embeddable":true,"href":"https:\/\/www.sitsesp.org.br\/novo\/wp-json\/wp\/v2\/categories?post=16556"},{"taxonomy":"post_tag","embeddable":true,"href":"https:\/\/www.sitsesp.org.br\/novo\/wp-json\/wp\/v2\/tags?post=16556"}],"curies":[{"name":"wp","href":"https:\/\/api.w.org\/{rel}","templated":true}]}}