{"id":16565,"date":"2025-08-28T10:51:50","date_gmt":"2025-08-28T13:51:50","guid":{"rendered":"https:\/\/www.sitsesp.org.br\/novo\/?p=16565"},"modified":"2025-08-28T10:57:19","modified_gmt":"2025-08-28T13:57:19","slug":"sindicato-e-gestao-da-divisao-regional-litoral-e-metropolitana-dr2-realizam-reuniao-para-reforcar-dialogo-e-superar-divergencias","status":"publish","type":"post","link":"https:\/\/www.sitsesp.org.br\/novo\/sindicato-e-gestao-da-divisao-regional-litoral-e-metropolitana-dr2-realizam-reuniao-para-reforcar-dialogo-e-superar-divergencias\/","title":{"rendered":"Sindicato e Gest\u00e3o da Divis\u00e3o Regional Litoral e Metropolitana &#8211; DR2 realizam reuni\u00e3o para refor\u00e7ar di\u00e1logo e superar diverg\u00eancias"},"content":{"rendered":"<p><!-- VideographyWP Plugin Message: Automatic video embedding prevented by plugin options. --><\/p>\n<div class=\"html-div xdj266r x14z9mp xat24cr x1lziwak xexx8yu xyri2b x18d9i69 x1c1uobl\">\n<div class=\"html-div xdj266r x14z9mp xat24cr x1lziwak xexx8yu xyri2b x18d9i69 x1c1uobl\" dir=\"auto\">\n<div class=\"html-div xdj266r x14z9mp xat24cr x1lziwak xexx8yu xyri2b x18d9i69 x1c1uobl\" data-ad-rendering-role=\"story_message\">\n<div id=\"_r_b8_\" class=\"x1l90r2v x1iorvi4 x1g0dm76 xpdmqnj\" data-ad-comet-preview=\"message\" data-ad-preview=\"message\">\n<div class=\"x78zum5 xdt5ytf xz62fqu x16ldp7u\">\n<div class=\"xu06os2 x1ok221b\">\n<div class=\"html-div xdj266r x14z9mp xat24cr x1lziwak xexx8yu xyri2b x18d9i69 x1c1uobl\">\n<div class=\"xdj266r x14z9mp xat24cr x1lziwak x1vvkbs x126k92a\"><\/div>\n<div class=\"x14z9mp xat24cr x1lziwak x1vvkbs xtlvy1s x126k92a\">\n<div dir=\"auto\" style=\"text-align: justify;\">Na tarde desta quarta-feira, 27 de agosto de 2025, o Sindicato realizou uma reuni\u00e3o com a Diretoria da DR2 com o objetivo de restabelecer o di\u00e1logo e alinhar estrat\u00e9gias ap\u00f3s diverg\u00eancias ocorridas durante a entrega do boletim sindical no CASA Guaruj\u00e1, na primeira semana de agosto.<\/div>\n<\/div>\n<div class=\"x14z9mp xat24cr x1lziwak x1vvkbs xtlvy1s x126k92a\" style=\"text-align: justify;\">\n<div dir=\"auto\">O encontro foi aberto pelo diretor da Divis\u00e3o, que destacou a import\u00e2ncia da reuni\u00e3o para amenizar os \u00e2nimos e buscar consenso em prol da categoria. Atualmente, a Divis\u00e3o \u00e9 respons\u00e1vel por 18 Centros.<\/div>\n<\/div>\n<div class=\"x14z9mp xat24cr x1lziwak x1vvkbs xtlvy1s x126k92a\" style=\"text-align: justify;\">\n<div dir=\"auto\">O presidente do Sindicato, Neemias, conduziu a reuni\u00e3o e ressaltou que a atual gest\u00e3o sindical tem como prioridade construir pontes de di\u00e1logo, garantindo espa\u00e7o para ouvir e atender as demandas dos trabalhadores da socioeduca\u00e7\u00e3o.<\/div>\n<div dir=\"auto\">\u201cEstamos aqui para encontrar consensos e diluir os problemas apresentados pela categoria. O Sindicato precisa ter condi\u00e7\u00f5es de realizar seu trabalho, que \u00e9 acompanhar de perto as dificuldades vividas nos Centros e defender os direitos dos servidores\u201d, afirmou.<\/div>\n<\/div>\n<div class=\"x14z9mp xat24cr x1lziwak x1vvkbs xtlvy1s x126k92a\" style=\"text-align: justify;\">\n<div dir=\"auto\">Durante as falas, Alexandre, diretor do CASA Guaruj\u00e1, classificou o epis\u00f3dio, que motivou as diverg\u00eancias, como um \u201cmal-entendido\u201d. Rodrigo L\u00facio, coordenador do CASA Guaruj\u00e1, refor\u00e7ou que a situa\u00e7\u00e3o ocorreu de forma pessoal, afastando a interpreta\u00e7\u00e3o de que seria uma postura institucional.<\/div>\n<\/div>\n<div class=\"x14z9mp xat24cr x1lziwak x1vvkbs xtlvy1s x126k92a\" style=\"text-align: justify;\">\n<div dir=\"auto\">J\u00e1 Isabel, diretora do Sindicato, ponderou que epis\u00f3dios de constrangimento j\u00e1 ocorreram mais de uma vez, destacando que os relatos da categoria apontam para a necessidade de maior respeito e abertura no trato com os representantes sindicais.<\/div>\n<\/div>\n<div class=\"x14z9mp xat24cr x1lziwak x1vvkbs xtlvy1s x126k92a\" style=\"text-align: justify;\">\n<div dir=\"auto\">A gest\u00e3o da Divis\u00e3o destacou que ser\u00e1 estabelecido um protocolo para o atendimento de autoridades em visitas aos Centros, incluindo representantes sindicais. Al\u00e9m disso, se comprometeu a dialogar com todos os diretores da regional para assegurar que o trabalho sindical seja respeitado e devidamente acolhido.<\/div>\n<\/div>\n<div class=\"x14z9mp xat24cr x1lziwak x1vvkbs xtlvy1s x126k92a\" style=\"text-align: justify;\">\n<div dir=\"auto\">A reuni\u00e3o terminou com uma retrata\u00e7\u00e3o m\u00fatua entre representantes da gest\u00e3o e do Sindicato, firmando o compromisso de manter canais abertos de di\u00e1logo e coopera\u00e7\u00e3o em benef\u00edcio dos trabalhadores da socioeduca\u00e7\u00e3o.<\/div>\n<\/div>\n<div class=\"x14z9mp xat24cr x1lziwak x1vvkbs xtlvy1s x126k92a\" style=\"text-align: justify;\">\n<div dir=\"auto\">Participaram da reuni\u00e3o:<\/div>\n<\/div>\n<div class=\"x14z9mp xat24cr x1lziwak x1vvkbs xtlvy1s x126k92a\" style=\"text-align: justify;\">\n<div dir=\"auto\">Pelo Sindicato: Neemias, Edson Brito, Edmon, Isabel e apoiador Venancio.<\/div>\n<div dir=\"auto\">Pela Gest\u00e3o da Divis\u00e3o : Osmar (diretor regional), Rodrigo L\u00facio (coordenador do CASA Guaruj\u00e1), Alexandre (diretor do CASA Guaruj\u00e1), Edelson (Encarregado de Seguran\u00e7a da DR2), Robson (assessoria Degar) e Siljane (encarregada de RH).<\/div>\n<\/div>\n<\/div>\n<\/div>\n<\/div>\n<\/div>\n<\/div>\n<\/div>\n<div id=\"_r_b9_\" class=\"html-div xdj266r x14z9mp xat24cr x1lziwak xexx8yu xyri2b x18d9i69 x1c1uobl x1n2onr6\" style=\"text-align: justify;\">\n<div class=\"html-div xdj266r x14z9mp xat24cr x1lziwak xexx8yu xyri2b x18d9i69 x1c1uobl x1n2onr6\">\n<div class=\"x6s0dn4 x1jx94hy x78zum5 xdt5ytf x6ikm8r x10wlt62 x1n2onr6 xh8yej3\">\n<div class=\"xqtp20y x6ikm8r x10wlt62 x1n2onr6\">\n<div class=\"x10l6tqk x13vifvy\"><\/div>\n<\/div>\n<\/div>\n<div class=\"x1nb4dca x1q0q8m5 xso031l x1exxf4d x13fuv20 x178xt8z x1ey2m1c xtijo5x x1o0tod x47corl x10l6tqk x13vifvy\"><\/div>\n<div class=\"x1ey2m1c xtijo5x x1o0tod xg01cxk x47corl x10l6tqk x13vifvy x1ebt8du x19991ni x1dhq9h x1fmog5m xu25z0z x140muxe xo1y3bh\" role=\"none\" data-visualcompletion=\"ignore\"><\/div>\n<\/div>\n<div class=\"html-div xdj266r x14z9mp xat24cr x1lziwak xexx8yu xyri2b x18d9i69 x1c1uobl x6ikm8r x10wlt62\"><\/div>\n<\/div>\n<\/div>\n<div class=\"x1n2onr6 x1ja2u2z x9f619 x78zum5 xdt5ytf x2lah0s x193iq5w x1l90r2v xyamay9\">\n<div class=\"x9f619 x1n2onr6 x1ja2u2z x78zum5 xdt5ytf x1iyjqo2 x2lwn1j\">\n<div class=\"x9f619 x1n2onr6 x1ja2u2z x78zum5 xdt5ytf x2lah0s x193iq5w xf7dkkf xv54qhq\">\n<div class=\"html-div xdj266r x14z9mp xat24cr x1lziwak xexx8yu xyri2b x18d9i69 x1c1uobl x78zum5 x1n2onr6 xh8yej3\">\n<div class=\"x1n2onr6 x1ja2u2z x1jx94hy xw5cjc7 x1dmpuos x1vsv7so xau1kf4 x9f619 xh8yej3 x6ikm8r x10wlt62 x10h3on\">\n<div class=\"x1n2onr6 x1ja2u2z x9f619 x78zum5 xdt5ytf x2lah0s x193iq5w xyamay9 x1l90r2v\">\n<div class=\"x9f619 x1n2onr6 x1ja2u2z x78zum5 xdt5ytf x1iyjqo2 x2lwn1j\">\n<div class=\"x9f619 x1n2onr6 x1ja2u2z x78zum5 xdt5ytf x2lah0s x193iq5w xf7dkkf xv54qhq\">\n<div class=\"x9f619 x1ja2u2z x78zum5 x2lah0s x1n2onr6 xl56j7k x6s0dn4 xozqiw3 x1q0g3np x1ws5yxj xw01apr x4cne27 xifccgj xsag5q8 xexx8yu\">\n<div class=\"x9f619 x1n2onr6 x1ja2u2z x78zum5 xdt5ytf x2lah0s x193iq5w xeuugli x1icxu4v x25sj25 x10b6aqq x1yrsyyn\" style=\"text-align: justify;\"><\/div>\n<\/div>\n<\/div>\n<\/div>\n<\/div>\n<\/div>\n<\/div>\n<\/div>\n<\/div>\n<\/div>\n","protected":false},"excerpt":{"rendered":"<p>Na tarde desta quarta-feira, 27 de agosto de 2025, o Sindicato realizou uma reuni\u00e3o com a Diretoria da DR2 com o&hellip;<\/p>\n","protected":false},"author":1,"featured_media":16566,"comment_status":"open","ping_status":"open","sticky":false,"template":"","format":"standard","meta":{"cybocfi_hide_featured_image":"","footnotes":""},"categories":[22],"tags":[],"yoast_head":"<!-- This site is optimized with the Yoast SEO plugin v22.8 - https:\/\/yoast.com\/wordpress\/plugins\/seo\/ -->\n<title>Sindicato e Gest\u00e3o da Divis\u00e3o Regional Litoral e Metropolitana - DR2 realizam reuni\u00e3o para refor\u00e7ar di\u00e1logo e superar diverg\u00eancias - SITSESP<\/title>\n<meta name=\"robots\" content=\"index, follow, max-snippet:-1, max-image-preview:large, max-video-preview:-1\" \/>\n<link rel=\"canonical\" href=\"https:\/\/www.sitsesp.org.br\/novo\/sindicato-e-gestao-da-divisao-regional-litoral-e-metropolitana-dr2-realizam-reuniao-para-reforcar-dialogo-e-superar-divergencias\/\" \/>\n<meta property=\"og:locale\" content=\"pt_BR\" \/>\n<meta property=\"og:type\" content=\"article\" \/>\n<meta property=\"og:title\" content=\"Sindicato e Gest\u00e3o da Divis\u00e3o Regional Litoral e Metropolitana - DR2 realizam reuni\u00e3o para refor\u00e7ar di\u00e1logo e superar diverg\u00eancias - SITSESP\" \/>\n<meta property=\"og:description\" content=\"Na tarde desta quarta-feira, 27 de agosto de 2025, o Sindicato realizou uma reuni\u00e3o com a Diretoria da DR2 com o&hellip;\" \/>\n<meta property=\"og:url\" content=\"https:\/\/www.sitsesp.org.br\/novo\/sindicato-e-gestao-da-divisao-regional-litoral-e-metropolitana-dr2-realizam-reuniao-para-reforcar-dialogo-e-superar-divergencias\/\" \/>\n<meta property=\"og:site_name\" content=\"SITSESP\" \/>\n<meta property=\"article:published_time\" content=\"2025-08-28T13:51:50+00:00\" \/>\n<meta property=\"article:modified_time\" content=\"2025-08-28T13:57:19+00:00\" \/>\n<meta property=\"og:image\" content=\"https:\/\/www.sitsesp.org.br\/novo\/wp-content\/uploads\/2025\/08\/536276496_1337177071747162_2563768324212860975_n.jpg\" \/>\n\t<meta property=\"og:image:width\" content=\"1280\" \/>\n\t<meta property=\"og:image:height\" content=\"963\" \/>\n\t<meta property=\"og:image:type\" content=\"image\/jpeg\" \/>\n<meta name=\"author\" content=\"mhais\" \/>\n<meta name=\"twitter:card\" content=\"summary_large_image\" \/>\n<meta name=\"twitter:label1\" content=\"Escrito por\" \/>\n\t<meta name=\"twitter:data1\" content=\"mhais\" \/>\n\t<meta name=\"twitter:label2\" content=\"Est. tempo de leitura\" \/>\n\t<meta name=\"twitter:data2\" content=\"3 minutos\" \/>\n<script type=\"application\/ld+json\" class=\"yoast-schema-graph\">{\"@context\":\"https:\/\/schema.org\",\"@graph\":[{\"@type\":\"Article\",\"@id\":\"https:\/\/www.sitsesp.org.br\/novo\/sindicato-e-gestao-da-divisao-regional-litoral-e-metropolitana-dr2-realizam-reuniao-para-reforcar-dialogo-e-superar-divergencias\/#article\",\"isPartOf\":{\"@id\":\"https:\/\/www.sitsesp.org.br\/novo\/sindicato-e-gestao-da-divisao-regional-litoral-e-metropolitana-dr2-realizam-reuniao-para-reforcar-dialogo-e-superar-divergencias\/\"},\"author\":{\"name\":\"mhais\",\"@id\":\"https:\/\/www.sitsesp.org.br\/novo\/#\/schema\/person\/2a4c180eb185645b3bef8657c75e305a\"},\"headline\":\"Sindicato e Gest\u00e3o da Divis\u00e3o Regional Litoral e Metropolitana &#8211; DR2 realizam reuni\u00e3o para refor\u00e7ar di\u00e1logo e superar diverg\u00eancias\",\"datePublished\":\"2025-08-28T13:51:50+00:00\",\"dateModified\":\"2025-08-28T13:57:19+00:00\",\"mainEntityOfPage\":{\"@id\":\"https:\/\/www.sitsesp.org.br\/novo\/sindicato-e-gestao-da-divisao-regional-litoral-e-metropolitana-dr2-realizam-reuniao-para-reforcar-dialogo-e-superar-divergencias\/\"},\"wordCount\":409,\"commentCount\":0,\"publisher\":{\"@id\":\"https:\/\/www.sitsesp.org.br\/novo\/#organization\"},\"image\":{\"@id\":\"https:\/\/www.sitsesp.org.br\/novo\/sindicato-e-gestao-da-divisao-regional-litoral-e-metropolitana-dr2-realizam-reuniao-para-reforcar-dialogo-e-superar-divergencias\/#primaryimage\"},\"thumbnailUrl\":\"https:\/\/www.sitsesp.org.br\/novo\/wp-content\/uploads\/2025\/08\/536276496_1337177071747162_2563768324212860975_n.jpg\",\"articleSection\":[\"Noticias\"],\"inLanguage\":\"pt-BR\",\"potentialAction\":[{\"@type\":\"CommentAction\",\"name\":\"Comment\",\"target\":[\"https:\/\/www.sitsesp.org.br\/novo\/sindicato-e-gestao-da-divisao-regional-litoral-e-metropolitana-dr2-realizam-reuniao-para-reforcar-dialogo-e-superar-divergencias\/#respond\"]}]},{\"@type\":\"WebPage\",\"@id\":\"https:\/\/www.sitsesp.org.br\/novo\/sindicato-e-gestao-da-divisao-regional-litoral-e-metropolitana-dr2-realizam-reuniao-para-reforcar-dialogo-e-superar-divergencias\/\",\"url\":\"https:\/\/www.sitsesp.org.br\/novo\/sindicato-e-gestao-da-divisao-regional-litoral-e-metropolitana-dr2-realizam-reuniao-para-reforcar-dialogo-e-superar-divergencias\/\",\"name\":\"Sindicato e Gest\u00e3o da Divis\u00e3o Regional Litoral e Metropolitana - DR2 realizam reuni\u00e3o para refor\u00e7ar di\u00e1logo e superar diverg\u00eancias - SITSESP\",\"isPartOf\":{\"@id\":\"https:\/\/www.sitsesp.org.br\/novo\/#website\"},\"primaryImageOfPage\":{\"@id\":\"https:\/\/www.sitsesp.org.br\/novo\/sindicato-e-gestao-da-divisao-regional-litoral-e-metropolitana-dr2-realizam-reuniao-para-reforcar-dialogo-e-superar-divergencias\/#primaryimage\"},\"image\":{\"@id\":\"https:\/\/www.sitsesp.org.br\/novo\/sindicato-e-gestao-da-divisao-regional-litoral-e-metropolitana-dr2-realizam-reuniao-para-reforcar-dialogo-e-superar-divergencias\/#primaryimage\"},\"thumbnailUrl\":\"https:\/\/www.sitsesp.org.br\/novo\/wp-content\/uploads\/2025\/08\/536276496_1337177071747162_2563768324212860975_n.jpg\",\"datePublished\":\"2025-08-28T13:51:50+00:00\",\"dateModified\":\"2025-08-28T13:57:19+00:00\",\"breadcrumb\":{\"@id\":\"https:\/\/www.sitsesp.org.br\/novo\/sindicato-e-gestao-da-divisao-regional-litoral-e-metropolitana-dr2-realizam-reuniao-para-reforcar-dialogo-e-superar-divergencias\/#breadcrumb\"},\"inLanguage\":\"pt-BR\",\"potentialAction\":[{\"@type\":\"ReadAction\",\"target\":[\"https:\/\/www.sitsesp.org.br\/novo\/sindicato-e-gestao-da-divisao-regional-litoral-e-metropolitana-dr2-realizam-reuniao-para-reforcar-dialogo-e-superar-divergencias\/\"]}]},{\"@type\":\"ImageObject\",\"inLanguage\":\"pt-BR\",\"@id\":\"https:\/\/www.sitsesp.org.br\/novo\/sindicato-e-gestao-da-divisao-regional-litoral-e-metropolitana-dr2-realizam-reuniao-para-reforcar-dialogo-e-superar-divergencias\/#primaryimage\",\"url\":\"https:\/\/www.sitsesp.org.br\/novo\/wp-content\/uploads\/2025\/08\/536276496_1337177071747162_2563768324212860975_n.jpg\",\"contentUrl\":\"https:\/\/www.sitsesp.org.br\/novo\/wp-content\/uploads\/2025\/08\/536276496_1337177071747162_2563768324212860975_n.jpg\",\"width\":1280,\"height\":963},{\"@type\":\"BreadcrumbList\",\"@id\":\"https:\/\/www.sitsesp.org.br\/novo\/sindicato-e-gestao-da-divisao-regional-litoral-e-metropolitana-dr2-realizam-reuniao-para-reforcar-dialogo-e-superar-divergencias\/#breadcrumb\",\"itemListElement\":[{\"@type\":\"ListItem\",\"position\":1,\"name\":\"In\u00edcio\",\"item\":\"https:\/\/www.sitsesp.org.br\/novo\/\"},{\"@type\":\"ListItem\",\"position\":2,\"name\":\"Sindicato e Gest\u00e3o da Divis\u00e3o Regional Litoral e Metropolitana &#8211; DR2 realizam reuni\u00e3o para refor\u00e7ar di\u00e1logo e superar diverg\u00eancias\"}]},{\"@type\":\"WebSite\",\"@id\":\"https:\/\/www.sitsesp.org.br\/novo\/#website\",\"url\":\"https:\/\/www.sitsesp.org.br\/novo\/\",\"name\":\"Sitsesp\",\"description\":\"SIndicato da Socioeduca\u00e7\u00e3o do Estado de S\u00e3o Paulo\",\"publisher\":{\"@id\":\"https:\/\/www.sitsesp.org.br\/novo\/#organization\"},\"potentialAction\":[{\"@type\":\"SearchAction\",\"target\":{\"@type\":\"EntryPoint\",\"urlTemplate\":\"https:\/\/www.sitsesp.org.br\/novo\/?s={search_term_string}\"},\"query-input\":\"required name=search_term_string\"}],\"inLanguage\":\"pt-BR\"},{\"@type\":\"Organization\",\"@id\":\"https:\/\/www.sitsesp.org.br\/novo\/#organization\",\"name\":\"Sitsesp\",\"url\":\"https:\/\/www.sitsesp.org.br\/novo\/\",\"logo\":{\"@type\":\"ImageObject\",\"inLanguage\":\"pt-BR\",\"@id\":\"https:\/\/www.sitsesp.org.br\/novo\/#\/schema\/logo\/image\/\",\"url\":\"https:\/\/www.sitsesp.org.br\/novo\/wp-content\/uploads\/2020\/09\/Design-sem-nome-1.jpg\",\"contentUrl\":\"https:\/\/www.sitsesp.org.br\/novo\/wp-content\/uploads\/2020\/09\/Design-sem-nome-1.jpg\",\"width\":300,\"height\":300,\"caption\":\"Sitsesp\"},\"image\":{\"@id\":\"https:\/\/www.sitsesp.org.br\/novo\/#\/schema\/logo\/image\/\"}},{\"@type\":\"Person\",\"@id\":\"https:\/\/www.sitsesp.org.br\/novo\/#\/schema\/person\/2a4c180eb185645b3bef8657c75e305a\",\"name\":\"mhais\",\"image\":{\"@type\":\"ImageObject\",\"inLanguage\":\"pt-BR\",\"@id\":\"https:\/\/www.sitsesp.org.br\/novo\/#\/schema\/person\/image\/\",\"url\":\"https:\/\/secure.gravatar.com\/avatar\/6f4eabe86990e81328cf702edfa92a60?s=96&d=mm&r=g\",\"contentUrl\":\"https:\/\/secure.gravatar.com\/avatar\/6f4eabe86990e81328cf702edfa92a60?s=96&d=mm&r=g\",\"caption\":\"mhais\"},\"sameAs\":[\"http:\/\/localhost\/sitsesp\"]}]}<\/script>\n<!-- \/ Yoast SEO plugin. -->","yoast_head_json":{"title":"Sindicato e Gest\u00e3o da Divis\u00e3o Regional Litoral e Metropolitana - DR2 realizam reuni\u00e3o para refor\u00e7ar di\u00e1logo e superar diverg\u00eancias - SITSESP","robots":{"index":"index","follow":"follow","max-snippet":"max-snippet:-1","max-image-preview":"max-image-preview:large","max-video-preview":"max-video-preview:-1"},"canonical":"https:\/\/www.sitsesp.org.br\/novo\/sindicato-e-gestao-da-divisao-regional-litoral-e-metropolitana-dr2-realizam-reuniao-para-reforcar-dialogo-e-superar-divergencias\/","og_locale":"pt_BR","og_type":"article","og_title":"Sindicato e Gest\u00e3o da Divis\u00e3o Regional Litoral e Metropolitana - DR2 realizam reuni\u00e3o para refor\u00e7ar di\u00e1logo e superar diverg\u00eancias - SITSESP","og_description":"Na tarde desta quarta-feira, 27 de agosto de 2025, o Sindicato realizou uma reuni\u00e3o com a Diretoria da DR2 com o&hellip;","og_url":"https:\/\/www.sitsesp.org.br\/novo\/sindicato-e-gestao-da-divisao-regional-litoral-e-metropolitana-dr2-realizam-reuniao-para-reforcar-dialogo-e-superar-divergencias\/","og_site_name":"SITSESP","article_published_time":"2025-08-28T13:51:50+00:00","article_modified_time":"2025-08-28T13:57:19+00:00","og_image":[{"width":1280,"height":963,"url":"https:\/\/www.sitsesp.org.br\/novo\/wp-content\/uploads\/2025\/08\/536276496_1337177071747162_2563768324212860975_n.jpg","type":"image\/jpeg"}],"author":"mhais","twitter_card":"summary_large_image","twitter_misc":{"Escrito por":"mhais","Est. tempo de leitura":"3 minutos"},"schema":{"@context":"https:\/\/schema.org","@graph":[{"@type":"Article","@id":"https:\/\/www.sitsesp.org.br\/novo\/sindicato-e-gestao-da-divisao-regional-litoral-e-metropolitana-dr2-realizam-reuniao-para-reforcar-dialogo-e-superar-divergencias\/#article","isPartOf":{"@id":"https:\/\/www.sitsesp.org.br\/novo\/sindicato-e-gestao-da-divisao-regional-litoral-e-metropolitana-dr2-realizam-reuniao-para-reforcar-dialogo-e-superar-divergencias\/"},"author":{"name":"mhais","@id":"https:\/\/www.sitsesp.org.br\/novo\/#\/schema\/person\/2a4c180eb185645b3bef8657c75e305a"},"headline":"Sindicato e Gest\u00e3o da Divis\u00e3o Regional Litoral e Metropolitana &#8211; DR2 realizam reuni\u00e3o para refor\u00e7ar di\u00e1logo e superar diverg\u00eancias","datePublished":"2025-08-28T13:51:50+00:00","dateModified":"2025-08-28T13:57:19+00:00","mainEntityOfPage":{"@id":"https:\/\/www.sitsesp.org.br\/novo\/sindicato-e-gestao-da-divisao-regional-litoral-e-metropolitana-dr2-realizam-reuniao-para-reforcar-dialogo-e-superar-divergencias\/"},"wordCount":409,"commentCount":0,"publisher":{"@id":"https:\/\/www.sitsesp.org.br\/novo\/#organization"},"image":{"@id":"https:\/\/www.sitsesp.org.br\/novo\/sindicato-e-gestao-da-divisao-regional-litoral-e-metropolitana-dr2-realizam-reuniao-para-reforcar-dialogo-e-superar-divergencias\/#primaryimage"},"thumbnailUrl":"https:\/\/www.sitsesp.org.br\/novo\/wp-content\/uploads\/2025\/08\/536276496_1337177071747162_2563768324212860975_n.jpg","articleSection":["Noticias"],"inLanguage":"pt-BR","potentialAction":[{"@type":"CommentAction","name":"Comment","target":["https:\/\/www.sitsesp.org.br\/novo\/sindicato-e-gestao-da-divisao-regional-litoral-e-metropolitana-dr2-realizam-reuniao-para-reforcar-dialogo-e-superar-divergencias\/#respond"]}]},{"@type":"WebPage","@id":"https:\/\/www.sitsesp.org.br\/novo\/sindicato-e-gestao-da-divisao-regional-litoral-e-metropolitana-dr2-realizam-reuniao-para-reforcar-dialogo-e-superar-divergencias\/","url":"https:\/\/www.sitsesp.org.br\/novo\/sindicato-e-gestao-da-divisao-regional-litoral-e-metropolitana-dr2-realizam-reuniao-para-reforcar-dialogo-e-superar-divergencias\/","name":"Sindicato e Gest\u00e3o da Divis\u00e3o Regional Litoral e Metropolitana - DR2 realizam reuni\u00e3o para refor\u00e7ar di\u00e1logo e superar diverg\u00eancias - SITSESP","isPartOf":{"@id":"https:\/\/www.sitsesp.org.br\/novo\/#website"},"primaryImageOfPage":{"@id":"https:\/\/www.sitsesp.org.br\/novo\/sindicato-e-gestao-da-divisao-regional-litoral-e-metropolitana-dr2-realizam-reuniao-para-reforcar-dialogo-e-superar-divergencias\/#primaryimage"},"image":{"@id":"https:\/\/www.sitsesp.org.br\/novo\/sindicato-e-gestao-da-divisao-regional-litoral-e-metropolitana-dr2-realizam-reuniao-para-reforcar-dialogo-e-superar-divergencias\/#primaryimage"},"thumbnailUrl":"https:\/\/www.sitsesp.org.br\/novo\/wp-content\/uploads\/2025\/08\/536276496_1337177071747162_2563768324212860975_n.jpg","datePublished":"2025-08-28T13:51:50+00:00","dateModified":"2025-08-28T13:57:19+00:00","breadcrumb":{"@id":"https:\/\/www.sitsesp.org.br\/novo\/sindicato-e-gestao-da-divisao-regional-litoral-e-metropolitana-dr2-realizam-reuniao-para-reforcar-dialogo-e-superar-divergencias\/#breadcrumb"},"inLanguage":"pt-BR","potentialAction":[{"@type":"ReadAction","target":["https:\/\/www.sitsesp.org.br\/novo\/sindicato-e-gestao-da-divisao-regional-litoral-e-metropolitana-dr2-realizam-reuniao-para-reforcar-dialogo-e-superar-divergencias\/"]}]},{"@type":"ImageObject","inLanguage":"pt-BR","@id":"https:\/\/www.sitsesp.org.br\/novo\/sindicato-e-gestao-da-divisao-regional-litoral-e-metropolitana-dr2-realizam-reuniao-para-reforcar-dialogo-e-superar-divergencias\/#primaryimage","url":"https:\/\/www.sitsesp.org.br\/novo\/wp-content\/uploads\/2025\/08\/536276496_1337177071747162_2563768324212860975_n.jpg","contentUrl":"https:\/\/www.sitsesp.org.br\/novo\/wp-content\/uploads\/2025\/08\/536276496_1337177071747162_2563768324212860975_n.jpg","width":1280,"height":963},{"@type":"BreadcrumbList","@id":"https:\/\/www.sitsesp.org.br\/novo\/sindicato-e-gestao-da-divisao-regional-litoral-e-metropolitana-dr2-realizam-reuniao-para-reforcar-dialogo-e-superar-divergencias\/#breadcrumb","itemListElement":[{"@type":"ListItem","position":1,"name":"In\u00edcio","item":"https:\/\/www.sitsesp.org.br\/novo\/"},{"@type":"ListItem","position":2,"name":"Sindicato e Gest\u00e3o da Divis\u00e3o Regional Litoral e Metropolitana &#8211; DR2 realizam reuni\u00e3o para refor\u00e7ar di\u00e1logo e superar diverg\u00eancias"}]},{"@type":"WebSite","@id":"https:\/\/www.sitsesp.org.br\/novo\/#website","url":"https:\/\/www.sitsesp.org.br\/novo\/","name":"Sitsesp","description":"SIndicato da Socioeduca\u00e7\u00e3o do Estado de S\u00e3o Paulo","publisher":{"@id":"https:\/\/www.sitsesp.org.br\/novo\/#organization"},"potentialAction":[{"@type":"SearchAction","target":{"@type":"EntryPoint","urlTemplate":"https:\/\/www.sitsesp.org.br\/novo\/?s={search_term_string}"},"query-input":"required name=search_term_string"}],"inLanguage":"pt-BR"},{"@type":"Organization","@id":"https:\/\/www.sitsesp.org.br\/novo\/#organization","name":"Sitsesp","url":"https:\/\/www.sitsesp.org.br\/novo\/","logo":{"@type":"ImageObject","inLanguage":"pt-BR","@id":"https:\/\/www.sitsesp.org.br\/novo\/#\/schema\/logo\/image\/","url":"https:\/\/www.sitsesp.org.br\/novo\/wp-content\/uploads\/2020\/09\/Design-sem-nome-1.jpg","contentUrl":"https:\/\/www.sitsesp.org.br\/novo\/wp-content\/uploads\/2020\/09\/Design-sem-nome-1.jpg","width":300,"height":300,"caption":"Sitsesp"},"image":{"@id":"https:\/\/www.sitsesp.org.br\/novo\/#\/schema\/logo\/image\/"}},{"@type":"Person","@id":"https:\/\/www.sitsesp.org.br\/novo\/#\/schema\/person\/2a4c180eb185645b3bef8657c75e305a","name":"mhais","image":{"@type":"ImageObject","inLanguage":"pt-BR","@id":"https:\/\/www.sitsesp.org.br\/novo\/#\/schema\/person\/image\/","url":"https:\/\/secure.gravatar.com\/avatar\/6f4eabe86990e81328cf702edfa92a60?s=96&d=mm&r=g","contentUrl":"https:\/\/secure.gravatar.com\/avatar\/6f4eabe86990e81328cf702edfa92a60?s=96&d=mm&r=g","caption":"mhais"},"sameAs":["http:\/\/localhost\/sitsesp"]}]}},"_links":{"self":[{"href":"https:\/\/www.sitsesp.org.br\/novo\/wp-json\/wp\/v2\/posts\/16565"}],"collection":[{"href":"https:\/\/www.sitsesp.org.br\/novo\/wp-json\/wp\/v2\/posts"}],"about":[{"href":"https:\/\/www.sitsesp.org.br\/novo\/wp-json\/wp\/v2\/types\/post"}],"author":[{"embeddable":true,"href":"https:\/\/www.sitsesp.org.br\/novo\/wp-json\/wp\/v2\/users\/1"}],"replies":[{"embeddable":true,"href":"https:\/\/www.sitsesp.org.br\/novo\/wp-json\/wp\/v2\/comments?post=16565"}],"version-history":[{"count":1,"href":"https:\/\/www.sitsesp.org.br\/novo\/wp-json\/wp\/v2\/posts\/16565\/revisions"}],"predecessor-version":[{"id":16567,"href":"https:\/\/www.sitsesp.org.br\/novo\/wp-json\/wp\/v2\/posts\/16565\/revisions\/16567"}],"wp:featuredmedia":[{"embeddable":true,"href":"https:\/\/www.sitsesp.org.br\/novo\/wp-json\/wp\/v2\/media\/16566"}],"wp:attachment":[{"href":"https:\/\/www.sitsesp.org.br\/novo\/wp-json\/wp\/v2\/media?parent=16565"}],"wp:term":[{"taxonomy":"category","embeddable":true,"href":"https:\/\/www.sitsesp.org.br\/novo\/wp-json\/wp\/v2\/categories?post=16565"},{"taxonomy":"post_tag","embeddable":true,"href":"https:\/\/www.sitsesp.org.br\/novo\/wp-json\/wp\/v2\/tags?post=16565"}],"curies":[{"name":"wp","href":"https:\/\/api.w.org\/{rel}","templated":true}]}}