{"id":16691,"date":"2025-10-23T10:51:35","date_gmt":"2025-10-23T13:51:35","guid":{"rendered":"https:\/\/www.sitsesp.org.br\/novo\/?p=16691"},"modified":"2025-10-30T11:16:11","modified_gmt":"2025-10-30T14:16:11","slug":"sitsesp-reafirma-posicao-contraria-a-implantacao-do-scanner-corporal-nas-unidades-da-fundacao-casa","status":"publish","type":"post","link":"https:\/\/www.sitsesp.org.br\/novo\/sitsesp-reafirma-posicao-contraria-a-implantacao-do-scanner-corporal-nas-unidades-da-fundacao-casa\/","title":{"rendered":"SITSESP reafirma posi\u00e7\u00e3o contr\u00e1ria \u00e0 implanta\u00e7\u00e3o do scanner corporal nas unidades da Funda\u00e7\u00e3o CASA"},"content":{"rendered":"<p><!-- VideographyWP Plugin Message: Automatic video embedding prevented by plugin options. --><\/p>\n<p style=\"text-align: justify;\">Na manh\u00e3 de 22 de outubro de 2025, representantes do SITSESP participaram de uma reuni\u00e3o na sede da Funda\u00e7\u00e3o CASA, em S\u00e3o Paulo, para discutir a eventual implanta\u00e7\u00e3o dos equipamentos de scanner corporal nos centros socioeducativos. O encontro, que se estendeu das 10h \u00e0s 12h48, contou com dirigentes da institui\u00e7\u00e3o e da empresa respons\u00e1vel pelos equipamentos, al\u00e9m da presen\u00e7a do presidente do sindicato, Neemias de Souza Silva, do diretor jur\u00eddico Edson Brito, do advogado Ronaldo Pagotto, da secret\u00e1ria-geral Jessita Camargo e de Pedro Camilo, integrante da Comiss\u00e3o Permanente de Negocia\u00e7\u00e3o.<br \/>\nDebate sobre seguran\u00e7a e riscos \u00e0 sa\u00fade.<br \/>\nDurante a reuni\u00e3o, t\u00e9cnicos da Funda\u00e7\u00e3o apresentaram o scanner Nuctech modelo HT2000GAL, destacando que o equipamento opera dentro dos limites de radia\u00e7\u00e3o permitidos pela Comiss\u00e3o Nacional de Energia Nuclear (CNEN) e que gestantes, lactantes e pessoas com marca-passo estariam dispensadas do uso.<br \/>\nApesar das explica\u00e7\u00f5es, o SITSESP manifestou preocupa\u00e7\u00e3o com os poss\u00edveis efeitos da exposi\u00e7\u00e3o \u00e0 radia\u00e7\u00e3o a longo prazo, mesmo dentro dos limites considerados seguros. O presidente Neemias de Souza Silva lembrou que decis\u00f5es judiciais anteriores j\u00e1 determinaram a suspens\u00e3o tempor\u00e1ria do uso desses equipamentos em outras institui\u00e7\u00f5es e alertou que a sa\u00fade dos trabalhadores deve prevalecer sobre qualquer medida de seguran\u00e7a tecnol\u00f3gica. E manifestou contrariedade a implanta\u00e7\u00e3o na forma proposta, pois trata o servidor como suspeito.<br \/>\nO diretor jur\u00eddico Edson Brito refor\u00e7ou que muitos servidores ainda n\u00e3o possuem informa\u00e7\u00f5es suficientes sobre o funcionamento do scanner e temem riscos \u00e0 integridade f\u00edsica, especialmente aqueles com condi\u00e7\u00f5es de sa\u00fade pr\u00e9-existentes.<br \/>\nDiverg\u00eancias e encaminhamentos<br \/>\nDurante o debate, o SITSESP prop\u00f4s que o uso do scanner seja limitado aos centros com maior registro de tentativas de entrada de objetos il\u00edcitos, de forma gradual e supervisionada, como alternativa \u00e0 implanta\u00e7\u00e3o generalizada e no modo aleat\u00f3rio para 30% em cada entrada. A Funda\u00e7\u00e3o CASA, no entanto, manteve a posi\u00e7\u00e3o de instalar os equipamentos em todas as unidades, afirmando que o scanner \u00e9 um recurso complementar de seguran\u00e7a e que o respeito \u00e0 privacidade e \u00e0 identidade de g\u00eanero ser\u00e1 assegurado.<br \/>\nAo final da reuni\u00e3o, n\u00e3o houve consenso. O SITSESP reiterou sua posi\u00e7\u00e3o contr\u00e1ria \u00e0 ado\u00e7\u00e3o ampla e irrestrita dos scanners, defendendo que qualquer implementa\u00e7\u00e3o deve ser precedida de estudos t\u00e9cnicos independentes, certifica\u00e7\u00f5es atualizadas e acompanhamento de \u00f3rg\u00e3os fiscalizadores.<br \/>\n\u201cO sindicato n\u00e3o \u00e9 contra a tecnologia, mas \u00e9 contra qualquer medida que coloque em risco a sa\u00fade e a dignidade dos servidores. Seguran\u00e7a n\u00e3o se faz com imposi\u00e7\u00e3o, mas com di\u00e1logo, ci\u00eancia e respeito aos servidores\u201d, declarou o presidente Neemias de Souza Silva.<br \/>\nCom a recusa em prosseguir com a discuss\u00e3o, na mesa de negocia\u00e7\u00e3o permanente, a Funda\u00e7\u00e3o CASA juntou uma peti\u00e7\u00e3o nos autos para prosseguir o processo, que tem audi\u00eancia agendada para o pr\u00f3ximo dia 9 de dezembro 2025. O SITSESP seguir\u00e1 acompanhando o tema e cobrando transpar\u00eancia e responsabilidade na condu\u00e7\u00e3o do processo, reafirmando seu compromisso com a prote\u00e7\u00e3o da sa\u00fade e dos direitos dos profissionais da Funda\u00e7\u00e3o CASA.<\/p>\n","protected":false},"excerpt":{"rendered":"<p>Na manh\u00e3 de 22 de outubro de 2025, representantes do SITSESP participaram de uma reuni\u00e3o na sede da Funda\u00e7\u00e3o CASA, em&hellip;<\/p>\n","protected":false},"author":1,"featured_media":16692,"comment_status":"open","ping_status":"open","sticky":false,"template":"","format":"standard","meta":{"cybocfi_hide_featured_image":"","footnotes":""},"categories":[78],"tags":[],"yoast_head":"<!-- This site is optimized with the Yoast SEO plugin v22.8 - https:\/\/yoast.com\/wordpress\/plugins\/seo\/ -->\n<title>SITSESP reafirma posi\u00e7\u00e3o contr\u00e1ria \u00e0 implanta\u00e7\u00e3o do scanner corporal nas unidades da Funda\u00e7\u00e3o CASA - SITSESP<\/title>\n<meta name=\"robots\" content=\"index, follow, max-snippet:-1, max-image-preview:large, max-video-preview:-1\" \/>\n<link rel=\"canonical\" href=\"https:\/\/www.sitsesp.org.br\/novo\/sitsesp-reafirma-posicao-contraria-a-implantacao-do-scanner-corporal-nas-unidades-da-fundacao-casa\/\" \/>\n<meta property=\"og:locale\" content=\"pt_BR\" \/>\n<meta property=\"og:type\" content=\"article\" \/>\n<meta property=\"og:title\" content=\"SITSESP reafirma posi\u00e7\u00e3o contr\u00e1ria \u00e0 implanta\u00e7\u00e3o do scanner corporal nas unidades da Funda\u00e7\u00e3o CASA - SITSESP\" \/>\n<meta property=\"og:description\" content=\"Na manh\u00e3 de 22 de outubro de 2025, representantes do SITSESP participaram de uma reuni\u00e3o na sede da Funda\u00e7\u00e3o CASA, em&hellip;\" \/>\n<meta property=\"og:url\" content=\"https:\/\/www.sitsesp.org.br\/novo\/sitsesp-reafirma-posicao-contraria-a-implantacao-do-scanner-corporal-nas-unidades-da-fundacao-casa\/\" \/>\n<meta property=\"og:site_name\" content=\"SITSESP\" \/>\n<meta property=\"article:published_time\" content=\"2025-10-23T13:51:35+00:00\" \/>\n<meta property=\"article:modified_time\" content=\"2025-10-30T14:16:11+00:00\" \/>\n<meta property=\"og:image\" content=\"https:\/\/www.sitsesp.org.br\/novo\/wp-content\/uploads\/2025\/10\/WhatsApp-Image-2025-10-23-at-10.07.43.jpeg\" \/>\n\t<meta property=\"og:image:width\" content=\"1600\" \/>\n\t<meta property=\"og:image:height\" content=\"1204\" \/>\n\t<meta property=\"og:image:type\" content=\"image\/jpeg\" \/>\n<meta name=\"author\" content=\"mhais\" \/>\n<meta name=\"twitter:card\" content=\"summary_large_image\" \/>\n<meta name=\"twitter:label1\" content=\"Escrito por\" \/>\n\t<meta name=\"twitter:data1\" content=\"mhais\" \/>\n\t<meta name=\"twitter:label2\" content=\"Est. tempo de leitura\" \/>\n\t<meta name=\"twitter:data2\" content=\"3 minutos\" \/>\n<script type=\"application\/ld+json\" class=\"yoast-schema-graph\">{\"@context\":\"https:\/\/schema.org\",\"@graph\":[{\"@type\":\"Article\",\"@id\":\"https:\/\/www.sitsesp.org.br\/novo\/sitsesp-reafirma-posicao-contraria-a-implantacao-do-scanner-corporal-nas-unidades-da-fundacao-casa\/#article\",\"isPartOf\":{\"@id\":\"https:\/\/www.sitsesp.org.br\/novo\/sitsesp-reafirma-posicao-contraria-a-implantacao-do-scanner-corporal-nas-unidades-da-fundacao-casa\/\"},\"author\":{\"name\":\"mhais\",\"@id\":\"https:\/\/www.sitsesp.org.br\/novo\/#\/schema\/person\/2a4c180eb185645b3bef8657c75e305a\"},\"headline\":\"SITSESP reafirma posi\u00e7\u00e3o contr\u00e1ria \u00e0 implanta\u00e7\u00e3o do scanner corporal nas unidades da Funda\u00e7\u00e3o CASA\",\"datePublished\":\"2025-10-23T13:51:35+00:00\",\"dateModified\":\"2025-10-30T14:16:11+00:00\",\"mainEntityOfPage\":{\"@id\":\"https:\/\/www.sitsesp.org.br\/novo\/sitsesp-reafirma-posicao-contraria-a-implantacao-do-scanner-corporal-nas-unidades-da-fundacao-casa\/\"},\"wordCount\":562,\"commentCount\":0,\"publisher\":{\"@id\":\"https:\/\/www.sitsesp.org.br\/novo\/#organization\"},\"image\":{\"@id\":\"https:\/\/www.sitsesp.org.br\/novo\/sitsesp-reafirma-posicao-contraria-a-implantacao-do-scanner-corporal-nas-unidades-da-fundacao-casa\/#primaryimage\"},\"thumbnailUrl\":\"https:\/\/www.sitsesp.org.br\/novo\/wp-content\/uploads\/2025\/10\/WhatsApp-Image-2025-10-23-at-10.07.43.jpeg\",\"articleSection\":[\"manchete\"],\"inLanguage\":\"pt-BR\",\"potentialAction\":[{\"@type\":\"CommentAction\",\"name\":\"Comment\",\"target\":[\"https:\/\/www.sitsesp.org.br\/novo\/sitsesp-reafirma-posicao-contraria-a-implantacao-do-scanner-corporal-nas-unidades-da-fundacao-casa\/#respond\"]}]},{\"@type\":\"WebPage\",\"@id\":\"https:\/\/www.sitsesp.org.br\/novo\/sitsesp-reafirma-posicao-contraria-a-implantacao-do-scanner-corporal-nas-unidades-da-fundacao-casa\/\",\"url\":\"https:\/\/www.sitsesp.org.br\/novo\/sitsesp-reafirma-posicao-contraria-a-implantacao-do-scanner-corporal-nas-unidades-da-fundacao-casa\/\",\"name\":\"SITSESP reafirma posi\u00e7\u00e3o contr\u00e1ria \u00e0 implanta\u00e7\u00e3o do scanner corporal nas unidades da Funda\u00e7\u00e3o CASA - SITSESP\",\"isPartOf\":{\"@id\":\"https:\/\/www.sitsesp.org.br\/novo\/#website\"},\"primaryImageOfPage\":{\"@id\":\"https:\/\/www.sitsesp.org.br\/novo\/sitsesp-reafirma-posicao-contraria-a-implantacao-do-scanner-corporal-nas-unidades-da-fundacao-casa\/#primaryimage\"},\"image\":{\"@id\":\"https:\/\/www.sitsesp.org.br\/novo\/sitsesp-reafirma-posicao-contraria-a-implantacao-do-scanner-corporal-nas-unidades-da-fundacao-casa\/#primaryimage\"},\"thumbnailUrl\":\"https:\/\/www.sitsesp.org.br\/novo\/wp-content\/uploads\/2025\/10\/WhatsApp-Image-2025-10-23-at-10.07.43.jpeg\",\"datePublished\":\"2025-10-23T13:51:35+00:00\",\"dateModified\":\"2025-10-30T14:16:11+00:00\",\"breadcrumb\":{\"@id\":\"https:\/\/www.sitsesp.org.br\/novo\/sitsesp-reafirma-posicao-contraria-a-implantacao-do-scanner-corporal-nas-unidades-da-fundacao-casa\/#breadcrumb\"},\"inLanguage\":\"pt-BR\",\"potentialAction\":[{\"@type\":\"ReadAction\",\"target\":[\"https:\/\/www.sitsesp.org.br\/novo\/sitsesp-reafirma-posicao-contraria-a-implantacao-do-scanner-corporal-nas-unidades-da-fundacao-casa\/\"]}]},{\"@type\":\"ImageObject\",\"inLanguage\":\"pt-BR\",\"@id\":\"https:\/\/www.sitsesp.org.br\/novo\/sitsesp-reafirma-posicao-contraria-a-implantacao-do-scanner-corporal-nas-unidades-da-fundacao-casa\/#primaryimage\",\"url\":\"https:\/\/www.sitsesp.org.br\/novo\/wp-content\/uploads\/2025\/10\/WhatsApp-Image-2025-10-23-at-10.07.43.jpeg\",\"contentUrl\":\"https:\/\/www.sitsesp.org.br\/novo\/wp-content\/uploads\/2025\/10\/WhatsApp-Image-2025-10-23-at-10.07.43.jpeg\",\"width\":1600,\"height\":1204},{\"@type\":\"BreadcrumbList\",\"@id\":\"https:\/\/www.sitsesp.org.br\/novo\/sitsesp-reafirma-posicao-contraria-a-implantacao-do-scanner-corporal-nas-unidades-da-fundacao-casa\/#breadcrumb\",\"itemListElement\":[{\"@type\":\"ListItem\",\"position\":1,\"name\":\"In\u00edcio\",\"item\":\"https:\/\/www.sitsesp.org.br\/novo\/\"},{\"@type\":\"ListItem\",\"position\":2,\"name\":\"SITSESP reafirma posi\u00e7\u00e3o contr\u00e1ria \u00e0 implanta\u00e7\u00e3o do scanner corporal nas unidades da Funda\u00e7\u00e3o CASA\"}]},{\"@type\":\"WebSite\",\"@id\":\"https:\/\/www.sitsesp.org.br\/novo\/#website\",\"url\":\"https:\/\/www.sitsesp.org.br\/novo\/\",\"name\":\"Sitsesp\",\"description\":\"SIndicato da Socioeduca\u00e7\u00e3o do Estado de S\u00e3o Paulo\",\"publisher\":{\"@id\":\"https:\/\/www.sitsesp.org.br\/novo\/#organization\"},\"potentialAction\":[{\"@type\":\"SearchAction\",\"target\":{\"@type\":\"EntryPoint\",\"urlTemplate\":\"https:\/\/www.sitsesp.org.br\/novo\/?s={search_term_string}\"},\"query-input\":\"required name=search_term_string\"}],\"inLanguage\":\"pt-BR\"},{\"@type\":\"Organization\",\"@id\":\"https:\/\/www.sitsesp.org.br\/novo\/#organization\",\"name\":\"Sitsesp\",\"url\":\"https:\/\/www.sitsesp.org.br\/novo\/\",\"logo\":{\"@type\":\"ImageObject\",\"inLanguage\":\"pt-BR\",\"@id\":\"https:\/\/www.sitsesp.org.br\/novo\/#\/schema\/logo\/image\/\",\"url\":\"https:\/\/www.sitsesp.org.br\/novo\/wp-content\/uploads\/2020\/09\/Design-sem-nome-1.jpg\",\"contentUrl\":\"https:\/\/www.sitsesp.org.br\/novo\/wp-content\/uploads\/2020\/09\/Design-sem-nome-1.jpg\",\"width\":300,\"height\":300,\"caption\":\"Sitsesp\"},\"image\":{\"@id\":\"https:\/\/www.sitsesp.org.br\/novo\/#\/schema\/logo\/image\/\"}},{\"@type\":\"Person\",\"@id\":\"https:\/\/www.sitsesp.org.br\/novo\/#\/schema\/person\/2a4c180eb185645b3bef8657c75e305a\",\"name\":\"mhais\",\"image\":{\"@type\":\"ImageObject\",\"inLanguage\":\"pt-BR\",\"@id\":\"https:\/\/www.sitsesp.org.br\/novo\/#\/schema\/person\/image\/\",\"url\":\"https:\/\/secure.gravatar.com\/avatar\/6f4eabe86990e81328cf702edfa92a60?s=96&d=mm&r=g\",\"contentUrl\":\"https:\/\/secure.gravatar.com\/avatar\/6f4eabe86990e81328cf702edfa92a60?s=96&d=mm&r=g\",\"caption\":\"mhais\"},\"sameAs\":[\"http:\/\/localhost\/sitsesp\"]}]}<\/script>\n<!-- \/ Yoast SEO plugin. -->","yoast_head_json":{"title":"SITSESP reafirma posi\u00e7\u00e3o contr\u00e1ria \u00e0 implanta\u00e7\u00e3o do scanner corporal nas unidades da Funda\u00e7\u00e3o CASA - SITSESP","robots":{"index":"index","follow":"follow","max-snippet":"max-snippet:-1","max-image-preview":"max-image-preview:large","max-video-preview":"max-video-preview:-1"},"canonical":"https:\/\/www.sitsesp.org.br\/novo\/sitsesp-reafirma-posicao-contraria-a-implantacao-do-scanner-corporal-nas-unidades-da-fundacao-casa\/","og_locale":"pt_BR","og_type":"article","og_title":"SITSESP reafirma posi\u00e7\u00e3o contr\u00e1ria \u00e0 implanta\u00e7\u00e3o do scanner corporal nas unidades da Funda\u00e7\u00e3o CASA - SITSESP","og_description":"Na manh\u00e3 de 22 de outubro de 2025, representantes do SITSESP participaram de uma reuni\u00e3o na sede da Funda\u00e7\u00e3o CASA, em&hellip;","og_url":"https:\/\/www.sitsesp.org.br\/novo\/sitsesp-reafirma-posicao-contraria-a-implantacao-do-scanner-corporal-nas-unidades-da-fundacao-casa\/","og_site_name":"SITSESP","article_published_time":"2025-10-23T13:51:35+00:00","article_modified_time":"2025-10-30T14:16:11+00:00","og_image":[{"width":1600,"height":1204,"url":"https:\/\/www.sitsesp.org.br\/novo\/wp-content\/uploads\/2025\/10\/WhatsApp-Image-2025-10-23-at-10.07.43.jpeg","type":"image\/jpeg"}],"author":"mhais","twitter_card":"summary_large_image","twitter_misc":{"Escrito por":"mhais","Est. tempo de leitura":"3 minutos"},"schema":{"@context":"https:\/\/schema.org","@graph":[{"@type":"Article","@id":"https:\/\/www.sitsesp.org.br\/novo\/sitsesp-reafirma-posicao-contraria-a-implantacao-do-scanner-corporal-nas-unidades-da-fundacao-casa\/#article","isPartOf":{"@id":"https:\/\/www.sitsesp.org.br\/novo\/sitsesp-reafirma-posicao-contraria-a-implantacao-do-scanner-corporal-nas-unidades-da-fundacao-casa\/"},"author":{"name":"mhais","@id":"https:\/\/www.sitsesp.org.br\/novo\/#\/schema\/person\/2a4c180eb185645b3bef8657c75e305a"},"headline":"SITSESP reafirma posi\u00e7\u00e3o contr\u00e1ria \u00e0 implanta\u00e7\u00e3o do scanner corporal nas unidades da Funda\u00e7\u00e3o CASA","datePublished":"2025-10-23T13:51:35+00:00","dateModified":"2025-10-30T14:16:11+00:00","mainEntityOfPage":{"@id":"https:\/\/www.sitsesp.org.br\/novo\/sitsesp-reafirma-posicao-contraria-a-implantacao-do-scanner-corporal-nas-unidades-da-fundacao-casa\/"},"wordCount":562,"commentCount":0,"publisher":{"@id":"https:\/\/www.sitsesp.org.br\/novo\/#organization"},"image":{"@id":"https:\/\/www.sitsesp.org.br\/novo\/sitsesp-reafirma-posicao-contraria-a-implantacao-do-scanner-corporal-nas-unidades-da-fundacao-casa\/#primaryimage"},"thumbnailUrl":"https:\/\/www.sitsesp.org.br\/novo\/wp-content\/uploads\/2025\/10\/WhatsApp-Image-2025-10-23-at-10.07.43.jpeg","articleSection":["manchete"],"inLanguage":"pt-BR","potentialAction":[{"@type":"CommentAction","name":"Comment","target":["https:\/\/www.sitsesp.org.br\/novo\/sitsesp-reafirma-posicao-contraria-a-implantacao-do-scanner-corporal-nas-unidades-da-fundacao-casa\/#respond"]}]},{"@type":"WebPage","@id":"https:\/\/www.sitsesp.org.br\/novo\/sitsesp-reafirma-posicao-contraria-a-implantacao-do-scanner-corporal-nas-unidades-da-fundacao-casa\/","url":"https:\/\/www.sitsesp.org.br\/novo\/sitsesp-reafirma-posicao-contraria-a-implantacao-do-scanner-corporal-nas-unidades-da-fundacao-casa\/","name":"SITSESP reafirma posi\u00e7\u00e3o contr\u00e1ria \u00e0 implanta\u00e7\u00e3o do scanner corporal nas unidades da Funda\u00e7\u00e3o CASA - SITSESP","isPartOf":{"@id":"https:\/\/www.sitsesp.org.br\/novo\/#website"},"primaryImageOfPage":{"@id":"https:\/\/www.sitsesp.org.br\/novo\/sitsesp-reafirma-posicao-contraria-a-implantacao-do-scanner-corporal-nas-unidades-da-fundacao-casa\/#primaryimage"},"image":{"@id":"https:\/\/www.sitsesp.org.br\/novo\/sitsesp-reafirma-posicao-contraria-a-implantacao-do-scanner-corporal-nas-unidades-da-fundacao-casa\/#primaryimage"},"thumbnailUrl":"https:\/\/www.sitsesp.org.br\/novo\/wp-content\/uploads\/2025\/10\/WhatsApp-Image-2025-10-23-at-10.07.43.jpeg","datePublished":"2025-10-23T13:51:35+00:00","dateModified":"2025-10-30T14:16:11+00:00","breadcrumb":{"@id":"https:\/\/www.sitsesp.org.br\/novo\/sitsesp-reafirma-posicao-contraria-a-implantacao-do-scanner-corporal-nas-unidades-da-fundacao-casa\/#breadcrumb"},"inLanguage":"pt-BR","potentialAction":[{"@type":"ReadAction","target":["https:\/\/www.sitsesp.org.br\/novo\/sitsesp-reafirma-posicao-contraria-a-implantacao-do-scanner-corporal-nas-unidades-da-fundacao-casa\/"]}]},{"@type":"ImageObject","inLanguage":"pt-BR","@id":"https:\/\/www.sitsesp.org.br\/novo\/sitsesp-reafirma-posicao-contraria-a-implantacao-do-scanner-corporal-nas-unidades-da-fundacao-casa\/#primaryimage","url":"https:\/\/www.sitsesp.org.br\/novo\/wp-content\/uploads\/2025\/10\/WhatsApp-Image-2025-10-23-at-10.07.43.jpeg","contentUrl":"https:\/\/www.sitsesp.org.br\/novo\/wp-content\/uploads\/2025\/10\/WhatsApp-Image-2025-10-23-at-10.07.43.jpeg","width":1600,"height":1204},{"@type":"BreadcrumbList","@id":"https:\/\/www.sitsesp.org.br\/novo\/sitsesp-reafirma-posicao-contraria-a-implantacao-do-scanner-corporal-nas-unidades-da-fundacao-casa\/#breadcrumb","itemListElement":[{"@type":"ListItem","position":1,"name":"In\u00edcio","item":"https:\/\/www.sitsesp.org.br\/novo\/"},{"@type":"ListItem","position":2,"name":"SITSESP reafirma posi\u00e7\u00e3o contr\u00e1ria \u00e0 implanta\u00e7\u00e3o do scanner corporal nas unidades da Funda\u00e7\u00e3o CASA"}]},{"@type":"WebSite","@id":"https:\/\/www.sitsesp.org.br\/novo\/#website","url":"https:\/\/www.sitsesp.org.br\/novo\/","name":"Sitsesp","description":"SIndicato da Socioeduca\u00e7\u00e3o do Estado de S\u00e3o Paulo","publisher":{"@id":"https:\/\/www.sitsesp.org.br\/novo\/#organization"},"potentialAction":[{"@type":"SearchAction","target":{"@type":"EntryPoint","urlTemplate":"https:\/\/www.sitsesp.org.br\/novo\/?s={search_term_string}"},"query-input":"required name=search_term_string"}],"inLanguage":"pt-BR"},{"@type":"Organization","@id":"https:\/\/www.sitsesp.org.br\/novo\/#organization","name":"Sitsesp","url":"https:\/\/www.sitsesp.org.br\/novo\/","logo":{"@type":"ImageObject","inLanguage":"pt-BR","@id":"https:\/\/www.sitsesp.org.br\/novo\/#\/schema\/logo\/image\/","url":"https:\/\/www.sitsesp.org.br\/novo\/wp-content\/uploads\/2020\/09\/Design-sem-nome-1.jpg","contentUrl":"https:\/\/www.sitsesp.org.br\/novo\/wp-content\/uploads\/2020\/09\/Design-sem-nome-1.jpg","width":300,"height":300,"caption":"Sitsesp"},"image":{"@id":"https:\/\/www.sitsesp.org.br\/novo\/#\/schema\/logo\/image\/"}},{"@type":"Person","@id":"https:\/\/www.sitsesp.org.br\/novo\/#\/schema\/person\/2a4c180eb185645b3bef8657c75e305a","name":"mhais","image":{"@type":"ImageObject","inLanguage":"pt-BR","@id":"https:\/\/www.sitsesp.org.br\/novo\/#\/schema\/person\/image\/","url":"https:\/\/secure.gravatar.com\/avatar\/6f4eabe86990e81328cf702edfa92a60?s=96&d=mm&r=g","contentUrl":"https:\/\/secure.gravatar.com\/avatar\/6f4eabe86990e81328cf702edfa92a60?s=96&d=mm&r=g","caption":"mhais"},"sameAs":["http:\/\/localhost\/sitsesp"]}]}},"_links":{"self":[{"href":"https:\/\/www.sitsesp.org.br\/novo\/wp-json\/wp\/v2\/posts\/16691"}],"collection":[{"href":"https:\/\/www.sitsesp.org.br\/novo\/wp-json\/wp\/v2\/posts"}],"about":[{"href":"https:\/\/www.sitsesp.org.br\/novo\/wp-json\/wp\/v2\/types\/post"}],"author":[{"embeddable":true,"href":"https:\/\/www.sitsesp.org.br\/novo\/wp-json\/wp\/v2\/users\/1"}],"replies":[{"embeddable":true,"href":"https:\/\/www.sitsesp.org.br\/novo\/wp-json\/wp\/v2\/comments?post=16691"}],"version-history":[{"count":1,"href":"https:\/\/www.sitsesp.org.br\/novo\/wp-json\/wp\/v2\/posts\/16691\/revisions"}],"predecessor-version":[{"id":16693,"href":"https:\/\/www.sitsesp.org.br\/novo\/wp-json\/wp\/v2\/posts\/16691\/revisions\/16693"}],"wp:featuredmedia":[{"embeddable":true,"href":"https:\/\/www.sitsesp.org.br\/novo\/wp-json\/wp\/v2\/media\/16692"}],"wp:attachment":[{"href":"https:\/\/www.sitsesp.org.br\/novo\/wp-json\/wp\/v2\/media?parent=16691"}],"wp:term":[{"taxonomy":"category","embeddable":true,"href":"https:\/\/www.sitsesp.org.br\/novo\/wp-json\/wp\/v2\/categories?post=16691"},{"taxonomy":"post_tag","embeddable":true,"href":"https:\/\/www.sitsesp.org.br\/novo\/wp-json\/wp\/v2\/tags?post=16691"}],"curies":[{"name":"wp","href":"https:\/\/api.w.org\/{rel}","templated":true}]}}