{"id":16788,"date":"2025-12-02T11:43:07","date_gmt":"2025-12-02T14:43:07","guid":{"rendered":"https:\/\/www.sitsesp.org.br\/novo\/?p=16788"},"modified":"2025-12-02T11:43:07","modified_gmt":"2025-12-02T14:43:07","slug":"governo-aprova-nova-tabela-do-imposto-de-renda-e-milhoes-de-trabalhadores-sao-beneficiados","status":"publish","type":"post","link":"https:\/\/www.sitsesp.org.br\/novo\/governo-aprova-nova-tabela-do-imposto-de-renda-e-milhoes-de-trabalhadores-sao-beneficiados\/","title":{"rendered":"Governo aprova nova tabela do Imposto de Renda e milh\u00f5es de trabalhadores s\u00e3o beneficiados"},"content":{"rendered":"<p><!-- VideographyWP Plugin Message: Automatic video embedding prevented by plugin options. --><\/p>\n<p style=\"text-align: justify;\" data-start=\"258\" data-end=\"597\">O presidente da Rep\u00fablica sancionou a nova atualiza\u00e7\u00e3o da tabela do Imposto de Renda, ampliando a faixa de isen\u00e7\u00e3o e garantindo al\u00edvio direto na renda de milh\u00f5es de brasileiros. A medida \u00e9 considerada uma das mais relevantes dos \u00faltimos anos no campo da justi\u00e7a fiscal e representa impacto imediato no or\u00e7amento das fam\u00edlias trabalhadoras.<\/p>\n<p style=\"text-align: justify;\" data-start=\"599\" data-end=\"937\">Com a nova regra, trabalhadores que recebem at\u00e9 <strong data-start=\"647\" data-end=\"667\">R$ 5 mil por m\u00eas<\/strong> passam a ficar isentos do Imposto de Renda, enquanto rendas de at\u00e9 <strong data-start=\"735\" data-end=\"747\">R$ 7.350<\/strong> ter\u00e3o direito a descontos progressivos. A mudan\u00e7a corrige, ainda que parcialmente, uma defasagem hist\u00f3rica na tabela, que durante anos penalizou especialmente quem vive do pr\u00f3prio trabalho.<\/p>\n<p style=\"text-align: justify;\" data-start=\"994\" data-end=\"1235\">A estimativa oficial \u00e9 de que <strong data-start=\"1024\" data-end=\"1061\">mais de 15 milh\u00f5es de brasileiros<\/strong> sejam diretamente beneficiados. Aproximadamente <strong data-start=\"1110\" data-end=\"1152\">10 milh\u00f5es deixar\u00e3o de pagar o imposto<\/strong>, enquanto outros <strong data-start=\"1170\" data-end=\"1211\">5 milh\u00f5es ter\u00e3o redu\u00e7\u00e3o significativa<\/strong> nos descontos em folha.<\/p>\n<p style=\"text-align: justify;\" data-start=\"1237\" data-end=\"1496\">Na pr\u00e1tica, isso significa mais renda dispon\u00edvel para consumo essencial, pagamento de d\u00edvidas e melhoria das condi\u00e7\u00f5es de vida das fam\u00edlias. O reflexo econ\u00f4mico \u00e9 imediato: fortalecimento do com\u00e9rcio, dinamiza\u00e7\u00e3o dos servi\u00e7os e est\u00edmulo \u00e0 gera\u00e7\u00e3o de empregos.<\/p>\n<p style=\"text-align: justify;\" data-start=\"1546\" data-end=\"1835\">A atualiza\u00e7\u00e3o representa um passo concreto na reconstru\u00e7\u00e3o da justi\u00e7a tribut\u00e1ria no Brasil. Ao aliviar a carga sobre os que ganham menos e preservar a progressividade da tributa\u00e7\u00e3o, o governo sinaliza uma pol\u00edtica econ\u00f4mica voltada \u00e0 prote\u00e7\u00e3o social e \u00e0 valoriza\u00e7\u00e3o da classe trabalhadora.<\/p>\n<p style=\"text-align: justify;\" data-start=\"1837\" data-end=\"2054\">Para servidores p\u00fablicos e empregados celetistas \u2014 como os representados pelo SITSESP \u2014 a mudan\u00e7a significa <strong data-start=\"1945\" data-end=\"1981\">melhoria real no sal\u00e1rio l\u00edquido<\/strong>, especialmente para aqueles enquadrados nas faixas de menor remunera\u00e7\u00e3o.<\/p>\n<p style=\"text-align: justify;\" data-start=\"2092\" data-end=\"2313\">O governo federal informou que a ren\u00fancia fiscal com a amplia\u00e7\u00e3o da isen\u00e7\u00e3o ser\u00e1 compensada por ajustes na tributa\u00e7\u00e3o das rendas mais altas, preservando o equil\u00edbrio das contas p\u00fablicas sem penalizar quem vive do sal\u00e1rio.<\/p>\n<p style=\"text-align: justify;\" data-start=\"2363\" data-end=\"2646\">A atualiza\u00e7\u00e3o da tabela do Imposto de Renda faz parte de um cen\u00e1rio mais amplo de sinais positivos para a classe trabalhadora. O pa\u00eds vem registrando <strong data-start=\"2513\" data-end=\"2548\">queda nos \u00edndices de desemprego<\/strong>, crescimento da formaliza\u00e7\u00e3o e amplia\u00e7\u00e3o de pol\u00edticas voltadas \u00e0 prote\u00e7\u00e3o do trabalho e da renda.<\/p>\n<p style=\"text-align: justify;\" data-start=\"2648\" data-end=\"2799\">Esse conjunto de medidas demonstra uma mudan\u00e7a de rumo na condu\u00e7\u00e3o das pol\u00edticas p\u00fablicas, recolocando o trabalhador no centro das decis\u00f5es econ\u00f4micas.<\/p>\n<p style=\"text-align: justify;\" data-start=\"2831\" data-end=\"3046\">O SITSESP avalia a nova tabela do Imposto de Renda como <strong data-start=\"2887\" data-end=\"2935\">uma vit\u00f3ria hist\u00f3rica da classe trabalhadora<\/strong>, fruto de press\u00e3o social e de uma pol\u00edtica que volta a olhar para quem sustenta o pa\u00eds com o pr\u00f3prio trabalho.<\/p>\n<p style=\"text-align: justify;\" data-start=\"3048\" data-end=\"3312\">Ao mesmo tempo, o Sindicato ressalta que esta conquista, embora significativa, <strong data-start=\"3127\" data-end=\"3172\">n\u00e3o encerra a luta por justi\u00e7a tribut\u00e1ria<\/strong>. Ainda h\u00e1 muito a avan\u00e7ar na corre\u00e7\u00e3o da tabela, na redu\u00e7\u00e3o da carga sobre sal\u00e1rios e na constru\u00e7\u00e3o de um sistema mais justo e equilibrado.<\/p>\n<p style=\"text-align: justify;\" data-start=\"3314\" data-end=\"3515\">O SITSESP seguir\u00e1 atento, mobilizado e atuante na defesa dos direitos dos trabalhadores, acompanhando todas as medidas que impactam diretamente o bolso, a dignidade e as condi\u00e7\u00f5es de vida da categoria.<\/p>\n","protected":false},"excerpt":{"rendered":"<p>O presidente da Rep\u00fablica sancionou a nova atualiza\u00e7\u00e3o da tabela do Imposto de Renda, ampliando a faixa de isen\u00e7\u00e3o e garantindo&hellip;<\/p>\n","protected":false},"author":1,"featured_media":16789,"comment_status":"open","ping_status":"open","sticky":false,"template":"","format":"standard","meta":{"cybocfi_hide_featured_image":"","footnotes":""},"categories":[22],"tags":[],"yoast_head":"<!-- This site is optimized with the Yoast SEO plugin v22.8 - https:\/\/yoast.com\/wordpress\/plugins\/seo\/ -->\n<title>Governo aprova nova tabela do Imposto de Renda e milh\u00f5es de trabalhadores s\u00e3o beneficiados - SITSESP<\/title>\n<meta name=\"robots\" content=\"index, follow, max-snippet:-1, max-image-preview:large, max-video-preview:-1\" \/>\n<link rel=\"canonical\" href=\"https:\/\/www.sitsesp.org.br\/novo\/governo-aprova-nova-tabela-do-imposto-de-renda-e-milhoes-de-trabalhadores-sao-beneficiados\/\" \/>\n<meta property=\"og:locale\" content=\"pt_BR\" \/>\n<meta property=\"og:type\" content=\"article\" \/>\n<meta property=\"og:title\" content=\"Governo aprova nova tabela do Imposto de Renda e milh\u00f5es de trabalhadores s\u00e3o beneficiados - SITSESP\" \/>\n<meta property=\"og:description\" content=\"O presidente da Rep\u00fablica sancionou a nova atualiza\u00e7\u00e3o da tabela do Imposto de Renda, ampliando a faixa de isen\u00e7\u00e3o e garantindo&hellip;\" \/>\n<meta property=\"og:url\" content=\"https:\/\/www.sitsesp.org.br\/novo\/governo-aprova-nova-tabela-do-imposto-de-renda-e-milhoes-de-trabalhadores-sao-beneficiados\/\" \/>\n<meta property=\"og:site_name\" content=\"SITSESP\" \/>\n<meta property=\"article:published_time\" content=\"2025-12-02T14:43:07+00:00\" \/>\n<meta property=\"og:image\" content=\"https:\/\/www.sitsesp.org.br\/novo\/wp-content\/uploads\/2025\/12\/ReceitaFederal-MinisterioDaFazenda-2-848x477-1.jpg\" \/>\n\t<meta property=\"og:image:width\" content=\"848\" \/>\n\t<meta property=\"og:image:height\" content=\"477\" \/>\n\t<meta property=\"og:image:type\" content=\"image\/jpeg\" \/>\n<meta name=\"author\" content=\"mhais\" \/>\n<meta name=\"twitter:card\" content=\"summary_large_image\" \/>\n<meta name=\"twitter:label1\" content=\"Escrito por\" \/>\n\t<meta name=\"twitter:data1\" content=\"mhais\" \/>\n\t<meta name=\"twitter:label2\" content=\"Est. tempo de leitura\" \/>\n\t<meta name=\"twitter:data2\" content=\"3 minutos\" \/>\n<script type=\"application\/ld+json\" class=\"yoast-schema-graph\">{\"@context\":\"https:\/\/schema.org\",\"@graph\":[{\"@type\":\"Article\",\"@id\":\"https:\/\/www.sitsesp.org.br\/novo\/governo-aprova-nova-tabela-do-imposto-de-renda-e-milhoes-de-trabalhadores-sao-beneficiados\/#article\",\"isPartOf\":{\"@id\":\"https:\/\/www.sitsesp.org.br\/novo\/governo-aprova-nova-tabela-do-imposto-de-renda-e-milhoes-de-trabalhadores-sao-beneficiados\/\"},\"author\":{\"name\":\"mhais\",\"@id\":\"https:\/\/www.sitsesp.org.br\/novo\/#\/schema\/person\/2a4c180eb185645b3bef8657c75e305a\"},\"headline\":\"Governo aprova nova tabela do Imposto de Renda e milh\u00f5es de trabalhadores s\u00e3o beneficiados\",\"datePublished\":\"2025-12-02T14:43:07+00:00\",\"dateModified\":\"2025-12-02T14:43:07+00:00\",\"mainEntityOfPage\":{\"@id\":\"https:\/\/www.sitsesp.org.br\/novo\/governo-aprova-nova-tabela-do-imposto-de-renda-e-milhoes-de-trabalhadores-sao-beneficiados\/\"},\"wordCount\":549,\"commentCount\":0,\"publisher\":{\"@id\":\"https:\/\/www.sitsesp.org.br\/novo\/#organization\"},\"image\":{\"@id\":\"https:\/\/www.sitsesp.org.br\/novo\/governo-aprova-nova-tabela-do-imposto-de-renda-e-milhoes-de-trabalhadores-sao-beneficiados\/#primaryimage\"},\"thumbnailUrl\":\"https:\/\/www.sitsesp.org.br\/novo\/wp-content\/uploads\/2025\/12\/ReceitaFederal-MinisterioDaFazenda-2-848x477-1.jpg\",\"articleSection\":[\"Noticias\"],\"inLanguage\":\"pt-BR\",\"potentialAction\":[{\"@type\":\"CommentAction\",\"name\":\"Comment\",\"target\":[\"https:\/\/www.sitsesp.org.br\/novo\/governo-aprova-nova-tabela-do-imposto-de-renda-e-milhoes-de-trabalhadores-sao-beneficiados\/#respond\"]}]},{\"@type\":\"WebPage\",\"@id\":\"https:\/\/www.sitsesp.org.br\/novo\/governo-aprova-nova-tabela-do-imposto-de-renda-e-milhoes-de-trabalhadores-sao-beneficiados\/\",\"url\":\"https:\/\/www.sitsesp.org.br\/novo\/governo-aprova-nova-tabela-do-imposto-de-renda-e-milhoes-de-trabalhadores-sao-beneficiados\/\",\"name\":\"Governo aprova nova tabela do Imposto de Renda e milh\u00f5es de trabalhadores s\u00e3o beneficiados - SITSESP\",\"isPartOf\":{\"@id\":\"https:\/\/www.sitsesp.org.br\/novo\/#website\"},\"primaryImageOfPage\":{\"@id\":\"https:\/\/www.sitsesp.org.br\/novo\/governo-aprova-nova-tabela-do-imposto-de-renda-e-milhoes-de-trabalhadores-sao-beneficiados\/#primaryimage\"},\"image\":{\"@id\":\"https:\/\/www.sitsesp.org.br\/novo\/governo-aprova-nova-tabela-do-imposto-de-renda-e-milhoes-de-trabalhadores-sao-beneficiados\/#primaryimage\"},\"thumbnailUrl\":\"https:\/\/www.sitsesp.org.br\/novo\/wp-content\/uploads\/2025\/12\/ReceitaFederal-MinisterioDaFazenda-2-848x477-1.jpg\",\"datePublished\":\"2025-12-02T14:43:07+00:00\",\"dateModified\":\"2025-12-02T14:43:07+00:00\",\"breadcrumb\":{\"@id\":\"https:\/\/www.sitsesp.org.br\/novo\/governo-aprova-nova-tabela-do-imposto-de-renda-e-milhoes-de-trabalhadores-sao-beneficiados\/#breadcrumb\"},\"inLanguage\":\"pt-BR\",\"potentialAction\":[{\"@type\":\"ReadAction\",\"target\":[\"https:\/\/www.sitsesp.org.br\/novo\/governo-aprova-nova-tabela-do-imposto-de-renda-e-milhoes-de-trabalhadores-sao-beneficiados\/\"]}]},{\"@type\":\"ImageObject\",\"inLanguage\":\"pt-BR\",\"@id\":\"https:\/\/www.sitsesp.org.br\/novo\/governo-aprova-nova-tabela-do-imposto-de-renda-e-milhoes-de-trabalhadores-sao-beneficiados\/#primaryimage\",\"url\":\"https:\/\/www.sitsesp.org.br\/novo\/wp-content\/uploads\/2025\/12\/ReceitaFederal-MinisterioDaFazenda-2-848x477-1.jpg\",\"contentUrl\":\"https:\/\/www.sitsesp.org.br\/novo\/wp-content\/uploads\/2025\/12\/ReceitaFederal-MinisterioDaFazenda-2-848x477-1.jpg\",\"width\":848,\"height\":477,\"caption\":\"Receita Federal, Minist\u00e9rio da Fazenda. | S\u00e9rgio Lima\/Poder360 - 23.jul.2024\"},{\"@type\":\"BreadcrumbList\",\"@id\":\"https:\/\/www.sitsesp.org.br\/novo\/governo-aprova-nova-tabela-do-imposto-de-renda-e-milhoes-de-trabalhadores-sao-beneficiados\/#breadcrumb\",\"itemListElement\":[{\"@type\":\"ListItem\",\"position\":1,\"name\":\"In\u00edcio\",\"item\":\"https:\/\/www.sitsesp.org.br\/novo\/\"},{\"@type\":\"ListItem\",\"position\":2,\"name\":\"Governo aprova nova tabela do Imposto de Renda e milh\u00f5es de trabalhadores s\u00e3o beneficiados\"}]},{\"@type\":\"WebSite\",\"@id\":\"https:\/\/www.sitsesp.org.br\/novo\/#website\",\"url\":\"https:\/\/www.sitsesp.org.br\/novo\/\",\"name\":\"Sitsesp\",\"description\":\"SIndicato da Socioeduca\u00e7\u00e3o do Estado de S\u00e3o Paulo\",\"publisher\":{\"@id\":\"https:\/\/www.sitsesp.org.br\/novo\/#organization\"},\"potentialAction\":[{\"@type\":\"SearchAction\",\"target\":{\"@type\":\"EntryPoint\",\"urlTemplate\":\"https:\/\/www.sitsesp.org.br\/novo\/?s={search_term_string}\"},\"query-input\":\"required name=search_term_string\"}],\"inLanguage\":\"pt-BR\"},{\"@type\":\"Organization\",\"@id\":\"https:\/\/www.sitsesp.org.br\/novo\/#organization\",\"name\":\"Sitsesp\",\"url\":\"https:\/\/www.sitsesp.org.br\/novo\/\",\"logo\":{\"@type\":\"ImageObject\",\"inLanguage\":\"pt-BR\",\"@id\":\"https:\/\/www.sitsesp.org.br\/novo\/#\/schema\/logo\/image\/\",\"url\":\"https:\/\/www.sitsesp.org.br\/novo\/wp-content\/uploads\/2020\/09\/Design-sem-nome-1.jpg\",\"contentUrl\":\"https:\/\/www.sitsesp.org.br\/novo\/wp-content\/uploads\/2020\/09\/Design-sem-nome-1.jpg\",\"width\":300,\"height\":300,\"caption\":\"Sitsesp\"},\"image\":{\"@id\":\"https:\/\/www.sitsesp.org.br\/novo\/#\/schema\/logo\/image\/\"}},{\"@type\":\"Person\",\"@id\":\"https:\/\/www.sitsesp.org.br\/novo\/#\/schema\/person\/2a4c180eb185645b3bef8657c75e305a\",\"name\":\"mhais\",\"image\":{\"@type\":\"ImageObject\",\"inLanguage\":\"pt-BR\",\"@id\":\"https:\/\/www.sitsesp.org.br\/novo\/#\/schema\/person\/image\/\",\"url\":\"https:\/\/secure.gravatar.com\/avatar\/6f4eabe86990e81328cf702edfa92a60?s=96&d=mm&r=g\",\"contentUrl\":\"https:\/\/secure.gravatar.com\/avatar\/6f4eabe86990e81328cf702edfa92a60?s=96&d=mm&r=g\",\"caption\":\"mhais\"},\"sameAs\":[\"http:\/\/localhost\/sitsesp\"]}]}<\/script>\n<!-- \/ Yoast SEO plugin. -->","yoast_head_json":{"title":"Governo aprova nova tabela do Imposto de Renda e milh\u00f5es de trabalhadores s\u00e3o beneficiados - SITSESP","robots":{"index":"index","follow":"follow","max-snippet":"max-snippet:-1","max-image-preview":"max-image-preview:large","max-video-preview":"max-video-preview:-1"},"canonical":"https:\/\/www.sitsesp.org.br\/novo\/governo-aprova-nova-tabela-do-imposto-de-renda-e-milhoes-de-trabalhadores-sao-beneficiados\/","og_locale":"pt_BR","og_type":"article","og_title":"Governo aprova nova tabela do Imposto de Renda e milh\u00f5es de trabalhadores s\u00e3o beneficiados - SITSESP","og_description":"O presidente da Rep\u00fablica sancionou a nova atualiza\u00e7\u00e3o da tabela do Imposto de Renda, ampliando a faixa de isen\u00e7\u00e3o e garantindo&hellip;","og_url":"https:\/\/www.sitsesp.org.br\/novo\/governo-aprova-nova-tabela-do-imposto-de-renda-e-milhoes-de-trabalhadores-sao-beneficiados\/","og_site_name":"SITSESP","article_published_time":"2025-12-02T14:43:07+00:00","og_image":[{"width":848,"height":477,"url":"https:\/\/www.sitsesp.org.br\/novo\/wp-content\/uploads\/2025\/12\/ReceitaFederal-MinisterioDaFazenda-2-848x477-1.jpg","type":"image\/jpeg"}],"author":"mhais","twitter_card":"summary_large_image","twitter_misc":{"Escrito por":"mhais","Est. tempo de leitura":"3 minutos"},"schema":{"@context":"https:\/\/schema.org","@graph":[{"@type":"Article","@id":"https:\/\/www.sitsesp.org.br\/novo\/governo-aprova-nova-tabela-do-imposto-de-renda-e-milhoes-de-trabalhadores-sao-beneficiados\/#article","isPartOf":{"@id":"https:\/\/www.sitsesp.org.br\/novo\/governo-aprova-nova-tabela-do-imposto-de-renda-e-milhoes-de-trabalhadores-sao-beneficiados\/"},"author":{"name":"mhais","@id":"https:\/\/www.sitsesp.org.br\/novo\/#\/schema\/person\/2a4c180eb185645b3bef8657c75e305a"},"headline":"Governo aprova nova tabela do Imposto de Renda e milh\u00f5es de trabalhadores s\u00e3o beneficiados","datePublished":"2025-12-02T14:43:07+00:00","dateModified":"2025-12-02T14:43:07+00:00","mainEntityOfPage":{"@id":"https:\/\/www.sitsesp.org.br\/novo\/governo-aprova-nova-tabela-do-imposto-de-renda-e-milhoes-de-trabalhadores-sao-beneficiados\/"},"wordCount":549,"commentCount":0,"publisher":{"@id":"https:\/\/www.sitsesp.org.br\/novo\/#organization"},"image":{"@id":"https:\/\/www.sitsesp.org.br\/novo\/governo-aprova-nova-tabela-do-imposto-de-renda-e-milhoes-de-trabalhadores-sao-beneficiados\/#primaryimage"},"thumbnailUrl":"https:\/\/www.sitsesp.org.br\/novo\/wp-content\/uploads\/2025\/12\/ReceitaFederal-MinisterioDaFazenda-2-848x477-1.jpg","articleSection":["Noticias"],"inLanguage":"pt-BR","potentialAction":[{"@type":"CommentAction","name":"Comment","target":["https:\/\/www.sitsesp.org.br\/novo\/governo-aprova-nova-tabela-do-imposto-de-renda-e-milhoes-de-trabalhadores-sao-beneficiados\/#respond"]}]},{"@type":"WebPage","@id":"https:\/\/www.sitsesp.org.br\/novo\/governo-aprova-nova-tabela-do-imposto-de-renda-e-milhoes-de-trabalhadores-sao-beneficiados\/","url":"https:\/\/www.sitsesp.org.br\/novo\/governo-aprova-nova-tabela-do-imposto-de-renda-e-milhoes-de-trabalhadores-sao-beneficiados\/","name":"Governo aprova nova tabela do Imposto de Renda e milh\u00f5es de trabalhadores s\u00e3o beneficiados - SITSESP","isPartOf":{"@id":"https:\/\/www.sitsesp.org.br\/novo\/#website"},"primaryImageOfPage":{"@id":"https:\/\/www.sitsesp.org.br\/novo\/governo-aprova-nova-tabela-do-imposto-de-renda-e-milhoes-de-trabalhadores-sao-beneficiados\/#primaryimage"},"image":{"@id":"https:\/\/www.sitsesp.org.br\/novo\/governo-aprova-nova-tabela-do-imposto-de-renda-e-milhoes-de-trabalhadores-sao-beneficiados\/#primaryimage"},"thumbnailUrl":"https:\/\/www.sitsesp.org.br\/novo\/wp-content\/uploads\/2025\/12\/ReceitaFederal-MinisterioDaFazenda-2-848x477-1.jpg","datePublished":"2025-12-02T14:43:07+00:00","dateModified":"2025-12-02T14:43:07+00:00","breadcrumb":{"@id":"https:\/\/www.sitsesp.org.br\/novo\/governo-aprova-nova-tabela-do-imposto-de-renda-e-milhoes-de-trabalhadores-sao-beneficiados\/#breadcrumb"},"inLanguage":"pt-BR","potentialAction":[{"@type":"ReadAction","target":["https:\/\/www.sitsesp.org.br\/novo\/governo-aprova-nova-tabela-do-imposto-de-renda-e-milhoes-de-trabalhadores-sao-beneficiados\/"]}]},{"@type":"ImageObject","inLanguage":"pt-BR","@id":"https:\/\/www.sitsesp.org.br\/novo\/governo-aprova-nova-tabela-do-imposto-de-renda-e-milhoes-de-trabalhadores-sao-beneficiados\/#primaryimage","url":"https:\/\/www.sitsesp.org.br\/novo\/wp-content\/uploads\/2025\/12\/ReceitaFederal-MinisterioDaFazenda-2-848x477-1.jpg","contentUrl":"https:\/\/www.sitsesp.org.br\/novo\/wp-content\/uploads\/2025\/12\/ReceitaFederal-MinisterioDaFazenda-2-848x477-1.jpg","width":848,"height":477,"caption":"Receita Federal, Minist\u00e9rio da Fazenda. | S\u00e9rgio Lima\/Poder360 - 23.jul.2024"},{"@type":"BreadcrumbList","@id":"https:\/\/www.sitsesp.org.br\/novo\/governo-aprova-nova-tabela-do-imposto-de-renda-e-milhoes-de-trabalhadores-sao-beneficiados\/#breadcrumb","itemListElement":[{"@type":"ListItem","position":1,"name":"In\u00edcio","item":"https:\/\/www.sitsesp.org.br\/novo\/"},{"@type":"ListItem","position":2,"name":"Governo aprova nova tabela do Imposto de Renda e milh\u00f5es de trabalhadores s\u00e3o beneficiados"}]},{"@type":"WebSite","@id":"https:\/\/www.sitsesp.org.br\/novo\/#website","url":"https:\/\/www.sitsesp.org.br\/novo\/","name":"Sitsesp","description":"SIndicato da Socioeduca\u00e7\u00e3o do Estado de S\u00e3o Paulo","publisher":{"@id":"https:\/\/www.sitsesp.org.br\/novo\/#organization"},"potentialAction":[{"@type":"SearchAction","target":{"@type":"EntryPoint","urlTemplate":"https:\/\/www.sitsesp.org.br\/novo\/?s={search_term_string}"},"query-input":"required name=search_term_string"}],"inLanguage":"pt-BR"},{"@type":"Organization","@id":"https:\/\/www.sitsesp.org.br\/novo\/#organization","name":"Sitsesp","url":"https:\/\/www.sitsesp.org.br\/novo\/","logo":{"@type":"ImageObject","inLanguage":"pt-BR","@id":"https:\/\/www.sitsesp.org.br\/novo\/#\/schema\/logo\/image\/","url":"https:\/\/www.sitsesp.org.br\/novo\/wp-content\/uploads\/2020\/09\/Design-sem-nome-1.jpg","contentUrl":"https:\/\/www.sitsesp.org.br\/novo\/wp-content\/uploads\/2020\/09\/Design-sem-nome-1.jpg","width":300,"height":300,"caption":"Sitsesp"},"image":{"@id":"https:\/\/www.sitsesp.org.br\/novo\/#\/schema\/logo\/image\/"}},{"@type":"Person","@id":"https:\/\/www.sitsesp.org.br\/novo\/#\/schema\/person\/2a4c180eb185645b3bef8657c75e305a","name":"mhais","image":{"@type":"ImageObject","inLanguage":"pt-BR","@id":"https:\/\/www.sitsesp.org.br\/novo\/#\/schema\/person\/image\/","url":"https:\/\/secure.gravatar.com\/avatar\/6f4eabe86990e81328cf702edfa92a60?s=96&d=mm&r=g","contentUrl":"https:\/\/secure.gravatar.com\/avatar\/6f4eabe86990e81328cf702edfa92a60?s=96&d=mm&r=g","caption":"mhais"},"sameAs":["http:\/\/localhost\/sitsesp"]}]}},"_links":{"self":[{"href":"https:\/\/www.sitsesp.org.br\/novo\/wp-json\/wp\/v2\/posts\/16788"}],"collection":[{"href":"https:\/\/www.sitsesp.org.br\/novo\/wp-json\/wp\/v2\/posts"}],"about":[{"href":"https:\/\/www.sitsesp.org.br\/novo\/wp-json\/wp\/v2\/types\/post"}],"author":[{"embeddable":true,"href":"https:\/\/www.sitsesp.org.br\/novo\/wp-json\/wp\/v2\/users\/1"}],"replies":[{"embeddable":true,"href":"https:\/\/www.sitsesp.org.br\/novo\/wp-json\/wp\/v2\/comments?post=16788"}],"version-history":[{"count":1,"href":"https:\/\/www.sitsesp.org.br\/novo\/wp-json\/wp\/v2\/posts\/16788\/revisions"}],"predecessor-version":[{"id":16790,"href":"https:\/\/www.sitsesp.org.br\/novo\/wp-json\/wp\/v2\/posts\/16788\/revisions\/16790"}],"wp:featuredmedia":[{"embeddable":true,"href":"https:\/\/www.sitsesp.org.br\/novo\/wp-json\/wp\/v2\/media\/16789"}],"wp:attachment":[{"href":"https:\/\/www.sitsesp.org.br\/novo\/wp-json\/wp\/v2\/media?parent=16788"}],"wp:term":[{"taxonomy":"category","embeddable":true,"href":"https:\/\/www.sitsesp.org.br\/novo\/wp-json\/wp\/v2\/categories?post=16788"},{"taxonomy":"post_tag","embeddable":true,"href":"https:\/\/www.sitsesp.org.br\/novo\/wp-json\/wp\/v2\/tags?post=16788"}],"curies":[{"name":"wp","href":"https:\/\/api.w.org\/{rel}","templated":true}]}}