{"id":16791,"date":"2025-12-02T11:48:46","date_gmt":"2025-12-02T14:48:46","guid":{"rendered":"https:\/\/www.sitsesp.org.br\/novo\/?p=16791"},"modified":"2025-12-02T13:08:49","modified_gmt":"2025-12-02T16:08:49","slug":"convocacao-a-categoria-audiencia-do-dissidio-2025","status":"publish","type":"post","link":"https:\/\/www.sitsesp.org.br\/novo\/convocacao-a-categoria-audiencia-do-dissidio-2025\/","title":{"rendered":"CONVOCA\u00c7\u00c3O \u00c0 CATEGORIA \u2013 AUDI\u00caNCIA DO DISS\u00cdDIO 2025"},"content":{"rendered":"<p><!-- VideographyWP Plugin Message: Automatic video embedding prevented by plugin options. --><\/p>\n<p style=\"text-align: justify;\">O SITSESP convoca todos os servidores e servidoras a estarem presentes no F\u00f3rum Trabalhista da Consola\u00e7\u00e3o, nesta quarta-feira, 03 de dezembro, \u00e0s 13h, para acompanhar a importante audi\u00eancia do Diss\u00eddio Coletivo 2025.<\/p>\n<p style=\"text-align: justify;\">Este \u00e9 um momento decisivo para a nossa luta. A presen\u00e7a da categoria fortalece a mobiliza\u00e7\u00e3o, demonstra uni\u00e3o e mostra ao Judici\u00e1rio que os trabalhadores est\u00e3o atentos e comprometidos com a defesa de seus direitos.<\/p>\n<p style=\"text-align: justify;\">Sua participa\u00e7\u00e3o faz diferen\u00e7a. \u00c9 na coletividade que conquistamos avan\u00e7os.<br \/>\nCompare\u00e7a, apoie e fortale\u00e7a esta batalha por melhores condi\u00e7\u00f5es de trabalho e valoriza\u00e7\u00e3o da categoria.<\/p>\n<p style=\"text-align: justify;\">Data: quarta, 03 dezembro | 13h<\/p>\n<p style=\"text-align: justify;\">Local: Rua da Consola\u00e7\u00e3o 1272<\/p>\n","protected":false},"excerpt":{"rendered":"<p>O SITSESP convoca todos os servidores e servidoras a estarem presentes no F\u00f3rum Trabalhista da Consola\u00e7\u00e3o, nesta quarta-feira, 03 de dezembro,&hellip;<\/p>\n","protected":false},"author":1,"featured_media":16797,"comment_status":"open","ping_status":"open","sticky":false,"template":"","format":"standard","meta":{"cybocfi_hide_featured_image":"","footnotes":""},"categories":[22],"tags":[],"yoast_head":"<!-- This site is optimized with the Yoast SEO plugin v22.8 - https:\/\/yoast.com\/wordpress\/plugins\/seo\/ -->\n<title>CONVOCA\u00c7\u00c3O \u00c0 CATEGORIA \u2013 AUDI\u00caNCIA DO DISS\u00cdDIO 2025 - SITSESP<\/title>\n<meta name=\"robots\" content=\"index, follow, max-snippet:-1, max-image-preview:large, max-video-preview:-1\" \/>\n<link rel=\"canonical\" href=\"https:\/\/www.sitsesp.org.br\/novo\/convocacao-a-categoria-audiencia-do-dissidio-2025\/\" \/>\n<meta property=\"og:locale\" content=\"pt_BR\" \/>\n<meta property=\"og:type\" content=\"article\" \/>\n<meta property=\"og:title\" content=\"CONVOCA\u00c7\u00c3O \u00c0 CATEGORIA \u2013 AUDI\u00caNCIA DO DISS\u00cdDIO 2025 - SITSESP\" \/>\n<meta property=\"og:description\" content=\"O SITSESP convoca todos os servidores e servidoras a estarem presentes no F\u00f3rum Trabalhista da Consola\u00e7\u00e3o, nesta quarta-feira, 03 de dezembro,&hellip;\" \/>\n<meta property=\"og:url\" content=\"https:\/\/www.sitsesp.org.br\/novo\/convocacao-a-categoria-audiencia-do-dissidio-2025\/\" \/>\n<meta property=\"og:site_name\" content=\"SITSESP\" \/>\n<meta property=\"article:published_time\" content=\"2025-12-02T14:48:46+00:00\" \/>\n<meta property=\"article:modified_time\" content=\"2025-12-02T16:08:49+00:00\" \/>\n<meta property=\"og:image\" content=\"https:\/\/www.sitsesp.org.br\/novo\/wp-content\/uploads\/2025\/12\/Cartaz-Horizontal-para-Baile-Anos-60-vintage-colorido-1080-x-1350-px-A4-horizontal-1.jpg\" \/>\n\t<meta property=\"og:image:width\" content=\"2000\" \/>\n\t<meta property=\"og:image:height\" content=\"1414\" \/>\n\t<meta property=\"og:image:type\" content=\"image\/jpeg\" \/>\n<meta name=\"author\" content=\"mhais\" \/>\n<meta name=\"twitter:card\" content=\"summary_large_image\" \/>\n<meta name=\"twitter:label1\" content=\"Escrito por\" \/>\n\t<meta name=\"twitter:data1\" content=\"mhais\" \/>\n\t<meta name=\"twitter:label2\" content=\"Est. tempo de leitura\" \/>\n\t<meta name=\"twitter:data2\" content=\"1 minuto\" \/>\n<script type=\"application\/ld+json\" class=\"yoast-schema-graph\">{\"@context\":\"https:\/\/schema.org\",\"@graph\":[{\"@type\":\"Article\",\"@id\":\"https:\/\/www.sitsesp.org.br\/novo\/convocacao-a-categoria-audiencia-do-dissidio-2025\/#article\",\"isPartOf\":{\"@id\":\"https:\/\/www.sitsesp.org.br\/novo\/convocacao-a-categoria-audiencia-do-dissidio-2025\/\"},\"author\":{\"name\":\"mhais\",\"@id\":\"https:\/\/www.sitsesp.org.br\/novo\/#\/schema\/person\/2a4c180eb185645b3bef8657c75e305a\"},\"headline\":\"CONVOCA\u00c7\u00c3O \u00c0 CATEGORIA \u2013 AUDI\u00caNCIA DO DISS\u00cdDIO 2025\",\"datePublished\":\"2025-12-02T14:48:46+00:00\",\"dateModified\":\"2025-12-02T16:08:49+00:00\",\"mainEntityOfPage\":{\"@id\":\"https:\/\/www.sitsesp.org.br\/novo\/convocacao-a-categoria-audiencia-do-dissidio-2025\/\"},\"wordCount\":121,\"commentCount\":0,\"publisher\":{\"@id\":\"https:\/\/www.sitsesp.org.br\/novo\/#organization\"},\"image\":{\"@id\":\"https:\/\/www.sitsesp.org.br\/novo\/convocacao-a-categoria-audiencia-do-dissidio-2025\/#primaryimage\"},\"thumbnailUrl\":\"https:\/\/www.sitsesp.org.br\/novo\/wp-content\/uploads\/2025\/12\/Cartaz-Horizontal-para-Baile-Anos-60-vintage-colorido-1080-x-1350-px-A4-horizontal-1.jpg\",\"articleSection\":[\"Noticias\"],\"inLanguage\":\"pt-BR\",\"potentialAction\":[{\"@type\":\"CommentAction\",\"name\":\"Comment\",\"target\":[\"https:\/\/www.sitsesp.org.br\/novo\/convocacao-a-categoria-audiencia-do-dissidio-2025\/#respond\"]}]},{\"@type\":\"WebPage\",\"@id\":\"https:\/\/www.sitsesp.org.br\/novo\/convocacao-a-categoria-audiencia-do-dissidio-2025\/\",\"url\":\"https:\/\/www.sitsesp.org.br\/novo\/convocacao-a-categoria-audiencia-do-dissidio-2025\/\",\"name\":\"CONVOCA\u00c7\u00c3O \u00c0 CATEGORIA \u2013 AUDI\u00caNCIA DO DISS\u00cdDIO 2025 - SITSESP\",\"isPartOf\":{\"@id\":\"https:\/\/www.sitsesp.org.br\/novo\/#website\"},\"primaryImageOfPage\":{\"@id\":\"https:\/\/www.sitsesp.org.br\/novo\/convocacao-a-categoria-audiencia-do-dissidio-2025\/#primaryimage\"},\"image\":{\"@id\":\"https:\/\/www.sitsesp.org.br\/novo\/convocacao-a-categoria-audiencia-do-dissidio-2025\/#primaryimage\"},\"thumbnailUrl\":\"https:\/\/www.sitsesp.org.br\/novo\/wp-content\/uploads\/2025\/12\/Cartaz-Horizontal-para-Baile-Anos-60-vintage-colorido-1080-x-1350-px-A4-horizontal-1.jpg\",\"datePublished\":\"2025-12-02T14:48:46+00:00\",\"dateModified\":\"2025-12-02T16:08:49+00:00\",\"breadcrumb\":{\"@id\":\"https:\/\/www.sitsesp.org.br\/novo\/convocacao-a-categoria-audiencia-do-dissidio-2025\/#breadcrumb\"},\"inLanguage\":\"pt-BR\",\"potentialAction\":[{\"@type\":\"ReadAction\",\"target\":[\"https:\/\/www.sitsesp.org.br\/novo\/convocacao-a-categoria-audiencia-do-dissidio-2025\/\"]}]},{\"@type\":\"ImageObject\",\"inLanguage\":\"pt-BR\",\"@id\":\"https:\/\/www.sitsesp.org.br\/novo\/convocacao-a-categoria-audiencia-do-dissidio-2025\/#primaryimage\",\"url\":\"https:\/\/www.sitsesp.org.br\/novo\/wp-content\/uploads\/2025\/12\/Cartaz-Horizontal-para-Baile-Anos-60-vintage-colorido-1080-x-1350-px-A4-horizontal-1.jpg\",\"contentUrl\":\"https:\/\/www.sitsesp.org.br\/novo\/wp-content\/uploads\/2025\/12\/Cartaz-Horizontal-para-Baile-Anos-60-vintage-colorido-1080-x-1350-px-A4-horizontal-1.jpg\",\"width\":2000,\"height\":1414},{\"@type\":\"BreadcrumbList\",\"@id\":\"https:\/\/www.sitsesp.org.br\/novo\/convocacao-a-categoria-audiencia-do-dissidio-2025\/#breadcrumb\",\"itemListElement\":[{\"@type\":\"ListItem\",\"position\":1,\"name\":\"In\u00edcio\",\"item\":\"https:\/\/www.sitsesp.org.br\/novo\/\"},{\"@type\":\"ListItem\",\"position\":2,\"name\":\"CONVOCA\u00c7\u00c3O \u00c0 CATEGORIA \u2013 AUDI\u00caNCIA DO DISS\u00cdDIO 2025\"}]},{\"@type\":\"WebSite\",\"@id\":\"https:\/\/www.sitsesp.org.br\/novo\/#website\",\"url\":\"https:\/\/www.sitsesp.org.br\/novo\/\",\"name\":\"Sitsesp\",\"description\":\"SIndicato da Socioeduca\u00e7\u00e3o do Estado de S\u00e3o Paulo\",\"publisher\":{\"@id\":\"https:\/\/www.sitsesp.org.br\/novo\/#organization\"},\"potentialAction\":[{\"@type\":\"SearchAction\",\"target\":{\"@type\":\"EntryPoint\",\"urlTemplate\":\"https:\/\/www.sitsesp.org.br\/novo\/?s={search_term_string}\"},\"query-input\":\"required name=search_term_string\"}],\"inLanguage\":\"pt-BR\"},{\"@type\":\"Organization\",\"@id\":\"https:\/\/www.sitsesp.org.br\/novo\/#organization\",\"name\":\"Sitsesp\",\"url\":\"https:\/\/www.sitsesp.org.br\/novo\/\",\"logo\":{\"@type\":\"ImageObject\",\"inLanguage\":\"pt-BR\",\"@id\":\"https:\/\/www.sitsesp.org.br\/novo\/#\/schema\/logo\/image\/\",\"url\":\"https:\/\/www.sitsesp.org.br\/novo\/wp-content\/uploads\/2020\/09\/Design-sem-nome-1.jpg\",\"contentUrl\":\"https:\/\/www.sitsesp.org.br\/novo\/wp-content\/uploads\/2020\/09\/Design-sem-nome-1.jpg\",\"width\":300,\"height\":300,\"caption\":\"Sitsesp\"},\"image\":{\"@id\":\"https:\/\/www.sitsesp.org.br\/novo\/#\/schema\/logo\/image\/\"}},{\"@type\":\"Person\",\"@id\":\"https:\/\/www.sitsesp.org.br\/novo\/#\/schema\/person\/2a4c180eb185645b3bef8657c75e305a\",\"name\":\"mhais\",\"image\":{\"@type\":\"ImageObject\",\"inLanguage\":\"pt-BR\",\"@id\":\"https:\/\/www.sitsesp.org.br\/novo\/#\/schema\/person\/image\/\",\"url\":\"https:\/\/secure.gravatar.com\/avatar\/6f4eabe86990e81328cf702edfa92a60?s=96&d=mm&r=g\",\"contentUrl\":\"https:\/\/secure.gravatar.com\/avatar\/6f4eabe86990e81328cf702edfa92a60?s=96&d=mm&r=g\",\"caption\":\"mhais\"},\"sameAs\":[\"http:\/\/localhost\/sitsesp\"]}]}<\/script>\n<!-- \/ Yoast SEO plugin. -->","yoast_head_json":{"title":"CONVOCA\u00c7\u00c3O \u00c0 CATEGORIA \u2013 AUDI\u00caNCIA DO DISS\u00cdDIO 2025 - SITSESP","robots":{"index":"index","follow":"follow","max-snippet":"max-snippet:-1","max-image-preview":"max-image-preview:large","max-video-preview":"max-video-preview:-1"},"canonical":"https:\/\/www.sitsesp.org.br\/novo\/convocacao-a-categoria-audiencia-do-dissidio-2025\/","og_locale":"pt_BR","og_type":"article","og_title":"CONVOCA\u00c7\u00c3O \u00c0 CATEGORIA \u2013 AUDI\u00caNCIA DO DISS\u00cdDIO 2025 - SITSESP","og_description":"O SITSESP convoca todos os servidores e servidoras a estarem presentes no F\u00f3rum Trabalhista da Consola\u00e7\u00e3o, nesta quarta-feira, 03 de dezembro,&hellip;","og_url":"https:\/\/www.sitsesp.org.br\/novo\/convocacao-a-categoria-audiencia-do-dissidio-2025\/","og_site_name":"SITSESP","article_published_time":"2025-12-02T14:48:46+00:00","article_modified_time":"2025-12-02T16:08:49+00:00","og_image":[{"width":2000,"height":1414,"url":"https:\/\/www.sitsesp.org.br\/novo\/wp-content\/uploads\/2025\/12\/Cartaz-Horizontal-para-Baile-Anos-60-vintage-colorido-1080-x-1350-px-A4-horizontal-1.jpg","type":"image\/jpeg"}],"author":"mhais","twitter_card":"summary_large_image","twitter_misc":{"Escrito por":"mhais","Est. tempo de leitura":"1 minuto"},"schema":{"@context":"https:\/\/schema.org","@graph":[{"@type":"Article","@id":"https:\/\/www.sitsesp.org.br\/novo\/convocacao-a-categoria-audiencia-do-dissidio-2025\/#article","isPartOf":{"@id":"https:\/\/www.sitsesp.org.br\/novo\/convocacao-a-categoria-audiencia-do-dissidio-2025\/"},"author":{"name":"mhais","@id":"https:\/\/www.sitsesp.org.br\/novo\/#\/schema\/person\/2a4c180eb185645b3bef8657c75e305a"},"headline":"CONVOCA\u00c7\u00c3O \u00c0 CATEGORIA \u2013 AUDI\u00caNCIA DO DISS\u00cdDIO 2025","datePublished":"2025-12-02T14:48:46+00:00","dateModified":"2025-12-02T16:08:49+00:00","mainEntityOfPage":{"@id":"https:\/\/www.sitsesp.org.br\/novo\/convocacao-a-categoria-audiencia-do-dissidio-2025\/"},"wordCount":121,"commentCount":0,"publisher":{"@id":"https:\/\/www.sitsesp.org.br\/novo\/#organization"},"image":{"@id":"https:\/\/www.sitsesp.org.br\/novo\/convocacao-a-categoria-audiencia-do-dissidio-2025\/#primaryimage"},"thumbnailUrl":"https:\/\/www.sitsesp.org.br\/novo\/wp-content\/uploads\/2025\/12\/Cartaz-Horizontal-para-Baile-Anos-60-vintage-colorido-1080-x-1350-px-A4-horizontal-1.jpg","articleSection":["Noticias"],"inLanguage":"pt-BR","potentialAction":[{"@type":"CommentAction","name":"Comment","target":["https:\/\/www.sitsesp.org.br\/novo\/convocacao-a-categoria-audiencia-do-dissidio-2025\/#respond"]}]},{"@type":"WebPage","@id":"https:\/\/www.sitsesp.org.br\/novo\/convocacao-a-categoria-audiencia-do-dissidio-2025\/","url":"https:\/\/www.sitsesp.org.br\/novo\/convocacao-a-categoria-audiencia-do-dissidio-2025\/","name":"CONVOCA\u00c7\u00c3O \u00c0 CATEGORIA \u2013 AUDI\u00caNCIA DO DISS\u00cdDIO 2025 - SITSESP","isPartOf":{"@id":"https:\/\/www.sitsesp.org.br\/novo\/#website"},"primaryImageOfPage":{"@id":"https:\/\/www.sitsesp.org.br\/novo\/convocacao-a-categoria-audiencia-do-dissidio-2025\/#primaryimage"},"image":{"@id":"https:\/\/www.sitsesp.org.br\/novo\/convocacao-a-categoria-audiencia-do-dissidio-2025\/#primaryimage"},"thumbnailUrl":"https:\/\/www.sitsesp.org.br\/novo\/wp-content\/uploads\/2025\/12\/Cartaz-Horizontal-para-Baile-Anos-60-vintage-colorido-1080-x-1350-px-A4-horizontal-1.jpg","datePublished":"2025-12-02T14:48:46+00:00","dateModified":"2025-12-02T16:08:49+00:00","breadcrumb":{"@id":"https:\/\/www.sitsesp.org.br\/novo\/convocacao-a-categoria-audiencia-do-dissidio-2025\/#breadcrumb"},"inLanguage":"pt-BR","potentialAction":[{"@type":"ReadAction","target":["https:\/\/www.sitsesp.org.br\/novo\/convocacao-a-categoria-audiencia-do-dissidio-2025\/"]}]},{"@type":"ImageObject","inLanguage":"pt-BR","@id":"https:\/\/www.sitsesp.org.br\/novo\/convocacao-a-categoria-audiencia-do-dissidio-2025\/#primaryimage","url":"https:\/\/www.sitsesp.org.br\/novo\/wp-content\/uploads\/2025\/12\/Cartaz-Horizontal-para-Baile-Anos-60-vintage-colorido-1080-x-1350-px-A4-horizontal-1.jpg","contentUrl":"https:\/\/www.sitsesp.org.br\/novo\/wp-content\/uploads\/2025\/12\/Cartaz-Horizontal-para-Baile-Anos-60-vintage-colorido-1080-x-1350-px-A4-horizontal-1.jpg","width":2000,"height":1414},{"@type":"BreadcrumbList","@id":"https:\/\/www.sitsesp.org.br\/novo\/convocacao-a-categoria-audiencia-do-dissidio-2025\/#breadcrumb","itemListElement":[{"@type":"ListItem","position":1,"name":"In\u00edcio","item":"https:\/\/www.sitsesp.org.br\/novo\/"},{"@type":"ListItem","position":2,"name":"CONVOCA\u00c7\u00c3O \u00c0 CATEGORIA \u2013 AUDI\u00caNCIA DO DISS\u00cdDIO 2025"}]},{"@type":"WebSite","@id":"https:\/\/www.sitsesp.org.br\/novo\/#website","url":"https:\/\/www.sitsesp.org.br\/novo\/","name":"Sitsesp","description":"SIndicato da Socioeduca\u00e7\u00e3o do Estado de S\u00e3o Paulo","publisher":{"@id":"https:\/\/www.sitsesp.org.br\/novo\/#organization"},"potentialAction":[{"@type":"SearchAction","target":{"@type":"EntryPoint","urlTemplate":"https:\/\/www.sitsesp.org.br\/novo\/?s={search_term_string}"},"query-input":"required name=search_term_string"}],"inLanguage":"pt-BR"},{"@type":"Organization","@id":"https:\/\/www.sitsesp.org.br\/novo\/#organization","name":"Sitsesp","url":"https:\/\/www.sitsesp.org.br\/novo\/","logo":{"@type":"ImageObject","inLanguage":"pt-BR","@id":"https:\/\/www.sitsesp.org.br\/novo\/#\/schema\/logo\/image\/","url":"https:\/\/www.sitsesp.org.br\/novo\/wp-content\/uploads\/2020\/09\/Design-sem-nome-1.jpg","contentUrl":"https:\/\/www.sitsesp.org.br\/novo\/wp-content\/uploads\/2020\/09\/Design-sem-nome-1.jpg","width":300,"height":300,"caption":"Sitsesp"},"image":{"@id":"https:\/\/www.sitsesp.org.br\/novo\/#\/schema\/logo\/image\/"}},{"@type":"Person","@id":"https:\/\/www.sitsesp.org.br\/novo\/#\/schema\/person\/2a4c180eb185645b3bef8657c75e305a","name":"mhais","image":{"@type":"ImageObject","inLanguage":"pt-BR","@id":"https:\/\/www.sitsesp.org.br\/novo\/#\/schema\/person\/image\/","url":"https:\/\/secure.gravatar.com\/avatar\/6f4eabe86990e81328cf702edfa92a60?s=96&d=mm&r=g","contentUrl":"https:\/\/secure.gravatar.com\/avatar\/6f4eabe86990e81328cf702edfa92a60?s=96&d=mm&r=g","caption":"mhais"},"sameAs":["http:\/\/localhost\/sitsesp"]}]}},"_links":{"self":[{"href":"https:\/\/www.sitsesp.org.br\/novo\/wp-json\/wp\/v2\/posts\/16791"}],"collection":[{"href":"https:\/\/www.sitsesp.org.br\/novo\/wp-json\/wp\/v2\/posts"}],"about":[{"href":"https:\/\/www.sitsesp.org.br\/novo\/wp-json\/wp\/v2\/types\/post"}],"author":[{"embeddable":true,"href":"https:\/\/www.sitsesp.org.br\/novo\/wp-json\/wp\/v2\/users\/1"}],"replies":[{"embeddable":true,"href":"https:\/\/www.sitsesp.org.br\/novo\/wp-json\/wp\/v2\/comments?post=16791"}],"version-history":[{"count":1,"href":"https:\/\/www.sitsesp.org.br\/novo\/wp-json\/wp\/v2\/posts\/16791\/revisions"}],"predecessor-version":[{"id":16792,"href":"https:\/\/www.sitsesp.org.br\/novo\/wp-json\/wp\/v2\/posts\/16791\/revisions\/16792"}],"wp:featuredmedia":[{"embeddable":true,"href":"https:\/\/www.sitsesp.org.br\/novo\/wp-json\/wp\/v2\/media\/16797"}],"wp:attachment":[{"href":"https:\/\/www.sitsesp.org.br\/novo\/wp-json\/wp\/v2\/media?parent=16791"}],"wp:term":[{"taxonomy":"category","embeddable":true,"href":"https:\/\/www.sitsesp.org.br\/novo\/wp-json\/wp\/v2\/categories?post=16791"},{"taxonomy":"post_tag","embeddable":true,"href":"https:\/\/www.sitsesp.org.br\/novo\/wp-json\/wp\/v2\/tags?post=16791"}],"curies":[{"name":"wp","href":"https:\/\/api.w.org\/{rel}","templated":true}]}}