{"id":16803,"date":"2025-12-04T10:34:57","date_gmt":"2025-12-04T13:34:57","guid":{"rendered":"https:\/\/www.sitsesp.org.br\/novo\/?p=16803"},"modified":"2025-12-04T14:12:50","modified_gmt":"2025-12-04T17:12:50","slug":"comissao-de-politica-salarial-cps-nao-comparece-a-audiencia-do-dissidio-no-trt","status":"publish","type":"post","link":"https:\/\/www.sitsesp.org.br\/novo\/comissao-de-politica-salarial-cps-nao-comparece-a-audiencia-do-dissidio-no-trt\/","title":{"rendered":"Comiss\u00e3o de Pol\u00edtica Salarial (CPS) n\u00e3o comparece \u00e0 audi\u00eancia do diss\u00eddio no TRT"},"content":{"rendered":"<p><!-- VideographyWP Plugin Message: Automatic video embedding prevented by plugin options. --><\/p>\n<p style=\"text-align: justify;\">Foi realizada, na tarde da \u00faltima quarta-feira (03\/12), mais uma audi\u00eancia de continuidade do diss\u00eddio coletivo 2025 entre o SITSESP e a Funda\u00e7\u00e3o CASA, no \u00e2mbito do Tribunal Regional do Trabalho da 2\u00aa Regi\u00e3o.<\/p>\n<p style=\"text-align: justify;\">Na abertura da sess\u00e3o, o desembargador relator reafirmou a import\u00e2ncia da presen\u00e7a da Comiss\u00e3o de Pol\u00edtica Salarial (CPS) do Governo do Estado na audi\u00eancia, justificando a convoca\u00e7\u00e3o do \u00f3rg\u00e3o diante da relev\u00e2ncia dos temas em discuss\u00e3o.<\/p>\n<p style=\"text-align: justify;\">Apesar disso, a Comiss\u00e3o de Pol\u00edtica Salarial (CPS) n\u00e3o compareceu \u00e0 audi\u00eancia. Em substitui\u00e7\u00e3o, encaminhou peti\u00e7\u00e3o escrita ao ju\u00edzo informando que a Funda\u00e7\u00e3o CASA enfrenta d\u00e9ficit financeiro e, por esse motivo, n\u00e3o possui condi\u00e7\u00f5es or\u00e7ament\u00e1rias de conceder qualquer reajuste ou medida que implique impacto econ\u00f4mico imediato. No documento, reiterou que a Funda\u00e7\u00e3o CASA possui autonomia administrativa e financeira, embora seja vinculada ao Governo do Estado.<\/p>\n<p style=\"text-align: justify;\"><strong>Transporte entra no centro do debate<\/strong><\/p>\n<p style=\"text-align: justify;\">Um dos temas que mais gerou debate na audi\u00eancia foi a cl\u00e1usula relativa ao vale-combust\u00edvel, especialmente voltada \u00e0s unidades cujos servidores n\u00e3o disp\u00f5em de transporte p\u00fablico regular.<\/p>\n<p style=\"text-align: justify;\">Nesta audi\u00eancia, a Funda\u00e7\u00e3o CASA sustentou, pela primeira vez, que todas as unidades seriam atendidas por transporte coletivo, motivo pelo qual n\u00e3o haveria necessidade de conceder o benef\u00edcio. O argumento representa uma mudan\u00e7a em rela\u00e7\u00e3o \u00e0 audi\u00eancia anterior, quando essa alega\u00e7\u00e3o n\u00e3o havia sido apresentada.<\/p>\n<p style=\"text-align: justify;\">Diante dessa nova posi\u00e7\u00e3o, o SITSESP contestou formalmente a afirma\u00e7\u00e3o, apontando que a pr\u00f3pria cl\u00e1usula em discuss\u00e3o j\u00e1 prev\u00ea que o benef\u00edcio s\u00f3 se aplica \u00e0s unidades n\u00e3o atendidas por transporte p\u00fablico. Para o Sindicato, se realmente n\u00e3o existirem centros nessa condi\u00e7\u00e3o, bastaria \u00e0 Funda\u00e7\u00e3o concordar integralmente com a cl\u00e1usula, sem qualquer preju\u00edzo administrativo.<\/p>\n<p style=\"text-align: justify;\">\u201cSe n\u00e3o h\u00e1 unidades desassistidas de transporte coletivo, n\u00e3o h\u00e1 raz\u00e3o para recusar a cl\u00e1usula. Ela j\u00e1 \u00e9 condicionada exatamente a esse crit\u00e9rio\u201d, destacou a representa\u00e7\u00e3o sindical.<\/p>\n<p style=\"text-align: justify;\"><strong>Justi\u00e7a cobra comprova\u00e7\u00e3o t\u00e9cnica<\/strong><\/p>\n<p style=\"text-align: justify;\">Em raz\u00e3o da nova alega\u00e7\u00e3o apresentada pela Funda\u00e7\u00e3o, o magistrado determinou que o SITSESP apresente, formalmente, a rela\u00e7\u00e3o das unidades que n\u00e3o contam com transporte p\u00fablico regular. Determinou, ainda, que a Justi\u00e7a, por meio de oficiais, realize constata\u00e7\u00e3o nos locais indicados, a fim de instruir o processo com dados objetivos e permitir uma an\u00e1lise t\u00e9cnica precisa da realidade enfrentada pelos trabalhadores.<\/p>\n<p style=\"text-align: justify;\">A exig\u00eancia refor\u00e7a a necessidade de confrontar, com provas documentais, a narrativa apresentada pela Funda\u00e7\u00e3o CASA e viabiliza que o Judici\u00e1rio forme convic\u00e7\u00e3o sobre a exist\u00eancia ou n\u00e3o da exclus\u00e3o de trabalhadores do sistema de transporte coletivo.<\/p>\n<p style=\"text-align: justify;\"><strong>Negocia\u00e7\u00e3o segue em curso<\/strong><\/p>\n<p style=\"text-align: justify;\">A aus\u00eancia da Comiss\u00e3o de Pol\u00edtica Salarial (CPS) foi novamente considerada negativa, pois impede avan\u00e7o concreto nas negocia\u00e7\u00f5es, especialmente nos pontos de natureza econ\u00f4mica. Ainda assim, a audi\u00eancia demonstrou que a tese sindical permanece s\u00f3lida e que as contradi\u00e7\u00f5es da Funda\u00e7\u00e3o CASA v\u00eam sendo expostas e questionadas judicialmente.<\/p>\n<p style=\"text-align: justify;\">O SITSESP reafirma que seguir\u00e1 atuando com firmeza na defesa dos direitos da categoria e continuar\u00e1 informando a base sobre cada etapa do diss\u00eddio, com transpar\u00eancia, responsabilidade e compromisso com a verdade dos fatos.<\/p>\n<p><img fetchpriority=\"high\" decoding=\"async\" class=\"alignnone size-full wp-image-16805\" src=\"https:\/\/www.sitsesp.org.br\/novo\/wp-content\/uploads\/2025\/12\/WhatsApp-Image-2025-12-03-at-14.22.25.jpeg\" alt=\"\" width=\"1600\" height=\"1201\" srcset=\"https:\/\/www.sitsesp.org.br\/novo\/wp-content\/uploads\/2025\/12\/WhatsApp-Image-2025-12-03-at-14.22.25.jpeg 1600w, https:\/\/www.sitsesp.org.br\/novo\/wp-content\/uploads\/2025\/12\/WhatsApp-Image-2025-12-03-at-14.22.25-300x225.jpeg 300w, https:\/\/www.sitsesp.org.br\/novo\/wp-content\/uploads\/2025\/12\/WhatsApp-Image-2025-12-03-at-14.22.25-1024x769.jpeg 1024w, https:\/\/www.sitsesp.org.br\/novo\/wp-content\/uploads\/2025\/12\/WhatsApp-Image-2025-12-03-at-14.22.25-768x576.jpeg 768w, https:\/\/www.sitsesp.org.br\/novo\/wp-content\/uploads\/2025\/12\/WhatsApp-Image-2025-12-03-at-14.22.25-1536x1153.jpeg 1536w, https:\/\/www.sitsesp.org.br\/novo\/wp-content\/uploads\/2025\/12\/WhatsApp-Image-2025-12-03-at-14.22.25-1170x878.jpeg 1170w, https:\/\/www.sitsesp.org.br\/novo\/wp-content\/uploads\/2025\/12\/WhatsApp-Image-2025-12-03-at-14.22.25-585x439.jpeg 585w\" sizes=\"(max-width: 1600px) 100vw, 1600px\" \/><\/p>\n<p>Veja abaixo a ata da audi\u00eancia:<\/p>\n<a href=\"https:\/\/www.sitsesp.org.br\/novo\/wp-content\/uploads\/2025\/12\/Ata-Aud-DC-Sitsesp-x-FC-03-dez-25-1.pdf\" class=\"pdfemb-viewer\" style=\"\" data-width=\"max\" data-height=\"max\" data-toolbar=\"bottom\" data-toolbar-fixed=\"off\">Ata Aud DC Sitsesp x FC - 03 dez 25 (1)<\/a>\n","protected":false},"excerpt":{"rendered":"<p>Foi realizada, na tarde da \u00faltima quarta-feira (03\/12), mais uma audi\u00eancia de continuidade do diss\u00eddio coletivo 2025 entre o SITSESP e&hellip;<\/p>\n","protected":false},"author":1,"featured_media":16804,"comment_status":"open","ping_status":"open","sticky":false,"template":"","format":"standard","meta":{"cybocfi_hide_featured_image":"","footnotes":""},"categories":[27],"tags":[],"yoast_head":"<!-- This site is optimized with the Yoast SEO plugin v22.8 - https:\/\/yoast.com\/wordpress\/plugins\/seo\/ -->\n<title>Comiss\u00e3o de Pol\u00edtica Salarial (CPS) n\u00e3o comparece \u00e0 audi\u00eancia do diss\u00eddio no TRT - SITSESP<\/title>\n<meta name=\"robots\" content=\"index, follow, max-snippet:-1, max-image-preview:large, max-video-preview:-1\" \/>\n<link rel=\"canonical\" href=\"https:\/\/www.sitsesp.org.br\/novo\/comissao-de-politica-salarial-cps-nao-comparece-a-audiencia-do-dissidio-no-trt\/\" \/>\n<meta property=\"og:locale\" content=\"pt_BR\" \/>\n<meta property=\"og:type\" content=\"article\" \/>\n<meta property=\"og:title\" content=\"Comiss\u00e3o de Pol\u00edtica Salarial (CPS) n\u00e3o comparece \u00e0 audi\u00eancia do diss\u00eddio no TRT - SITSESP\" \/>\n<meta property=\"og:description\" content=\"Foi realizada, na tarde da \u00faltima quarta-feira (03\/12), mais uma audi\u00eancia de continuidade do diss\u00eddio coletivo 2025 entre o SITSESP e&hellip;\" \/>\n<meta property=\"og:url\" content=\"https:\/\/www.sitsesp.org.br\/novo\/comissao-de-politica-salarial-cps-nao-comparece-a-audiencia-do-dissidio-no-trt\/\" \/>\n<meta property=\"og:site_name\" content=\"SITSESP\" \/>\n<meta property=\"article:published_time\" content=\"2025-12-04T13:34:57+00:00\" \/>\n<meta property=\"article:modified_time\" content=\"2025-12-04T17:12:50+00:00\" \/>\n<meta property=\"og:image\" content=\"https:\/\/www.sitsesp.org.br\/novo\/wp-content\/uploads\/2025\/12\/WhatsApp-Image-2025-12-04-at-10.31.50.jpeg\" \/>\n\t<meta property=\"og:image:width\" content=\"1600\" \/>\n\t<meta property=\"og:image:height\" content=\"1200\" \/>\n\t<meta property=\"og:image:type\" content=\"image\/jpeg\" \/>\n<meta name=\"author\" content=\"mhais\" \/>\n<meta name=\"twitter:card\" content=\"summary_large_image\" \/>\n<meta name=\"twitter:label1\" content=\"Escrito por\" \/>\n\t<meta name=\"twitter:data1\" content=\"mhais\" \/>\n\t<meta name=\"twitter:label2\" content=\"Est. tempo de leitura\" \/>\n\t<meta name=\"twitter:data2\" content=\"4 minutos\" \/>\n<script type=\"application\/ld+json\" class=\"yoast-schema-graph\">{\"@context\":\"https:\/\/schema.org\",\"@graph\":[{\"@type\":\"Article\",\"@id\":\"https:\/\/www.sitsesp.org.br\/novo\/comissao-de-politica-salarial-cps-nao-comparece-a-audiencia-do-dissidio-no-trt\/#article\",\"isPartOf\":{\"@id\":\"https:\/\/www.sitsesp.org.br\/novo\/comissao-de-politica-salarial-cps-nao-comparece-a-audiencia-do-dissidio-no-trt\/\"},\"author\":{\"name\":\"mhais\",\"@id\":\"https:\/\/www.sitsesp.org.br\/novo\/#\/schema\/person\/2a4c180eb185645b3bef8657c75e305a\"},\"headline\":\"Comiss\u00e3o de Pol\u00edtica Salarial (CPS) n\u00e3o comparece \u00e0 audi\u00eancia do diss\u00eddio no TRT\",\"datePublished\":\"2025-12-04T13:34:57+00:00\",\"dateModified\":\"2025-12-04T17:12:50+00:00\",\"mainEntityOfPage\":{\"@id\":\"https:\/\/www.sitsesp.org.br\/novo\/comissao-de-politica-salarial-cps-nao-comparece-a-audiencia-do-dissidio-no-trt\/\"},\"wordCount\":620,\"commentCount\":0,\"publisher\":{\"@id\":\"https:\/\/www.sitsesp.org.br\/novo\/#organization\"},\"image\":{\"@id\":\"https:\/\/www.sitsesp.org.br\/novo\/comissao-de-politica-salarial-cps-nao-comparece-a-audiencia-do-dissidio-no-trt\/#primaryimage\"},\"thumbnailUrl\":\"https:\/\/www.sitsesp.org.br\/novo\/wp-content\/uploads\/2025\/12\/WhatsApp-Image-2025-12-04-at-10.31.50.jpeg\",\"articleSection\":[\"Destaque\"],\"inLanguage\":\"pt-BR\",\"potentialAction\":[{\"@type\":\"CommentAction\",\"name\":\"Comment\",\"target\":[\"https:\/\/www.sitsesp.org.br\/novo\/comissao-de-politica-salarial-cps-nao-comparece-a-audiencia-do-dissidio-no-trt\/#respond\"]}]},{\"@type\":\"WebPage\",\"@id\":\"https:\/\/www.sitsesp.org.br\/novo\/comissao-de-politica-salarial-cps-nao-comparece-a-audiencia-do-dissidio-no-trt\/\",\"url\":\"https:\/\/www.sitsesp.org.br\/novo\/comissao-de-politica-salarial-cps-nao-comparece-a-audiencia-do-dissidio-no-trt\/\",\"name\":\"Comiss\u00e3o de Pol\u00edtica Salarial (CPS) n\u00e3o comparece \u00e0 audi\u00eancia do diss\u00eddio no TRT - SITSESP\",\"isPartOf\":{\"@id\":\"https:\/\/www.sitsesp.org.br\/novo\/#website\"},\"primaryImageOfPage\":{\"@id\":\"https:\/\/www.sitsesp.org.br\/novo\/comissao-de-politica-salarial-cps-nao-comparece-a-audiencia-do-dissidio-no-trt\/#primaryimage\"},\"image\":{\"@id\":\"https:\/\/www.sitsesp.org.br\/novo\/comissao-de-politica-salarial-cps-nao-comparece-a-audiencia-do-dissidio-no-trt\/#primaryimage\"},\"thumbnailUrl\":\"https:\/\/www.sitsesp.org.br\/novo\/wp-content\/uploads\/2025\/12\/WhatsApp-Image-2025-12-04-at-10.31.50.jpeg\",\"datePublished\":\"2025-12-04T13:34:57+00:00\",\"dateModified\":\"2025-12-04T17:12:50+00:00\",\"breadcrumb\":{\"@id\":\"https:\/\/www.sitsesp.org.br\/novo\/comissao-de-politica-salarial-cps-nao-comparece-a-audiencia-do-dissidio-no-trt\/#breadcrumb\"},\"inLanguage\":\"pt-BR\",\"potentialAction\":[{\"@type\":\"ReadAction\",\"target\":[\"https:\/\/www.sitsesp.org.br\/novo\/comissao-de-politica-salarial-cps-nao-comparece-a-audiencia-do-dissidio-no-trt\/\"]}]},{\"@type\":\"ImageObject\",\"inLanguage\":\"pt-BR\",\"@id\":\"https:\/\/www.sitsesp.org.br\/novo\/comissao-de-politica-salarial-cps-nao-comparece-a-audiencia-do-dissidio-no-trt\/#primaryimage\",\"url\":\"https:\/\/www.sitsesp.org.br\/novo\/wp-content\/uploads\/2025\/12\/WhatsApp-Image-2025-12-04-at-10.31.50.jpeg\",\"contentUrl\":\"https:\/\/www.sitsesp.org.br\/novo\/wp-content\/uploads\/2025\/12\/WhatsApp-Image-2025-12-04-at-10.31.50.jpeg\",\"width\":1600,\"height\":1200},{\"@type\":\"BreadcrumbList\",\"@id\":\"https:\/\/www.sitsesp.org.br\/novo\/comissao-de-politica-salarial-cps-nao-comparece-a-audiencia-do-dissidio-no-trt\/#breadcrumb\",\"itemListElement\":[{\"@type\":\"ListItem\",\"position\":1,\"name\":\"In\u00edcio\",\"item\":\"https:\/\/www.sitsesp.org.br\/novo\/\"},{\"@type\":\"ListItem\",\"position\":2,\"name\":\"Comiss\u00e3o de Pol\u00edtica Salarial (CPS) n\u00e3o comparece \u00e0 audi\u00eancia do diss\u00eddio no TRT\"}]},{\"@type\":\"WebSite\",\"@id\":\"https:\/\/www.sitsesp.org.br\/novo\/#website\",\"url\":\"https:\/\/www.sitsesp.org.br\/novo\/\",\"name\":\"Sitsesp\",\"description\":\"SIndicato da Socioeduca\u00e7\u00e3o do Estado de S\u00e3o Paulo\",\"publisher\":{\"@id\":\"https:\/\/www.sitsesp.org.br\/novo\/#organization\"},\"potentialAction\":[{\"@type\":\"SearchAction\",\"target\":{\"@type\":\"EntryPoint\",\"urlTemplate\":\"https:\/\/www.sitsesp.org.br\/novo\/?s={search_term_string}\"},\"query-input\":\"required name=search_term_string\"}],\"inLanguage\":\"pt-BR\"},{\"@type\":\"Organization\",\"@id\":\"https:\/\/www.sitsesp.org.br\/novo\/#organization\",\"name\":\"Sitsesp\",\"url\":\"https:\/\/www.sitsesp.org.br\/novo\/\",\"logo\":{\"@type\":\"ImageObject\",\"inLanguage\":\"pt-BR\",\"@id\":\"https:\/\/www.sitsesp.org.br\/novo\/#\/schema\/logo\/image\/\",\"url\":\"https:\/\/www.sitsesp.org.br\/novo\/wp-content\/uploads\/2020\/09\/Design-sem-nome-1.jpg\",\"contentUrl\":\"https:\/\/www.sitsesp.org.br\/novo\/wp-content\/uploads\/2020\/09\/Design-sem-nome-1.jpg\",\"width\":300,\"height\":300,\"caption\":\"Sitsesp\"},\"image\":{\"@id\":\"https:\/\/www.sitsesp.org.br\/novo\/#\/schema\/logo\/image\/\"}},{\"@type\":\"Person\",\"@id\":\"https:\/\/www.sitsesp.org.br\/novo\/#\/schema\/person\/2a4c180eb185645b3bef8657c75e305a\",\"name\":\"mhais\",\"image\":{\"@type\":\"ImageObject\",\"inLanguage\":\"pt-BR\",\"@id\":\"https:\/\/www.sitsesp.org.br\/novo\/#\/schema\/person\/image\/\",\"url\":\"https:\/\/secure.gravatar.com\/avatar\/6f4eabe86990e81328cf702edfa92a60?s=96&d=mm&r=g\",\"contentUrl\":\"https:\/\/secure.gravatar.com\/avatar\/6f4eabe86990e81328cf702edfa92a60?s=96&d=mm&r=g\",\"caption\":\"mhais\"},\"sameAs\":[\"http:\/\/localhost\/sitsesp\"]}]}<\/script>\n<!-- \/ Yoast SEO plugin. -->","yoast_head_json":{"title":"Comiss\u00e3o de Pol\u00edtica Salarial (CPS) n\u00e3o comparece \u00e0 audi\u00eancia do diss\u00eddio no TRT - SITSESP","robots":{"index":"index","follow":"follow","max-snippet":"max-snippet:-1","max-image-preview":"max-image-preview:large","max-video-preview":"max-video-preview:-1"},"canonical":"https:\/\/www.sitsesp.org.br\/novo\/comissao-de-politica-salarial-cps-nao-comparece-a-audiencia-do-dissidio-no-trt\/","og_locale":"pt_BR","og_type":"article","og_title":"Comiss\u00e3o de Pol\u00edtica Salarial (CPS) n\u00e3o comparece \u00e0 audi\u00eancia do diss\u00eddio no TRT - SITSESP","og_description":"Foi realizada, na tarde da \u00faltima quarta-feira (03\/12), mais uma audi\u00eancia de continuidade do diss\u00eddio coletivo 2025 entre o SITSESP e&hellip;","og_url":"https:\/\/www.sitsesp.org.br\/novo\/comissao-de-politica-salarial-cps-nao-comparece-a-audiencia-do-dissidio-no-trt\/","og_site_name":"SITSESP","article_published_time":"2025-12-04T13:34:57+00:00","article_modified_time":"2025-12-04T17:12:50+00:00","og_image":[{"width":1600,"height":1200,"url":"https:\/\/www.sitsesp.org.br\/novo\/wp-content\/uploads\/2025\/12\/WhatsApp-Image-2025-12-04-at-10.31.50.jpeg","type":"image\/jpeg"}],"author":"mhais","twitter_card":"summary_large_image","twitter_misc":{"Escrito por":"mhais","Est. tempo de leitura":"4 minutos"},"schema":{"@context":"https:\/\/schema.org","@graph":[{"@type":"Article","@id":"https:\/\/www.sitsesp.org.br\/novo\/comissao-de-politica-salarial-cps-nao-comparece-a-audiencia-do-dissidio-no-trt\/#article","isPartOf":{"@id":"https:\/\/www.sitsesp.org.br\/novo\/comissao-de-politica-salarial-cps-nao-comparece-a-audiencia-do-dissidio-no-trt\/"},"author":{"name":"mhais","@id":"https:\/\/www.sitsesp.org.br\/novo\/#\/schema\/person\/2a4c180eb185645b3bef8657c75e305a"},"headline":"Comiss\u00e3o de Pol\u00edtica Salarial (CPS) n\u00e3o comparece \u00e0 audi\u00eancia do diss\u00eddio no TRT","datePublished":"2025-12-04T13:34:57+00:00","dateModified":"2025-12-04T17:12:50+00:00","mainEntityOfPage":{"@id":"https:\/\/www.sitsesp.org.br\/novo\/comissao-de-politica-salarial-cps-nao-comparece-a-audiencia-do-dissidio-no-trt\/"},"wordCount":620,"commentCount":0,"publisher":{"@id":"https:\/\/www.sitsesp.org.br\/novo\/#organization"},"image":{"@id":"https:\/\/www.sitsesp.org.br\/novo\/comissao-de-politica-salarial-cps-nao-comparece-a-audiencia-do-dissidio-no-trt\/#primaryimage"},"thumbnailUrl":"https:\/\/www.sitsesp.org.br\/novo\/wp-content\/uploads\/2025\/12\/WhatsApp-Image-2025-12-04-at-10.31.50.jpeg","articleSection":["Destaque"],"inLanguage":"pt-BR","potentialAction":[{"@type":"CommentAction","name":"Comment","target":["https:\/\/www.sitsesp.org.br\/novo\/comissao-de-politica-salarial-cps-nao-comparece-a-audiencia-do-dissidio-no-trt\/#respond"]}]},{"@type":"WebPage","@id":"https:\/\/www.sitsesp.org.br\/novo\/comissao-de-politica-salarial-cps-nao-comparece-a-audiencia-do-dissidio-no-trt\/","url":"https:\/\/www.sitsesp.org.br\/novo\/comissao-de-politica-salarial-cps-nao-comparece-a-audiencia-do-dissidio-no-trt\/","name":"Comiss\u00e3o de Pol\u00edtica Salarial (CPS) n\u00e3o comparece \u00e0 audi\u00eancia do diss\u00eddio no TRT - SITSESP","isPartOf":{"@id":"https:\/\/www.sitsesp.org.br\/novo\/#website"},"primaryImageOfPage":{"@id":"https:\/\/www.sitsesp.org.br\/novo\/comissao-de-politica-salarial-cps-nao-comparece-a-audiencia-do-dissidio-no-trt\/#primaryimage"},"image":{"@id":"https:\/\/www.sitsesp.org.br\/novo\/comissao-de-politica-salarial-cps-nao-comparece-a-audiencia-do-dissidio-no-trt\/#primaryimage"},"thumbnailUrl":"https:\/\/www.sitsesp.org.br\/novo\/wp-content\/uploads\/2025\/12\/WhatsApp-Image-2025-12-04-at-10.31.50.jpeg","datePublished":"2025-12-04T13:34:57+00:00","dateModified":"2025-12-04T17:12:50+00:00","breadcrumb":{"@id":"https:\/\/www.sitsesp.org.br\/novo\/comissao-de-politica-salarial-cps-nao-comparece-a-audiencia-do-dissidio-no-trt\/#breadcrumb"},"inLanguage":"pt-BR","potentialAction":[{"@type":"ReadAction","target":["https:\/\/www.sitsesp.org.br\/novo\/comissao-de-politica-salarial-cps-nao-comparece-a-audiencia-do-dissidio-no-trt\/"]}]},{"@type":"ImageObject","inLanguage":"pt-BR","@id":"https:\/\/www.sitsesp.org.br\/novo\/comissao-de-politica-salarial-cps-nao-comparece-a-audiencia-do-dissidio-no-trt\/#primaryimage","url":"https:\/\/www.sitsesp.org.br\/novo\/wp-content\/uploads\/2025\/12\/WhatsApp-Image-2025-12-04-at-10.31.50.jpeg","contentUrl":"https:\/\/www.sitsesp.org.br\/novo\/wp-content\/uploads\/2025\/12\/WhatsApp-Image-2025-12-04-at-10.31.50.jpeg","width":1600,"height":1200},{"@type":"BreadcrumbList","@id":"https:\/\/www.sitsesp.org.br\/novo\/comissao-de-politica-salarial-cps-nao-comparece-a-audiencia-do-dissidio-no-trt\/#breadcrumb","itemListElement":[{"@type":"ListItem","position":1,"name":"In\u00edcio","item":"https:\/\/www.sitsesp.org.br\/novo\/"},{"@type":"ListItem","position":2,"name":"Comiss\u00e3o de Pol\u00edtica Salarial (CPS) n\u00e3o comparece \u00e0 audi\u00eancia do diss\u00eddio no TRT"}]},{"@type":"WebSite","@id":"https:\/\/www.sitsesp.org.br\/novo\/#website","url":"https:\/\/www.sitsesp.org.br\/novo\/","name":"Sitsesp","description":"SIndicato da Socioeduca\u00e7\u00e3o do Estado de S\u00e3o Paulo","publisher":{"@id":"https:\/\/www.sitsesp.org.br\/novo\/#organization"},"potentialAction":[{"@type":"SearchAction","target":{"@type":"EntryPoint","urlTemplate":"https:\/\/www.sitsesp.org.br\/novo\/?s={search_term_string}"},"query-input":"required name=search_term_string"}],"inLanguage":"pt-BR"},{"@type":"Organization","@id":"https:\/\/www.sitsesp.org.br\/novo\/#organization","name":"Sitsesp","url":"https:\/\/www.sitsesp.org.br\/novo\/","logo":{"@type":"ImageObject","inLanguage":"pt-BR","@id":"https:\/\/www.sitsesp.org.br\/novo\/#\/schema\/logo\/image\/","url":"https:\/\/www.sitsesp.org.br\/novo\/wp-content\/uploads\/2020\/09\/Design-sem-nome-1.jpg","contentUrl":"https:\/\/www.sitsesp.org.br\/novo\/wp-content\/uploads\/2020\/09\/Design-sem-nome-1.jpg","width":300,"height":300,"caption":"Sitsesp"},"image":{"@id":"https:\/\/www.sitsesp.org.br\/novo\/#\/schema\/logo\/image\/"}},{"@type":"Person","@id":"https:\/\/www.sitsesp.org.br\/novo\/#\/schema\/person\/2a4c180eb185645b3bef8657c75e305a","name":"mhais","image":{"@type":"ImageObject","inLanguage":"pt-BR","@id":"https:\/\/www.sitsesp.org.br\/novo\/#\/schema\/person\/image\/","url":"https:\/\/secure.gravatar.com\/avatar\/6f4eabe86990e81328cf702edfa92a60?s=96&d=mm&r=g","contentUrl":"https:\/\/secure.gravatar.com\/avatar\/6f4eabe86990e81328cf702edfa92a60?s=96&d=mm&r=g","caption":"mhais"},"sameAs":["http:\/\/localhost\/sitsesp"]}]}},"_links":{"self":[{"href":"https:\/\/www.sitsesp.org.br\/novo\/wp-json\/wp\/v2\/posts\/16803"}],"collection":[{"href":"https:\/\/www.sitsesp.org.br\/novo\/wp-json\/wp\/v2\/posts"}],"about":[{"href":"https:\/\/www.sitsesp.org.br\/novo\/wp-json\/wp\/v2\/types\/post"}],"author":[{"embeddable":true,"href":"https:\/\/www.sitsesp.org.br\/novo\/wp-json\/wp\/v2\/users\/1"}],"replies":[{"embeddable":true,"href":"https:\/\/www.sitsesp.org.br\/novo\/wp-json\/wp\/v2\/comments?post=16803"}],"version-history":[{"count":3,"href":"https:\/\/www.sitsesp.org.br\/novo\/wp-json\/wp\/v2\/posts\/16803\/revisions"}],"predecessor-version":[{"id":16812,"href":"https:\/\/www.sitsesp.org.br\/novo\/wp-json\/wp\/v2\/posts\/16803\/revisions\/16812"}],"wp:featuredmedia":[{"embeddable":true,"href":"https:\/\/www.sitsesp.org.br\/novo\/wp-json\/wp\/v2\/media\/16804"}],"wp:attachment":[{"href":"https:\/\/www.sitsesp.org.br\/novo\/wp-json\/wp\/v2\/media?parent=16803"}],"wp:term":[{"taxonomy":"category","embeddable":true,"href":"https:\/\/www.sitsesp.org.br\/novo\/wp-json\/wp\/v2\/categories?post=16803"},{"taxonomy":"post_tag","embeddable":true,"href":"https:\/\/www.sitsesp.org.br\/novo\/wp-json\/wp\/v2\/tags?post=16803"}],"curies":[{"name":"wp","href":"https:\/\/api.w.org\/{rel}","templated":true}]}}