{"id":16816,"date":"2025-12-04T15:38:44","date_gmt":"2025-12-04T18:38:44","guid":{"rendered":"https:\/\/www.sitsesp.org.br\/novo\/?p=16816"},"modified":"2025-12-19T15:15:15","modified_gmt":"2025-12-19T18:15:15","slug":"pesquisa-vox-populi-confirma-mais-de-70-dos-trabalhadores-brasileiros-consideram-os-sindicatos-essenciais","status":"publish","type":"post","link":"https:\/\/www.sitsesp.org.br\/novo\/pesquisa-vox-populi-confirma-mais-de-70-dos-trabalhadores-brasileiros-consideram-os-sindicatos-essenciais\/","title":{"rendered":"Pesquisa Vox Populi confirma: mais de 70% dos trabalhadores brasileiros consideram os sindicatos essenciais"},"content":{"rendered":"<p><!-- VideographyWP Plugin Message: Automatic video embedding prevented by plugin options. --><\/p>\n<h3 style=\"text-align: justify;\">Levantamento\u00a0 revela que 70% avaliam sindicatos como importantes ou muito importantes para a defesa dos direitos e melhoria das condi\u00e7\u00f5es de trabalho.<\/h3>\n<p style=\"text-align: justify;\">A pesquisa in\u00e9dita\u00a0<strong>\u201cO Trabalho e o Brasil<\/strong>\u201c, conduzida pelo instituto Vox Populi, revela alto \u00edndice de aprova\u00e7\u00e3o e reconhecimento do papel sindical no pa\u00eds e, ainda, valoriza\u00e7\u00e3o da carteira assinada entre os entrevistados.<\/p>\n<p style=\"text-align: justify;\">O levantamento, encomendado pela CUT e Funda\u00e7\u00e3o Perseu Abramo, com o apoio do Dieese, aconteceu entre maio e junho deste ano.\u00a0<strong>Foram entrevistadas, presencialmente, 3.850 pessoas (das cinco macrorregi\u00f5es do pa\u00eds)<\/strong>\u00a0que comp\u00f5e a Popula\u00e7\u00e3o Economicamente Ativa (PEA) e a n\u00e3o-PEA, incluindo assalariados com o sem carteira, aut\u00f4nomos, empreendedores, servidores p\u00fablicos e desempregados. A margem de erro \u00e9 de 1,6 ponto.<\/p>\n<h2 style=\"text-align: justify;\">Avalia\u00e7\u00e3o dos sindicatos<\/h2>\n<ul style=\"text-align: justify;\">\n<li><strong>68% reconhecem o papel dos sindicatos na melhoria das condi\u00e7\u00f5es de vida dos trabalhadores<\/strong>;<\/li>\n<li>67,8% destacam a import\u00e2ncia da negocia\u00e7\u00e3o ou media\u00e7\u00e3o entre os trabalhadores e as empresas;<\/li>\n<li>67,1% avaliam a import\u00e2ncia das entidades para a melhoria dos sal\u00e1rios e condi\u00e7\u00f5es de trabalho;<\/li>\n<li>64,3% veem as entidades sindicais como defensoras dos direitos da classe trabalhadora; e<\/li>\n<li>52% est\u00e3o satisfeitos ou muito satisfeitos com a atua\u00e7\u00e3o do sindicato.<\/li>\n<\/ul>\n<p style=\"text-align: justify;\">Entre os jovens trabalhadores o reconhecimento sobre a import\u00e2ncia dos sindicatos \u00e9 mais levado (74,6%; 72,1%; 74,4%;71,4%, respectivamente), especialmente entre os jovens das regi\u00f5es Nordeste (71,5%; 69,4%; 72,2%; 68,3, respectivamente) e sul (69,6%; 70,8%; 68,6%; 66%, respectivamente).<\/p>\n<p style=\"text-align: justify;\">A pesquisa aponta tamb\u00e9m que\u00a0<strong>mais de 70% defendem o direito de greve<\/strong>, consideram leg\u00edtimo participar de consultas p\u00fablicas e votar em representantes que defendam sua categoria para cargos p\u00fablicos.<\/p>\n<h2 style=\"text-align: justify;\">Import\u00e2ncia da CLT e perfil do empreendedorismo no pa\u00eds<\/h2>\n<p style=\"text-align: justify;\">Entre os pesquisados que se autodeclararam aut\u00f4nomos, 55,3% afirmaram que poderiam voltar ou com certeza gostariam de voltar a ser CLT,\u00a0<strong>\u201cporque teriam mais direitos e estabilidade\u201d<\/strong>. Entre os aut\u00f4nomos que trabalham no setor privado (maioria MEIs e PJ) e que j\u00e1 estiveram sob o regime da Consolida\u00e7\u00e3o das Leis do Trabalho, 59,1% afirmaram que, com certeza, voltariam a ser registrados como CLT.<\/p>\n<p style=\"text-align: justify;\"><strong>\u201cEsse \u00faltimo dado, de que mais da metade dos trabalhadores querem ter v\u00ednculo formal de trabalho com direitos garantidos pela CLT, mesmo diante da difus\u00e3o do discurso anti-Consolida\u00e7\u00e3o das Leis do Trabalho, revela que muitos dos que se autodeclaram aut\u00f4nomos e empreendedores s\u00e3o empurrados para esta modalidade por conta da precariza\u00e7\u00e3o do trabalho formal\u201d<\/strong>, avalia Juvandia Moreira, presidenta da Contraf-CUT e vice-presidenta nacional da CUT.<\/p>\n<p style=\"text-align: justify;\">Outro destaque da pesquisa \u00e9 sobre as pessoas que se autodeclararam empreendedoras e aut\u00f4nomas.<\/p>\n<p style=\"text-align: justify;\"><strong>\u201cIdentificamos que grande parte desses trabalhadores praticam o \u2018empreendedorismo de necessidade\u2019, que \u00e9 associado \u00e0 situa\u00e7\u00e3o de informalidade e de baixos sal\u00e1rios, ao contr\u00e1rio do \u2018empreendedorismo de oportunidade\u2019, ou seja, aquele motivado por uma demanda de mercado, n\u00e3o por uma necessidade de gerar renda para sobreviver\u201d<\/strong>, completa Juvandia Moreira.<\/p>\n<p style=\"text-align: justify;\">Entre os entrevistados que se declararam empreendedores e aut\u00f4nomo, a maioria, pela ordem, eram ambulantes ou sacoleiros; trabalhadores da constru\u00e7\u00e3o civil (como pedreiros e pintores); cabelereiros ou barbeiros; comerciantes; cozinheiros; artes\u00e3os; t\u00e9cnicos de TI; manicures, depiladoras; mec\u00e2nicos e faz-tudo ou \u201cmarido de aluguel\u201d.<\/p>\n<p style=\"text-align: justify;\" data-start=\"2523\" data-end=\"2873\">Os resultados da pesquisa confirmam que, mesmo diante de transforma\u00e7\u00f5es no mundo do trabalho \u2014 com aumento da informalidade, gig-economy e terceiriza\u00e7\u00e3o \u2014 a grande maioria dos trabalhadores ainda reconhece que a organiza\u00e7\u00e3o coletiva continua essencial. Para o SITSESP, os dados refor\u00e7am a legitimidade da exist\u00eancia de sindicatos fortes e atuantes.<\/p>\n<p style=\"text-align: justify;\" data-start=\"2875\" data-end=\"3243\">Para os trabalhadores brasileiros, especialmente os servidores p\u00fablicos e celetistas que representamos, a pesquisa demonstra que a luta por direitos e valoriza\u00e7\u00e3o de sal\u00e1rio cresce em representatividade. Para o sindicato, o recado \u00e9 claro: a base exige proximidade, transpar\u00eancia, presen\u00e7a efetiva nas unidades de trabalho, forma\u00e7\u00e3o profissional e comunica\u00e7\u00e3o firme.<\/p>\n","protected":false},"excerpt":{"rendered":"<p>Levantamento\u00a0 revela que 70% avaliam sindicatos como importantes ou muito importantes para a defesa dos direitos e melhoria das condi\u00e7\u00f5es de&hellip;<\/p>\n","protected":false},"author":1,"featured_media":16860,"comment_status":"open","ping_status":"open","sticky":false,"template":"","format":"standard","meta":{"cybocfi_hide_featured_image":"","footnotes":""},"categories":[22],"tags":[],"yoast_head":"<!-- This site is optimized with the Yoast SEO plugin v22.8 - https:\/\/yoast.com\/wordpress\/plugins\/seo\/ -->\n<title>Pesquisa Vox Populi confirma: mais de 70% dos trabalhadores brasileiros consideram os sindicatos essenciais - SITSESP<\/title>\n<meta name=\"robots\" content=\"index, follow, max-snippet:-1, max-image-preview:large, max-video-preview:-1\" \/>\n<link rel=\"canonical\" href=\"https:\/\/www.sitsesp.org.br\/novo\/pesquisa-vox-populi-confirma-mais-de-70-dos-trabalhadores-brasileiros-consideram-os-sindicatos-essenciais\/\" \/>\n<meta property=\"og:locale\" content=\"pt_BR\" \/>\n<meta property=\"og:type\" content=\"article\" \/>\n<meta property=\"og:title\" content=\"Pesquisa Vox Populi confirma: mais de 70% dos trabalhadores brasileiros consideram os sindicatos essenciais - SITSESP\" \/>\n<meta property=\"og:description\" content=\"Levantamento\u00a0 revela que 70% avaliam sindicatos como importantes ou muito importantes para a defesa dos direitos e melhoria das condi\u00e7\u00f5es de&hellip;\" \/>\n<meta property=\"og:url\" content=\"https:\/\/www.sitsesp.org.br\/novo\/pesquisa-vox-populi-confirma-mais-de-70-dos-trabalhadores-brasileiros-consideram-os-sindicatos-essenciais\/\" \/>\n<meta property=\"og:site_name\" content=\"SITSESP\" \/>\n<meta property=\"article:published_time\" content=\"2025-12-04T18:38:44+00:00\" \/>\n<meta property=\"article:modified_time\" content=\"2025-12-19T18:15:15+00:00\" \/>\n<meta property=\"og:image\" content=\"https:\/\/www.sitsesp.org.br\/novo\/wp-content\/uploads\/2025\/12\/Cartaz-Horizontal-para-Baile-Anos-60-vintage-colorido-1080-x-1350-px-A4-horizontal-2.jpg\" \/>\n\t<meta property=\"og:image:width\" content=\"2000\" \/>\n\t<meta property=\"og:image:height\" content=\"1414\" \/>\n\t<meta property=\"og:image:type\" content=\"image\/jpeg\" \/>\n<meta name=\"author\" content=\"mhais\" \/>\n<meta name=\"twitter:card\" content=\"summary_large_image\" \/>\n<meta name=\"twitter:label1\" content=\"Escrito por\" \/>\n\t<meta name=\"twitter:data1\" content=\"mhais\" \/>\n\t<meta name=\"twitter:label2\" content=\"Est. tempo de leitura\" \/>\n\t<meta name=\"twitter:data2\" content=\"4 minutos\" \/>\n<script type=\"application\/ld+json\" class=\"yoast-schema-graph\">{\"@context\":\"https:\/\/schema.org\",\"@graph\":[{\"@type\":\"Article\",\"@id\":\"https:\/\/www.sitsesp.org.br\/novo\/pesquisa-vox-populi-confirma-mais-de-70-dos-trabalhadores-brasileiros-consideram-os-sindicatos-essenciais\/#article\",\"isPartOf\":{\"@id\":\"https:\/\/www.sitsesp.org.br\/novo\/pesquisa-vox-populi-confirma-mais-de-70-dos-trabalhadores-brasileiros-consideram-os-sindicatos-essenciais\/\"},\"author\":{\"name\":\"mhais\",\"@id\":\"https:\/\/www.sitsesp.org.br\/novo\/#\/schema\/person\/2a4c180eb185645b3bef8657c75e305a\"},\"headline\":\"Pesquisa Vox Populi confirma: mais de 70% dos trabalhadores brasileiros consideram os sindicatos essenciais\",\"datePublished\":\"2025-12-04T18:38:44+00:00\",\"dateModified\":\"2025-12-19T18:15:15+00:00\",\"mainEntityOfPage\":{\"@id\":\"https:\/\/www.sitsesp.org.br\/novo\/pesquisa-vox-populi-confirma-mais-de-70-dos-trabalhadores-brasileiros-consideram-os-sindicatos-essenciais\/\"},\"wordCount\":643,\"commentCount\":0,\"publisher\":{\"@id\":\"https:\/\/www.sitsesp.org.br\/novo\/#organization\"},\"image\":{\"@id\":\"https:\/\/www.sitsesp.org.br\/novo\/pesquisa-vox-populi-confirma-mais-de-70-dos-trabalhadores-brasileiros-consideram-os-sindicatos-essenciais\/#primaryimage\"},\"thumbnailUrl\":\"https:\/\/www.sitsesp.org.br\/novo\/wp-content\/uploads\/2025\/12\/Cartaz-Horizontal-para-Baile-Anos-60-vintage-colorido-1080-x-1350-px-A4-horizontal-2.jpg\",\"articleSection\":[\"Noticias\"],\"inLanguage\":\"pt-BR\",\"potentialAction\":[{\"@type\":\"CommentAction\",\"name\":\"Comment\",\"target\":[\"https:\/\/www.sitsesp.org.br\/novo\/pesquisa-vox-populi-confirma-mais-de-70-dos-trabalhadores-brasileiros-consideram-os-sindicatos-essenciais\/#respond\"]}]},{\"@type\":\"WebPage\",\"@id\":\"https:\/\/www.sitsesp.org.br\/novo\/pesquisa-vox-populi-confirma-mais-de-70-dos-trabalhadores-brasileiros-consideram-os-sindicatos-essenciais\/\",\"url\":\"https:\/\/www.sitsesp.org.br\/novo\/pesquisa-vox-populi-confirma-mais-de-70-dos-trabalhadores-brasileiros-consideram-os-sindicatos-essenciais\/\",\"name\":\"Pesquisa Vox Populi confirma: mais de 70% dos trabalhadores brasileiros consideram os sindicatos essenciais - SITSESP\",\"isPartOf\":{\"@id\":\"https:\/\/www.sitsesp.org.br\/novo\/#website\"},\"primaryImageOfPage\":{\"@id\":\"https:\/\/www.sitsesp.org.br\/novo\/pesquisa-vox-populi-confirma-mais-de-70-dos-trabalhadores-brasileiros-consideram-os-sindicatos-essenciais\/#primaryimage\"},\"image\":{\"@id\":\"https:\/\/www.sitsesp.org.br\/novo\/pesquisa-vox-populi-confirma-mais-de-70-dos-trabalhadores-brasileiros-consideram-os-sindicatos-essenciais\/#primaryimage\"},\"thumbnailUrl\":\"https:\/\/www.sitsesp.org.br\/novo\/wp-content\/uploads\/2025\/12\/Cartaz-Horizontal-para-Baile-Anos-60-vintage-colorido-1080-x-1350-px-A4-horizontal-2.jpg\",\"datePublished\":\"2025-12-04T18:38:44+00:00\",\"dateModified\":\"2025-12-19T18:15:15+00:00\",\"breadcrumb\":{\"@id\":\"https:\/\/www.sitsesp.org.br\/novo\/pesquisa-vox-populi-confirma-mais-de-70-dos-trabalhadores-brasileiros-consideram-os-sindicatos-essenciais\/#breadcrumb\"},\"inLanguage\":\"pt-BR\",\"potentialAction\":[{\"@type\":\"ReadAction\",\"target\":[\"https:\/\/www.sitsesp.org.br\/novo\/pesquisa-vox-populi-confirma-mais-de-70-dos-trabalhadores-brasileiros-consideram-os-sindicatos-essenciais\/\"]}]},{\"@type\":\"ImageObject\",\"inLanguage\":\"pt-BR\",\"@id\":\"https:\/\/www.sitsesp.org.br\/novo\/pesquisa-vox-populi-confirma-mais-de-70-dos-trabalhadores-brasileiros-consideram-os-sindicatos-essenciais\/#primaryimage\",\"url\":\"https:\/\/www.sitsesp.org.br\/novo\/wp-content\/uploads\/2025\/12\/Cartaz-Horizontal-para-Baile-Anos-60-vintage-colorido-1080-x-1350-px-A4-horizontal-2.jpg\",\"contentUrl\":\"https:\/\/www.sitsesp.org.br\/novo\/wp-content\/uploads\/2025\/12\/Cartaz-Horizontal-para-Baile-Anos-60-vintage-colorido-1080-x-1350-px-A4-horizontal-2.jpg\",\"width\":2000,\"height\":1414},{\"@type\":\"BreadcrumbList\",\"@id\":\"https:\/\/www.sitsesp.org.br\/novo\/pesquisa-vox-populi-confirma-mais-de-70-dos-trabalhadores-brasileiros-consideram-os-sindicatos-essenciais\/#breadcrumb\",\"itemListElement\":[{\"@type\":\"ListItem\",\"position\":1,\"name\":\"In\u00edcio\",\"item\":\"https:\/\/www.sitsesp.org.br\/novo\/\"},{\"@type\":\"ListItem\",\"position\":2,\"name\":\"Pesquisa Vox Populi confirma: mais de 70% dos trabalhadores brasileiros consideram os sindicatos essenciais\"}]},{\"@type\":\"WebSite\",\"@id\":\"https:\/\/www.sitsesp.org.br\/novo\/#website\",\"url\":\"https:\/\/www.sitsesp.org.br\/novo\/\",\"name\":\"Sitsesp\",\"description\":\"SIndicato da Socioeduca\u00e7\u00e3o do Estado de S\u00e3o Paulo\",\"publisher\":{\"@id\":\"https:\/\/www.sitsesp.org.br\/novo\/#organization\"},\"potentialAction\":[{\"@type\":\"SearchAction\",\"target\":{\"@type\":\"EntryPoint\",\"urlTemplate\":\"https:\/\/www.sitsesp.org.br\/novo\/?s={search_term_string}\"},\"query-input\":\"required name=search_term_string\"}],\"inLanguage\":\"pt-BR\"},{\"@type\":\"Organization\",\"@id\":\"https:\/\/www.sitsesp.org.br\/novo\/#organization\",\"name\":\"Sitsesp\",\"url\":\"https:\/\/www.sitsesp.org.br\/novo\/\",\"logo\":{\"@type\":\"ImageObject\",\"inLanguage\":\"pt-BR\",\"@id\":\"https:\/\/www.sitsesp.org.br\/novo\/#\/schema\/logo\/image\/\",\"url\":\"https:\/\/www.sitsesp.org.br\/novo\/wp-content\/uploads\/2020\/09\/Design-sem-nome-1.jpg\",\"contentUrl\":\"https:\/\/www.sitsesp.org.br\/novo\/wp-content\/uploads\/2020\/09\/Design-sem-nome-1.jpg\",\"width\":300,\"height\":300,\"caption\":\"Sitsesp\"},\"image\":{\"@id\":\"https:\/\/www.sitsesp.org.br\/novo\/#\/schema\/logo\/image\/\"}},{\"@type\":\"Person\",\"@id\":\"https:\/\/www.sitsesp.org.br\/novo\/#\/schema\/person\/2a4c180eb185645b3bef8657c75e305a\",\"name\":\"mhais\",\"image\":{\"@type\":\"ImageObject\",\"inLanguage\":\"pt-BR\",\"@id\":\"https:\/\/www.sitsesp.org.br\/novo\/#\/schema\/person\/image\/\",\"url\":\"https:\/\/secure.gravatar.com\/avatar\/6f4eabe86990e81328cf702edfa92a60?s=96&d=mm&r=g\",\"contentUrl\":\"https:\/\/secure.gravatar.com\/avatar\/6f4eabe86990e81328cf702edfa92a60?s=96&d=mm&r=g\",\"caption\":\"mhais\"},\"sameAs\":[\"http:\/\/localhost\/sitsesp\"]}]}<\/script>\n<!-- \/ Yoast SEO plugin. -->","yoast_head_json":{"title":"Pesquisa Vox Populi confirma: mais de 70% dos trabalhadores brasileiros consideram os sindicatos essenciais - SITSESP","robots":{"index":"index","follow":"follow","max-snippet":"max-snippet:-1","max-image-preview":"max-image-preview:large","max-video-preview":"max-video-preview:-1"},"canonical":"https:\/\/www.sitsesp.org.br\/novo\/pesquisa-vox-populi-confirma-mais-de-70-dos-trabalhadores-brasileiros-consideram-os-sindicatos-essenciais\/","og_locale":"pt_BR","og_type":"article","og_title":"Pesquisa Vox Populi confirma: mais de 70% dos trabalhadores brasileiros consideram os sindicatos essenciais - SITSESP","og_description":"Levantamento\u00a0 revela que 70% avaliam sindicatos como importantes ou muito importantes para a defesa dos direitos e melhoria das condi\u00e7\u00f5es de&hellip;","og_url":"https:\/\/www.sitsesp.org.br\/novo\/pesquisa-vox-populi-confirma-mais-de-70-dos-trabalhadores-brasileiros-consideram-os-sindicatos-essenciais\/","og_site_name":"SITSESP","article_published_time":"2025-12-04T18:38:44+00:00","article_modified_time":"2025-12-19T18:15:15+00:00","og_image":[{"width":2000,"height":1414,"url":"https:\/\/www.sitsesp.org.br\/novo\/wp-content\/uploads\/2025\/12\/Cartaz-Horizontal-para-Baile-Anos-60-vintage-colorido-1080-x-1350-px-A4-horizontal-2.jpg","type":"image\/jpeg"}],"author":"mhais","twitter_card":"summary_large_image","twitter_misc":{"Escrito por":"mhais","Est. tempo de leitura":"4 minutos"},"schema":{"@context":"https:\/\/schema.org","@graph":[{"@type":"Article","@id":"https:\/\/www.sitsesp.org.br\/novo\/pesquisa-vox-populi-confirma-mais-de-70-dos-trabalhadores-brasileiros-consideram-os-sindicatos-essenciais\/#article","isPartOf":{"@id":"https:\/\/www.sitsesp.org.br\/novo\/pesquisa-vox-populi-confirma-mais-de-70-dos-trabalhadores-brasileiros-consideram-os-sindicatos-essenciais\/"},"author":{"name":"mhais","@id":"https:\/\/www.sitsesp.org.br\/novo\/#\/schema\/person\/2a4c180eb185645b3bef8657c75e305a"},"headline":"Pesquisa Vox Populi confirma: mais de 70% dos trabalhadores brasileiros consideram os sindicatos essenciais","datePublished":"2025-12-04T18:38:44+00:00","dateModified":"2025-12-19T18:15:15+00:00","mainEntityOfPage":{"@id":"https:\/\/www.sitsesp.org.br\/novo\/pesquisa-vox-populi-confirma-mais-de-70-dos-trabalhadores-brasileiros-consideram-os-sindicatos-essenciais\/"},"wordCount":643,"commentCount":0,"publisher":{"@id":"https:\/\/www.sitsesp.org.br\/novo\/#organization"},"image":{"@id":"https:\/\/www.sitsesp.org.br\/novo\/pesquisa-vox-populi-confirma-mais-de-70-dos-trabalhadores-brasileiros-consideram-os-sindicatos-essenciais\/#primaryimage"},"thumbnailUrl":"https:\/\/www.sitsesp.org.br\/novo\/wp-content\/uploads\/2025\/12\/Cartaz-Horizontal-para-Baile-Anos-60-vintage-colorido-1080-x-1350-px-A4-horizontal-2.jpg","articleSection":["Noticias"],"inLanguage":"pt-BR","potentialAction":[{"@type":"CommentAction","name":"Comment","target":["https:\/\/www.sitsesp.org.br\/novo\/pesquisa-vox-populi-confirma-mais-de-70-dos-trabalhadores-brasileiros-consideram-os-sindicatos-essenciais\/#respond"]}]},{"@type":"WebPage","@id":"https:\/\/www.sitsesp.org.br\/novo\/pesquisa-vox-populi-confirma-mais-de-70-dos-trabalhadores-brasileiros-consideram-os-sindicatos-essenciais\/","url":"https:\/\/www.sitsesp.org.br\/novo\/pesquisa-vox-populi-confirma-mais-de-70-dos-trabalhadores-brasileiros-consideram-os-sindicatos-essenciais\/","name":"Pesquisa Vox Populi confirma: mais de 70% dos trabalhadores brasileiros consideram os sindicatos essenciais - SITSESP","isPartOf":{"@id":"https:\/\/www.sitsesp.org.br\/novo\/#website"},"primaryImageOfPage":{"@id":"https:\/\/www.sitsesp.org.br\/novo\/pesquisa-vox-populi-confirma-mais-de-70-dos-trabalhadores-brasileiros-consideram-os-sindicatos-essenciais\/#primaryimage"},"image":{"@id":"https:\/\/www.sitsesp.org.br\/novo\/pesquisa-vox-populi-confirma-mais-de-70-dos-trabalhadores-brasileiros-consideram-os-sindicatos-essenciais\/#primaryimage"},"thumbnailUrl":"https:\/\/www.sitsesp.org.br\/novo\/wp-content\/uploads\/2025\/12\/Cartaz-Horizontal-para-Baile-Anos-60-vintage-colorido-1080-x-1350-px-A4-horizontal-2.jpg","datePublished":"2025-12-04T18:38:44+00:00","dateModified":"2025-12-19T18:15:15+00:00","breadcrumb":{"@id":"https:\/\/www.sitsesp.org.br\/novo\/pesquisa-vox-populi-confirma-mais-de-70-dos-trabalhadores-brasileiros-consideram-os-sindicatos-essenciais\/#breadcrumb"},"inLanguage":"pt-BR","potentialAction":[{"@type":"ReadAction","target":["https:\/\/www.sitsesp.org.br\/novo\/pesquisa-vox-populi-confirma-mais-de-70-dos-trabalhadores-brasileiros-consideram-os-sindicatos-essenciais\/"]}]},{"@type":"ImageObject","inLanguage":"pt-BR","@id":"https:\/\/www.sitsesp.org.br\/novo\/pesquisa-vox-populi-confirma-mais-de-70-dos-trabalhadores-brasileiros-consideram-os-sindicatos-essenciais\/#primaryimage","url":"https:\/\/www.sitsesp.org.br\/novo\/wp-content\/uploads\/2025\/12\/Cartaz-Horizontal-para-Baile-Anos-60-vintage-colorido-1080-x-1350-px-A4-horizontal-2.jpg","contentUrl":"https:\/\/www.sitsesp.org.br\/novo\/wp-content\/uploads\/2025\/12\/Cartaz-Horizontal-para-Baile-Anos-60-vintage-colorido-1080-x-1350-px-A4-horizontal-2.jpg","width":2000,"height":1414},{"@type":"BreadcrumbList","@id":"https:\/\/www.sitsesp.org.br\/novo\/pesquisa-vox-populi-confirma-mais-de-70-dos-trabalhadores-brasileiros-consideram-os-sindicatos-essenciais\/#breadcrumb","itemListElement":[{"@type":"ListItem","position":1,"name":"In\u00edcio","item":"https:\/\/www.sitsesp.org.br\/novo\/"},{"@type":"ListItem","position":2,"name":"Pesquisa Vox Populi confirma: mais de 70% dos trabalhadores brasileiros consideram os sindicatos essenciais"}]},{"@type":"WebSite","@id":"https:\/\/www.sitsesp.org.br\/novo\/#website","url":"https:\/\/www.sitsesp.org.br\/novo\/","name":"Sitsesp","description":"SIndicato da Socioeduca\u00e7\u00e3o do Estado de S\u00e3o Paulo","publisher":{"@id":"https:\/\/www.sitsesp.org.br\/novo\/#organization"},"potentialAction":[{"@type":"SearchAction","target":{"@type":"EntryPoint","urlTemplate":"https:\/\/www.sitsesp.org.br\/novo\/?s={search_term_string}"},"query-input":"required name=search_term_string"}],"inLanguage":"pt-BR"},{"@type":"Organization","@id":"https:\/\/www.sitsesp.org.br\/novo\/#organization","name":"Sitsesp","url":"https:\/\/www.sitsesp.org.br\/novo\/","logo":{"@type":"ImageObject","inLanguage":"pt-BR","@id":"https:\/\/www.sitsesp.org.br\/novo\/#\/schema\/logo\/image\/","url":"https:\/\/www.sitsesp.org.br\/novo\/wp-content\/uploads\/2020\/09\/Design-sem-nome-1.jpg","contentUrl":"https:\/\/www.sitsesp.org.br\/novo\/wp-content\/uploads\/2020\/09\/Design-sem-nome-1.jpg","width":300,"height":300,"caption":"Sitsesp"},"image":{"@id":"https:\/\/www.sitsesp.org.br\/novo\/#\/schema\/logo\/image\/"}},{"@type":"Person","@id":"https:\/\/www.sitsesp.org.br\/novo\/#\/schema\/person\/2a4c180eb185645b3bef8657c75e305a","name":"mhais","image":{"@type":"ImageObject","inLanguage":"pt-BR","@id":"https:\/\/www.sitsesp.org.br\/novo\/#\/schema\/person\/image\/","url":"https:\/\/secure.gravatar.com\/avatar\/6f4eabe86990e81328cf702edfa92a60?s=96&d=mm&r=g","contentUrl":"https:\/\/secure.gravatar.com\/avatar\/6f4eabe86990e81328cf702edfa92a60?s=96&d=mm&r=g","caption":"mhais"},"sameAs":["http:\/\/localhost\/sitsesp"]}]}},"_links":{"self":[{"href":"https:\/\/www.sitsesp.org.br\/novo\/wp-json\/wp\/v2\/posts\/16816"}],"collection":[{"href":"https:\/\/www.sitsesp.org.br\/novo\/wp-json\/wp\/v2\/posts"}],"about":[{"href":"https:\/\/www.sitsesp.org.br\/novo\/wp-json\/wp\/v2\/types\/post"}],"author":[{"embeddable":true,"href":"https:\/\/www.sitsesp.org.br\/novo\/wp-json\/wp\/v2\/users\/1"}],"replies":[{"embeddable":true,"href":"https:\/\/www.sitsesp.org.br\/novo\/wp-json\/wp\/v2\/comments?post=16816"}],"version-history":[{"count":1,"href":"https:\/\/www.sitsesp.org.br\/novo\/wp-json\/wp\/v2\/posts\/16816\/revisions"}],"predecessor-version":[{"id":16818,"href":"https:\/\/www.sitsesp.org.br\/novo\/wp-json\/wp\/v2\/posts\/16816\/revisions\/16818"}],"wp:featuredmedia":[{"embeddable":true,"href":"https:\/\/www.sitsesp.org.br\/novo\/wp-json\/wp\/v2\/media\/16860"}],"wp:attachment":[{"href":"https:\/\/www.sitsesp.org.br\/novo\/wp-json\/wp\/v2\/media?parent=16816"}],"wp:term":[{"taxonomy":"category","embeddable":true,"href":"https:\/\/www.sitsesp.org.br\/novo\/wp-json\/wp\/v2\/categories?post=16816"},{"taxonomy":"post_tag","embeddable":true,"href":"https:\/\/www.sitsesp.org.br\/novo\/wp-json\/wp\/v2\/tags?post=16816"}],"curies":[{"name":"wp","href":"https:\/\/api.w.org\/{rel}","templated":true}]}}