{"id":16823,"date":"2025-12-06T10:12:34","date_gmt":"2025-12-06T13:12:34","guid":{"rendered":"https:\/\/www.sitsesp.org.br\/novo\/?p=16823"},"modified":"2025-12-06T10:12:34","modified_gmt":"2025-12-06T13:12:34","slug":"categoria-reconhece-seriedade-da-gestao-e-aprova-por-unanimidade-as-contas-de-2024","status":"publish","type":"post","link":"https:\/\/www.sitsesp.org.br\/novo\/categoria-reconhece-seriedade-da-gestao-e-aprova-por-unanimidade-as-contas-de-2024\/","title":{"rendered":"Categoria reconhece seriedade da gest\u00e3o e aprova por unanimidade as contas de 2024"},"content":{"rendered":"<p><!-- VideographyWP Plugin Message: Automatic video embedding prevented by plugin options. --><\/p>\n<p class=\"selectable-text copyable-text x15bjb6t x1n2onr6\" style=\"text-align: justify;\">\n<p class=\"selectable-text copyable-text x15bjb6t x1n2onr6\" style=\"text-align: justify;\"><span class=\"selectable-text copyable-text xkrh14z\">Na manh\u00e3 deste s\u00e1bado, 06 de dezembro, o SITSESP realizou uma Assembleia Geral decisiva para aprecia\u00e7\u00e3o das contas referentes ao exerc\u00edcio de 2024. A categoria marcou presen\u00e7a \u2014 com primeira convoca\u00e7\u00e3o \u00e0s 9h e segunda \u00e0s 9h30 \u2014 refor\u00e7ando o compromisso coletivo com a transpar\u00eancia e o acompanhamento respons\u00e1vel da administra\u00e7\u00e3o sindical.<\/span><\/p>\n<p class=\"selectable-text copyable-text x15bjb6t x1n2onr6\" style=\"text-align: justify;\"><span class=\"selectable-text copyable-text xkrh14z\">A mesa da assembleia foi composta por Neemias de Souza, presidente; Aline Alonso, vice-presidente; e Waldir Teixeira, diretor de finan\u00e7as. Representando o Conselho Fiscal, participaram Antonino Clemente, Washington Luiz Rodrigues, Ivone Sebastiana Gomes e Josu\u00e9 Ferreira Lima, garantindo a fiscaliza\u00e7\u00e3o s\u00e9ria e direta dos trabalhos.<\/span><\/p>\n<p class=\"selectable-text copyable-text x15bjb6t x1n2onr6\" style=\"text-align: justify;\"><span class=\"selectable-text copyable-text xkrh14z\">O Conselho Fiscal abriu oficialmente a assembleia realizando a leitura do parecer t\u00e9cnico do conselho fiscal, em seguida aprovando integralmente, por unanimidade, as contas. Destacando a organiza\u00e7\u00e3o, a precis\u00e3o e o rigor t\u00e9cnico da atual gest\u00e3o financeira. Em seguida, o diretor de finan\u00e7as Waldir Teixeira apresentou para plen\u00e1ria com clareza e detalhamento todos os n\u00fameros da presta\u00e7\u00e3o de contas, refor\u00e7ando o compromisso da diretoria com uma administra\u00e7\u00e3o respons\u00e1vel, \u00e9tica e alinhada ao interesse dos servidores.<\/span><\/p>\n<p class=\"selectable-text copyable-text x15bjb6t x1n2onr6\" style=\"text-align: justify;\"><span class=\"selectable-text copyable-text xkrh14z\">A postura firme, transparente e comprometida da gest\u00e3o foi reconhecida pela categoria. Colocadas em vota\u00e7\u00e3o, as contas do exerc\u00edcio de 2024, entre abril e dezembro. Foram aprovadas por unanimidade, demonstrando plena confian\u00e7a no trabalho desenvolvido ao longo do ano e no zelo aplicado \u00e0 administra\u00e7\u00e3o dos recursos da entidade.<\/span><\/p>\n<p class=\"selectable-text copyable-text x15bjb6t x1n2onr6\" style=\"text-align: justify;\"><span class=\"selectable-text copyable-text xkrh14z\">O resultado refor\u00e7a que o SITSESP segue com responsabilidade e respeito ao patrim\u00f4nio coletivo, fortalecendo a rela\u00e7\u00e3o de confian\u00e7a entre dire\u00e7\u00e3o e trabalhadores.<\/span><\/p>\n","protected":false},"excerpt":{"rendered":"<p>Na manh\u00e3 deste s\u00e1bado, 06 de dezembro, o SITSESP realizou uma Assembleia Geral decisiva para aprecia\u00e7\u00e3o das contas referentes ao exerc\u00edcio&hellip;<\/p>\n","protected":false},"author":1,"featured_media":16824,"comment_status":"open","ping_status":"open","sticky":false,"template":"","format":"standard","meta":{"cybocfi_hide_featured_image":"","footnotes":""},"categories":[27],"tags":[],"yoast_head":"<!-- This site is optimized with the Yoast SEO plugin v22.8 - https:\/\/yoast.com\/wordpress\/plugins\/seo\/ -->\n<title>Categoria reconhece seriedade da gest\u00e3o e aprova por unanimidade as contas de 2024 - SITSESP<\/title>\n<meta name=\"robots\" content=\"index, follow, max-snippet:-1, max-image-preview:large, max-video-preview:-1\" \/>\n<link rel=\"canonical\" href=\"https:\/\/www.sitsesp.org.br\/novo\/categoria-reconhece-seriedade-da-gestao-e-aprova-por-unanimidade-as-contas-de-2024\/\" \/>\n<meta property=\"og:locale\" content=\"pt_BR\" \/>\n<meta property=\"og:type\" content=\"article\" \/>\n<meta property=\"og:title\" content=\"Categoria reconhece seriedade da gest\u00e3o e aprova por unanimidade as contas de 2024 - SITSESP\" \/>\n<meta property=\"og:description\" content=\"Na manh\u00e3 deste s\u00e1bado, 06 de dezembro, o SITSESP realizou uma Assembleia Geral decisiva para aprecia\u00e7\u00e3o das contas referentes ao exerc\u00edcio&hellip;\" \/>\n<meta property=\"og:url\" content=\"https:\/\/www.sitsesp.org.br\/novo\/categoria-reconhece-seriedade-da-gestao-e-aprova-por-unanimidade-as-contas-de-2024\/\" \/>\n<meta property=\"og:site_name\" content=\"SITSESP\" \/>\n<meta property=\"article:published_time\" content=\"2025-12-06T13:12:34+00:00\" \/>\n<meta property=\"og:image\" content=\"https:\/\/www.sitsesp.org.br\/novo\/wp-content\/uploads\/2025\/12\/WhatsApp-Image-2025-12-06-at-10.01.00-1.jpeg\" \/>\n\t<meta property=\"og:image:width\" content=\"1600\" \/>\n\t<meta property=\"og:image:height\" content=\"1199\" \/>\n\t<meta property=\"og:image:type\" content=\"image\/jpeg\" \/>\n<meta name=\"author\" content=\"mhais\" \/>\n<meta name=\"twitter:card\" content=\"summary_large_image\" \/>\n<meta name=\"twitter:label1\" content=\"Escrito por\" \/>\n\t<meta name=\"twitter:data1\" content=\"mhais\" \/>\n\t<meta name=\"twitter:label2\" content=\"Est. tempo de leitura\" \/>\n\t<meta name=\"twitter:data2\" content=\"2 minutos\" \/>\n<script type=\"application\/ld+json\" class=\"yoast-schema-graph\">{\"@context\":\"https:\/\/schema.org\",\"@graph\":[{\"@type\":\"Article\",\"@id\":\"https:\/\/www.sitsesp.org.br\/novo\/categoria-reconhece-seriedade-da-gestao-e-aprova-por-unanimidade-as-contas-de-2024\/#article\",\"isPartOf\":{\"@id\":\"https:\/\/www.sitsesp.org.br\/novo\/categoria-reconhece-seriedade-da-gestao-e-aprova-por-unanimidade-as-contas-de-2024\/\"},\"author\":{\"name\":\"mhais\",\"@id\":\"https:\/\/www.sitsesp.org.br\/novo\/#\/schema\/person\/2a4c180eb185645b3bef8657c75e305a\"},\"headline\":\"Categoria reconhece seriedade da gest\u00e3o e aprova por unanimidade as contas de 2024\",\"datePublished\":\"2025-12-06T13:12:34+00:00\",\"dateModified\":\"2025-12-06T13:12:34+00:00\",\"mainEntityOfPage\":{\"@id\":\"https:\/\/www.sitsesp.org.br\/novo\/categoria-reconhece-seriedade-da-gestao-e-aprova-por-unanimidade-as-contas-de-2024\/\"},\"wordCount\":285,\"commentCount\":0,\"publisher\":{\"@id\":\"https:\/\/www.sitsesp.org.br\/novo\/#organization\"},\"image\":{\"@id\":\"https:\/\/www.sitsesp.org.br\/novo\/categoria-reconhece-seriedade-da-gestao-e-aprova-por-unanimidade-as-contas-de-2024\/#primaryimage\"},\"thumbnailUrl\":\"https:\/\/www.sitsesp.org.br\/novo\/wp-content\/uploads\/2025\/12\/WhatsApp-Image-2025-12-06-at-10.01.00-1.jpeg\",\"articleSection\":[\"Destaque\"],\"inLanguage\":\"pt-BR\",\"potentialAction\":[{\"@type\":\"CommentAction\",\"name\":\"Comment\",\"target\":[\"https:\/\/www.sitsesp.org.br\/novo\/categoria-reconhece-seriedade-da-gestao-e-aprova-por-unanimidade-as-contas-de-2024\/#respond\"]}]},{\"@type\":\"WebPage\",\"@id\":\"https:\/\/www.sitsesp.org.br\/novo\/categoria-reconhece-seriedade-da-gestao-e-aprova-por-unanimidade-as-contas-de-2024\/\",\"url\":\"https:\/\/www.sitsesp.org.br\/novo\/categoria-reconhece-seriedade-da-gestao-e-aprova-por-unanimidade-as-contas-de-2024\/\",\"name\":\"Categoria reconhece seriedade da gest\u00e3o e aprova por unanimidade as contas de 2024 - SITSESP\",\"isPartOf\":{\"@id\":\"https:\/\/www.sitsesp.org.br\/novo\/#website\"},\"primaryImageOfPage\":{\"@id\":\"https:\/\/www.sitsesp.org.br\/novo\/categoria-reconhece-seriedade-da-gestao-e-aprova-por-unanimidade-as-contas-de-2024\/#primaryimage\"},\"image\":{\"@id\":\"https:\/\/www.sitsesp.org.br\/novo\/categoria-reconhece-seriedade-da-gestao-e-aprova-por-unanimidade-as-contas-de-2024\/#primaryimage\"},\"thumbnailUrl\":\"https:\/\/www.sitsesp.org.br\/novo\/wp-content\/uploads\/2025\/12\/WhatsApp-Image-2025-12-06-at-10.01.00-1.jpeg\",\"datePublished\":\"2025-12-06T13:12:34+00:00\",\"dateModified\":\"2025-12-06T13:12:34+00:00\",\"breadcrumb\":{\"@id\":\"https:\/\/www.sitsesp.org.br\/novo\/categoria-reconhece-seriedade-da-gestao-e-aprova-por-unanimidade-as-contas-de-2024\/#breadcrumb\"},\"inLanguage\":\"pt-BR\",\"potentialAction\":[{\"@type\":\"ReadAction\",\"target\":[\"https:\/\/www.sitsesp.org.br\/novo\/categoria-reconhece-seriedade-da-gestao-e-aprova-por-unanimidade-as-contas-de-2024\/\"]}]},{\"@type\":\"ImageObject\",\"inLanguage\":\"pt-BR\",\"@id\":\"https:\/\/www.sitsesp.org.br\/novo\/categoria-reconhece-seriedade-da-gestao-e-aprova-por-unanimidade-as-contas-de-2024\/#primaryimage\",\"url\":\"https:\/\/www.sitsesp.org.br\/novo\/wp-content\/uploads\/2025\/12\/WhatsApp-Image-2025-12-06-at-10.01.00-1.jpeg\",\"contentUrl\":\"https:\/\/www.sitsesp.org.br\/novo\/wp-content\/uploads\/2025\/12\/WhatsApp-Image-2025-12-06-at-10.01.00-1.jpeg\",\"width\":1600,\"height\":1199},{\"@type\":\"BreadcrumbList\",\"@id\":\"https:\/\/www.sitsesp.org.br\/novo\/categoria-reconhece-seriedade-da-gestao-e-aprova-por-unanimidade-as-contas-de-2024\/#breadcrumb\",\"itemListElement\":[{\"@type\":\"ListItem\",\"position\":1,\"name\":\"In\u00edcio\",\"item\":\"https:\/\/www.sitsesp.org.br\/novo\/\"},{\"@type\":\"ListItem\",\"position\":2,\"name\":\"Categoria reconhece seriedade da gest\u00e3o e aprova por unanimidade as contas de 2024\"}]},{\"@type\":\"WebSite\",\"@id\":\"https:\/\/www.sitsesp.org.br\/novo\/#website\",\"url\":\"https:\/\/www.sitsesp.org.br\/novo\/\",\"name\":\"Sitsesp\",\"description\":\"SIndicato da Socioeduca\u00e7\u00e3o do Estado de S\u00e3o Paulo\",\"publisher\":{\"@id\":\"https:\/\/www.sitsesp.org.br\/novo\/#organization\"},\"potentialAction\":[{\"@type\":\"SearchAction\",\"target\":{\"@type\":\"EntryPoint\",\"urlTemplate\":\"https:\/\/www.sitsesp.org.br\/novo\/?s={search_term_string}\"},\"query-input\":\"required name=search_term_string\"}],\"inLanguage\":\"pt-BR\"},{\"@type\":\"Organization\",\"@id\":\"https:\/\/www.sitsesp.org.br\/novo\/#organization\",\"name\":\"Sitsesp\",\"url\":\"https:\/\/www.sitsesp.org.br\/novo\/\",\"logo\":{\"@type\":\"ImageObject\",\"inLanguage\":\"pt-BR\",\"@id\":\"https:\/\/www.sitsesp.org.br\/novo\/#\/schema\/logo\/image\/\",\"url\":\"https:\/\/www.sitsesp.org.br\/novo\/wp-content\/uploads\/2020\/09\/Design-sem-nome-1.jpg\",\"contentUrl\":\"https:\/\/www.sitsesp.org.br\/novo\/wp-content\/uploads\/2020\/09\/Design-sem-nome-1.jpg\",\"width\":300,\"height\":300,\"caption\":\"Sitsesp\"},\"image\":{\"@id\":\"https:\/\/www.sitsesp.org.br\/novo\/#\/schema\/logo\/image\/\"}},{\"@type\":\"Person\",\"@id\":\"https:\/\/www.sitsesp.org.br\/novo\/#\/schema\/person\/2a4c180eb185645b3bef8657c75e305a\",\"name\":\"mhais\",\"image\":{\"@type\":\"ImageObject\",\"inLanguage\":\"pt-BR\",\"@id\":\"https:\/\/www.sitsesp.org.br\/novo\/#\/schema\/person\/image\/\",\"url\":\"https:\/\/secure.gravatar.com\/avatar\/6f4eabe86990e81328cf702edfa92a60?s=96&d=mm&r=g\",\"contentUrl\":\"https:\/\/secure.gravatar.com\/avatar\/6f4eabe86990e81328cf702edfa92a60?s=96&d=mm&r=g\",\"caption\":\"mhais\"},\"sameAs\":[\"http:\/\/localhost\/sitsesp\"]}]}<\/script>\n<!-- \/ Yoast SEO plugin. -->","yoast_head_json":{"title":"Categoria reconhece seriedade da gest\u00e3o e aprova por unanimidade as contas de 2024 - SITSESP","robots":{"index":"index","follow":"follow","max-snippet":"max-snippet:-1","max-image-preview":"max-image-preview:large","max-video-preview":"max-video-preview:-1"},"canonical":"https:\/\/www.sitsesp.org.br\/novo\/categoria-reconhece-seriedade-da-gestao-e-aprova-por-unanimidade-as-contas-de-2024\/","og_locale":"pt_BR","og_type":"article","og_title":"Categoria reconhece seriedade da gest\u00e3o e aprova por unanimidade as contas de 2024 - SITSESP","og_description":"Na manh\u00e3 deste s\u00e1bado, 06 de dezembro, o SITSESP realizou uma Assembleia Geral decisiva para aprecia\u00e7\u00e3o das contas referentes ao exerc\u00edcio&hellip;","og_url":"https:\/\/www.sitsesp.org.br\/novo\/categoria-reconhece-seriedade-da-gestao-e-aprova-por-unanimidade-as-contas-de-2024\/","og_site_name":"SITSESP","article_published_time":"2025-12-06T13:12:34+00:00","og_image":[{"width":1600,"height":1199,"url":"https:\/\/www.sitsesp.org.br\/novo\/wp-content\/uploads\/2025\/12\/WhatsApp-Image-2025-12-06-at-10.01.00-1.jpeg","type":"image\/jpeg"}],"author":"mhais","twitter_card":"summary_large_image","twitter_misc":{"Escrito por":"mhais","Est. tempo de leitura":"2 minutos"},"schema":{"@context":"https:\/\/schema.org","@graph":[{"@type":"Article","@id":"https:\/\/www.sitsesp.org.br\/novo\/categoria-reconhece-seriedade-da-gestao-e-aprova-por-unanimidade-as-contas-de-2024\/#article","isPartOf":{"@id":"https:\/\/www.sitsesp.org.br\/novo\/categoria-reconhece-seriedade-da-gestao-e-aprova-por-unanimidade-as-contas-de-2024\/"},"author":{"name":"mhais","@id":"https:\/\/www.sitsesp.org.br\/novo\/#\/schema\/person\/2a4c180eb185645b3bef8657c75e305a"},"headline":"Categoria reconhece seriedade da gest\u00e3o e aprova por unanimidade as contas de 2024","datePublished":"2025-12-06T13:12:34+00:00","dateModified":"2025-12-06T13:12:34+00:00","mainEntityOfPage":{"@id":"https:\/\/www.sitsesp.org.br\/novo\/categoria-reconhece-seriedade-da-gestao-e-aprova-por-unanimidade-as-contas-de-2024\/"},"wordCount":285,"commentCount":0,"publisher":{"@id":"https:\/\/www.sitsesp.org.br\/novo\/#organization"},"image":{"@id":"https:\/\/www.sitsesp.org.br\/novo\/categoria-reconhece-seriedade-da-gestao-e-aprova-por-unanimidade-as-contas-de-2024\/#primaryimage"},"thumbnailUrl":"https:\/\/www.sitsesp.org.br\/novo\/wp-content\/uploads\/2025\/12\/WhatsApp-Image-2025-12-06-at-10.01.00-1.jpeg","articleSection":["Destaque"],"inLanguage":"pt-BR","potentialAction":[{"@type":"CommentAction","name":"Comment","target":["https:\/\/www.sitsesp.org.br\/novo\/categoria-reconhece-seriedade-da-gestao-e-aprova-por-unanimidade-as-contas-de-2024\/#respond"]}]},{"@type":"WebPage","@id":"https:\/\/www.sitsesp.org.br\/novo\/categoria-reconhece-seriedade-da-gestao-e-aprova-por-unanimidade-as-contas-de-2024\/","url":"https:\/\/www.sitsesp.org.br\/novo\/categoria-reconhece-seriedade-da-gestao-e-aprova-por-unanimidade-as-contas-de-2024\/","name":"Categoria reconhece seriedade da gest\u00e3o e aprova por unanimidade as contas de 2024 - SITSESP","isPartOf":{"@id":"https:\/\/www.sitsesp.org.br\/novo\/#website"},"primaryImageOfPage":{"@id":"https:\/\/www.sitsesp.org.br\/novo\/categoria-reconhece-seriedade-da-gestao-e-aprova-por-unanimidade-as-contas-de-2024\/#primaryimage"},"image":{"@id":"https:\/\/www.sitsesp.org.br\/novo\/categoria-reconhece-seriedade-da-gestao-e-aprova-por-unanimidade-as-contas-de-2024\/#primaryimage"},"thumbnailUrl":"https:\/\/www.sitsesp.org.br\/novo\/wp-content\/uploads\/2025\/12\/WhatsApp-Image-2025-12-06-at-10.01.00-1.jpeg","datePublished":"2025-12-06T13:12:34+00:00","dateModified":"2025-12-06T13:12:34+00:00","breadcrumb":{"@id":"https:\/\/www.sitsesp.org.br\/novo\/categoria-reconhece-seriedade-da-gestao-e-aprova-por-unanimidade-as-contas-de-2024\/#breadcrumb"},"inLanguage":"pt-BR","potentialAction":[{"@type":"ReadAction","target":["https:\/\/www.sitsesp.org.br\/novo\/categoria-reconhece-seriedade-da-gestao-e-aprova-por-unanimidade-as-contas-de-2024\/"]}]},{"@type":"ImageObject","inLanguage":"pt-BR","@id":"https:\/\/www.sitsesp.org.br\/novo\/categoria-reconhece-seriedade-da-gestao-e-aprova-por-unanimidade-as-contas-de-2024\/#primaryimage","url":"https:\/\/www.sitsesp.org.br\/novo\/wp-content\/uploads\/2025\/12\/WhatsApp-Image-2025-12-06-at-10.01.00-1.jpeg","contentUrl":"https:\/\/www.sitsesp.org.br\/novo\/wp-content\/uploads\/2025\/12\/WhatsApp-Image-2025-12-06-at-10.01.00-1.jpeg","width":1600,"height":1199},{"@type":"BreadcrumbList","@id":"https:\/\/www.sitsesp.org.br\/novo\/categoria-reconhece-seriedade-da-gestao-e-aprova-por-unanimidade-as-contas-de-2024\/#breadcrumb","itemListElement":[{"@type":"ListItem","position":1,"name":"In\u00edcio","item":"https:\/\/www.sitsesp.org.br\/novo\/"},{"@type":"ListItem","position":2,"name":"Categoria reconhece seriedade da gest\u00e3o e aprova por unanimidade as contas de 2024"}]},{"@type":"WebSite","@id":"https:\/\/www.sitsesp.org.br\/novo\/#website","url":"https:\/\/www.sitsesp.org.br\/novo\/","name":"Sitsesp","description":"SIndicato da Socioeduca\u00e7\u00e3o do Estado de S\u00e3o Paulo","publisher":{"@id":"https:\/\/www.sitsesp.org.br\/novo\/#organization"},"potentialAction":[{"@type":"SearchAction","target":{"@type":"EntryPoint","urlTemplate":"https:\/\/www.sitsesp.org.br\/novo\/?s={search_term_string}"},"query-input":"required name=search_term_string"}],"inLanguage":"pt-BR"},{"@type":"Organization","@id":"https:\/\/www.sitsesp.org.br\/novo\/#organization","name":"Sitsesp","url":"https:\/\/www.sitsesp.org.br\/novo\/","logo":{"@type":"ImageObject","inLanguage":"pt-BR","@id":"https:\/\/www.sitsesp.org.br\/novo\/#\/schema\/logo\/image\/","url":"https:\/\/www.sitsesp.org.br\/novo\/wp-content\/uploads\/2020\/09\/Design-sem-nome-1.jpg","contentUrl":"https:\/\/www.sitsesp.org.br\/novo\/wp-content\/uploads\/2020\/09\/Design-sem-nome-1.jpg","width":300,"height":300,"caption":"Sitsesp"},"image":{"@id":"https:\/\/www.sitsesp.org.br\/novo\/#\/schema\/logo\/image\/"}},{"@type":"Person","@id":"https:\/\/www.sitsesp.org.br\/novo\/#\/schema\/person\/2a4c180eb185645b3bef8657c75e305a","name":"mhais","image":{"@type":"ImageObject","inLanguage":"pt-BR","@id":"https:\/\/www.sitsesp.org.br\/novo\/#\/schema\/person\/image\/","url":"https:\/\/secure.gravatar.com\/avatar\/6f4eabe86990e81328cf702edfa92a60?s=96&d=mm&r=g","contentUrl":"https:\/\/secure.gravatar.com\/avatar\/6f4eabe86990e81328cf702edfa92a60?s=96&d=mm&r=g","caption":"mhais"},"sameAs":["http:\/\/localhost\/sitsesp"]}]}},"_links":{"self":[{"href":"https:\/\/www.sitsesp.org.br\/novo\/wp-json\/wp\/v2\/posts\/16823"}],"collection":[{"href":"https:\/\/www.sitsesp.org.br\/novo\/wp-json\/wp\/v2\/posts"}],"about":[{"href":"https:\/\/www.sitsesp.org.br\/novo\/wp-json\/wp\/v2\/types\/post"}],"author":[{"embeddable":true,"href":"https:\/\/www.sitsesp.org.br\/novo\/wp-json\/wp\/v2\/users\/1"}],"replies":[{"embeddable":true,"href":"https:\/\/www.sitsesp.org.br\/novo\/wp-json\/wp\/v2\/comments?post=16823"}],"version-history":[{"count":1,"href":"https:\/\/www.sitsesp.org.br\/novo\/wp-json\/wp\/v2\/posts\/16823\/revisions"}],"predecessor-version":[{"id":16825,"href":"https:\/\/www.sitsesp.org.br\/novo\/wp-json\/wp\/v2\/posts\/16823\/revisions\/16825"}],"wp:featuredmedia":[{"embeddable":true,"href":"https:\/\/www.sitsesp.org.br\/novo\/wp-json\/wp\/v2\/media\/16824"}],"wp:attachment":[{"href":"https:\/\/www.sitsesp.org.br\/novo\/wp-json\/wp\/v2\/media?parent=16823"}],"wp:term":[{"taxonomy":"category","embeddable":true,"href":"https:\/\/www.sitsesp.org.br\/novo\/wp-json\/wp\/v2\/categories?post=16823"},{"taxonomy":"post_tag","embeddable":true,"href":"https:\/\/www.sitsesp.org.br\/novo\/wp-json\/wp\/v2\/tags?post=16823"}],"curies":[{"name":"wp","href":"https:\/\/api.w.org\/{rel}","templated":true}]}}