{"id":16958,"date":"2026-01-25T12:38:00","date_gmt":"2026-01-25T15:38:00","guid":{"rendered":"https:\/\/www.sitsesp.org.br\/novo\/?p=16958"},"modified":"2026-01-30T15:50:44","modified_gmt":"2026-01-30T18:50:44","slug":"servidores-da-fundacao-casa-aprovam-pauta-da-campanha-salarial-2026-em-assembleia-geral","status":"publish","type":"post","link":"https:\/\/www.sitsesp.org.br\/novo\/servidores-da-fundacao-casa-aprovam-pauta-da-campanha-salarial-2026-em-assembleia-geral\/","title":{"rendered":"SERVIDORES DA FUNDA\u00c7\u00c3O CASA APROVAM PAUTA DA CAMPANHA SALARIAL 2026 EM ASSEMBLEIA GERAL"},"content":{"rendered":"<p><!-- VideographyWP Plugin Message: Automatic video embedding prevented by plugin options. --><br \/>\nA Assembleia Geral dos Servidores e Servidoras da Funda\u00e7\u00e3o CASA aprovou, neste s\u00e1bado (24), a pauta de reivindica\u00e7\u00f5es da Campanha Salarial 2026. A atividade foi realizada em formato h\u00edbrido \u2014 presencial e on-line \u2014 o que garantiu ampla participa\u00e7\u00e3o da categoria de todo o Estado de S\u00e3o Paulo.<\/p>\n<p>Conduzida pelo presidente do SITSESP, Neemias Souza, a assembleia teve in\u00edcio \u00e0s 9h, em primeira chamada, e a segunda chamada \u00e0s 9h30. Na abertura, o presidente destacou a import\u00e2ncia da assembleia como instrumento de fortalecimento da organiza\u00e7\u00e3o sindical, da unidade da categoria e da luta coletiva em defesa dos direitos dos servidores e servidoras da Funda\u00e7\u00e3o CASA.<br \/>\nA mesa diretora dos trabalhos foi composta pela dire\u00e7\u00e3o do sindicato, com a presen\u00e7a do presidente Neemias Souza, da vice-presidente Aline Alonso, dos diretores Edson Brito, \u00c2ngela Aparecida e Luiz Eduardo Amaral de Freitas, al\u00e9m do advogado do SITSESP, Ronaldo Pagotto. O suporte on-line contou com a participa\u00e7\u00e3o das diretoras Isabel Assis Soares, Helena Machado, Maryze Martins , Jessita Camargo e Simone Charlois .<\/p>\n<p>\u00c0s 9h30, em segunda chamada, foi iniciado o processo de elei\u00e7\u00e3o da Comiss\u00e3o de Negocia\u00e7\u00e3o da Campanha Salarial 2026, respons\u00e1vel por conduzir as tratativas com a Funda\u00e7\u00e3o CASA. A escolha dos representantes ocorreu de forma democr\u00e1tica, com vota\u00e7\u00e3o direta da categoria, respeitando a representatividade regional.<br \/>\nPela representa\u00e7\u00e3o do Litoral, Michele William foi eleito titular e Pedro Camilo suplente. No Interior, Jos\u00e9 Boff assumiu como titular e Vitor Desteffani como suplente. J\u00e1 na Capital, Michel Marques Grangeiro foi eleito titular, tendo Ailton dos Santos Sobrinho como suplente.<\/p>\n<p>Definida a Comiss\u00e3o de Negocia\u00e7\u00e3o, a assembleia avan\u00e7ou para a constru\u00e7\u00e3o e aprova\u00e7\u00e3o da pauta de reivindica\u00e7\u00f5es da Campanha Salarial 2026. O debate concentrou-se, especialmente, nas cl\u00e1usulas econ\u00f4micas, refletindo as principais demandas e necessidades da categoria. As propostas aprovadas reafirmam o compromisso do SITSESP com a valoriza\u00e7\u00e3o profissional, a defesa dos direitos, a melhoria das condi\u00e7\u00f5es de trabalho e a busca por avan\u00e7os concretos para os servidores e servidoras da Funda\u00e7\u00e3o CASA.<br \/>\nA assembleia transcorreu de forma organizada, transparente e com expressiva participa\u00e7\u00e3o, evidenciando a import\u00e2ncia da unidade e da mobiliza\u00e7\u00e3o coletiva neste momento de negocia\u00e7\u00e3o. O SITSESP seguir\u00e1 acompanhando cada etapa do processo e manter\u00e1 a categoria informada sobre todos os desdobramentos.<\/p>\n<p>As cl\u00e1usulas aprovadas ser\u00e3o divulgadas nos centros de trabalho, por meio do jornal informativo, e nas redes sociais do sindicato, ap\u00f3s revis\u00e3o final e encaminhamento oficial \u00e0 Funda\u00e7\u00e3o CASA.<\/p>\n<p><img fetchpriority=\"high\" decoding=\"async\" src=\"https:\/\/www.sitsesp.org.br\/novo\/wp-content\/uploads\/2026\/01\/WhatsApp-Image-2026-01-25-at-12.36.19.jpeg\" alt=\"\" width=\"1280\" height=\"884\" class=\"alignnone size-full wp-image-16960\" srcset=\"https:\/\/www.sitsesp.org.br\/novo\/wp-content\/uploads\/2026\/01\/WhatsApp-Image-2026-01-25-at-12.36.19.jpeg 1280w, https:\/\/www.sitsesp.org.br\/novo\/wp-content\/uploads\/2026\/01\/WhatsApp-Image-2026-01-25-at-12.36.19-300x207.jpeg 300w, https:\/\/www.sitsesp.org.br\/novo\/wp-content\/uploads\/2026\/01\/WhatsApp-Image-2026-01-25-at-12.36.19-1024x707.jpeg 1024w, https:\/\/www.sitsesp.org.br\/novo\/wp-content\/uploads\/2026\/01\/WhatsApp-Image-2026-01-25-at-12.36.19-768x530.jpeg 768w, https:\/\/www.sitsesp.org.br\/novo\/wp-content\/uploads\/2026\/01\/WhatsApp-Image-2026-01-25-at-12.36.19-1170x808.jpeg 1170w, https:\/\/www.sitsesp.org.br\/novo\/wp-content\/uploads\/2026\/01\/WhatsApp-Image-2026-01-25-at-12.36.19-585x404.jpeg 585w\" sizes=\"(max-width: 1280px) 100vw, 1280px\" \/><\/p>\n","protected":false},"excerpt":{"rendered":"<p>A Assembleia Geral dos Servidores e Servidoras da Funda\u00e7\u00e3o CASA aprovou, neste s\u00e1bado (24), a pauta de reivindica\u00e7\u00f5es da Campanha Salarial&hellip;<\/p>\n","protected":false},"author":1,"featured_media":16959,"comment_status":"open","ping_status":"open","sticky":false,"template":"","format":"standard","meta":{"cybocfi_hide_featured_image":"","footnotes":""},"categories":[27],"tags":[],"yoast_head":"<!-- This site is optimized with the Yoast SEO plugin v22.8 - https:\/\/yoast.com\/wordpress\/plugins\/seo\/ -->\n<title>SERVIDORES DA FUNDA\u00c7\u00c3O CASA APROVAM PAUTA DA CAMPANHA SALARIAL 2026 EM ASSEMBLEIA GERAL - SITSESP<\/title>\n<meta name=\"robots\" content=\"index, follow, max-snippet:-1, max-image-preview:large, max-video-preview:-1\" \/>\n<link rel=\"canonical\" href=\"https:\/\/www.sitsesp.org.br\/novo\/servidores-da-fundacao-casa-aprovam-pauta-da-campanha-salarial-2026-em-assembleia-geral\/\" \/>\n<meta property=\"og:locale\" content=\"pt_BR\" \/>\n<meta property=\"og:type\" content=\"article\" \/>\n<meta property=\"og:title\" content=\"SERVIDORES DA FUNDA\u00c7\u00c3O CASA APROVAM PAUTA DA CAMPANHA SALARIAL 2026 EM ASSEMBLEIA GERAL - SITSESP\" \/>\n<meta property=\"og:description\" content=\"A Assembleia Geral dos Servidores e Servidoras da Funda\u00e7\u00e3o CASA aprovou, neste s\u00e1bado (24), a pauta de reivindica\u00e7\u00f5es da Campanha Salarial&hellip;\" \/>\n<meta property=\"og:url\" content=\"https:\/\/www.sitsesp.org.br\/novo\/servidores-da-fundacao-casa-aprovam-pauta-da-campanha-salarial-2026-em-assembleia-geral\/\" \/>\n<meta property=\"og:site_name\" content=\"SITSESP\" \/>\n<meta property=\"article:published_time\" content=\"2026-01-25T15:38:00+00:00\" \/>\n<meta property=\"article:modified_time\" content=\"2026-01-30T18:50:44+00:00\" \/>\n<meta property=\"og:image\" content=\"https:\/\/www.sitsesp.org.br\/novo\/wp-content\/uploads\/2026\/01\/WhatsApp-Image-2026-01-24-at-13.48.27.jpeg\" \/>\n\t<meta property=\"og:image:width\" content=\"1600\" \/>\n\t<meta property=\"og:image:height\" content=\"1024\" \/>\n\t<meta property=\"og:image:type\" content=\"image\/jpeg\" \/>\n<meta name=\"author\" content=\"mhais\" \/>\n<meta name=\"twitter:card\" content=\"summary_large_image\" \/>\n<meta name=\"twitter:label1\" content=\"Escrito por\" \/>\n\t<meta name=\"twitter:data1\" content=\"mhais\" \/>\n\t<meta name=\"twitter:label2\" content=\"Est. tempo de leitura\" \/>\n\t<meta name=\"twitter:data2\" content=\"3 minutos\" \/>\n<script type=\"application\/ld+json\" class=\"yoast-schema-graph\">{\"@context\":\"https:\/\/schema.org\",\"@graph\":[{\"@type\":\"Article\",\"@id\":\"https:\/\/www.sitsesp.org.br\/novo\/servidores-da-fundacao-casa-aprovam-pauta-da-campanha-salarial-2026-em-assembleia-geral\/#article\",\"isPartOf\":{\"@id\":\"https:\/\/www.sitsesp.org.br\/novo\/servidores-da-fundacao-casa-aprovam-pauta-da-campanha-salarial-2026-em-assembleia-geral\/\"},\"author\":{\"name\":\"mhais\",\"@id\":\"https:\/\/www.sitsesp.org.br\/novo\/#\/schema\/person\/2a4c180eb185645b3bef8657c75e305a\"},\"headline\":\"SERVIDORES DA FUNDA\u00c7\u00c3O CASA APROVAM PAUTA DA CAMPANHA SALARIAL 2026 EM ASSEMBLEIA GERAL\",\"datePublished\":\"2026-01-25T15:38:00+00:00\",\"dateModified\":\"2026-01-30T18:50:44+00:00\",\"mainEntityOfPage\":{\"@id\":\"https:\/\/www.sitsesp.org.br\/novo\/servidores-da-fundacao-casa-aprovam-pauta-da-campanha-salarial-2026-em-assembleia-geral\/\"},\"wordCount\":444,\"commentCount\":0,\"publisher\":{\"@id\":\"https:\/\/www.sitsesp.org.br\/novo\/#organization\"},\"image\":{\"@id\":\"https:\/\/www.sitsesp.org.br\/novo\/servidores-da-fundacao-casa-aprovam-pauta-da-campanha-salarial-2026-em-assembleia-geral\/#primaryimage\"},\"thumbnailUrl\":\"https:\/\/www.sitsesp.org.br\/novo\/wp-content\/uploads\/2026\/01\/WhatsApp-Image-2026-01-24-at-13.48.27.jpeg\",\"articleSection\":[\"Destaque\"],\"inLanguage\":\"pt-BR\",\"potentialAction\":[{\"@type\":\"CommentAction\",\"name\":\"Comment\",\"target\":[\"https:\/\/www.sitsesp.org.br\/novo\/servidores-da-fundacao-casa-aprovam-pauta-da-campanha-salarial-2026-em-assembleia-geral\/#respond\"]}]},{\"@type\":\"WebPage\",\"@id\":\"https:\/\/www.sitsesp.org.br\/novo\/servidores-da-fundacao-casa-aprovam-pauta-da-campanha-salarial-2026-em-assembleia-geral\/\",\"url\":\"https:\/\/www.sitsesp.org.br\/novo\/servidores-da-fundacao-casa-aprovam-pauta-da-campanha-salarial-2026-em-assembleia-geral\/\",\"name\":\"SERVIDORES DA FUNDA\u00c7\u00c3O CASA APROVAM PAUTA DA CAMPANHA SALARIAL 2026 EM ASSEMBLEIA GERAL - SITSESP\",\"isPartOf\":{\"@id\":\"https:\/\/www.sitsesp.org.br\/novo\/#website\"},\"primaryImageOfPage\":{\"@id\":\"https:\/\/www.sitsesp.org.br\/novo\/servidores-da-fundacao-casa-aprovam-pauta-da-campanha-salarial-2026-em-assembleia-geral\/#primaryimage\"},\"image\":{\"@id\":\"https:\/\/www.sitsesp.org.br\/novo\/servidores-da-fundacao-casa-aprovam-pauta-da-campanha-salarial-2026-em-assembleia-geral\/#primaryimage\"},\"thumbnailUrl\":\"https:\/\/www.sitsesp.org.br\/novo\/wp-content\/uploads\/2026\/01\/WhatsApp-Image-2026-01-24-at-13.48.27.jpeg\",\"datePublished\":\"2026-01-25T15:38:00+00:00\",\"dateModified\":\"2026-01-30T18:50:44+00:00\",\"breadcrumb\":{\"@id\":\"https:\/\/www.sitsesp.org.br\/novo\/servidores-da-fundacao-casa-aprovam-pauta-da-campanha-salarial-2026-em-assembleia-geral\/#breadcrumb\"},\"inLanguage\":\"pt-BR\",\"potentialAction\":[{\"@type\":\"ReadAction\",\"target\":[\"https:\/\/www.sitsesp.org.br\/novo\/servidores-da-fundacao-casa-aprovam-pauta-da-campanha-salarial-2026-em-assembleia-geral\/\"]}]},{\"@type\":\"ImageObject\",\"inLanguage\":\"pt-BR\",\"@id\":\"https:\/\/www.sitsesp.org.br\/novo\/servidores-da-fundacao-casa-aprovam-pauta-da-campanha-salarial-2026-em-assembleia-geral\/#primaryimage\",\"url\":\"https:\/\/www.sitsesp.org.br\/novo\/wp-content\/uploads\/2026\/01\/WhatsApp-Image-2026-01-24-at-13.48.27.jpeg\",\"contentUrl\":\"https:\/\/www.sitsesp.org.br\/novo\/wp-content\/uploads\/2026\/01\/WhatsApp-Image-2026-01-24-at-13.48.27.jpeg\",\"width\":1600,\"height\":1024},{\"@type\":\"BreadcrumbList\",\"@id\":\"https:\/\/www.sitsesp.org.br\/novo\/servidores-da-fundacao-casa-aprovam-pauta-da-campanha-salarial-2026-em-assembleia-geral\/#breadcrumb\",\"itemListElement\":[{\"@type\":\"ListItem\",\"position\":1,\"name\":\"In\u00edcio\",\"item\":\"https:\/\/www.sitsesp.org.br\/novo\/\"},{\"@type\":\"ListItem\",\"position\":2,\"name\":\"SERVIDORES DA FUNDA\u00c7\u00c3O CASA APROVAM PAUTA DA CAMPANHA SALARIAL 2026 EM ASSEMBLEIA GERAL\"}]},{\"@type\":\"WebSite\",\"@id\":\"https:\/\/www.sitsesp.org.br\/novo\/#website\",\"url\":\"https:\/\/www.sitsesp.org.br\/novo\/\",\"name\":\"Sitsesp\",\"description\":\"SIndicato da Socioeduca\u00e7\u00e3o do Estado de S\u00e3o Paulo\",\"publisher\":{\"@id\":\"https:\/\/www.sitsesp.org.br\/novo\/#organization\"},\"potentialAction\":[{\"@type\":\"SearchAction\",\"target\":{\"@type\":\"EntryPoint\",\"urlTemplate\":\"https:\/\/www.sitsesp.org.br\/novo\/?s={search_term_string}\"},\"query-input\":\"required name=search_term_string\"}],\"inLanguage\":\"pt-BR\"},{\"@type\":\"Organization\",\"@id\":\"https:\/\/www.sitsesp.org.br\/novo\/#organization\",\"name\":\"Sitsesp\",\"url\":\"https:\/\/www.sitsesp.org.br\/novo\/\",\"logo\":{\"@type\":\"ImageObject\",\"inLanguage\":\"pt-BR\",\"@id\":\"https:\/\/www.sitsesp.org.br\/novo\/#\/schema\/logo\/image\/\",\"url\":\"https:\/\/www.sitsesp.org.br\/novo\/wp-content\/uploads\/2020\/09\/Design-sem-nome-1.jpg\",\"contentUrl\":\"https:\/\/www.sitsesp.org.br\/novo\/wp-content\/uploads\/2020\/09\/Design-sem-nome-1.jpg\",\"width\":300,\"height\":300,\"caption\":\"Sitsesp\"},\"image\":{\"@id\":\"https:\/\/www.sitsesp.org.br\/novo\/#\/schema\/logo\/image\/\"}},{\"@type\":\"Person\",\"@id\":\"https:\/\/www.sitsesp.org.br\/novo\/#\/schema\/person\/2a4c180eb185645b3bef8657c75e305a\",\"name\":\"mhais\",\"image\":{\"@type\":\"ImageObject\",\"inLanguage\":\"pt-BR\",\"@id\":\"https:\/\/www.sitsesp.org.br\/novo\/#\/schema\/person\/image\/\",\"url\":\"https:\/\/secure.gravatar.com\/avatar\/6f4eabe86990e81328cf702edfa92a60?s=96&d=mm&r=g\",\"contentUrl\":\"https:\/\/secure.gravatar.com\/avatar\/6f4eabe86990e81328cf702edfa92a60?s=96&d=mm&r=g\",\"caption\":\"mhais\"},\"sameAs\":[\"http:\/\/localhost\/sitsesp\"]}]}<\/script>\n<!-- \/ Yoast SEO plugin. -->","yoast_head_json":{"title":"SERVIDORES DA FUNDA\u00c7\u00c3O CASA APROVAM PAUTA DA CAMPANHA SALARIAL 2026 EM ASSEMBLEIA GERAL - SITSESP","robots":{"index":"index","follow":"follow","max-snippet":"max-snippet:-1","max-image-preview":"max-image-preview:large","max-video-preview":"max-video-preview:-1"},"canonical":"https:\/\/www.sitsesp.org.br\/novo\/servidores-da-fundacao-casa-aprovam-pauta-da-campanha-salarial-2026-em-assembleia-geral\/","og_locale":"pt_BR","og_type":"article","og_title":"SERVIDORES DA FUNDA\u00c7\u00c3O CASA APROVAM PAUTA DA CAMPANHA SALARIAL 2026 EM ASSEMBLEIA GERAL - SITSESP","og_description":"A Assembleia Geral dos Servidores e Servidoras da Funda\u00e7\u00e3o CASA aprovou, neste s\u00e1bado (24), a pauta de reivindica\u00e7\u00f5es da Campanha Salarial&hellip;","og_url":"https:\/\/www.sitsesp.org.br\/novo\/servidores-da-fundacao-casa-aprovam-pauta-da-campanha-salarial-2026-em-assembleia-geral\/","og_site_name":"SITSESP","article_published_time":"2026-01-25T15:38:00+00:00","article_modified_time":"2026-01-30T18:50:44+00:00","og_image":[{"width":1600,"height":1024,"url":"https:\/\/www.sitsesp.org.br\/novo\/wp-content\/uploads\/2026\/01\/WhatsApp-Image-2026-01-24-at-13.48.27.jpeg","type":"image\/jpeg"}],"author":"mhais","twitter_card":"summary_large_image","twitter_misc":{"Escrito por":"mhais","Est. tempo de leitura":"3 minutos"},"schema":{"@context":"https:\/\/schema.org","@graph":[{"@type":"Article","@id":"https:\/\/www.sitsesp.org.br\/novo\/servidores-da-fundacao-casa-aprovam-pauta-da-campanha-salarial-2026-em-assembleia-geral\/#article","isPartOf":{"@id":"https:\/\/www.sitsesp.org.br\/novo\/servidores-da-fundacao-casa-aprovam-pauta-da-campanha-salarial-2026-em-assembleia-geral\/"},"author":{"name":"mhais","@id":"https:\/\/www.sitsesp.org.br\/novo\/#\/schema\/person\/2a4c180eb185645b3bef8657c75e305a"},"headline":"SERVIDORES DA FUNDA\u00c7\u00c3O CASA APROVAM PAUTA DA CAMPANHA SALARIAL 2026 EM ASSEMBLEIA GERAL","datePublished":"2026-01-25T15:38:00+00:00","dateModified":"2026-01-30T18:50:44+00:00","mainEntityOfPage":{"@id":"https:\/\/www.sitsesp.org.br\/novo\/servidores-da-fundacao-casa-aprovam-pauta-da-campanha-salarial-2026-em-assembleia-geral\/"},"wordCount":444,"commentCount":0,"publisher":{"@id":"https:\/\/www.sitsesp.org.br\/novo\/#organization"},"image":{"@id":"https:\/\/www.sitsesp.org.br\/novo\/servidores-da-fundacao-casa-aprovam-pauta-da-campanha-salarial-2026-em-assembleia-geral\/#primaryimage"},"thumbnailUrl":"https:\/\/www.sitsesp.org.br\/novo\/wp-content\/uploads\/2026\/01\/WhatsApp-Image-2026-01-24-at-13.48.27.jpeg","articleSection":["Destaque"],"inLanguage":"pt-BR","potentialAction":[{"@type":"CommentAction","name":"Comment","target":["https:\/\/www.sitsesp.org.br\/novo\/servidores-da-fundacao-casa-aprovam-pauta-da-campanha-salarial-2026-em-assembleia-geral\/#respond"]}]},{"@type":"WebPage","@id":"https:\/\/www.sitsesp.org.br\/novo\/servidores-da-fundacao-casa-aprovam-pauta-da-campanha-salarial-2026-em-assembleia-geral\/","url":"https:\/\/www.sitsesp.org.br\/novo\/servidores-da-fundacao-casa-aprovam-pauta-da-campanha-salarial-2026-em-assembleia-geral\/","name":"SERVIDORES DA FUNDA\u00c7\u00c3O CASA APROVAM PAUTA DA CAMPANHA SALARIAL 2026 EM ASSEMBLEIA GERAL - SITSESP","isPartOf":{"@id":"https:\/\/www.sitsesp.org.br\/novo\/#website"},"primaryImageOfPage":{"@id":"https:\/\/www.sitsesp.org.br\/novo\/servidores-da-fundacao-casa-aprovam-pauta-da-campanha-salarial-2026-em-assembleia-geral\/#primaryimage"},"image":{"@id":"https:\/\/www.sitsesp.org.br\/novo\/servidores-da-fundacao-casa-aprovam-pauta-da-campanha-salarial-2026-em-assembleia-geral\/#primaryimage"},"thumbnailUrl":"https:\/\/www.sitsesp.org.br\/novo\/wp-content\/uploads\/2026\/01\/WhatsApp-Image-2026-01-24-at-13.48.27.jpeg","datePublished":"2026-01-25T15:38:00+00:00","dateModified":"2026-01-30T18:50:44+00:00","breadcrumb":{"@id":"https:\/\/www.sitsesp.org.br\/novo\/servidores-da-fundacao-casa-aprovam-pauta-da-campanha-salarial-2026-em-assembleia-geral\/#breadcrumb"},"inLanguage":"pt-BR","potentialAction":[{"@type":"ReadAction","target":["https:\/\/www.sitsesp.org.br\/novo\/servidores-da-fundacao-casa-aprovam-pauta-da-campanha-salarial-2026-em-assembleia-geral\/"]}]},{"@type":"ImageObject","inLanguage":"pt-BR","@id":"https:\/\/www.sitsesp.org.br\/novo\/servidores-da-fundacao-casa-aprovam-pauta-da-campanha-salarial-2026-em-assembleia-geral\/#primaryimage","url":"https:\/\/www.sitsesp.org.br\/novo\/wp-content\/uploads\/2026\/01\/WhatsApp-Image-2026-01-24-at-13.48.27.jpeg","contentUrl":"https:\/\/www.sitsesp.org.br\/novo\/wp-content\/uploads\/2026\/01\/WhatsApp-Image-2026-01-24-at-13.48.27.jpeg","width":1600,"height":1024},{"@type":"BreadcrumbList","@id":"https:\/\/www.sitsesp.org.br\/novo\/servidores-da-fundacao-casa-aprovam-pauta-da-campanha-salarial-2026-em-assembleia-geral\/#breadcrumb","itemListElement":[{"@type":"ListItem","position":1,"name":"In\u00edcio","item":"https:\/\/www.sitsesp.org.br\/novo\/"},{"@type":"ListItem","position":2,"name":"SERVIDORES DA FUNDA\u00c7\u00c3O CASA APROVAM PAUTA DA CAMPANHA SALARIAL 2026 EM ASSEMBLEIA GERAL"}]},{"@type":"WebSite","@id":"https:\/\/www.sitsesp.org.br\/novo\/#website","url":"https:\/\/www.sitsesp.org.br\/novo\/","name":"Sitsesp","description":"SIndicato da Socioeduca\u00e7\u00e3o do Estado de S\u00e3o Paulo","publisher":{"@id":"https:\/\/www.sitsesp.org.br\/novo\/#organization"},"potentialAction":[{"@type":"SearchAction","target":{"@type":"EntryPoint","urlTemplate":"https:\/\/www.sitsesp.org.br\/novo\/?s={search_term_string}"},"query-input":"required name=search_term_string"}],"inLanguage":"pt-BR"},{"@type":"Organization","@id":"https:\/\/www.sitsesp.org.br\/novo\/#organization","name":"Sitsesp","url":"https:\/\/www.sitsesp.org.br\/novo\/","logo":{"@type":"ImageObject","inLanguage":"pt-BR","@id":"https:\/\/www.sitsesp.org.br\/novo\/#\/schema\/logo\/image\/","url":"https:\/\/www.sitsesp.org.br\/novo\/wp-content\/uploads\/2020\/09\/Design-sem-nome-1.jpg","contentUrl":"https:\/\/www.sitsesp.org.br\/novo\/wp-content\/uploads\/2020\/09\/Design-sem-nome-1.jpg","width":300,"height":300,"caption":"Sitsesp"},"image":{"@id":"https:\/\/www.sitsesp.org.br\/novo\/#\/schema\/logo\/image\/"}},{"@type":"Person","@id":"https:\/\/www.sitsesp.org.br\/novo\/#\/schema\/person\/2a4c180eb185645b3bef8657c75e305a","name":"mhais","image":{"@type":"ImageObject","inLanguage":"pt-BR","@id":"https:\/\/www.sitsesp.org.br\/novo\/#\/schema\/person\/image\/","url":"https:\/\/secure.gravatar.com\/avatar\/6f4eabe86990e81328cf702edfa92a60?s=96&d=mm&r=g","contentUrl":"https:\/\/secure.gravatar.com\/avatar\/6f4eabe86990e81328cf702edfa92a60?s=96&d=mm&r=g","caption":"mhais"},"sameAs":["http:\/\/localhost\/sitsesp"]}]}},"_links":{"self":[{"href":"https:\/\/www.sitsesp.org.br\/novo\/wp-json\/wp\/v2\/posts\/16958"}],"collection":[{"href":"https:\/\/www.sitsesp.org.br\/novo\/wp-json\/wp\/v2\/posts"}],"about":[{"href":"https:\/\/www.sitsesp.org.br\/novo\/wp-json\/wp\/v2\/types\/post"}],"author":[{"embeddable":true,"href":"https:\/\/www.sitsesp.org.br\/novo\/wp-json\/wp\/v2\/users\/1"}],"replies":[{"embeddable":true,"href":"https:\/\/www.sitsesp.org.br\/novo\/wp-json\/wp\/v2\/comments?post=16958"}],"version-history":[{"count":2,"href":"https:\/\/www.sitsesp.org.br\/novo\/wp-json\/wp\/v2\/posts\/16958\/revisions"}],"predecessor-version":[{"id":17024,"href":"https:\/\/www.sitsesp.org.br\/novo\/wp-json\/wp\/v2\/posts\/16958\/revisions\/17024"}],"wp:featuredmedia":[{"embeddable":true,"href":"https:\/\/www.sitsesp.org.br\/novo\/wp-json\/wp\/v2\/media\/16959"}],"wp:attachment":[{"href":"https:\/\/www.sitsesp.org.br\/novo\/wp-json\/wp\/v2\/media?parent=16958"}],"wp:term":[{"taxonomy":"category","embeddable":true,"href":"https:\/\/www.sitsesp.org.br\/novo\/wp-json\/wp\/v2\/categories?post=16958"},{"taxonomy":"post_tag","embeddable":true,"href":"https:\/\/www.sitsesp.org.br\/novo\/wp-json\/wp\/v2\/tags?post=16958"}],"curies":[{"name":"wp","href":"https:\/\/api.w.org\/{rel}","templated":true}]}}