{"id":16973,"date":"2026-01-28T09:39:29","date_gmt":"2026-01-28T12:39:29","guid":{"rendered":"https:\/\/www.sitsesp.org.br\/novo\/?p=16973"},"modified":"2026-02-05T18:37:16","modified_gmt":"2026-02-05T21:37:16","slug":"servidores-se-mobilizam-contra-a-privatizacao-sitsesp-convoca-categoria-para-audiencia-publica-sobre-a-ppp-na-fundacao-casa","status":"publish","type":"post","link":"https:\/\/www.sitsesp.org.br\/novo\/servidores-se-mobilizam-contra-a-privatizacao-sitsesp-convoca-categoria-para-audiencia-publica-sobre-a-ppp-na-fundacao-casa\/","title":{"rendered":"SERVIDORES SE MOBILIZAM CONTRA A PRIVATIZA\u00c7\u00c3O: SITSESP CONVOCA CATEGORIA PARA AUDI\u00caNCIA P\u00daBLICA SOBRE A PPP NA FUNDA\u00c7\u00c3O CASA"},"content":{"rendered":"<p><!-- VideographyWP Plugin Message: Automatic video embedding prevented by plugin options. --><br \/>\nA luta em defesa da socioeduca\u00e7\u00e3o p\u00fablica ganha mais um cap\u00edtulo decisivo no pr\u00f3ximo dia 04  fevereiro  2026, quando acontece a Audi\u00eancia P\u00fablica sobre a Parceria P\u00fablico-Privada (PPP) na Funda\u00e7\u00e3o CASA, \u00e0s 9h, no Audit\u00f3rio Queiroz Filho, no Minist\u00e9rio P\u00fablico (Rua Riachuelo, 115\u2013Centro\u2013S\u00e3o Paulo\u2013SP).<\/p>\n<p>Com o lema claro e direto \u2014 \u201cPrivatiza\u00e7\u00e3o n\u00e3o!\u201d \u2014 o SITSESP convoca todos os servidores e servidoras a ocuparem esse espa\u00e7o de debate e resist\u00eancia, reafirmando o posicionamento firme da categoria contra qualquer tentativa de entregar a pol\u00edtica socioeducativa ao setor privado.<\/p>\n<p>A proposta de PPP representa uma grave amea\u00e7a ao car\u00e1ter p\u00fablico da Funda\u00e7\u00e3o CASA, colocando em risco direitos trabalhistas, a qualidade do atendimento aos adolescentes e o pr\u00f3prio papel do Estado na garantia de pol\u00edticas sociais. Para o SITSESP, trata-se de um projeto que visa transformar direitos em mercadoria, precarizando rela\u00e7\u00f5es de trabalho e fragilizando um servi\u00e7o essencial \u00e0 sociedade.<\/p>\n<p>Ao longo dos \u00faltimos anos, o sindicato tem sido a principal voz de enfrentamento a esse processo, denunciando os impactos da privatiza\u00e7\u00e3o, dialogando com parlamentares, Minist\u00e9rio P\u00fablico e sociedade civil, al\u00e9m de mobilizar a base em todo o Estado de S\u00e3o Paulo.<\/p>\n<p>\u201cA categoria n\u00e3o aceitar\u00e1 retrocessos. A Funda\u00e7\u00e3o CASA \u00e9 p\u00fablica, os servidores s\u00e3o concursados e a socioeduca\u00e7\u00e3o n\u00e3o pode virar neg\u00f3cio\u201d, refor\u00e7a a diretoria do SITSESP.<\/p>\n<p>A audi\u00eancia p\u00fablica \u00e9 mais do que um ato institucional \u2014 \u00e9 um momento estrat\u00e9gico de mobiliza\u00e7\u00e3o, press\u00e3o pol\u00edtica e afirma\u00e7\u00e3o coletiva. \u00c9 ali que a categoria poder\u00e1 expressar, de forma organizada, sua rejei\u00e7\u00e3o \u00e0 PPP e exigir respeito aos trabalhadores e trabalhadoras que constroem diariamente o atendimento socioeducativo.<\/p>\n<p>O SITSESP reafirma seu compromisso hist\u00f3rico com a defesa do servi\u00e7o p\u00fablico, da valoriza\u00e7\u00e3o profissional e da socioeduca\u00e7\u00e3o estatal, convocando toda a base a participar ativamente deste importante ato.<\/p>\n<p>A luta \u00e9 coletiva. A voz \u00e9 da categoria. E o SITSESP segue na linha de frente.<\/p>\n","protected":false},"excerpt":{"rendered":"<p>A luta em defesa da socioeduca\u00e7\u00e3o p\u00fablica ganha mais um cap\u00edtulo decisivo no pr\u00f3ximo dia 04 fevereiro 2026, quando acontece a&hellip;<\/p>\n","protected":false},"author":1,"featured_media":16974,"comment_status":"open","ping_status":"open","sticky":false,"template":"","format":"standard","meta":{"cybocfi_hide_featured_image":"","footnotes":""},"categories":[22],"tags":[],"yoast_head":"<!-- This site is optimized with the Yoast SEO plugin v22.8 - https:\/\/yoast.com\/wordpress\/plugins\/seo\/ -->\n<title>SERVIDORES SE MOBILIZAM CONTRA A PRIVATIZA\u00c7\u00c3O: SITSESP CONVOCA CATEGORIA PARA AUDI\u00caNCIA P\u00daBLICA SOBRE A PPP NA FUNDA\u00c7\u00c3O CASA - SITSESP<\/title>\n<meta name=\"robots\" content=\"index, follow, max-snippet:-1, max-image-preview:large, max-video-preview:-1\" \/>\n<link rel=\"canonical\" href=\"https:\/\/www.sitsesp.org.br\/novo\/servidores-se-mobilizam-contra-a-privatizacao-sitsesp-convoca-categoria-para-audiencia-publica-sobre-a-ppp-na-fundacao-casa\/\" \/>\n<meta property=\"og:locale\" content=\"pt_BR\" \/>\n<meta property=\"og:type\" content=\"article\" \/>\n<meta property=\"og:title\" content=\"SERVIDORES SE MOBILIZAM CONTRA A PRIVATIZA\u00c7\u00c3O: SITSESP CONVOCA CATEGORIA PARA AUDI\u00caNCIA P\u00daBLICA SOBRE A PPP NA FUNDA\u00c7\u00c3O CASA - SITSESP\" \/>\n<meta property=\"og:description\" content=\"A luta em defesa da socioeduca\u00e7\u00e3o p\u00fablica ganha mais um cap\u00edtulo decisivo no pr\u00f3ximo dia 04 fevereiro 2026, quando acontece a&hellip;\" \/>\n<meta property=\"og:url\" content=\"https:\/\/www.sitsesp.org.br\/novo\/servidores-se-mobilizam-contra-a-privatizacao-sitsesp-convoca-categoria-para-audiencia-publica-sobre-a-ppp-na-fundacao-casa\/\" \/>\n<meta property=\"og:site_name\" content=\"SITSESP\" \/>\n<meta property=\"article:published_time\" content=\"2026-01-28T12:39:29+00:00\" \/>\n<meta property=\"article:modified_time\" content=\"2026-02-05T21:37:16+00:00\" \/>\n<meta property=\"og:image\" content=\"https:\/\/www.sitsesp.org.br\/novo\/wp-content\/uploads\/2026\/01\/ChatGPT-Image-28-de-jan.-de-2026-09_36_55-1024x683.png\" \/>\n\t<meta property=\"og:image:width\" content=\"1024\" \/>\n\t<meta property=\"og:image:height\" content=\"683\" \/>\n\t<meta property=\"og:image:type\" content=\"image\/png\" \/>\n<meta name=\"author\" content=\"mhais\" \/>\n<meta name=\"twitter:card\" content=\"summary_large_image\" \/>\n<meta name=\"twitter:label1\" content=\"Escrito por\" \/>\n\t<meta name=\"twitter:data1\" content=\"mhais\" \/>\n\t<meta name=\"twitter:label2\" content=\"Est. tempo de leitura\" \/>\n\t<meta name=\"twitter:data2\" content=\"2 minutos\" \/>\n<script type=\"application\/ld+json\" class=\"yoast-schema-graph\">{\"@context\":\"https:\/\/schema.org\",\"@graph\":[{\"@type\":\"Article\",\"@id\":\"https:\/\/www.sitsesp.org.br\/novo\/servidores-se-mobilizam-contra-a-privatizacao-sitsesp-convoca-categoria-para-audiencia-publica-sobre-a-ppp-na-fundacao-casa\/#article\",\"isPartOf\":{\"@id\":\"https:\/\/www.sitsesp.org.br\/novo\/servidores-se-mobilizam-contra-a-privatizacao-sitsesp-convoca-categoria-para-audiencia-publica-sobre-a-ppp-na-fundacao-casa\/\"},\"author\":{\"name\":\"mhais\",\"@id\":\"https:\/\/www.sitsesp.org.br\/novo\/#\/schema\/person\/2a4c180eb185645b3bef8657c75e305a\"},\"headline\":\"SERVIDORES SE MOBILIZAM CONTRA A PRIVATIZA\u00c7\u00c3O: SITSESP CONVOCA CATEGORIA PARA AUDI\u00caNCIA P\u00daBLICA SOBRE A PPP NA FUNDA\u00c7\u00c3O CASA\",\"datePublished\":\"2026-01-28T12:39:29+00:00\",\"dateModified\":\"2026-02-05T21:37:16+00:00\",\"mainEntityOfPage\":{\"@id\":\"https:\/\/www.sitsesp.org.br\/novo\/servidores-se-mobilizam-contra-a-privatizacao-sitsesp-convoca-categoria-para-audiencia-publica-sobre-a-ppp-na-fundacao-casa\/\"},\"wordCount\":372,\"commentCount\":0,\"publisher\":{\"@id\":\"https:\/\/www.sitsesp.org.br\/novo\/#organization\"},\"image\":{\"@id\":\"https:\/\/www.sitsesp.org.br\/novo\/servidores-se-mobilizam-contra-a-privatizacao-sitsesp-convoca-categoria-para-audiencia-publica-sobre-a-ppp-na-fundacao-casa\/#primaryimage\"},\"thumbnailUrl\":\"https:\/\/www.sitsesp.org.br\/novo\/wp-content\/uploads\/2026\/01\/ChatGPT-Image-28-de-jan.-de-2026-09_36_55.png\",\"articleSection\":[\"Noticias\"],\"inLanguage\":\"pt-BR\",\"potentialAction\":[{\"@type\":\"CommentAction\",\"name\":\"Comment\",\"target\":[\"https:\/\/www.sitsesp.org.br\/novo\/servidores-se-mobilizam-contra-a-privatizacao-sitsesp-convoca-categoria-para-audiencia-publica-sobre-a-ppp-na-fundacao-casa\/#respond\"]}]},{\"@type\":\"WebPage\",\"@id\":\"https:\/\/www.sitsesp.org.br\/novo\/servidores-se-mobilizam-contra-a-privatizacao-sitsesp-convoca-categoria-para-audiencia-publica-sobre-a-ppp-na-fundacao-casa\/\",\"url\":\"https:\/\/www.sitsesp.org.br\/novo\/servidores-se-mobilizam-contra-a-privatizacao-sitsesp-convoca-categoria-para-audiencia-publica-sobre-a-ppp-na-fundacao-casa\/\",\"name\":\"SERVIDORES SE MOBILIZAM CONTRA A PRIVATIZA\u00c7\u00c3O: SITSESP CONVOCA CATEGORIA PARA AUDI\u00caNCIA P\u00daBLICA SOBRE A PPP NA FUNDA\u00c7\u00c3O CASA - SITSESP\",\"isPartOf\":{\"@id\":\"https:\/\/www.sitsesp.org.br\/novo\/#website\"},\"primaryImageOfPage\":{\"@id\":\"https:\/\/www.sitsesp.org.br\/novo\/servidores-se-mobilizam-contra-a-privatizacao-sitsesp-convoca-categoria-para-audiencia-publica-sobre-a-ppp-na-fundacao-casa\/#primaryimage\"},\"image\":{\"@id\":\"https:\/\/www.sitsesp.org.br\/novo\/servidores-se-mobilizam-contra-a-privatizacao-sitsesp-convoca-categoria-para-audiencia-publica-sobre-a-ppp-na-fundacao-casa\/#primaryimage\"},\"thumbnailUrl\":\"https:\/\/www.sitsesp.org.br\/novo\/wp-content\/uploads\/2026\/01\/ChatGPT-Image-28-de-jan.-de-2026-09_36_55.png\",\"datePublished\":\"2026-01-28T12:39:29+00:00\",\"dateModified\":\"2026-02-05T21:37:16+00:00\",\"breadcrumb\":{\"@id\":\"https:\/\/www.sitsesp.org.br\/novo\/servidores-se-mobilizam-contra-a-privatizacao-sitsesp-convoca-categoria-para-audiencia-publica-sobre-a-ppp-na-fundacao-casa\/#breadcrumb\"},\"inLanguage\":\"pt-BR\",\"potentialAction\":[{\"@type\":\"ReadAction\",\"target\":[\"https:\/\/www.sitsesp.org.br\/novo\/servidores-se-mobilizam-contra-a-privatizacao-sitsesp-convoca-categoria-para-audiencia-publica-sobre-a-ppp-na-fundacao-casa\/\"]}]},{\"@type\":\"ImageObject\",\"inLanguage\":\"pt-BR\",\"@id\":\"https:\/\/www.sitsesp.org.br\/novo\/servidores-se-mobilizam-contra-a-privatizacao-sitsesp-convoca-categoria-para-audiencia-publica-sobre-a-ppp-na-fundacao-casa\/#primaryimage\",\"url\":\"https:\/\/www.sitsesp.org.br\/novo\/wp-content\/uploads\/2026\/01\/ChatGPT-Image-28-de-jan.-de-2026-09_36_55.png\",\"contentUrl\":\"https:\/\/www.sitsesp.org.br\/novo\/wp-content\/uploads\/2026\/01\/ChatGPT-Image-28-de-jan.-de-2026-09_36_55.png\",\"width\":1536,\"height\":1024},{\"@type\":\"BreadcrumbList\",\"@id\":\"https:\/\/www.sitsesp.org.br\/novo\/servidores-se-mobilizam-contra-a-privatizacao-sitsesp-convoca-categoria-para-audiencia-publica-sobre-a-ppp-na-fundacao-casa\/#breadcrumb\",\"itemListElement\":[{\"@type\":\"ListItem\",\"position\":1,\"name\":\"In\u00edcio\",\"item\":\"https:\/\/www.sitsesp.org.br\/novo\/\"},{\"@type\":\"ListItem\",\"position\":2,\"name\":\"SERVIDORES SE MOBILIZAM CONTRA A PRIVATIZA\u00c7\u00c3O: SITSESP CONVOCA CATEGORIA PARA AUDI\u00caNCIA P\u00daBLICA SOBRE A PPP NA FUNDA\u00c7\u00c3O CASA\"}]},{\"@type\":\"WebSite\",\"@id\":\"https:\/\/www.sitsesp.org.br\/novo\/#website\",\"url\":\"https:\/\/www.sitsesp.org.br\/novo\/\",\"name\":\"Sitsesp\",\"description\":\"SIndicato da Socioeduca\u00e7\u00e3o do Estado de S\u00e3o Paulo\",\"publisher\":{\"@id\":\"https:\/\/www.sitsesp.org.br\/novo\/#organization\"},\"potentialAction\":[{\"@type\":\"SearchAction\",\"target\":{\"@type\":\"EntryPoint\",\"urlTemplate\":\"https:\/\/www.sitsesp.org.br\/novo\/?s={search_term_string}\"},\"query-input\":\"required name=search_term_string\"}],\"inLanguage\":\"pt-BR\"},{\"@type\":\"Organization\",\"@id\":\"https:\/\/www.sitsesp.org.br\/novo\/#organization\",\"name\":\"Sitsesp\",\"url\":\"https:\/\/www.sitsesp.org.br\/novo\/\",\"logo\":{\"@type\":\"ImageObject\",\"inLanguage\":\"pt-BR\",\"@id\":\"https:\/\/www.sitsesp.org.br\/novo\/#\/schema\/logo\/image\/\",\"url\":\"https:\/\/www.sitsesp.org.br\/novo\/wp-content\/uploads\/2020\/09\/Design-sem-nome-1.jpg\",\"contentUrl\":\"https:\/\/www.sitsesp.org.br\/novo\/wp-content\/uploads\/2020\/09\/Design-sem-nome-1.jpg\",\"width\":300,\"height\":300,\"caption\":\"Sitsesp\"},\"image\":{\"@id\":\"https:\/\/www.sitsesp.org.br\/novo\/#\/schema\/logo\/image\/\"}},{\"@type\":\"Person\",\"@id\":\"https:\/\/www.sitsesp.org.br\/novo\/#\/schema\/person\/2a4c180eb185645b3bef8657c75e305a\",\"name\":\"mhais\",\"image\":{\"@type\":\"ImageObject\",\"inLanguage\":\"pt-BR\",\"@id\":\"https:\/\/www.sitsesp.org.br\/novo\/#\/schema\/person\/image\/\",\"url\":\"https:\/\/secure.gravatar.com\/avatar\/6f4eabe86990e81328cf702edfa92a60?s=96&d=mm&r=g\",\"contentUrl\":\"https:\/\/secure.gravatar.com\/avatar\/6f4eabe86990e81328cf702edfa92a60?s=96&d=mm&r=g\",\"caption\":\"mhais\"},\"sameAs\":[\"http:\/\/localhost\/sitsesp\"]}]}<\/script>\n<!-- \/ Yoast SEO plugin. -->","yoast_head_json":{"title":"SERVIDORES SE MOBILIZAM CONTRA A PRIVATIZA\u00c7\u00c3O: SITSESP CONVOCA CATEGORIA PARA AUDI\u00caNCIA P\u00daBLICA SOBRE A PPP NA FUNDA\u00c7\u00c3O CASA - SITSESP","robots":{"index":"index","follow":"follow","max-snippet":"max-snippet:-1","max-image-preview":"max-image-preview:large","max-video-preview":"max-video-preview:-1"},"canonical":"https:\/\/www.sitsesp.org.br\/novo\/servidores-se-mobilizam-contra-a-privatizacao-sitsesp-convoca-categoria-para-audiencia-publica-sobre-a-ppp-na-fundacao-casa\/","og_locale":"pt_BR","og_type":"article","og_title":"SERVIDORES SE MOBILIZAM CONTRA A PRIVATIZA\u00c7\u00c3O: SITSESP CONVOCA CATEGORIA PARA AUDI\u00caNCIA P\u00daBLICA SOBRE A PPP NA FUNDA\u00c7\u00c3O CASA - SITSESP","og_description":"A luta em defesa da socioeduca\u00e7\u00e3o p\u00fablica ganha mais um cap\u00edtulo decisivo no pr\u00f3ximo dia 04 fevereiro 2026, quando acontece a&hellip;","og_url":"https:\/\/www.sitsesp.org.br\/novo\/servidores-se-mobilizam-contra-a-privatizacao-sitsesp-convoca-categoria-para-audiencia-publica-sobre-a-ppp-na-fundacao-casa\/","og_site_name":"SITSESP","article_published_time":"2026-01-28T12:39:29+00:00","article_modified_time":"2026-02-05T21:37:16+00:00","og_image":[{"width":1024,"height":683,"url":"https:\/\/www.sitsesp.org.br\/novo\/wp-content\/uploads\/2026\/01\/ChatGPT-Image-28-de-jan.-de-2026-09_36_55-1024x683.png","type":"image\/png"}],"author":"mhais","twitter_card":"summary_large_image","twitter_misc":{"Escrito por":"mhais","Est. tempo de leitura":"2 minutos"},"schema":{"@context":"https:\/\/schema.org","@graph":[{"@type":"Article","@id":"https:\/\/www.sitsesp.org.br\/novo\/servidores-se-mobilizam-contra-a-privatizacao-sitsesp-convoca-categoria-para-audiencia-publica-sobre-a-ppp-na-fundacao-casa\/#article","isPartOf":{"@id":"https:\/\/www.sitsesp.org.br\/novo\/servidores-se-mobilizam-contra-a-privatizacao-sitsesp-convoca-categoria-para-audiencia-publica-sobre-a-ppp-na-fundacao-casa\/"},"author":{"name":"mhais","@id":"https:\/\/www.sitsesp.org.br\/novo\/#\/schema\/person\/2a4c180eb185645b3bef8657c75e305a"},"headline":"SERVIDORES SE MOBILIZAM CONTRA A PRIVATIZA\u00c7\u00c3O: SITSESP CONVOCA CATEGORIA PARA AUDI\u00caNCIA P\u00daBLICA SOBRE A PPP NA FUNDA\u00c7\u00c3O CASA","datePublished":"2026-01-28T12:39:29+00:00","dateModified":"2026-02-05T21:37:16+00:00","mainEntityOfPage":{"@id":"https:\/\/www.sitsesp.org.br\/novo\/servidores-se-mobilizam-contra-a-privatizacao-sitsesp-convoca-categoria-para-audiencia-publica-sobre-a-ppp-na-fundacao-casa\/"},"wordCount":372,"commentCount":0,"publisher":{"@id":"https:\/\/www.sitsesp.org.br\/novo\/#organization"},"image":{"@id":"https:\/\/www.sitsesp.org.br\/novo\/servidores-se-mobilizam-contra-a-privatizacao-sitsesp-convoca-categoria-para-audiencia-publica-sobre-a-ppp-na-fundacao-casa\/#primaryimage"},"thumbnailUrl":"https:\/\/www.sitsesp.org.br\/novo\/wp-content\/uploads\/2026\/01\/ChatGPT-Image-28-de-jan.-de-2026-09_36_55.png","articleSection":["Noticias"],"inLanguage":"pt-BR","potentialAction":[{"@type":"CommentAction","name":"Comment","target":["https:\/\/www.sitsesp.org.br\/novo\/servidores-se-mobilizam-contra-a-privatizacao-sitsesp-convoca-categoria-para-audiencia-publica-sobre-a-ppp-na-fundacao-casa\/#respond"]}]},{"@type":"WebPage","@id":"https:\/\/www.sitsesp.org.br\/novo\/servidores-se-mobilizam-contra-a-privatizacao-sitsesp-convoca-categoria-para-audiencia-publica-sobre-a-ppp-na-fundacao-casa\/","url":"https:\/\/www.sitsesp.org.br\/novo\/servidores-se-mobilizam-contra-a-privatizacao-sitsesp-convoca-categoria-para-audiencia-publica-sobre-a-ppp-na-fundacao-casa\/","name":"SERVIDORES SE MOBILIZAM CONTRA A PRIVATIZA\u00c7\u00c3O: SITSESP CONVOCA CATEGORIA PARA AUDI\u00caNCIA P\u00daBLICA SOBRE A PPP NA FUNDA\u00c7\u00c3O CASA - SITSESP","isPartOf":{"@id":"https:\/\/www.sitsesp.org.br\/novo\/#website"},"primaryImageOfPage":{"@id":"https:\/\/www.sitsesp.org.br\/novo\/servidores-se-mobilizam-contra-a-privatizacao-sitsesp-convoca-categoria-para-audiencia-publica-sobre-a-ppp-na-fundacao-casa\/#primaryimage"},"image":{"@id":"https:\/\/www.sitsesp.org.br\/novo\/servidores-se-mobilizam-contra-a-privatizacao-sitsesp-convoca-categoria-para-audiencia-publica-sobre-a-ppp-na-fundacao-casa\/#primaryimage"},"thumbnailUrl":"https:\/\/www.sitsesp.org.br\/novo\/wp-content\/uploads\/2026\/01\/ChatGPT-Image-28-de-jan.-de-2026-09_36_55.png","datePublished":"2026-01-28T12:39:29+00:00","dateModified":"2026-02-05T21:37:16+00:00","breadcrumb":{"@id":"https:\/\/www.sitsesp.org.br\/novo\/servidores-se-mobilizam-contra-a-privatizacao-sitsesp-convoca-categoria-para-audiencia-publica-sobre-a-ppp-na-fundacao-casa\/#breadcrumb"},"inLanguage":"pt-BR","potentialAction":[{"@type":"ReadAction","target":["https:\/\/www.sitsesp.org.br\/novo\/servidores-se-mobilizam-contra-a-privatizacao-sitsesp-convoca-categoria-para-audiencia-publica-sobre-a-ppp-na-fundacao-casa\/"]}]},{"@type":"ImageObject","inLanguage":"pt-BR","@id":"https:\/\/www.sitsesp.org.br\/novo\/servidores-se-mobilizam-contra-a-privatizacao-sitsesp-convoca-categoria-para-audiencia-publica-sobre-a-ppp-na-fundacao-casa\/#primaryimage","url":"https:\/\/www.sitsesp.org.br\/novo\/wp-content\/uploads\/2026\/01\/ChatGPT-Image-28-de-jan.-de-2026-09_36_55.png","contentUrl":"https:\/\/www.sitsesp.org.br\/novo\/wp-content\/uploads\/2026\/01\/ChatGPT-Image-28-de-jan.-de-2026-09_36_55.png","width":1536,"height":1024},{"@type":"BreadcrumbList","@id":"https:\/\/www.sitsesp.org.br\/novo\/servidores-se-mobilizam-contra-a-privatizacao-sitsesp-convoca-categoria-para-audiencia-publica-sobre-a-ppp-na-fundacao-casa\/#breadcrumb","itemListElement":[{"@type":"ListItem","position":1,"name":"In\u00edcio","item":"https:\/\/www.sitsesp.org.br\/novo\/"},{"@type":"ListItem","position":2,"name":"SERVIDORES SE MOBILIZAM CONTRA A PRIVATIZA\u00c7\u00c3O: SITSESP CONVOCA CATEGORIA PARA AUDI\u00caNCIA P\u00daBLICA SOBRE A PPP NA FUNDA\u00c7\u00c3O CASA"}]},{"@type":"WebSite","@id":"https:\/\/www.sitsesp.org.br\/novo\/#website","url":"https:\/\/www.sitsesp.org.br\/novo\/","name":"Sitsesp","description":"SIndicato da Socioeduca\u00e7\u00e3o do Estado de S\u00e3o Paulo","publisher":{"@id":"https:\/\/www.sitsesp.org.br\/novo\/#organization"},"potentialAction":[{"@type":"SearchAction","target":{"@type":"EntryPoint","urlTemplate":"https:\/\/www.sitsesp.org.br\/novo\/?s={search_term_string}"},"query-input":"required name=search_term_string"}],"inLanguage":"pt-BR"},{"@type":"Organization","@id":"https:\/\/www.sitsesp.org.br\/novo\/#organization","name":"Sitsesp","url":"https:\/\/www.sitsesp.org.br\/novo\/","logo":{"@type":"ImageObject","inLanguage":"pt-BR","@id":"https:\/\/www.sitsesp.org.br\/novo\/#\/schema\/logo\/image\/","url":"https:\/\/www.sitsesp.org.br\/novo\/wp-content\/uploads\/2020\/09\/Design-sem-nome-1.jpg","contentUrl":"https:\/\/www.sitsesp.org.br\/novo\/wp-content\/uploads\/2020\/09\/Design-sem-nome-1.jpg","width":300,"height":300,"caption":"Sitsesp"},"image":{"@id":"https:\/\/www.sitsesp.org.br\/novo\/#\/schema\/logo\/image\/"}},{"@type":"Person","@id":"https:\/\/www.sitsesp.org.br\/novo\/#\/schema\/person\/2a4c180eb185645b3bef8657c75e305a","name":"mhais","image":{"@type":"ImageObject","inLanguage":"pt-BR","@id":"https:\/\/www.sitsesp.org.br\/novo\/#\/schema\/person\/image\/","url":"https:\/\/secure.gravatar.com\/avatar\/6f4eabe86990e81328cf702edfa92a60?s=96&d=mm&r=g","contentUrl":"https:\/\/secure.gravatar.com\/avatar\/6f4eabe86990e81328cf702edfa92a60?s=96&d=mm&r=g","caption":"mhais"},"sameAs":["http:\/\/localhost\/sitsesp"]}]}},"_links":{"self":[{"href":"https:\/\/www.sitsesp.org.br\/novo\/wp-json\/wp\/v2\/posts\/16973"}],"collection":[{"href":"https:\/\/www.sitsesp.org.br\/novo\/wp-json\/wp\/v2\/posts"}],"about":[{"href":"https:\/\/www.sitsesp.org.br\/novo\/wp-json\/wp\/v2\/types\/post"}],"author":[{"embeddable":true,"href":"https:\/\/www.sitsesp.org.br\/novo\/wp-json\/wp\/v2\/users\/1"}],"replies":[{"embeddable":true,"href":"https:\/\/www.sitsesp.org.br\/novo\/wp-json\/wp\/v2\/comments?post=16973"}],"version-history":[{"count":2,"href":"https:\/\/www.sitsesp.org.br\/novo\/wp-json\/wp\/v2\/posts\/16973\/revisions"}],"predecessor-version":[{"id":16976,"href":"https:\/\/www.sitsesp.org.br\/novo\/wp-json\/wp\/v2\/posts\/16973\/revisions\/16976"}],"wp:featuredmedia":[{"embeddable":true,"href":"https:\/\/www.sitsesp.org.br\/novo\/wp-json\/wp\/v2\/media\/16974"}],"wp:attachment":[{"href":"https:\/\/www.sitsesp.org.br\/novo\/wp-json\/wp\/v2\/media?parent=16973"}],"wp:term":[{"taxonomy":"category","embeddable":true,"href":"https:\/\/www.sitsesp.org.br\/novo\/wp-json\/wp\/v2\/categories?post=16973"},{"taxonomy":"post_tag","embeddable":true,"href":"https:\/\/www.sitsesp.org.br\/novo\/wp-json\/wp\/v2\/tags?post=16973"}],"curies":[{"name":"wp","href":"https:\/\/api.w.org\/{rel}","templated":true}]}}