{"id":17118,"date":"2026-02-20T18:49:29","date_gmt":"2026-02-20T21:49:29","guid":{"rendered":"https:\/\/www.sitsesp.org.br\/novo\/?p=17118"},"modified":"2026-02-20T18:49:29","modified_gmt":"2026-02-20T21:49:29","slug":"apos-articulacao-do-sitsesp-fundacao-casa-inicia-entrega-da-nova-identidade-funcional","status":"publish","type":"post","link":"https:\/\/www.sitsesp.org.br\/novo\/apos-articulacao-do-sitsesp-fundacao-casa-inicia-entrega-da-nova-identidade-funcional\/","title":{"rendered":"Ap\u00f3s articula\u00e7\u00e3o do SITSESP, Funda\u00e7\u00e3o CASA inicia entrega da nova Identidade Funcional"},"content":{"rendered":"<p><!-- VideographyWP Plugin Message: Automatic video embedding prevented by plugin options. --><br \/>\nAp\u00f3s tratativas conduzidas pelo SITSESP, a Funda\u00e7\u00e3o CASA iniciar\u00e1, na pr\u00f3xima semana, a entrega da C\u00e9dula de Identidade Funcional (CIF) aos servidores e servidoras da socioeduca\u00e7\u00e3o paulista \u2014 uma demanda hist\u00f3rica defendida pelo Sindicato.<\/p>\n<p>A formaliza\u00e7\u00e3o da nova carteira contou com a presen\u00e7a do secret\u00e1rio-executivo da Justi\u00e7a e Cidadania, Fraide Sales, representando o secret\u00e1rio Arthur Lima, da presidente da Funda\u00e7\u00e3o CASA, Claudia Carletto, do presidente do SITSESP, Neemias Souza, e dos diretores do Sindicato Edson Brito, Luis Vagner e Joel Sena, que estiveram presentes no ato de apresenta\u00e7\u00e3o oficial da CIF.<\/p>\n<p>Al\u00e9m da emiss\u00e3o do documento, um ponto relevante \u00e9 a atualiza\u00e7\u00e3o da nomenclatura funcional, com a retirada da palavra \u201capoio\u201d, medida que dialoga com uma reivindica\u00e7\u00e3o antiga da categoria por maior reconhecimento institucional e adequa\u00e7\u00e3o \u00e0 complexidade das atribui\u00e7\u00f5es exercidas nas unidades.<\/p>\n<p>O SITSESP reafirma que os avan\u00e7os s\u00e3o fruto de di\u00e1logo respons\u00e1vel, articula\u00e7\u00e3o permanente e defesa consistente dos interesses dos servidores e servidoras. Seguiremos acompanhando a implementa\u00e7\u00e3o para que a entrega ocorra de forma organizada e contemple toda a categoria.<\/p>\n<p>@justicasp @fundacaocasasp @sitsesp2024<\/p>\n<p>#SITSESP #Valoriza\u00e7\u00e3oDoServidor #Socioeduca\u00e7\u00e3oPaulista #Di\u00e1logoInstitucional<\/p>\n<p><img fetchpriority=\"high\" decoding=\"async\" src=\"https:\/\/www.sitsesp.org.br\/novo\/wp-content\/uploads\/2026\/02\/WhatsApp-Image-2026-02-20-at-18.42.22-1.jpeg\" alt=\"\" width=\"1600\" height=\"1066\" class=\"alignnone size-full wp-image-17120\" srcset=\"https:\/\/www.sitsesp.org.br\/novo\/wp-content\/uploads\/2026\/02\/WhatsApp-Image-2026-02-20-at-18.42.22-1.jpeg 1600w, https:\/\/www.sitsesp.org.br\/novo\/wp-content\/uploads\/2026\/02\/WhatsApp-Image-2026-02-20-at-18.42.22-1-300x200.jpeg 300w, https:\/\/www.sitsesp.org.br\/novo\/wp-content\/uploads\/2026\/02\/WhatsApp-Image-2026-02-20-at-18.42.22-1-1024x682.jpeg 1024w, https:\/\/www.sitsesp.org.br\/novo\/wp-content\/uploads\/2026\/02\/WhatsApp-Image-2026-02-20-at-18.42.22-1-768x512.jpeg 768w, https:\/\/www.sitsesp.org.br\/novo\/wp-content\/uploads\/2026\/02\/WhatsApp-Image-2026-02-20-at-18.42.22-1-1536x1023.jpeg 1536w, https:\/\/www.sitsesp.org.br\/novo\/wp-content\/uploads\/2026\/02\/WhatsApp-Image-2026-02-20-at-18.42.22-1-1170x780.jpeg 1170w, https:\/\/www.sitsesp.org.br\/novo\/wp-content\/uploads\/2026\/02\/WhatsApp-Image-2026-02-20-at-18.42.22-1-585x390.jpeg 585w, https:\/\/www.sitsesp.org.br\/novo\/wp-content\/uploads\/2026\/02\/WhatsApp-Image-2026-02-20-at-18.42.22-1-263x175.jpeg 263w\" sizes=\"(max-width: 1600px) 100vw, 1600px\" \/><br \/>\n<img decoding=\"async\" src=\"https:\/\/www.sitsesp.org.br\/novo\/wp-content\/uploads\/2026\/02\/WhatsApp-Image-2026-02-20-at-18.42.22.jpeg\" alt=\"\" width=\"1600\" height=\"1066\" class=\"alignnone size-full wp-image-17121\" srcset=\"https:\/\/www.sitsesp.org.br\/novo\/wp-content\/uploads\/2026\/02\/WhatsApp-Image-2026-02-20-at-18.42.22.jpeg 1600w, https:\/\/www.sitsesp.org.br\/novo\/wp-content\/uploads\/2026\/02\/WhatsApp-Image-2026-02-20-at-18.42.22-300x200.jpeg 300w, https:\/\/www.sitsesp.org.br\/novo\/wp-content\/uploads\/2026\/02\/WhatsApp-Image-2026-02-20-at-18.42.22-1024x682.jpeg 1024w, https:\/\/www.sitsesp.org.br\/novo\/wp-content\/uploads\/2026\/02\/WhatsApp-Image-2026-02-20-at-18.42.22-768x512.jpeg 768w, https:\/\/www.sitsesp.org.br\/novo\/wp-content\/uploads\/2026\/02\/WhatsApp-Image-2026-02-20-at-18.42.22-1536x1023.jpeg 1536w, https:\/\/www.sitsesp.org.br\/novo\/wp-content\/uploads\/2026\/02\/WhatsApp-Image-2026-02-20-at-18.42.22-1170x780.jpeg 1170w, https:\/\/www.sitsesp.org.br\/novo\/wp-content\/uploads\/2026\/02\/WhatsApp-Image-2026-02-20-at-18.42.22-585x390.jpeg 585w, https:\/\/www.sitsesp.org.br\/novo\/wp-content\/uploads\/2026\/02\/WhatsApp-Image-2026-02-20-at-18.42.22-263x175.jpeg 263w\" sizes=\"(max-width: 1600px) 100vw, 1600px\" \/><\/p>\n","protected":false},"excerpt":{"rendered":"<p>Ap\u00f3s tratativas conduzidas pelo SITSESP, a Funda\u00e7\u00e3o CASA iniciar\u00e1, na pr\u00f3xima semana, a entrega da C\u00e9dula de Identidade Funcional (CIF) aos&hellip;<\/p>\n","protected":false},"author":1,"featured_media":17119,"comment_status":"open","ping_status":"open","sticky":false,"template":"","format":"standard","meta":{"cybocfi_hide_featured_image":"","footnotes":""},"categories":[27],"tags":[],"yoast_head":"<!-- This site is optimized with the Yoast SEO plugin v22.8 - https:\/\/yoast.com\/wordpress\/plugins\/seo\/ -->\n<title>Ap\u00f3s articula\u00e7\u00e3o do SITSESP, Funda\u00e7\u00e3o CASA inicia entrega da nova Identidade Funcional - SITSESP<\/title>\n<meta name=\"robots\" content=\"index, follow, max-snippet:-1, max-image-preview:large, max-video-preview:-1\" \/>\n<link rel=\"canonical\" href=\"https:\/\/www.sitsesp.org.br\/novo\/apos-articulacao-do-sitsesp-fundacao-casa-inicia-entrega-da-nova-identidade-funcional\/\" \/>\n<meta property=\"og:locale\" content=\"pt_BR\" \/>\n<meta property=\"og:type\" content=\"article\" \/>\n<meta property=\"og:title\" content=\"Ap\u00f3s articula\u00e7\u00e3o do SITSESP, Funda\u00e7\u00e3o CASA inicia entrega da nova Identidade Funcional - SITSESP\" \/>\n<meta property=\"og:description\" content=\"Ap\u00f3s tratativas conduzidas pelo SITSESP, a Funda\u00e7\u00e3o CASA iniciar\u00e1, na pr\u00f3xima semana, a entrega da C\u00e9dula de Identidade Funcional (CIF) aos&hellip;\" \/>\n<meta property=\"og:url\" content=\"https:\/\/www.sitsesp.org.br\/novo\/apos-articulacao-do-sitsesp-fundacao-casa-inicia-entrega-da-nova-identidade-funcional\/\" \/>\n<meta property=\"og:site_name\" content=\"SITSESP\" \/>\n<meta property=\"article:published_time\" content=\"2026-02-20T21:49:29+00:00\" \/>\n<meta property=\"og:image\" content=\"https:\/\/www.sitsesp.org.br\/novo\/wp-content\/uploads\/2026\/02\/WhatsApp-Image-2026-02-20-at-18.42.22-2.jpeg\" \/>\n\t<meta property=\"og:image:width\" content=\"1600\" \/>\n\t<meta property=\"og:image:height\" content=\"1066\" \/>\n\t<meta property=\"og:image:type\" content=\"image\/jpeg\" \/>\n<meta name=\"author\" content=\"mhais\" \/>\n<meta name=\"twitter:card\" content=\"summary_large_image\" \/>\n<meta name=\"twitter:label1\" content=\"Escrito por\" \/>\n\t<meta name=\"twitter:data1\" content=\"mhais\" \/>\n\t<meta name=\"twitter:label2\" content=\"Est. tempo de leitura\" \/>\n\t<meta name=\"twitter:data2\" content=\"1 minuto\" \/>\n<script type=\"application\/ld+json\" class=\"yoast-schema-graph\">{\"@context\":\"https:\/\/schema.org\",\"@graph\":[{\"@type\":\"Article\",\"@id\":\"https:\/\/www.sitsesp.org.br\/novo\/apos-articulacao-do-sitsesp-fundacao-casa-inicia-entrega-da-nova-identidade-funcional\/#article\",\"isPartOf\":{\"@id\":\"https:\/\/www.sitsesp.org.br\/novo\/apos-articulacao-do-sitsesp-fundacao-casa-inicia-entrega-da-nova-identidade-funcional\/\"},\"author\":{\"name\":\"mhais\",\"@id\":\"https:\/\/www.sitsesp.org.br\/novo\/#\/schema\/person\/2a4c180eb185645b3bef8657c75e305a\"},\"headline\":\"Ap\u00f3s articula\u00e7\u00e3o do SITSESP, Funda\u00e7\u00e3o CASA inicia entrega da nova Identidade Funcional\",\"datePublished\":\"2026-02-20T21:49:29+00:00\",\"dateModified\":\"2026-02-20T21:49:29+00:00\",\"mainEntityOfPage\":{\"@id\":\"https:\/\/www.sitsesp.org.br\/novo\/apos-articulacao-do-sitsesp-fundacao-casa-inicia-entrega-da-nova-identidade-funcional\/\"},\"wordCount\":219,\"commentCount\":0,\"publisher\":{\"@id\":\"https:\/\/www.sitsesp.org.br\/novo\/#organization\"},\"image\":{\"@id\":\"https:\/\/www.sitsesp.org.br\/novo\/apos-articulacao-do-sitsesp-fundacao-casa-inicia-entrega-da-nova-identidade-funcional\/#primaryimage\"},\"thumbnailUrl\":\"https:\/\/www.sitsesp.org.br\/novo\/wp-content\/uploads\/2026\/02\/WhatsApp-Image-2026-02-20-at-18.42.22-2.jpeg\",\"articleSection\":[\"Destaque\"],\"inLanguage\":\"pt-BR\",\"potentialAction\":[{\"@type\":\"CommentAction\",\"name\":\"Comment\",\"target\":[\"https:\/\/www.sitsesp.org.br\/novo\/apos-articulacao-do-sitsesp-fundacao-casa-inicia-entrega-da-nova-identidade-funcional\/#respond\"]}]},{\"@type\":\"WebPage\",\"@id\":\"https:\/\/www.sitsesp.org.br\/novo\/apos-articulacao-do-sitsesp-fundacao-casa-inicia-entrega-da-nova-identidade-funcional\/\",\"url\":\"https:\/\/www.sitsesp.org.br\/novo\/apos-articulacao-do-sitsesp-fundacao-casa-inicia-entrega-da-nova-identidade-funcional\/\",\"name\":\"Ap\u00f3s articula\u00e7\u00e3o do SITSESP, Funda\u00e7\u00e3o CASA inicia entrega da nova Identidade Funcional - SITSESP\",\"isPartOf\":{\"@id\":\"https:\/\/www.sitsesp.org.br\/novo\/#website\"},\"primaryImageOfPage\":{\"@id\":\"https:\/\/www.sitsesp.org.br\/novo\/apos-articulacao-do-sitsesp-fundacao-casa-inicia-entrega-da-nova-identidade-funcional\/#primaryimage\"},\"image\":{\"@id\":\"https:\/\/www.sitsesp.org.br\/novo\/apos-articulacao-do-sitsesp-fundacao-casa-inicia-entrega-da-nova-identidade-funcional\/#primaryimage\"},\"thumbnailUrl\":\"https:\/\/www.sitsesp.org.br\/novo\/wp-content\/uploads\/2026\/02\/WhatsApp-Image-2026-02-20-at-18.42.22-2.jpeg\",\"datePublished\":\"2026-02-20T21:49:29+00:00\",\"dateModified\":\"2026-02-20T21:49:29+00:00\",\"breadcrumb\":{\"@id\":\"https:\/\/www.sitsesp.org.br\/novo\/apos-articulacao-do-sitsesp-fundacao-casa-inicia-entrega-da-nova-identidade-funcional\/#breadcrumb\"},\"inLanguage\":\"pt-BR\",\"potentialAction\":[{\"@type\":\"ReadAction\",\"target\":[\"https:\/\/www.sitsesp.org.br\/novo\/apos-articulacao-do-sitsesp-fundacao-casa-inicia-entrega-da-nova-identidade-funcional\/\"]}]},{\"@type\":\"ImageObject\",\"inLanguage\":\"pt-BR\",\"@id\":\"https:\/\/www.sitsesp.org.br\/novo\/apos-articulacao-do-sitsesp-fundacao-casa-inicia-entrega-da-nova-identidade-funcional\/#primaryimage\",\"url\":\"https:\/\/www.sitsesp.org.br\/novo\/wp-content\/uploads\/2026\/02\/WhatsApp-Image-2026-02-20-at-18.42.22-2.jpeg\",\"contentUrl\":\"https:\/\/www.sitsesp.org.br\/novo\/wp-content\/uploads\/2026\/02\/WhatsApp-Image-2026-02-20-at-18.42.22-2.jpeg\",\"width\":1600,\"height\":1066},{\"@type\":\"BreadcrumbList\",\"@id\":\"https:\/\/www.sitsesp.org.br\/novo\/apos-articulacao-do-sitsesp-fundacao-casa-inicia-entrega-da-nova-identidade-funcional\/#breadcrumb\",\"itemListElement\":[{\"@type\":\"ListItem\",\"position\":1,\"name\":\"In\u00edcio\",\"item\":\"https:\/\/www.sitsesp.org.br\/novo\/\"},{\"@type\":\"ListItem\",\"position\":2,\"name\":\"Ap\u00f3s articula\u00e7\u00e3o do SITSESP, Funda\u00e7\u00e3o CASA inicia entrega da nova Identidade Funcional\"}]},{\"@type\":\"WebSite\",\"@id\":\"https:\/\/www.sitsesp.org.br\/novo\/#website\",\"url\":\"https:\/\/www.sitsesp.org.br\/novo\/\",\"name\":\"Sitsesp\",\"description\":\"SIndicato da Socioeduca\u00e7\u00e3o do Estado de S\u00e3o Paulo\",\"publisher\":{\"@id\":\"https:\/\/www.sitsesp.org.br\/novo\/#organization\"},\"potentialAction\":[{\"@type\":\"SearchAction\",\"target\":{\"@type\":\"EntryPoint\",\"urlTemplate\":\"https:\/\/www.sitsesp.org.br\/novo\/?s={search_term_string}\"},\"query-input\":\"required name=search_term_string\"}],\"inLanguage\":\"pt-BR\"},{\"@type\":\"Organization\",\"@id\":\"https:\/\/www.sitsesp.org.br\/novo\/#organization\",\"name\":\"Sitsesp\",\"url\":\"https:\/\/www.sitsesp.org.br\/novo\/\",\"logo\":{\"@type\":\"ImageObject\",\"inLanguage\":\"pt-BR\",\"@id\":\"https:\/\/www.sitsesp.org.br\/novo\/#\/schema\/logo\/image\/\",\"url\":\"https:\/\/www.sitsesp.org.br\/novo\/wp-content\/uploads\/2020\/09\/Design-sem-nome-1.jpg\",\"contentUrl\":\"https:\/\/www.sitsesp.org.br\/novo\/wp-content\/uploads\/2020\/09\/Design-sem-nome-1.jpg\",\"width\":300,\"height\":300,\"caption\":\"Sitsesp\"},\"image\":{\"@id\":\"https:\/\/www.sitsesp.org.br\/novo\/#\/schema\/logo\/image\/\"}},{\"@type\":\"Person\",\"@id\":\"https:\/\/www.sitsesp.org.br\/novo\/#\/schema\/person\/2a4c180eb185645b3bef8657c75e305a\",\"name\":\"mhais\",\"image\":{\"@type\":\"ImageObject\",\"inLanguage\":\"pt-BR\",\"@id\":\"https:\/\/www.sitsesp.org.br\/novo\/#\/schema\/person\/image\/\",\"url\":\"https:\/\/secure.gravatar.com\/avatar\/6f4eabe86990e81328cf702edfa92a60?s=96&d=mm&r=g\",\"contentUrl\":\"https:\/\/secure.gravatar.com\/avatar\/6f4eabe86990e81328cf702edfa92a60?s=96&d=mm&r=g\",\"caption\":\"mhais\"},\"sameAs\":[\"http:\/\/localhost\/sitsesp\"]}]}<\/script>\n<!-- \/ Yoast SEO plugin. -->","yoast_head_json":{"title":"Ap\u00f3s articula\u00e7\u00e3o do SITSESP, Funda\u00e7\u00e3o CASA inicia entrega da nova Identidade Funcional - SITSESP","robots":{"index":"index","follow":"follow","max-snippet":"max-snippet:-1","max-image-preview":"max-image-preview:large","max-video-preview":"max-video-preview:-1"},"canonical":"https:\/\/www.sitsesp.org.br\/novo\/apos-articulacao-do-sitsesp-fundacao-casa-inicia-entrega-da-nova-identidade-funcional\/","og_locale":"pt_BR","og_type":"article","og_title":"Ap\u00f3s articula\u00e7\u00e3o do SITSESP, Funda\u00e7\u00e3o CASA inicia entrega da nova Identidade Funcional - SITSESP","og_description":"Ap\u00f3s tratativas conduzidas pelo SITSESP, a Funda\u00e7\u00e3o CASA iniciar\u00e1, na pr\u00f3xima semana, a entrega da C\u00e9dula de Identidade Funcional (CIF) aos&hellip;","og_url":"https:\/\/www.sitsesp.org.br\/novo\/apos-articulacao-do-sitsesp-fundacao-casa-inicia-entrega-da-nova-identidade-funcional\/","og_site_name":"SITSESP","article_published_time":"2026-02-20T21:49:29+00:00","og_image":[{"width":1600,"height":1066,"url":"https:\/\/www.sitsesp.org.br\/novo\/wp-content\/uploads\/2026\/02\/WhatsApp-Image-2026-02-20-at-18.42.22-2.jpeg","type":"image\/jpeg"}],"author":"mhais","twitter_card":"summary_large_image","twitter_misc":{"Escrito por":"mhais","Est. tempo de leitura":"1 minuto"},"schema":{"@context":"https:\/\/schema.org","@graph":[{"@type":"Article","@id":"https:\/\/www.sitsesp.org.br\/novo\/apos-articulacao-do-sitsesp-fundacao-casa-inicia-entrega-da-nova-identidade-funcional\/#article","isPartOf":{"@id":"https:\/\/www.sitsesp.org.br\/novo\/apos-articulacao-do-sitsesp-fundacao-casa-inicia-entrega-da-nova-identidade-funcional\/"},"author":{"name":"mhais","@id":"https:\/\/www.sitsesp.org.br\/novo\/#\/schema\/person\/2a4c180eb185645b3bef8657c75e305a"},"headline":"Ap\u00f3s articula\u00e7\u00e3o do SITSESP, Funda\u00e7\u00e3o CASA inicia entrega da nova Identidade Funcional","datePublished":"2026-02-20T21:49:29+00:00","dateModified":"2026-02-20T21:49:29+00:00","mainEntityOfPage":{"@id":"https:\/\/www.sitsesp.org.br\/novo\/apos-articulacao-do-sitsesp-fundacao-casa-inicia-entrega-da-nova-identidade-funcional\/"},"wordCount":219,"commentCount":0,"publisher":{"@id":"https:\/\/www.sitsesp.org.br\/novo\/#organization"},"image":{"@id":"https:\/\/www.sitsesp.org.br\/novo\/apos-articulacao-do-sitsesp-fundacao-casa-inicia-entrega-da-nova-identidade-funcional\/#primaryimage"},"thumbnailUrl":"https:\/\/www.sitsesp.org.br\/novo\/wp-content\/uploads\/2026\/02\/WhatsApp-Image-2026-02-20-at-18.42.22-2.jpeg","articleSection":["Destaque"],"inLanguage":"pt-BR","potentialAction":[{"@type":"CommentAction","name":"Comment","target":["https:\/\/www.sitsesp.org.br\/novo\/apos-articulacao-do-sitsesp-fundacao-casa-inicia-entrega-da-nova-identidade-funcional\/#respond"]}]},{"@type":"WebPage","@id":"https:\/\/www.sitsesp.org.br\/novo\/apos-articulacao-do-sitsesp-fundacao-casa-inicia-entrega-da-nova-identidade-funcional\/","url":"https:\/\/www.sitsesp.org.br\/novo\/apos-articulacao-do-sitsesp-fundacao-casa-inicia-entrega-da-nova-identidade-funcional\/","name":"Ap\u00f3s articula\u00e7\u00e3o do SITSESP, Funda\u00e7\u00e3o CASA inicia entrega da nova Identidade Funcional - SITSESP","isPartOf":{"@id":"https:\/\/www.sitsesp.org.br\/novo\/#website"},"primaryImageOfPage":{"@id":"https:\/\/www.sitsesp.org.br\/novo\/apos-articulacao-do-sitsesp-fundacao-casa-inicia-entrega-da-nova-identidade-funcional\/#primaryimage"},"image":{"@id":"https:\/\/www.sitsesp.org.br\/novo\/apos-articulacao-do-sitsesp-fundacao-casa-inicia-entrega-da-nova-identidade-funcional\/#primaryimage"},"thumbnailUrl":"https:\/\/www.sitsesp.org.br\/novo\/wp-content\/uploads\/2026\/02\/WhatsApp-Image-2026-02-20-at-18.42.22-2.jpeg","datePublished":"2026-02-20T21:49:29+00:00","dateModified":"2026-02-20T21:49:29+00:00","breadcrumb":{"@id":"https:\/\/www.sitsesp.org.br\/novo\/apos-articulacao-do-sitsesp-fundacao-casa-inicia-entrega-da-nova-identidade-funcional\/#breadcrumb"},"inLanguage":"pt-BR","potentialAction":[{"@type":"ReadAction","target":["https:\/\/www.sitsesp.org.br\/novo\/apos-articulacao-do-sitsesp-fundacao-casa-inicia-entrega-da-nova-identidade-funcional\/"]}]},{"@type":"ImageObject","inLanguage":"pt-BR","@id":"https:\/\/www.sitsesp.org.br\/novo\/apos-articulacao-do-sitsesp-fundacao-casa-inicia-entrega-da-nova-identidade-funcional\/#primaryimage","url":"https:\/\/www.sitsesp.org.br\/novo\/wp-content\/uploads\/2026\/02\/WhatsApp-Image-2026-02-20-at-18.42.22-2.jpeg","contentUrl":"https:\/\/www.sitsesp.org.br\/novo\/wp-content\/uploads\/2026\/02\/WhatsApp-Image-2026-02-20-at-18.42.22-2.jpeg","width":1600,"height":1066},{"@type":"BreadcrumbList","@id":"https:\/\/www.sitsesp.org.br\/novo\/apos-articulacao-do-sitsesp-fundacao-casa-inicia-entrega-da-nova-identidade-funcional\/#breadcrumb","itemListElement":[{"@type":"ListItem","position":1,"name":"In\u00edcio","item":"https:\/\/www.sitsesp.org.br\/novo\/"},{"@type":"ListItem","position":2,"name":"Ap\u00f3s articula\u00e7\u00e3o do SITSESP, Funda\u00e7\u00e3o CASA inicia entrega da nova Identidade Funcional"}]},{"@type":"WebSite","@id":"https:\/\/www.sitsesp.org.br\/novo\/#website","url":"https:\/\/www.sitsesp.org.br\/novo\/","name":"Sitsesp","description":"SIndicato da Socioeduca\u00e7\u00e3o do Estado de S\u00e3o Paulo","publisher":{"@id":"https:\/\/www.sitsesp.org.br\/novo\/#organization"},"potentialAction":[{"@type":"SearchAction","target":{"@type":"EntryPoint","urlTemplate":"https:\/\/www.sitsesp.org.br\/novo\/?s={search_term_string}"},"query-input":"required name=search_term_string"}],"inLanguage":"pt-BR"},{"@type":"Organization","@id":"https:\/\/www.sitsesp.org.br\/novo\/#organization","name":"Sitsesp","url":"https:\/\/www.sitsesp.org.br\/novo\/","logo":{"@type":"ImageObject","inLanguage":"pt-BR","@id":"https:\/\/www.sitsesp.org.br\/novo\/#\/schema\/logo\/image\/","url":"https:\/\/www.sitsesp.org.br\/novo\/wp-content\/uploads\/2020\/09\/Design-sem-nome-1.jpg","contentUrl":"https:\/\/www.sitsesp.org.br\/novo\/wp-content\/uploads\/2020\/09\/Design-sem-nome-1.jpg","width":300,"height":300,"caption":"Sitsesp"},"image":{"@id":"https:\/\/www.sitsesp.org.br\/novo\/#\/schema\/logo\/image\/"}},{"@type":"Person","@id":"https:\/\/www.sitsesp.org.br\/novo\/#\/schema\/person\/2a4c180eb185645b3bef8657c75e305a","name":"mhais","image":{"@type":"ImageObject","inLanguage":"pt-BR","@id":"https:\/\/www.sitsesp.org.br\/novo\/#\/schema\/person\/image\/","url":"https:\/\/secure.gravatar.com\/avatar\/6f4eabe86990e81328cf702edfa92a60?s=96&d=mm&r=g","contentUrl":"https:\/\/secure.gravatar.com\/avatar\/6f4eabe86990e81328cf702edfa92a60?s=96&d=mm&r=g","caption":"mhais"},"sameAs":["http:\/\/localhost\/sitsesp"]}]}},"_links":{"self":[{"href":"https:\/\/www.sitsesp.org.br\/novo\/wp-json\/wp\/v2\/posts\/17118"}],"collection":[{"href":"https:\/\/www.sitsesp.org.br\/novo\/wp-json\/wp\/v2\/posts"}],"about":[{"href":"https:\/\/www.sitsesp.org.br\/novo\/wp-json\/wp\/v2\/types\/post"}],"author":[{"embeddable":true,"href":"https:\/\/www.sitsesp.org.br\/novo\/wp-json\/wp\/v2\/users\/1"}],"replies":[{"embeddable":true,"href":"https:\/\/www.sitsesp.org.br\/novo\/wp-json\/wp\/v2\/comments?post=17118"}],"version-history":[{"count":1,"href":"https:\/\/www.sitsesp.org.br\/novo\/wp-json\/wp\/v2\/posts\/17118\/revisions"}],"predecessor-version":[{"id":17122,"href":"https:\/\/www.sitsesp.org.br\/novo\/wp-json\/wp\/v2\/posts\/17118\/revisions\/17122"}],"wp:featuredmedia":[{"embeddable":true,"href":"https:\/\/www.sitsesp.org.br\/novo\/wp-json\/wp\/v2\/media\/17119"}],"wp:attachment":[{"href":"https:\/\/www.sitsesp.org.br\/novo\/wp-json\/wp\/v2\/media?parent=17118"}],"wp:term":[{"taxonomy":"category","embeddable":true,"href":"https:\/\/www.sitsesp.org.br\/novo\/wp-json\/wp\/v2\/categories?post=17118"},{"taxonomy":"post_tag","embeddable":true,"href":"https:\/\/www.sitsesp.org.br\/novo\/wp-json\/wp\/v2\/tags?post=17118"}],"curies":[{"name":"wp","href":"https:\/\/api.w.org\/{rel}","templated":true}]}}