{"id":17170,"date":"2026-03-05T17:43:02","date_gmt":"2026-03-05T20:43:02","guid":{"rendered":"https:\/\/www.sitsesp.org.br\/novo\/?p=17170"},"modified":"2026-03-05T17:43:02","modified_gmt":"2026-03-05T20:43:02","slug":"sitsesp-acompanha-em-brasilia-tramitacao-da-pec-18-e-defende-fortalecimento-do-sistema-socioeducativo","status":"publish","type":"post","link":"https:\/\/www.sitsesp.org.br\/novo\/sitsesp-acompanha-em-brasilia-tramitacao-da-pec-18-e-defende-fortalecimento-do-sistema-socioeducativo\/","title":{"rendered":"SITSESP acompanha em Bras\u00edlia tramita\u00e7\u00e3o da PEC 18 e defende fortalecimento do sistema socioeducativo"},"content":{"rendered":"<p><!-- VideographyWP Plugin Message: Automatic video embedding prevented by plugin options. --><\/p>\n<p style=\"text-align: justify;\">O SITSESP est\u00e1 em Bras\u00edlia acompanhando e defendendo pautas fundamentais para a categoria. Representando a voz dos servidores e servidoras da socioeduca\u00e7\u00e3o, os diretores Waldir Teixeira, Luis Vagner, Joel de Sena e Jos\u00e9 de Souza participam das articula\u00e7\u00f5es em apoio \u00e0 aprova\u00e7\u00e3o da PEC 18\/2025.<\/p>\n<p style=\"text-align: justify;\">A presen\u00e7a do sindicato na capital federal refor\u00e7a o compromisso com a defesa dos direitos da categoria, a valoriza\u00e7\u00e3o profissional e o fortalecimento das pol\u00edticas p\u00fablicas voltadas ao sistema socioeducativo.<\/p>\n<p style=\"text-align: justify;\">A mobiliza\u00e7\u00e3o do SITSESP tamb\u00e9m tem como objetivo assegurar que o sistema socioeducativo seja devidamente considerado no novo arranjo institucional da seguran\u00e7a p\u00fablica previsto na PEC, garantindo reconhecimento \u00e0s especificidades do setor e o fortalecimento das pol\u00edticas voltadas \u00e0 socioeduca\u00e7\u00e3o.<\/p>\n<p style=\"text-align: justify;\">A C\u00e2mara dos Deputados aprovou e vai encaminhar ao Senado a PEC da Seguran\u00e7a P\u00fablica (PEC 18\/2025), cujo objetivo \u00e9 promover a integra\u00e7\u00e3o dos \u00f3rg\u00e3os de seguran\u00e7a e garantir mais recursos para o setor.<\/p>\n<p style=\"text-align: justify;\">Enviada ao Congresso pelo governo Lula ainda em abril de 2025, a proposta ficou por quase um ano em discuss\u00e3o na C\u00e2mara e foi aprovada com altera\u00e7\u00f5es no texto original. Agora, como toda PEC, precisar\u00e1 passar por dois turnos de vota\u00e7\u00e3o no Senado.<\/p>\n<p style=\"text-align: justify;\">Entre os principais pontos do texto aprovado pelos deputados est\u00e3o mudan\u00e7as na estrutura e nas compet\u00eancias de \u00f3rg\u00e3os de seguran\u00e7a, regras mais r\u00edgidas para o enfrentamento ao crime organizado e novos mecanismos de financiamento para a \u00e1rea. O substitutivo apresentado pelo relator na C\u00e2mara, deputado Mendon\u00e7a Filho (Uni\u00e3o-PE), tamb\u00e9m ajustou trechos da proposta original para acomodar demandas de estados e munic\u00edpios.<\/p>\n<p style=\"text-align: justify;\">Na avalia\u00e7\u00e3o inicial dos senadores, \u00e9 preciso estudar todas as mudan\u00e7as promovidas pelos deputados, compreender como ser\u00e1 a tramita\u00e7\u00e3o e analisar poss\u00edveis pontos de melhoria, como afirmou o senador S\u00e9rgio Moro (Uni\u00e3o-PR) \u00e0 Ag\u00eancia Senado.<\/p>\n<p style=\"text-align: justify;\">\u2014 Vou examinar o texto com aten\u00e7\u00e3o, assim como far\u00e3o outros senadores. O texto da PEC da seguran\u00e7a aprovado pela C\u00e2mara \u00e9 melhor do que o original, mas ainda pode ser aprimorado.<\/p>\n<p style=\"text-align: justify;\">O l\u00edder do governo no Congresso, senador Randolfe Rodrigues (PT-AP), elogiou o texto final aprovado pelos deputados. Ele afirmou que o resultado atende a um princ\u00edpio defendido pelo Executivo federal: a integra\u00e7\u00e3o das for\u00e7as de seguran\u00e7a, al\u00e9m do compartilhamento de informa\u00e7\u00f5es e responsabilidades entre \u00f3rg\u00e3os e institui\u00e7\u00f5es federais, estaduais e municipais, delimitando a coordena\u00e7\u00e3o que compete ao governo federal.<\/p>\n<p style=\"text-align: justify;\">\u2014 A proposta cria um sistema \u00fanico de seguran\u00e7a p\u00fablica [&#8230;], mas d\u00e1 ao governo federal o papel de coordena\u00e7\u00e3o das a\u00e7\u00f5es de seguran\u00e7a p\u00fablica. Em 1988, o crime n\u00e3o era transnacional como hoje \u00e9. As organiza\u00e7\u00f5es criminosas e fac\u00e7\u00f5es n\u00e3o tinham a dimens\u00e3o que t\u00eam hoje [\u2026]. Por isso, a seguran\u00e7a p\u00fablica precisa ser uma agenda nacional, com compartilhamento de responsabilidades da Uni\u00e3o. Esse princ\u00edpio foi atendido e esperamos apreciar a PEC no Senado quanto antes.<\/p>\n<p style=\"text-align: justify;\">Integra\u00e7\u00e3o<\/p>\n<p style=\"text-align: justify;\">Um dos eixos da proposta \u00e9 fortalecer a integra\u00e7\u00e3o entre as for\u00e7as de seguran\u00e7a p\u00fablica. O texto aprovado mant\u00e9m a previs\u00e3o de consolidar na Constitui\u00e7\u00e3o diretrizes do Sistema \u00danico de Seguran\u00e7a P\u00fablica (Susp), com foco no compartilhamento de informa\u00e7\u00f5es, na padroniza\u00e7\u00e3o de procedimentos e na atua\u00e7\u00e3o coordenada entre Uni\u00e3o, estados e munic\u00edpios.<\/p>\n<p style=\"text-align: justify;\">A proposta tamb\u00e9m prev\u00ea o aprimoramento de instrumentos de coopera\u00e7\u00e3o entre as for\u00e7as policiais e amplia a possibilidade de atua\u00e7\u00e3o conjunta em opera\u00e7\u00f5es contra organiza\u00e7\u00f5es criminosas.<\/p>\n<p style=\"text-align: justify;\">For\u00e7as federais<\/p>\n<p style=\"text-align: justify;\">O texto aprovado pela C\u00e2mara tamb\u00e9m alterou pontos da proposta do governo relacionados \u00e0s atribui\u00e7\u00f5es de \u00f3rg\u00e3os federais de seguran\u00e7a.<\/p>\n<p style=\"text-align: justify;\">Entre as mudan\u00e7as est\u00e1 a manuten\u00e7\u00e3o da denomina\u00e7\u00e3o Pol\u00edcia Rodovi\u00e1ria Federal (PRF). O governo previa alterar para Pol\u00edcia Vi\u00e1ria Federal. O texto da C\u00e2mara mant\u00e9m a PRF com o mesmo nome, mas amplia suas atribui\u00e7\u00f5es para policiamento ostensivo tamb\u00e9m em ferrovias e hidrovias federais, al\u00e9m de hip\u00f3teses de atua\u00e7\u00e3o na prote\u00e7\u00e3o de bens e instala\u00e7\u00f5es federais e coopera\u00e7\u00e3o com estados.<\/p>\n<p style=\"text-align: justify;\">A proposta tamb\u00e9m refor\u00e7a o papel da Pol\u00edcia Federal no combate a organiza\u00e7\u00f5es criminosas com atua\u00e7\u00e3o interestadual ou internacional, al\u00e9m de ampliar a possibilidade de investiga\u00e7\u00e3o de crimes ambientais e outros delitos de grande impacto.<\/p>\n<p style=\"text-align: justify;\">Pol\u00edcia penal<\/p>\n<p style=\"text-align: justify;\">Quanto \u00e0 pol\u00edcia penal, o texto do relator especifica que todas elas \u2014 federal, estaduais e distrital \u2014 s\u00e3o \u00f3rg\u00e3os de natureza civil, estruturados em carreira e vinculados ao \u00f3rg\u00e3o administrador do sistema penal do respectivo ente federativo.<\/p>\n<p style=\"text-align: justify;\">As pol\u00edcias penais ter\u00e3o atribui\u00e7\u00e3o de cust\u00f3dia, ordem, disciplina e seguran\u00e7a dos estabelecimentos penais da jurisdi\u00e7\u00e3o.<\/p>\n<p style=\"text-align: justify;\">Ainda sobre o sistema penitenci\u00e1rio, a PEC aprovada cria o Sistema de Pol\u00edticas Penais, definido como o conjunto de \u00f3rg\u00e3os, institui\u00e7\u00f5es e pol\u00edticas p\u00fablicas destinadas \u00e0 cust\u00f3dia, ordem e disciplina, correi\u00e7\u00e3o, reeduca\u00e7\u00e3o e integra\u00e7\u00e3o social das pessoas apenadas.<\/p>\n<p style=\"text-align: justify;\">O Poder Executivo de cada ente federativo dever\u00e1:<\/p>\n<p style=\"text-align: justify;\">Alocar e transferir presos por crit\u00e9rios t\u00e9cnicos e legais;<\/p>\n<p style=\"text-align: justify;\">Exercer fun\u00e7\u00f5es de pol\u00edcia administrativa no \u00e2mbito do sistema de execu\u00e7\u00e3o penal;<\/p>\n<p style=\"text-align: justify;\">Executar o regime disciplinar interno e aplicar san\u00e7\u00f5es administrativas;<\/p>\n<p style=\"text-align: justify;\">Organizar visitas e atendimento jur\u00eddico e escolar;<\/p>\n<p style=\"text-align: justify;\">Operar tecnologias de seguran\u00e7a.<\/p>\n<p style=\"text-align: justify;\">A seguran\u00e7a e a gest\u00e3o de unidades socioeducativas ficar\u00e3o a cargo dos \u00f3rg\u00e3os estaduais do sistema socioeducativo.<\/p>\n<p style=\"text-align: justify;\">Guardas municipais<\/p>\n<p style=\"text-align: justify;\">Outro ponto inclu\u00eddo no texto aprovado pelos deputados trata da atua\u00e7\u00e3o das guardas municipais. A proposta abre espa\u00e7o para que essas corpora\u00e7\u00f5es possam exercer fun\u00e7\u00f5es de policiamento comunit\u00e1rio, desde que observadas regras gerais definidas em lei e mantido o controle externo do Minist\u00e9rio P\u00fablico.<\/p>\n<p style=\"text-align: justify;\">A medida busca ampliar a participa\u00e7\u00e3o dos munic\u00edpios nas pol\u00edticas de seguran\u00e7a p\u00fablica, preservando as compet\u00eancias constitucionais das pol\u00edcias estaduais.<\/p>\n<p style=\"text-align: justify;\">Combate ao crime organizado<\/p>\n<p style=\"text-align: justify;\">A PEC tamb\u00e9m prev\u00ea medidas mais rigorosas para o enfrentamento de organiza\u00e7\u00f5es criminosas, mil\u00edcias e grupos paramilitares. A proposta estabelece bases constitucionais para a ado\u00e7\u00e3o de regras mais duras em legisla\u00e7\u00e3o infraconstitucional, incluindo restri\u00e7\u00f5es a benef\u00edcios penais e mecanismos voltados \u00e0 desarticula\u00e7\u00e3o financeira dessas organiza\u00e7\u00f5es.<\/p>\n<p style=\"text-align: justify;\">Entre elas est\u00e3o refer\u00eancias \u00e0 restri\u00e7\u00e3o ou veda\u00e7\u00e3o de progress\u00e3o, suspens\u00e3o de benef\u00edcios, Regime Disciplinar Diferenciado (RDD) e mecanismos patrimoniais, como o confisco ampliado.<\/p>\n<p style=\"text-align: justify;\">Conselho Nacional de Justi\u00e7a<\/p>\n<p style=\"text-align: justify;\">Em rela\u00e7\u00e3o ao Conselho Nacional de Justi\u00e7a (CNJ) e ao Conselho Nacional do Minist\u00e9rio P\u00fablico (CNMP), o texto atribui compet\u00eancia ao Congresso Nacional para sustar atos desses conselhos que extrapolem o poder regulamentar ou os limites de delega\u00e7\u00e3o legislativa, mas apenas em mat\u00e9rias relacionadas \u00e0 seguran\u00e7a p\u00fablica, direito penal, direito processual penal e direito penitenci\u00e1rio.<\/p>\n<p style=\"text-align: justify;\">Financiamento da seguran\u00e7a<\/p>\n<p style=\"text-align: justify;\">A PEC tamb\u00e9m trata do financiamento das pol\u00edticas de seguran\u00e7a p\u00fablica. O texto aprovado prev\u00ea novas fontes de recursos para o Fundo Nacional de Seguran\u00e7a P\u00fablica (FNSP) e para o Fundo Penitenci\u00e1rio Nacional (Funpen), incluindo parte das receitas do setor de apostas e recursos do Fundo Social do pr\u00e9-sal.<\/p>\n<p style=\"text-align: justify;\">O objetivo \u00e9 garantir maior previsibilidade de recursos para investimentos em policiamento, intelig\u00eancia e sistema prisional.<\/p>\n<p style=\"text-align: justify;\">Entre as medidas previstas est\u00e3o:<\/p>\n<p style=\"text-align: justify;\">Bets: destina\u00e7\u00e3o gradual de at\u00e9 30% das receitas (entre 2026 e 2028) para FNSP e Funpen;<\/p>\n<p style=\"text-align: justify;\">Fundo Social do pr\u00e9-sal: 10% do super\u00e1vit financeiro anual destinado aos dois fundos;<\/p>\n<p style=\"text-align: justify;\">DRU: recursos do FNSP e do Funpen n\u00e3o poder\u00e3o ser atingidos pela Desvincula\u00e7\u00e3o de Receitas da Uni\u00e3o;<\/p>\n<p style=\"text-align: justify;\">Contingenciamento: veda\u00e7\u00e3o ao uso dos recursos como reserva de conting\u00eancia ou devolu\u00e7\u00e3o ao Tesouro ao final do exerc\u00edcio.<\/p>\n<p style=\"text-align: justify;\">Al\u00e9m disso, valores recuperados, apreendidos ou confiscados de atividades ilegais relacionadas \u00e0s apostas tamb\u00e9m poder\u00e3o ser destinados aos fundos de seguran\u00e7a p\u00fablica.<\/p>\n<p><img fetchpriority=\"high\" decoding=\"async\" class=\"alignnone size-full wp-image-17172\" src=\"https:\/\/www.sitsesp.org.br\/novo\/wp-content\/uploads\/2026\/03\/WhatsApp-Image-2026-03-04-at-12.19.29.jpeg\" alt=\"\" width=\"1600\" height=\"1199\" srcset=\"https:\/\/www.sitsesp.org.br\/novo\/wp-content\/uploads\/2026\/03\/WhatsApp-Image-2026-03-04-at-12.19.29.jpeg 1600w, https:\/\/www.sitsesp.org.br\/novo\/wp-content\/uploads\/2026\/03\/WhatsApp-Image-2026-03-04-at-12.19.29-300x225.jpeg 300w, https:\/\/www.sitsesp.org.br\/novo\/wp-content\/uploads\/2026\/03\/WhatsApp-Image-2026-03-04-at-12.19.29-1024x767.jpeg 1024w, https:\/\/www.sitsesp.org.br\/novo\/wp-content\/uploads\/2026\/03\/WhatsApp-Image-2026-03-04-at-12.19.29-768x576.jpeg 768w, https:\/\/www.sitsesp.org.br\/novo\/wp-content\/uploads\/2026\/03\/WhatsApp-Image-2026-03-04-at-12.19.29-1536x1151.jpeg 1536w, https:\/\/www.sitsesp.org.br\/novo\/wp-content\/uploads\/2026\/03\/WhatsApp-Image-2026-03-04-at-12.19.29-1170x877.jpeg 1170w, https:\/\/www.sitsesp.org.br\/novo\/wp-content\/uploads\/2026\/03\/WhatsApp-Image-2026-03-04-at-12.19.29-585x438.jpeg 585w\" sizes=\"(max-width: 1600px) 100vw, 1600px\" \/><\/p>\n<p><img decoding=\"async\" class=\"alignnone size-full wp-image-17173\" src=\"https:\/\/www.sitsesp.org.br\/novo\/wp-content\/uploads\/2026\/03\/WhatsApp-Image-2026-03-04-at-18.42.24.jpeg\" alt=\"\" width=\"1599\" height=\"1200\" srcset=\"https:\/\/www.sitsesp.org.br\/novo\/wp-content\/uploads\/2026\/03\/WhatsApp-Image-2026-03-04-at-18.42.24.jpeg 1599w, https:\/\/www.sitsesp.org.br\/novo\/wp-content\/uploads\/2026\/03\/WhatsApp-Image-2026-03-04-at-18.42.24-300x225.jpeg 300w, https:\/\/www.sitsesp.org.br\/novo\/wp-content\/uploads\/2026\/03\/WhatsApp-Image-2026-03-04-at-18.42.24-1024x768.jpeg 1024w, https:\/\/www.sitsesp.org.br\/novo\/wp-content\/uploads\/2026\/03\/WhatsApp-Image-2026-03-04-at-18.42.24-768x576.jpeg 768w, https:\/\/www.sitsesp.org.br\/novo\/wp-content\/uploads\/2026\/03\/WhatsApp-Image-2026-03-04-at-18.42.24-1536x1153.jpeg 1536w, https:\/\/www.sitsesp.org.br\/novo\/wp-content\/uploads\/2026\/03\/WhatsApp-Image-2026-03-04-at-18.42.24-1170x878.jpeg 1170w, https:\/\/www.sitsesp.org.br\/novo\/wp-content\/uploads\/2026\/03\/WhatsApp-Image-2026-03-04-at-18.42.24-585x439.jpeg 585w\" sizes=\"(max-width: 1599px) 100vw, 1599px\" \/><\/p>\n","protected":false},"excerpt":{"rendered":"<p>O SITSESP est\u00e1 em Bras\u00edlia acompanhando e defendendo pautas fundamentais para a categoria. Representando a voz dos servidores e servidoras da&hellip;<\/p>\n","protected":false},"author":1,"featured_media":17171,"comment_status":"open","ping_status":"open","sticky":false,"template":"","format":"standard","meta":{"cybocfi_hide_featured_image":"","footnotes":""},"categories":[27],"tags":[],"yoast_head":"<!-- This site is optimized with the Yoast SEO plugin v22.8 - https:\/\/yoast.com\/wordpress\/plugins\/seo\/ -->\n<title>SITSESP acompanha em Bras\u00edlia tramita\u00e7\u00e3o da PEC 18 e defende fortalecimento do sistema socioeducativo - SITSESP<\/title>\n<meta name=\"robots\" content=\"index, follow, max-snippet:-1, max-image-preview:large, max-video-preview:-1\" \/>\n<link rel=\"canonical\" href=\"https:\/\/www.sitsesp.org.br\/novo\/sitsesp-acompanha-em-brasilia-tramitacao-da-pec-18-e-defende-fortalecimento-do-sistema-socioeducativo\/\" \/>\n<meta property=\"og:locale\" content=\"pt_BR\" \/>\n<meta property=\"og:type\" content=\"article\" \/>\n<meta property=\"og:title\" content=\"SITSESP acompanha em Bras\u00edlia tramita\u00e7\u00e3o da PEC 18 e defende fortalecimento do sistema socioeducativo - SITSESP\" \/>\n<meta property=\"og:description\" content=\"O SITSESP est\u00e1 em Bras\u00edlia acompanhando e defendendo pautas fundamentais para a categoria. Representando a voz dos servidores e servidoras da&hellip;\" \/>\n<meta property=\"og:url\" content=\"https:\/\/www.sitsesp.org.br\/novo\/sitsesp-acompanha-em-brasilia-tramitacao-da-pec-18-e-defende-fortalecimento-do-sistema-socioeducativo\/\" \/>\n<meta property=\"og:site_name\" content=\"SITSESP\" \/>\n<meta property=\"article:published_time\" content=\"2026-03-05T20:43:02+00:00\" \/>\n<meta property=\"og:image\" content=\"https:\/\/www.sitsesp.org.br\/novo\/wp-content\/uploads\/2026\/03\/WhatsApp-Image-2026-03-04-at-12.19.28.jpeg\" \/>\n\t<meta property=\"og:image:width\" content=\"1600\" \/>\n\t<meta property=\"og:image:height\" content=\"1199\" \/>\n\t<meta property=\"og:image:type\" content=\"image\/jpeg\" \/>\n<meta name=\"author\" content=\"mhais\" \/>\n<meta name=\"twitter:card\" content=\"summary_large_image\" \/>\n<meta name=\"twitter:label1\" content=\"Escrito por\" \/>\n\t<meta name=\"twitter:data1\" content=\"mhais\" \/>\n\t<meta name=\"twitter:label2\" content=\"Est. tempo de leitura\" \/>\n\t<meta name=\"twitter:data2\" content=\"8 minutos\" \/>\n<script type=\"application\/ld+json\" class=\"yoast-schema-graph\">{\"@context\":\"https:\/\/schema.org\",\"@graph\":[{\"@type\":\"Article\",\"@id\":\"https:\/\/www.sitsesp.org.br\/novo\/sitsesp-acompanha-em-brasilia-tramitacao-da-pec-18-e-defende-fortalecimento-do-sistema-socioeducativo\/#article\",\"isPartOf\":{\"@id\":\"https:\/\/www.sitsesp.org.br\/novo\/sitsesp-acompanha-em-brasilia-tramitacao-da-pec-18-e-defende-fortalecimento-do-sistema-socioeducativo\/\"},\"author\":{\"name\":\"mhais\",\"@id\":\"https:\/\/www.sitsesp.org.br\/novo\/#\/schema\/person\/2a4c180eb185645b3bef8657c75e305a\"},\"headline\":\"SITSESP acompanha em Bras\u00edlia tramita\u00e7\u00e3o da PEC 18 e defende fortalecimento do sistema socioeducativo\",\"datePublished\":\"2026-03-05T20:43:02+00:00\",\"dateModified\":\"2026-03-05T20:43:02+00:00\",\"mainEntityOfPage\":{\"@id\":\"https:\/\/www.sitsesp.org.br\/novo\/sitsesp-acompanha-em-brasilia-tramitacao-da-pec-18-e-defende-fortalecimento-do-sistema-socioeducativo\/\"},\"wordCount\":1382,\"commentCount\":0,\"publisher\":{\"@id\":\"https:\/\/www.sitsesp.org.br\/novo\/#organization\"},\"image\":{\"@id\":\"https:\/\/www.sitsesp.org.br\/novo\/sitsesp-acompanha-em-brasilia-tramitacao-da-pec-18-e-defende-fortalecimento-do-sistema-socioeducativo\/#primaryimage\"},\"thumbnailUrl\":\"https:\/\/www.sitsesp.org.br\/novo\/wp-content\/uploads\/2026\/03\/WhatsApp-Image-2026-03-04-at-12.19.28.jpeg\",\"articleSection\":[\"Destaque\"],\"inLanguage\":\"pt-BR\",\"potentialAction\":[{\"@type\":\"CommentAction\",\"name\":\"Comment\",\"target\":[\"https:\/\/www.sitsesp.org.br\/novo\/sitsesp-acompanha-em-brasilia-tramitacao-da-pec-18-e-defende-fortalecimento-do-sistema-socioeducativo\/#respond\"]}]},{\"@type\":\"WebPage\",\"@id\":\"https:\/\/www.sitsesp.org.br\/novo\/sitsesp-acompanha-em-brasilia-tramitacao-da-pec-18-e-defende-fortalecimento-do-sistema-socioeducativo\/\",\"url\":\"https:\/\/www.sitsesp.org.br\/novo\/sitsesp-acompanha-em-brasilia-tramitacao-da-pec-18-e-defende-fortalecimento-do-sistema-socioeducativo\/\",\"name\":\"SITSESP acompanha em Bras\u00edlia tramita\u00e7\u00e3o da PEC 18 e defende fortalecimento do sistema socioeducativo - SITSESP\",\"isPartOf\":{\"@id\":\"https:\/\/www.sitsesp.org.br\/novo\/#website\"},\"primaryImageOfPage\":{\"@id\":\"https:\/\/www.sitsesp.org.br\/novo\/sitsesp-acompanha-em-brasilia-tramitacao-da-pec-18-e-defende-fortalecimento-do-sistema-socioeducativo\/#primaryimage\"},\"image\":{\"@id\":\"https:\/\/www.sitsesp.org.br\/novo\/sitsesp-acompanha-em-brasilia-tramitacao-da-pec-18-e-defende-fortalecimento-do-sistema-socioeducativo\/#primaryimage\"},\"thumbnailUrl\":\"https:\/\/www.sitsesp.org.br\/novo\/wp-content\/uploads\/2026\/03\/WhatsApp-Image-2026-03-04-at-12.19.28.jpeg\",\"datePublished\":\"2026-03-05T20:43:02+00:00\",\"dateModified\":\"2026-03-05T20:43:02+00:00\",\"breadcrumb\":{\"@id\":\"https:\/\/www.sitsesp.org.br\/novo\/sitsesp-acompanha-em-brasilia-tramitacao-da-pec-18-e-defende-fortalecimento-do-sistema-socioeducativo\/#breadcrumb\"},\"inLanguage\":\"pt-BR\",\"potentialAction\":[{\"@type\":\"ReadAction\",\"target\":[\"https:\/\/www.sitsesp.org.br\/novo\/sitsesp-acompanha-em-brasilia-tramitacao-da-pec-18-e-defende-fortalecimento-do-sistema-socioeducativo\/\"]}]},{\"@type\":\"ImageObject\",\"inLanguage\":\"pt-BR\",\"@id\":\"https:\/\/www.sitsesp.org.br\/novo\/sitsesp-acompanha-em-brasilia-tramitacao-da-pec-18-e-defende-fortalecimento-do-sistema-socioeducativo\/#primaryimage\",\"url\":\"https:\/\/www.sitsesp.org.br\/novo\/wp-content\/uploads\/2026\/03\/WhatsApp-Image-2026-03-04-at-12.19.28.jpeg\",\"contentUrl\":\"https:\/\/www.sitsesp.org.br\/novo\/wp-content\/uploads\/2026\/03\/WhatsApp-Image-2026-03-04-at-12.19.28.jpeg\",\"width\":1600,\"height\":1199},{\"@type\":\"BreadcrumbList\",\"@id\":\"https:\/\/www.sitsesp.org.br\/novo\/sitsesp-acompanha-em-brasilia-tramitacao-da-pec-18-e-defende-fortalecimento-do-sistema-socioeducativo\/#breadcrumb\",\"itemListElement\":[{\"@type\":\"ListItem\",\"position\":1,\"name\":\"In\u00edcio\",\"item\":\"https:\/\/www.sitsesp.org.br\/novo\/\"},{\"@type\":\"ListItem\",\"position\":2,\"name\":\"SITSESP acompanha em Bras\u00edlia tramita\u00e7\u00e3o da PEC 18 e defende fortalecimento do sistema socioeducativo\"}]},{\"@type\":\"WebSite\",\"@id\":\"https:\/\/www.sitsesp.org.br\/novo\/#website\",\"url\":\"https:\/\/www.sitsesp.org.br\/novo\/\",\"name\":\"Sitsesp\",\"description\":\"SIndicato da Socioeduca\u00e7\u00e3o do Estado de S\u00e3o Paulo\",\"publisher\":{\"@id\":\"https:\/\/www.sitsesp.org.br\/novo\/#organization\"},\"potentialAction\":[{\"@type\":\"SearchAction\",\"target\":{\"@type\":\"EntryPoint\",\"urlTemplate\":\"https:\/\/www.sitsesp.org.br\/novo\/?s={search_term_string}\"},\"query-input\":\"required name=search_term_string\"}],\"inLanguage\":\"pt-BR\"},{\"@type\":\"Organization\",\"@id\":\"https:\/\/www.sitsesp.org.br\/novo\/#organization\",\"name\":\"Sitsesp\",\"url\":\"https:\/\/www.sitsesp.org.br\/novo\/\",\"logo\":{\"@type\":\"ImageObject\",\"inLanguage\":\"pt-BR\",\"@id\":\"https:\/\/www.sitsesp.org.br\/novo\/#\/schema\/logo\/image\/\",\"url\":\"https:\/\/www.sitsesp.org.br\/novo\/wp-content\/uploads\/2020\/09\/Design-sem-nome-1.jpg\",\"contentUrl\":\"https:\/\/www.sitsesp.org.br\/novo\/wp-content\/uploads\/2020\/09\/Design-sem-nome-1.jpg\",\"width\":300,\"height\":300,\"caption\":\"Sitsesp\"},\"image\":{\"@id\":\"https:\/\/www.sitsesp.org.br\/novo\/#\/schema\/logo\/image\/\"}},{\"@type\":\"Person\",\"@id\":\"https:\/\/www.sitsesp.org.br\/novo\/#\/schema\/person\/2a4c180eb185645b3bef8657c75e305a\",\"name\":\"mhais\",\"image\":{\"@type\":\"ImageObject\",\"inLanguage\":\"pt-BR\",\"@id\":\"https:\/\/www.sitsesp.org.br\/novo\/#\/schema\/person\/image\/\",\"url\":\"https:\/\/secure.gravatar.com\/avatar\/6f4eabe86990e81328cf702edfa92a60?s=96&d=mm&r=g\",\"contentUrl\":\"https:\/\/secure.gravatar.com\/avatar\/6f4eabe86990e81328cf702edfa92a60?s=96&d=mm&r=g\",\"caption\":\"mhais\"},\"sameAs\":[\"http:\/\/localhost\/sitsesp\"]}]}<\/script>\n<!-- \/ Yoast SEO plugin. -->","yoast_head_json":{"title":"SITSESP acompanha em Bras\u00edlia tramita\u00e7\u00e3o da PEC 18 e defende fortalecimento do sistema socioeducativo - SITSESP","robots":{"index":"index","follow":"follow","max-snippet":"max-snippet:-1","max-image-preview":"max-image-preview:large","max-video-preview":"max-video-preview:-1"},"canonical":"https:\/\/www.sitsesp.org.br\/novo\/sitsesp-acompanha-em-brasilia-tramitacao-da-pec-18-e-defende-fortalecimento-do-sistema-socioeducativo\/","og_locale":"pt_BR","og_type":"article","og_title":"SITSESP acompanha em Bras\u00edlia tramita\u00e7\u00e3o da PEC 18 e defende fortalecimento do sistema socioeducativo - SITSESP","og_description":"O SITSESP est\u00e1 em Bras\u00edlia acompanhando e defendendo pautas fundamentais para a categoria. Representando a voz dos servidores e servidoras da&hellip;","og_url":"https:\/\/www.sitsesp.org.br\/novo\/sitsesp-acompanha-em-brasilia-tramitacao-da-pec-18-e-defende-fortalecimento-do-sistema-socioeducativo\/","og_site_name":"SITSESP","article_published_time":"2026-03-05T20:43:02+00:00","og_image":[{"width":1600,"height":1199,"url":"https:\/\/www.sitsesp.org.br\/novo\/wp-content\/uploads\/2026\/03\/WhatsApp-Image-2026-03-04-at-12.19.28.jpeg","type":"image\/jpeg"}],"author":"mhais","twitter_card":"summary_large_image","twitter_misc":{"Escrito por":"mhais","Est. tempo de leitura":"8 minutos"},"schema":{"@context":"https:\/\/schema.org","@graph":[{"@type":"Article","@id":"https:\/\/www.sitsesp.org.br\/novo\/sitsesp-acompanha-em-brasilia-tramitacao-da-pec-18-e-defende-fortalecimento-do-sistema-socioeducativo\/#article","isPartOf":{"@id":"https:\/\/www.sitsesp.org.br\/novo\/sitsesp-acompanha-em-brasilia-tramitacao-da-pec-18-e-defende-fortalecimento-do-sistema-socioeducativo\/"},"author":{"name":"mhais","@id":"https:\/\/www.sitsesp.org.br\/novo\/#\/schema\/person\/2a4c180eb185645b3bef8657c75e305a"},"headline":"SITSESP acompanha em Bras\u00edlia tramita\u00e7\u00e3o da PEC 18 e defende fortalecimento do sistema socioeducativo","datePublished":"2026-03-05T20:43:02+00:00","dateModified":"2026-03-05T20:43:02+00:00","mainEntityOfPage":{"@id":"https:\/\/www.sitsesp.org.br\/novo\/sitsesp-acompanha-em-brasilia-tramitacao-da-pec-18-e-defende-fortalecimento-do-sistema-socioeducativo\/"},"wordCount":1382,"commentCount":0,"publisher":{"@id":"https:\/\/www.sitsesp.org.br\/novo\/#organization"},"image":{"@id":"https:\/\/www.sitsesp.org.br\/novo\/sitsesp-acompanha-em-brasilia-tramitacao-da-pec-18-e-defende-fortalecimento-do-sistema-socioeducativo\/#primaryimage"},"thumbnailUrl":"https:\/\/www.sitsesp.org.br\/novo\/wp-content\/uploads\/2026\/03\/WhatsApp-Image-2026-03-04-at-12.19.28.jpeg","articleSection":["Destaque"],"inLanguage":"pt-BR","potentialAction":[{"@type":"CommentAction","name":"Comment","target":["https:\/\/www.sitsesp.org.br\/novo\/sitsesp-acompanha-em-brasilia-tramitacao-da-pec-18-e-defende-fortalecimento-do-sistema-socioeducativo\/#respond"]}]},{"@type":"WebPage","@id":"https:\/\/www.sitsesp.org.br\/novo\/sitsesp-acompanha-em-brasilia-tramitacao-da-pec-18-e-defende-fortalecimento-do-sistema-socioeducativo\/","url":"https:\/\/www.sitsesp.org.br\/novo\/sitsesp-acompanha-em-brasilia-tramitacao-da-pec-18-e-defende-fortalecimento-do-sistema-socioeducativo\/","name":"SITSESP acompanha em Bras\u00edlia tramita\u00e7\u00e3o da PEC 18 e defende fortalecimento do sistema socioeducativo - SITSESP","isPartOf":{"@id":"https:\/\/www.sitsesp.org.br\/novo\/#website"},"primaryImageOfPage":{"@id":"https:\/\/www.sitsesp.org.br\/novo\/sitsesp-acompanha-em-brasilia-tramitacao-da-pec-18-e-defende-fortalecimento-do-sistema-socioeducativo\/#primaryimage"},"image":{"@id":"https:\/\/www.sitsesp.org.br\/novo\/sitsesp-acompanha-em-brasilia-tramitacao-da-pec-18-e-defende-fortalecimento-do-sistema-socioeducativo\/#primaryimage"},"thumbnailUrl":"https:\/\/www.sitsesp.org.br\/novo\/wp-content\/uploads\/2026\/03\/WhatsApp-Image-2026-03-04-at-12.19.28.jpeg","datePublished":"2026-03-05T20:43:02+00:00","dateModified":"2026-03-05T20:43:02+00:00","breadcrumb":{"@id":"https:\/\/www.sitsesp.org.br\/novo\/sitsesp-acompanha-em-brasilia-tramitacao-da-pec-18-e-defende-fortalecimento-do-sistema-socioeducativo\/#breadcrumb"},"inLanguage":"pt-BR","potentialAction":[{"@type":"ReadAction","target":["https:\/\/www.sitsesp.org.br\/novo\/sitsesp-acompanha-em-brasilia-tramitacao-da-pec-18-e-defende-fortalecimento-do-sistema-socioeducativo\/"]}]},{"@type":"ImageObject","inLanguage":"pt-BR","@id":"https:\/\/www.sitsesp.org.br\/novo\/sitsesp-acompanha-em-brasilia-tramitacao-da-pec-18-e-defende-fortalecimento-do-sistema-socioeducativo\/#primaryimage","url":"https:\/\/www.sitsesp.org.br\/novo\/wp-content\/uploads\/2026\/03\/WhatsApp-Image-2026-03-04-at-12.19.28.jpeg","contentUrl":"https:\/\/www.sitsesp.org.br\/novo\/wp-content\/uploads\/2026\/03\/WhatsApp-Image-2026-03-04-at-12.19.28.jpeg","width":1600,"height":1199},{"@type":"BreadcrumbList","@id":"https:\/\/www.sitsesp.org.br\/novo\/sitsesp-acompanha-em-brasilia-tramitacao-da-pec-18-e-defende-fortalecimento-do-sistema-socioeducativo\/#breadcrumb","itemListElement":[{"@type":"ListItem","position":1,"name":"In\u00edcio","item":"https:\/\/www.sitsesp.org.br\/novo\/"},{"@type":"ListItem","position":2,"name":"SITSESP acompanha em Bras\u00edlia tramita\u00e7\u00e3o da PEC 18 e defende fortalecimento do sistema socioeducativo"}]},{"@type":"WebSite","@id":"https:\/\/www.sitsesp.org.br\/novo\/#website","url":"https:\/\/www.sitsesp.org.br\/novo\/","name":"Sitsesp","description":"SIndicato da Socioeduca\u00e7\u00e3o do Estado de S\u00e3o Paulo","publisher":{"@id":"https:\/\/www.sitsesp.org.br\/novo\/#organization"},"potentialAction":[{"@type":"SearchAction","target":{"@type":"EntryPoint","urlTemplate":"https:\/\/www.sitsesp.org.br\/novo\/?s={search_term_string}"},"query-input":"required name=search_term_string"}],"inLanguage":"pt-BR"},{"@type":"Organization","@id":"https:\/\/www.sitsesp.org.br\/novo\/#organization","name":"Sitsesp","url":"https:\/\/www.sitsesp.org.br\/novo\/","logo":{"@type":"ImageObject","inLanguage":"pt-BR","@id":"https:\/\/www.sitsesp.org.br\/novo\/#\/schema\/logo\/image\/","url":"https:\/\/www.sitsesp.org.br\/novo\/wp-content\/uploads\/2020\/09\/Design-sem-nome-1.jpg","contentUrl":"https:\/\/www.sitsesp.org.br\/novo\/wp-content\/uploads\/2020\/09\/Design-sem-nome-1.jpg","width":300,"height":300,"caption":"Sitsesp"},"image":{"@id":"https:\/\/www.sitsesp.org.br\/novo\/#\/schema\/logo\/image\/"}},{"@type":"Person","@id":"https:\/\/www.sitsesp.org.br\/novo\/#\/schema\/person\/2a4c180eb185645b3bef8657c75e305a","name":"mhais","image":{"@type":"ImageObject","inLanguage":"pt-BR","@id":"https:\/\/www.sitsesp.org.br\/novo\/#\/schema\/person\/image\/","url":"https:\/\/secure.gravatar.com\/avatar\/6f4eabe86990e81328cf702edfa92a60?s=96&d=mm&r=g","contentUrl":"https:\/\/secure.gravatar.com\/avatar\/6f4eabe86990e81328cf702edfa92a60?s=96&d=mm&r=g","caption":"mhais"},"sameAs":["http:\/\/localhost\/sitsesp"]}]}},"_links":{"self":[{"href":"https:\/\/www.sitsesp.org.br\/novo\/wp-json\/wp\/v2\/posts\/17170"}],"collection":[{"href":"https:\/\/www.sitsesp.org.br\/novo\/wp-json\/wp\/v2\/posts"}],"about":[{"href":"https:\/\/www.sitsesp.org.br\/novo\/wp-json\/wp\/v2\/types\/post"}],"author":[{"embeddable":true,"href":"https:\/\/www.sitsesp.org.br\/novo\/wp-json\/wp\/v2\/users\/1"}],"replies":[{"embeddable":true,"href":"https:\/\/www.sitsesp.org.br\/novo\/wp-json\/wp\/v2\/comments?post=17170"}],"version-history":[{"count":1,"href":"https:\/\/www.sitsesp.org.br\/novo\/wp-json\/wp\/v2\/posts\/17170\/revisions"}],"predecessor-version":[{"id":17174,"href":"https:\/\/www.sitsesp.org.br\/novo\/wp-json\/wp\/v2\/posts\/17170\/revisions\/17174"}],"wp:featuredmedia":[{"embeddable":true,"href":"https:\/\/www.sitsesp.org.br\/novo\/wp-json\/wp\/v2\/media\/17171"}],"wp:attachment":[{"href":"https:\/\/www.sitsesp.org.br\/novo\/wp-json\/wp\/v2\/media?parent=17170"}],"wp:term":[{"taxonomy":"category","embeddable":true,"href":"https:\/\/www.sitsesp.org.br\/novo\/wp-json\/wp\/v2\/categories?post=17170"},{"taxonomy":"post_tag","embeddable":true,"href":"https:\/\/www.sitsesp.org.br\/novo\/wp-json\/wp\/v2\/tags?post=17170"}],"curies":[{"name":"wp","href":"https:\/\/api.w.org\/{rel}","templated":true}]}}