{"id":17197,"date":"2026-03-16T15:41:46","date_gmt":"2026-03-16T18:41:46","guid":{"rendered":"https:\/\/www.sitsesp.org.br\/novo\/?p=17197"},"modified":"2026-03-16T15:41:46","modified_gmt":"2026-03-16T18:41:46","slug":"operacao-de-revista-com-scanner-corporal-tem-inicio-na-fundacao-casa-sitsesp-acompanha-implantacao-nas-unidades","status":"publish","type":"post","link":"https:\/\/www.sitsesp.org.br\/novo\/operacao-de-revista-com-scanner-corporal-tem-inicio-na-fundacao-casa-sitsesp-acompanha-implantacao-nas-unidades\/","title":{"rendered":"Opera\u00e7\u00e3o de revista com scanner corporal tem in\u00edcio na Funda\u00e7\u00e3o CASA; SITSESP acompanha implanta\u00e7\u00e3o nas unidades"},"content":{"rendered":"<p><!-- VideographyWP Plugin Message: Automatic video embedding prevented by plugin options. --><\/p>\n<p style=\"text-align: justify;\">Teve in\u00edcio nesta segunda-feira, 16 de mar\u00e7o, a opera\u00e7\u00e3o do sistema de revista por meio de scanner corporal nas unidades da Funda\u00e7\u00e3o CASA. A medida passa a valer ap\u00f3s uma s\u00e9rie de discuss\u00f5es judiciais envolvendo a implanta\u00e7\u00e3o da tecnologia no sistema socioeducativo paulista.<\/p>\n<p style=\"text-align: justify;\">O tema foi objeto de ampla batalha judicial. Em um primeiro momento, uma a\u00e7\u00e3o movida pelo SITSESP resultou em decis\u00e3o da Justi\u00e7a que adiou a implanta\u00e7\u00e3o do scanner corporal, diante de preocupa\u00e7\u00f5es apresentadas pelo sindicato em rela\u00e7\u00e3o \u00e0s condi\u00e7\u00f5es de opera\u00e7\u00e3o, \u00e0 privacidade e \u00e0 seguran\u00e7a dos trabalhadores.<\/p>\n<p style=\"text-align: justify;\">Posteriormente, a Funda\u00e7\u00e3o CASA voltou a provocar a Justi\u00e7a, solicitando a reavalia\u00e7\u00e3o do caso. Diante disso, o Judici\u00e1rio concedeu liminar autorizando a implanta\u00e7\u00e3o do sistema, por\u00e9m estabelecendo uma s\u00e9rie de condi\u00e7\u00f5es obrigat\u00f3rias para a sua utiliza\u00e7\u00e3o.<\/p>\n<p style=\"text-align: justify;\">Entre as determina\u00e7\u00f5es judiciais est\u00e3o:<\/p>\n<p style=\"text-align: justify;\">A opera\u00e7\u00e3o dos equipamentos deve ser realizada exclusivamente por profissionais treinados e qualificados;<\/p>\n<p style=\"text-align: justify;\">Deve haver respeito \u00e0 privacidade dos trabalhadores;<\/p>\n<p style=\"text-align: justify;\">Mulheres devem ser revistadas por operadoras mulheres e homens por operadores homens;<\/p>\n<p style=\"text-align: justify;\">A implanta\u00e7\u00e3o n\u00e3o pode gerar qualquer tipo de preju\u00edzo aos servidores, especialmente em rela\u00e7\u00e3o ao controle de jornada e apontamentos de hor\u00e1rio.<\/p>\n<p style=\"text-align: justify;\">SITSESP acompanha implanta\u00e7\u00e3o e cobra respeito aos servidores<\/p>\n<p style=\"text-align: justify;\">Desde as primeiras horas da manh\u00e3, o SITSESP mobilizou toda a sua diretoria e os delegados sindicais para acompanhar de perto o in\u00edcio da opera\u00e7\u00e3o do scanner corporal nas unidades da Funda\u00e7\u00e3o CASA.<\/p>\n<p style=\"text-align: justify;\">A presen\u00e7a dos dirigentes e delegados teve um objetivo claro: fiscalizar a implanta\u00e7\u00e3o do sistema, dialogar com os servidores e garantir que as determina\u00e7\u00f5es da Justi\u00e7a sejam respeitadas. O sindicato entende que mudan\u00e7as dessa natureza impactam diretamente a rotina de trabalho e, por isso, n\u00e3o poderiam ocorrer sem acompanhamento direto da representa\u00e7\u00e3o sindical.<\/p>\n<p style=\"text-align: justify;\">Diretores e delegados estiveram nas unidades ouvindo os trabalhadores, verificando as condi\u00e7\u00f5es de opera\u00e7\u00e3o dos equipamentos e registrando eventuais irregularidades ou problemas operacionais. A atua\u00e7\u00e3o do sindicato neste primeiro dia tamb\u00e9m teve o papel de dar respaldo aos servidores e demonstrar que a categoria n\u00e3o est\u00e1 sozinha diante das mudan\u00e7as impostas pela gest\u00e3o.<\/p>\n<p style=\"text-align: justify;\">Filas e atrasos no primeiro dia<\/p>\n<p style=\"text-align: justify;\">No primeiro dia de funcionamento, dirigentes do sindicato constataram a forma\u00e7\u00e3o de filas nas entradas das unidades, gerando atrasos m\u00e9dios entre 20 e 40 minutos para a passagem pelo scanner corporal.<\/p>\n<p style=\"text-align: justify;\">Em algumas unidades, a opera\u00e7\u00e3o n\u00e3o chegou a ser iniciada, principalmente por falta de operadores capacitados ou por quest\u00f5es operacionais relacionadas \u00e0 instala\u00e7\u00e3o e funcionamento dos equipamentos.<\/p>\n<p style=\"text-align: justify;\">Outro ponto que gerou preocupa\u00e7\u00e3o entre os trabalhadores foi o impacto desses atrasos no hor\u00e1rio de apontamento da jornada, j\u00e1 que muitos servidores enfrentaram demora no acesso \u00e0s unidades.<\/p>\n<p style=\"text-align: justify;\">Diante dessa situa\u00e7\u00e3o, o sindicato refor\u00e7a que a decis\u00e3o judicial \u00e9 clara ao determinar que n\u00e3o pode haver preju\u00edzo aos servidores, inclusive em rela\u00e7\u00e3o ao registro de ponto e eventuais atrasos decorrentes da implanta\u00e7\u00e3o do novo sistema.<\/p>\n<p style=\"text-align: justify;\">O SITSESP seguir\u00e1 acompanhando a implementa\u00e7\u00e3o do scanner corporal nas unidades da Funda\u00e7\u00e3o CASA, dialogando com os trabalhadores e cobrando que todas as determina\u00e7\u00f5es judiciais sejam rigorosamente respeitadas.<\/p>\n","protected":false},"excerpt":{"rendered":"<p>Teve in\u00edcio nesta segunda-feira, 16 de mar\u00e7o, a opera\u00e7\u00e3o do sistema de revista por meio de scanner corporal nas unidades da&hellip;<\/p>\n","protected":false},"author":1,"featured_media":17198,"comment_status":"open","ping_status":"open","sticky":false,"template":"","format":"standard","meta":{"cybocfi_hide_featured_image":"","footnotes":""},"categories":[27],"tags":[],"yoast_head":"<!-- This site is optimized with the Yoast SEO plugin v22.8 - https:\/\/yoast.com\/wordpress\/plugins\/seo\/ -->\n<title>Opera\u00e7\u00e3o de revista com scanner corporal tem in\u00edcio na Funda\u00e7\u00e3o CASA; SITSESP acompanha implanta\u00e7\u00e3o nas unidades - SITSESP<\/title>\n<meta name=\"robots\" content=\"index, follow, max-snippet:-1, max-image-preview:large, max-video-preview:-1\" \/>\n<link rel=\"canonical\" href=\"https:\/\/www.sitsesp.org.br\/novo\/operacao-de-revista-com-scanner-corporal-tem-inicio-na-fundacao-casa-sitsesp-acompanha-implantacao-nas-unidades\/\" \/>\n<meta property=\"og:locale\" content=\"pt_BR\" \/>\n<meta property=\"og:type\" content=\"article\" \/>\n<meta property=\"og:title\" content=\"Opera\u00e7\u00e3o de revista com scanner corporal tem in\u00edcio na Funda\u00e7\u00e3o CASA; SITSESP acompanha implanta\u00e7\u00e3o nas unidades - SITSESP\" \/>\n<meta property=\"og:description\" content=\"Teve in\u00edcio nesta segunda-feira, 16 de mar\u00e7o, a opera\u00e7\u00e3o do sistema de revista por meio de scanner corporal nas unidades da&hellip;\" \/>\n<meta property=\"og:url\" content=\"https:\/\/www.sitsesp.org.br\/novo\/operacao-de-revista-com-scanner-corporal-tem-inicio-na-fundacao-casa-sitsesp-acompanha-implantacao-nas-unidades\/\" \/>\n<meta property=\"og:site_name\" content=\"SITSESP\" \/>\n<meta property=\"article:published_time\" content=\"2026-03-16T18:41:46+00:00\" \/>\n<meta property=\"og:image\" content=\"https:\/\/www.sitsesp.org.br\/novo\/wp-content\/uploads\/2026\/03\/WhatsApp-Image-2026-03-16-at-11.58.53-2.jpeg\" \/>\n\t<meta property=\"og:image:width\" content=\"1600\" \/>\n\t<meta property=\"og:image:height\" content=\"1204\" \/>\n\t<meta property=\"og:image:type\" content=\"image\/jpeg\" \/>\n<meta name=\"author\" content=\"mhais\" \/>\n<meta name=\"twitter:card\" content=\"summary_large_image\" \/>\n<meta name=\"twitter:label1\" content=\"Escrito por\" \/>\n\t<meta name=\"twitter:data1\" content=\"mhais\" \/>\n\t<meta name=\"twitter:label2\" content=\"Est. tempo de leitura\" \/>\n\t<meta name=\"twitter:data2\" content=\"3 minutos\" \/>\n<script type=\"application\/ld+json\" class=\"yoast-schema-graph\">{\"@context\":\"https:\/\/schema.org\",\"@graph\":[{\"@type\":\"Article\",\"@id\":\"https:\/\/www.sitsesp.org.br\/novo\/operacao-de-revista-com-scanner-corporal-tem-inicio-na-fundacao-casa-sitsesp-acompanha-implantacao-nas-unidades\/#article\",\"isPartOf\":{\"@id\":\"https:\/\/www.sitsesp.org.br\/novo\/operacao-de-revista-com-scanner-corporal-tem-inicio-na-fundacao-casa-sitsesp-acompanha-implantacao-nas-unidades\/\"},\"author\":{\"name\":\"mhais\",\"@id\":\"https:\/\/www.sitsesp.org.br\/novo\/#\/schema\/person\/2a4c180eb185645b3bef8657c75e305a\"},\"headline\":\"Opera\u00e7\u00e3o de revista com scanner corporal tem in\u00edcio na Funda\u00e7\u00e3o CASA; SITSESP acompanha implanta\u00e7\u00e3o nas unidades\",\"datePublished\":\"2026-03-16T18:41:46+00:00\",\"dateModified\":\"2026-03-16T18:41:46+00:00\",\"mainEntityOfPage\":{\"@id\":\"https:\/\/www.sitsesp.org.br\/novo\/operacao-de-revista-com-scanner-corporal-tem-inicio-na-fundacao-casa-sitsesp-acompanha-implantacao-nas-unidades\/\"},\"wordCount\":574,\"commentCount\":0,\"publisher\":{\"@id\":\"https:\/\/www.sitsesp.org.br\/novo\/#organization\"},\"image\":{\"@id\":\"https:\/\/www.sitsesp.org.br\/novo\/operacao-de-revista-com-scanner-corporal-tem-inicio-na-fundacao-casa-sitsesp-acompanha-implantacao-nas-unidades\/#primaryimage\"},\"thumbnailUrl\":\"https:\/\/www.sitsesp.org.br\/novo\/wp-content\/uploads\/2026\/03\/WhatsApp-Image-2026-03-16-at-11.58.53-2.jpeg\",\"articleSection\":[\"Destaque\"],\"inLanguage\":\"pt-BR\",\"potentialAction\":[{\"@type\":\"CommentAction\",\"name\":\"Comment\",\"target\":[\"https:\/\/www.sitsesp.org.br\/novo\/operacao-de-revista-com-scanner-corporal-tem-inicio-na-fundacao-casa-sitsesp-acompanha-implantacao-nas-unidades\/#respond\"]}]},{\"@type\":\"WebPage\",\"@id\":\"https:\/\/www.sitsesp.org.br\/novo\/operacao-de-revista-com-scanner-corporal-tem-inicio-na-fundacao-casa-sitsesp-acompanha-implantacao-nas-unidades\/\",\"url\":\"https:\/\/www.sitsesp.org.br\/novo\/operacao-de-revista-com-scanner-corporal-tem-inicio-na-fundacao-casa-sitsesp-acompanha-implantacao-nas-unidades\/\",\"name\":\"Opera\u00e7\u00e3o de revista com scanner corporal tem in\u00edcio na Funda\u00e7\u00e3o CASA; SITSESP acompanha implanta\u00e7\u00e3o nas unidades - SITSESP\",\"isPartOf\":{\"@id\":\"https:\/\/www.sitsesp.org.br\/novo\/#website\"},\"primaryImageOfPage\":{\"@id\":\"https:\/\/www.sitsesp.org.br\/novo\/operacao-de-revista-com-scanner-corporal-tem-inicio-na-fundacao-casa-sitsesp-acompanha-implantacao-nas-unidades\/#primaryimage\"},\"image\":{\"@id\":\"https:\/\/www.sitsesp.org.br\/novo\/operacao-de-revista-com-scanner-corporal-tem-inicio-na-fundacao-casa-sitsesp-acompanha-implantacao-nas-unidades\/#primaryimage\"},\"thumbnailUrl\":\"https:\/\/www.sitsesp.org.br\/novo\/wp-content\/uploads\/2026\/03\/WhatsApp-Image-2026-03-16-at-11.58.53-2.jpeg\",\"datePublished\":\"2026-03-16T18:41:46+00:00\",\"dateModified\":\"2026-03-16T18:41:46+00:00\",\"breadcrumb\":{\"@id\":\"https:\/\/www.sitsesp.org.br\/novo\/operacao-de-revista-com-scanner-corporal-tem-inicio-na-fundacao-casa-sitsesp-acompanha-implantacao-nas-unidades\/#breadcrumb\"},\"inLanguage\":\"pt-BR\",\"potentialAction\":[{\"@type\":\"ReadAction\",\"target\":[\"https:\/\/www.sitsesp.org.br\/novo\/operacao-de-revista-com-scanner-corporal-tem-inicio-na-fundacao-casa-sitsesp-acompanha-implantacao-nas-unidades\/\"]}]},{\"@type\":\"ImageObject\",\"inLanguage\":\"pt-BR\",\"@id\":\"https:\/\/www.sitsesp.org.br\/novo\/operacao-de-revista-com-scanner-corporal-tem-inicio-na-fundacao-casa-sitsesp-acompanha-implantacao-nas-unidades\/#primaryimage\",\"url\":\"https:\/\/www.sitsesp.org.br\/novo\/wp-content\/uploads\/2026\/03\/WhatsApp-Image-2026-03-16-at-11.58.53-2.jpeg\",\"contentUrl\":\"https:\/\/www.sitsesp.org.br\/novo\/wp-content\/uploads\/2026\/03\/WhatsApp-Image-2026-03-16-at-11.58.53-2.jpeg\",\"width\":1600,\"height\":1204,\"caption\":\"Fila para passagem no scanner\"},{\"@type\":\"BreadcrumbList\",\"@id\":\"https:\/\/www.sitsesp.org.br\/novo\/operacao-de-revista-com-scanner-corporal-tem-inicio-na-fundacao-casa-sitsesp-acompanha-implantacao-nas-unidades\/#breadcrumb\",\"itemListElement\":[{\"@type\":\"ListItem\",\"position\":1,\"name\":\"In\u00edcio\",\"item\":\"https:\/\/www.sitsesp.org.br\/novo\/\"},{\"@type\":\"ListItem\",\"position\":2,\"name\":\"Opera\u00e7\u00e3o de revista com scanner corporal tem in\u00edcio na Funda\u00e7\u00e3o CASA; SITSESP acompanha implanta\u00e7\u00e3o nas unidades\"}]},{\"@type\":\"WebSite\",\"@id\":\"https:\/\/www.sitsesp.org.br\/novo\/#website\",\"url\":\"https:\/\/www.sitsesp.org.br\/novo\/\",\"name\":\"Sitsesp\",\"description\":\"SIndicato da Socioeduca\u00e7\u00e3o do Estado de S\u00e3o Paulo\",\"publisher\":{\"@id\":\"https:\/\/www.sitsesp.org.br\/novo\/#organization\"},\"potentialAction\":[{\"@type\":\"SearchAction\",\"target\":{\"@type\":\"EntryPoint\",\"urlTemplate\":\"https:\/\/www.sitsesp.org.br\/novo\/?s={search_term_string}\"},\"query-input\":\"required name=search_term_string\"}],\"inLanguage\":\"pt-BR\"},{\"@type\":\"Organization\",\"@id\":\"https:\/\/www.sitsesp.org.br\/novo\/#organization\",\"name\":\"Sitsesp\",\"url\":\"https:\/\/www.sitsesp.org.br\/novo\/\",\"logo\":{\"@type\":\"ImageObject\",\"inLanguage\":\"pt-BR\",\"@id\":\"https:\/\/www.sitsesp.org.br\/novo\/#\/schema\/logo\/image\/\",\"url\":\"https:\/\/www.sitsesp.org.br\/novo\/wp-content\/uploads\/2020\/09\/Design-sem-nome-1.jpg\",\"contentUrl\":\"https:\/\/www.sitsesp.org.br\/novo\/wp-content\/uploads\/2020\/09\/Design-sem-nome-1.jpg\",\"width\":300,\"height\":300,\"caption\":\"Sitsesp\"},\"image\":{\"@id\":\"https:\/\/www.sitsesp.org.br\/novo\/#\/schema\/logo\/image\/\"}},{\"@type\":\"Person\",\"@id\":\"https:\/\/www.sitsesp.org.br\/novo\/#\/schema\/person\/2a4c180eb185645b3bef8657c75e305a\",\"name\":\"mhais\",\"image\":{\"@type\":\"ImageObject\",\"inLanguage\":\"pt-BR\",\"@id\":\"https:\/\/www.sitsesp.org.br\/novo\/#\/schema\/person\/image\/\",\"url\":\"https:\/\/secure.gravatar.com\/avatar\/6f4eabe86990e81328cf702edfa92a60?s=96&d=mm&r=g\",\"contentUrl\":\"https:\/\/secure.gravatar.com\/avatar\/6f4eabe86990e81328cf702edfa92a60?s=96&d=mm&r=g\",\"caption\":\"mhais\"},\"sameAs\":[\"http:\/\/localhost\/sitsesp\"]}]}<\/script>\n<!-- \/ Yoast SEO plugin. -->","yoast_head_json":{"title":"Opera\u00e7\u00e3o de revista com scanner corporal tem in\u00edcio na Funda\u00e7\u00e3o CASA; SITSESP acompanha implanta\u00e7\u00e3o nas unidades - SITSESP","robots":{"index":"index","follow":"follow","max-snippet":"max-snippet:-1","max-image-preview":"max-image-preview:large","max-video-preview":"max-video-preview:-1"},"canonical":"https:\/\/www.sitsesp.org.br\/novo\/operacao-de-revista-com-scanner-corporal-tem-inicio-na-fundacao-casa-sitsesp-acompanha-implantacao-nas-unidades\/","og_locale":"pt_BR","og_type":"article","og_title":"Opera\u00e7\u00e3o de revista com scanner corporal tem in\u00edcio na Funda\u00e7\u00e3o CASA; SITSESP acompanha implanta\u00e7\u00e3o nas unidades - SITSESP","og_description":"Teve in\u00edcio nesta segunda-feira, 16 de mar\u00e7o, a opera\u00e7\u00e3o do sistema de revista por meio de scanner corporal nas unidades da&hellip;","og_url":"https:\/\/www.sitsesp.org.br\/novo\/operacao-de-revista-com-scanner-corporal-tem-inicio-na-fundacao-casa-sitsesp-acompanha-implantacao-nas-unidades\/","og_site_name":"SITSESP","article_published_time":"2026-03-16T18:41:46+00:00","og_image":[{"width":1600,"height":1204,"url":"https:\/\/www.sitsesp.org.br\/novo\/wp-content\/uploads\/2026\/03\/WhatsApp-Image-2026-03-16-at-11.58.53-2.jpeg","type":"image\/jpeg"}],"author":"mhais","twitter_card":"summary_large_image","twitter_misc":{"Escrito por":"mhais","Est. tempo de leitura":"3 minutos"},"schema":{"@context":"https:\/\/schema.org","@graph":[{"@type":"Article","@id":"https:\/\/www.sitsesp.org.br\/novo\/operacao-de-revista-com-scanner-corporal-tem-inicio-na-fundacao-casa-sitsesp-acompanha-implantacao-nas-unidades\/#article","isPartOf":{"@id":"https:\/\/www.sitsesp.org.br\/novo\/operacao-de-revista-com-scanner-corporal-tem-inicio-na-fundacao-casa-sitsesp-acompanha-implantacao-nas-unidades\/"},"author":{"name":"mhais","@id":"https:\/\/www.sitsesp.org.br\/novo\/#\/schema\/person\/2a4c180eb185645b3bef8657c75e305a"},"headline":"Opera\u00e7\u00e3o de revista com scanner corporal tem in\u00edcio na Funda\u00e7\u00e3o CASA; SITSESP acompanha implanta\u00e7\u00e3o nas unidades","datePublished":"2026-03-16T18:41:46+00:00","dateModified":"2026-03-16T18:41:46+00:00","mainEntityOfPage":{"@id":"https:\/\/www.sitsesp.org.br\/novo\/operacao-de-revista-com-scanner-corporal-tem-inicio-na-fundacao-casa-sitsesp-acompanha-implantacao-nas-unidades\/"},"wordCount":574,"commentCount":0,"publisher":{"@id":"https:\/\/www.sitsesp.org.br\/novo\/#organization"},"image":{"@id":"https:\/\/www.sitsesp.org.br\/novo\/operacao-de-revista-com-scanner-corporal-tem-inicio-na-fundacao-casa-sitsesp-acompanha-implantacao-nas-unidades\/#primaryimage"},"thumbnailUrl":"https:\/\/www.sitsesp.org.br\/novo\/wp-content\/uploads\/2026\/03\/WhatsApp-Image-2026-03-16-at-11.58.53-2.jpeg","articleSection":["Destaque"],"inLanguage":"pt-BR","potentialAction":[{"@type":"CommentAction","name":"Comment","target":["https:\/\/www.sitsesp.org.br\/novo\/operacao-de-revista-com-scanner-corporal-tem-inicio-na-fundacao-casa-sitsesp-acompanha-implantacao-nas-unidades\/#respond"]}]},{"@type":"WebPage","@id":"https:\/\/www.sitsesp.org.br\/novo\/operacao-de-revista-com-scanner-corporal-tem-inicio-na-fundacao-casa-sitsesp-acompanha-implantacao-nas-unidades\/","url":"https:\/\/www.sitsesp.org.br\/novo\/operacao-de-revista-com-scanner-corporal-tem-inicio-na-fundacao-casa-sitsesp-acompanha-implantacao-nas-unidades\/","name":"Opera\u00e7\u00e3o de revista com scanner corporal tem in\u00edcio na Funda\u00e7\u00e3o CASA; SITSESP acompanha implanta\u00e7\u00e3o nas unidades - SITSESP","isPartOf":{"@id":"https:\/\/www.sitsesp.org.br\/novo\/#website"},"primaryImageOfPage":{"@id":"https:\/\/www.sitsesp.org.br\/novo\/operacao-de-revista-com-scanner-corporal-tem-inicio-na-fundacao-casa-sitsesp-acompanha-implantacao-nas-unidades\/#primaryimage"},"image":{"@id":"https:\/\/www.sitsesp.org.br\/novo\/operacao-de-revista-com-scanner-corporal-tem-inicio-na-fundacao-casa-sitsesp-acompanha-implantacao-nas-unidades\/#primaryimage"},"thumbnailUrl":"https:\/\/www.sitsesp.org.br\/novo\/wp-content\/uploads\/2026\/03\/WhatsApp-Image-2026-03-16-at-11.58.53-2.jpeg","datePublished":"2026-03-16T18:41:46+00:00","dateModified":"2026-03-16T18:41:46+00:00","breadcrumb":{"@id":"https:\/\/www.sitsesp.org.br\/novo\/operacao-de-revista-com-scanner-corporal-tem-inicio-na-fundacao-casa-sitsesp-acompanha-implantacao-nas-unidades\/#breadcrumb"},"inLanguage":"pt-BR","potentialAction":[{"@type":"ReadAction","target":["https:\/\/www.sitsesp.org.br\/novo\/operacao-de-revista-com-scanner-corporal-tem-inicio-na-fundacao-casa-sitsesp-acompanha-implantacao-nas-unidades\/"]}]},{"@type":"ImageObject","inLanguage":"pt-BR","@id":"https:\/\/www.sitsesp.org.br\/novo\/operacao-de-revista-com-scanner-corporal-tem-inicio-na-fundacao-casa-sitsesp-acompanha-implantacao-nas-unidades\/#primaryimage","url":"https:\/\/www.sitsesp.org.br\/novo\/wp-content\/uploads\/2026\/03\/WhatsApp-Image-2026-03-16-at-11.58.53-2.jpeg","contentUrl":"https:\/\/www.sitsesp.org.br\/novo\/wp-content\/uploads\/2026\/03\/WhatsApp-Image-2026-03-16-at-11.58.53-2.jpeg","width":1600,"height":1204,"caption":"Fila para passagem no scanner"},{"@type":"BreadcrumbList","@id":"https:\/\/www.sitsesp.org.br\/novo\/operacao-de-revista-com-scanner-corporal-tem-inicio-na-fundacao-casa-sitsesp-acompanha-implantacao-nas-unidades\/#breadcrumb","itemListElement":[{"@type":"ListItem","position":1,"name":"In\u00edcio","item":"https:\/\/www.sitsesp.org.br\/novo\/"},{"@type":"ListItem","position":2,"name":"Opera\u00e7\u00e3o de revista com scanner corporal tem in\u00edcio na Funda\u00e7\u00e3o CASA; SITSESP acompanha implanta\u00e7\u00e3o nas unidades"}]},{"@type":"WebSite","@id":"https:\/\/www.sitsesp.org.br\/novo\/#website","url":"https:\/\/www.sitsesp.org.br\/novo\/","name":"Sitsesp","description":"SIndicato da Socioeduca\u00e7\u00e3o do Estado de S\u00e3o Paulo","publisher":{"@id":"https:\/\/www.sitsesp.org.br\/novo\/#organization"},"potentialAction":[{"@type":"SearchAction","target":{"@type":"EntryPoint","urlTemplate":"https:\/\/www.sitsesp.org.br\/novo\/?s={search_term_string}"},"query-input":"required name=search_term_string"}],"inLanguage":"pt-BR"},{"@type":"Organization","@id":"https:\/\/www.sitsesp.org.br\/novo\/#organization","name":"Sitsesp","url":"https:\/\/www.sitsesp.org.br\/novo\/","logo":{"@type":"ImageObject","inLanguage":"pt-BR","@id":"https:\/\/www.sitsesp.org.br\/novo\/#\/schema\/logo\/image\/","url":"https:\/\/www.sitsesp.org.br\/novo\/wp-content\/uploads\/2020\/09\/Design-sem-nome-1.jpg","contentUrl":"https:\/\/www.sitsesp.org.br\/novo\/wp-content\/uploads\/2020\/09\/Design-sem-nome-1.jpg","width":300,"height":300,"caption":"Sitsesp"},"image":{"@id":"https:\/\/www.sitsesp.org.br\/novo\/#\/schema\/logo\/image\/"}},{"@type":"Person","@id":"https:\/\/www.sitsesp.org.br\/novo\/#\/schema\/person\/2a4c180eb185645b3bef8657c75e305a","name":"mhais","image":{"@type":"ImageObject","inLanguage":"pt-BR","@id":"https:\/\/www.sitsesp.org.br\/novo\/#\/schema\/person\/image\/","url":"https:\/\/secure.gravatar.com\/avatar\/6f4eabe86990e81328cf702edfa92a60?s=96&d=mm&r=g","contentUrl":"https:\/\/secure.gravatar.com\/avatar\/6f4eabe86990e81328cf702edfa92a60?s=96&d=mm&r=g","caption":"mhais"},"sameAs":["http:\/\/localhost\/sitsesp"]}]}},"_links":{"self":[{"href":"https:\/\/www.sitsesp.org.br\/novo\/wp-json\/wp\/v2\/posts\/17197"}],"collection":[{"href":"https:\/\/www.sitsesp.org.br\/novo\/wp-json\/wp\/v2\/posts"}],"about":[{"href":"https:\/\/www.sitsesp.org.br\/novo\/wp-json\/wp\/v2\/types\/post"}],"author":[{"embeddable":true,"href":"https:\/\/www.sitsesp.org.br\/novo\/wp-json\/wp\/v2\/users\/1"}],"replies":[{"embeddable":true,"href":"https:\/\/www.sitsesp.org.br\/novo\/wp-json\/wp\/v2\/comments?post=17197"}],"version-history":[{"count":1,"href":"https:\/\/www.sitsesp.org.br\/novo\/wp-json\/wp\/v2\/posts\/17197\/revisions"}],"predecessor-version":[{"id":17199,"href":"https:\/\/www.sitsesp.org.br\/novo\/wp-json\/wp\/v2\/posts\/17197\/revisions\/17199"}],"wp:featuredmedia":[{"embeddable":true,"href":"https:\/\/www.sitsesp.org.br\/novo\/wp-json\/wp\/v2\/media\/17198"}],"wp:attachment":[{"href":"https:\/\/www.sitsesp.org.br\/novo\/wp-json\/wp\/v2\/media?parent=17197"}],"wp:term":[{"taxonomy":"category","embeddable":true,"href":"https:\/\/www.sitsesp.org.br\/novo\/wp-json\/wp\/v2\/categories?post=17197"},{"taxonomy":"post_tag","embeddable":true,"href":"https:\/\/www.sitsesp.org.br\/novo\/wp-json\/wp\/v2\/tags?post=17197"}],"curies":[{"name":"wp","href":"https:\/\/api.w.org\/{rel}","templated":true}]}}