{"id":17200,"date":"2026-03-17T14:54:28","date_gmt":"2026-03-17T17:54:28","guid":{"rendered":"https:\/\/www.sitsesp.org.br\/novo\/?p=17200"},"modified":"2026-03-26T11:00:18","modified_gmt":"2026-03-26T14:00:18","slug":"sitsesp-participa-da-marcha-nacional-da-enfermagem-em-brasilia","status":"publish","type":"post","link":"https:\/\/www.sitsesp.org.br\/novo\/sitsesp-participa-da-marcha-nacional-da-enfermagem-em-brasilia\/","title":{"rendered":"SITSESP participa da Marcha Nacional da Enfermagem em Bras\u00edlia"},"content":{"rendered":"<p><!-- VideographyWP Plugin Message: Automatic video embedding prevented by plugin options. --><\/p>\n<p style=\"text-align: justify;\">Na manh\u00e3 desta ter\u00e7a-feira (17), Bras\u00edlia foi palco da Marcha da Enfermagem, um grande ato nacional que reuniu profissionais de todo o pa\u00eds em defesa da valoriza\u00e7\u00e3o da categoria e da aprova\u00e7\u00e3o de pautas fundamentais para o exerc\u00edcio digno da profiss\u00e3o.<\/p>\n<p style=\"text-align: justify;\">O SITSESP marcou presen\u00e7a na mobiliza\u00e7\u00e3o, reafirmando seu compromisso com a luta dos servidores e servidoras do servi\u00e7o p\u00fablico. A entidade foi representada pela vice-presidente Aline Alonso, pela diretora Isabel Soares e pela delegada sindical Michele Freitas, que acompanharam as atividades e fortaleceram a atua\u00e7\u00e3o do sindicato no movimento nacional.<\/p>\n<p style=\"text-align: justify;\">Entre as principais reivindica\u00e7\u00f5es defendidas durante a Marcha estiveram a aprova\u00e7\u00e3o da PEC-19, pela valoriza\u00e7\u00e3o salarial da enfermagem, com a efetiva implementa\u00e7\u00e3o do piso nacional; a redu\u00e7\u00e3o da jornada de trabalho para 30 horas semanais; a melhoria das condi\u00e7\u00f5es de trabalho.<\/p>\n<p style=\"text-align: justify;\">A participa\u00e7\u00e3o do SITSESP em um ato de dimens\u00e3o nacional refor\u00e7a a import\u00e2ncia da mobiliza\u00e7\u00e3o coletiva como instrumento de press\u00e3o e conquista de direitos. O sindicato tem ocupado todos os espa\u00e7os de debate e articula\u00e7\u00e3o, levando a voz da categoria socioeducativa e garantindo sua representa\u00e7\u00e3o nos principais f\u00f3runs de luta do pa\u00eds.<\/p>\n<p style=\"text-align: justify;\">O SITSESP segue atuando de forma firme e articulada, ao lado dos servidores e servidoras, na constru\u00e7\u00e3o de avan\u00e7os concretos e na defesa permanente de direitos, valoriza\u00e7\u00e3o profissional e melhores condi\u00e7\u00f5es de trabalho.<\/p>\n<p><img fetchpriority=\"high\" decoding=\"async\" class=\"alignnone size-full wp-image-17202\" src=\"https:\/\/www.sitsesp.org.br\/novo\/wp-content\/uploads\/2026\/03\/WhatsApp-Image-2026-03-17-at-11.00.49.jpeg\" alt=\"\" width=\"1599\" height=\"899\" srcset=\"https:\/\/www.sitsesp.org.br\/novo\/wp-content\/uploads\/2026\/03\/WhatsApp-Image-2026-03-17-at-11.00.49.jpeg 1599w, https:\/\/www.sitsesp.org.br\/novo\/wp-content\/uploads\/2026\/03\/WhatsApp-Image-2026-03-17-at-11.00.49-300x169.jpeg 300w, https:\/\/www.sitsesp.org.br\/novo\/wp-content\/uploads\/2026\/03\/WhatsApp-Image-2026-03-17-at-11.00.49-1024x576.jpeg 1024w, https:\/\/www.sitsesp.org.br\/novo\/wp-content\/uploads\/2026\/03\/WhatsApp-Image-2026-03-17-at-11.00.49-768x432.jpeg 768w, https:\/\/www.sitsesp.org.br\/novo\/wp-content\/uploads\/2026\/03\/WhatsApp-Image-2026-03-17-at-11.00.49-1536x864.jpeg 1536w, https:\/\/www.sitsesp.org.br\/novo\/wp-content\/uploads\/2026\/03\/WhatsApp-Image-2026-03-17-at-11.00.49-1170x658.jpeg 1170w, https:\/\/www.sitsesp.org.br\/novo\/wp-content\/uploads\/2026\/03\/WhatsApp-Image-2026-03-17-at-11.00.49-585x329.jpeg 585w\" sizes=\"(max-width: 1599px) 100vw, 1599px\" \/><\/p>\n<p><img decoding=\"async\" class=\"alignnone size-full wp-image-17203\" src=\"https:\/\/www.sitsesp.org.br\/novo\/wp-content\/uploads\/2026\/03\/WhatsApp-Image-2026-03-17-at-10.59.28.jpeg\" alt=\"\" width=\"899\" height=\"1599\" srcset=\"https:\/\/www.sitsesp.org.br\/novo\/wp-content\/uploads\/2026\/03\/WhatsApp-Image-2026-03-17-at-10.59.28.jpeg 899w, https:\/\/www.sitsesp.org.br\/novo\/wp-content\/uploads\/2026\/03\/WhatsApp-Image-2026-03-17-at-10.59.28-169x300.jpeg 169w, https:\/\/www.sitsesp.org.br\/novo\/wp-content\/uploads\/2026\/03\/WhatsApp-Image-2026-03-17-at-10.59.28-576x1024.jpeg 576w, https:\/\/www.sitsesp.org.br\/novo\/wp-content\/uploads\/2026\/03\/WhatsApp-Image-2026-03-17-at-10.59.28-768x1366.jpeg 768w, https:\/\/www.sitsesp.org.br\/novo\/wp-content\/uploads\/2026\/03\/WhatsApp-Image-2026-03-17-at-10.59.28-864x1536.jpeg 864w, https:\/\/www.sitsesp.org.br\/novo\/wp-content\/uploads\/2026\/03\/WhatsApp-Image-2026-03-17-at-10.59.28-585x1041.jpeg 585w\" sizes=\"(max-width: 899px) 100vw, 899px\" \/><\/p>\n<p><img decoding=\"async\" class=\"alignnone size-full wp-image-17204\" src=\"https:\/\/www.sitsesp.org.br\/novo\/wp-content\/uploads\/2026\/03\/WhatsApp-Image-2026-03-17-at-09.11.11.jpeg\" alt=\"\" width=\"1599\" height=\"899\" srcset=\"https:\/\/www.sitsesp.org.br\/novo\/wp-content\/uploads\/2026\/03\/WhatsApp-Image-2026-03-17-at-09.11.11.jpeg 1599w, https:\/\/www.sitsesp.org.br\/novo\/wp-content\/uploads\/2026\/03\/WhatsApp-Image-2026-03-17-at-09.11.11-300x169.jpeg 300w, https:\/\/www.sitsesp.org.br\/novo\/wp-content\/uploads\/2026\/03\/WhatsApp-Image-2026-03-17-at-09.11.11-1024x576.jpeg 1024w, https:\/\/www.sitsesp.org.br\/novo\/wp-content\/uploads\/2026\/03\/WhatsApp-Image-2026-03-17-at-09.11.11-768x432.jpeg 768w, https:\/\/www.sitsesp.org.br\/novo\/wp-content\/uploads\/2026\/03\/WhatsApp-Image-2026-03-17-at-09.11.11-1536x864.jpeg 1536w, https:\/\/www.sitsesp.org.br\/novo\/wp-content\/uploads\/2026\/03\/WhatsApp-Image-2026-03-17-at-09.11.11-1170x658.jpeg 1170w, https:\/\/www.sitsesp.org.br\/novo\/wp-content\/uploads\/2026\/03\/WhatsApp-Image-2026-03-17-at-09.11.11-585x329.jpeg 585w\" sizes=\"(max-width: 1599px) 100vw, 1599px\" \/><\/p>\n","protected":false},"excerpt":{"rendered":"<p>Na manh\u00e3 desta ter\u00e7a-feira (17), Bras\u00edlia foi palco da Marcha da Enfermagem, um grande ato nacional que reuniu profissionais de todo&hellip;<\/p>\n","protected":false},"author":1,"featured_media":17206,"comment_status":"open","ping_status":"open","sticky":false,"template":"","format":"standard","meta":{"cybocfi_hide_featured_image":"","footnotes":""},"categories":[27],"tags":[],"yoast_head":"<!-- This site is optimized with the Yoast SEO plugin v22.8 - https:\/\/yoast.com\/wordpress\/plugins\/seo\/ -->\n<title>SITSESP participa da Marcha Nacional da Enfermagem em Bras\u00edlia - SITSESP<\/title>\n<meta name=\"robots\" content=\"index, follow, max-snippet:-1, max-image-preview:large, max-video-preview:-1\" \/>\n<link rel=\"canonical\" href=\"https:\/\/www.sitsesp.org.br\/novo\/sitsesp-participa-da-marcha-nacional-da-enfermagem-em-brasilia\/\" \/>\n<meta property=\"og:locale\" content=\"pt_BR\" \/>\n<meta property=\"og:type\" content=\"article\" \/>\n<meta property=\"og:title\" content=\"SITSESP participa da Marcha Nacional da Enfermagem em Bras\u00edlia - SITSESP\" \/>\n<meta property=\"og:description\" content=\"Na manh\u00e3 desta ter\u00e7a-feira (17), Bras\u00edlia foi palco da Marcha da Enfermagem, um grande ato nacional que reuniu profissionais de todo&hellip;\" \/>\n<meta property=\"og:url\" content=\"https:\/\/www.sitsesp.org.br\/novo\/sitsesp-participa-da-marcha-nacional-da-enfermagem-em-brasilia\/\" \/>\n<meta property=\"og:site_name\" content=\"SITSESP\" \/>\n<meta property=\"article:published_time\" content=\"2026-03-17T17:54:28+00:00\" \/>\n<meta property=\"article:modified_time\" content=\"2026-03-26T14:00:18+00:00\" \/>\n<meta property=\"og:image\" content=\"https:\/\/www.sitsesp.org.br\/novo\/wp-content\/uploads\/2026\/03\/WhatsApp-Image-2026-03-17-at-15.41.10.jpeg\" \/>\n\t<meta property=\"og:image:width\" content=\"1600\" \/>\n\t<meta property=\"og:image:height\" content=\"1200\" \/>\n\t<meta property=\"og:image:type\" content=\"image\/jpeg\" \/>\n<meta name=\"author\" content=\"mhais\" \/>\n<meta name=\"twitter:card\" content=\"summary_large_image\" \/>\n<meta name=\"twitter:label1\" content=\"Escrito por\" \/>\n\t<meta name=\"twitter:data1\" content=\"mhais\" \/>\n\t<meta name=\"twitter:label2\" content=\"Est. tempo de leitura\" \/>\n\t<meta name=\"twitter:data2\" content=\"2 minutos\" \/>\n<script type=\"application\/ld+json\" class=\"yoast-schema-graph\">{\"@context\":\"https:\/\/schema.org\",\"@graph\":[{\"@type\":\"Article\",\"@id\":\"https:\/\/www.sitsesp.org.br\/novo\/sitsesp-participa-da-marcha-nacional-da-enfermagem-em-brasilia\/#article\",\"isPartOf\":{\"@id\":\"https:\/\/www.sitsesp.org.br\/novo\/sitsesp-participa-da-marcha-nacional-da-enfermagem-em-brasilia\/\"},\"author\":{\"name\":\"mhais\",\"@id\":\"https:\/\/www.sitsesp.org.br\/novo\/#\/schema\/person\/2a4c180eb185645b3bef8657c75e305a\"},\"headline\":\"SITSESP participa da Marcha Nacional da Enfermagem em Bras\u00edlia\",\"datePublished\":\"2026-03-17T17:54:28+00:00\",\"dateModified\":\"2026-03-26T14:00:18+00:00\",\"mainEntityOfPage\":{\"@id\":\"https:\/\/www.sitsesp.org.br\/novo\/sitsesp-participa-da-marcha-nacional-da-enfermagem-em-brasilia\/\"},\"wordCount\":258,\"commentCount\":0,\"publisher\":{\"@id\":\"https:\/\/www.sitsesp.org.br\/novo\/#organization\"},\"image\":{\"@id\":\"https:\/\/www.sitsesp.org.br\/novo\/sitsesp-participa-da-marcha-nacional-da-enfermagem-em-brasilia\/#primaryimage\"},\"thumbnailUrl\":\"https:\/\/www.sitsesp.org.br\/novo\/wp-content\/uploads\/2026\/03\/WhatsApp-Image-2026-03-17-at-15.41.10.jpeg\",\"articleSection\":[\"Destaque\"],\"inLanguage\":\"pt-BR\",\"potentialAction\":[{\"@type\":\"CommentAction\",\"name\":\"Comment\",\"target\":[\"https:\/\/www.sitsesp.org.br\/novo\/sitsesp-participa-da-marcha-nacional-da-enfermagem-em-brasilia\/#respond\"]}]},{\"@type\":\"WebPage\",\"@id\":\"https:\/\/www.sitsesp.org.br\/novo\/sitsesp-participa-da-marcha-nacional-da-enfermagem-em-brasilia\/\",\"url\":\"https:\/\/www.sitsesp.org.br\/novo\/sitsesp-participa-da-marcha-nacional-da-enfermagem-em-brasilia\/\",\"name\":\"SITSESP participa da Marcha Nacional da Enfermagem em Bras\u00edlia - SITSESP\",\"isPartOf\":{\"@id\":\"https:\/\/www.sitsesp.org.br\/novo\/#website\"},\"primaryImageOfPage\":{\"@id\":\"https:\/\/www.sitsesp.org.br\/novo\/sitsesp-participa-da-marcha-nacional-da-enfermagem-em-brasilia\/#primaryimage\"},\"image\":{\"@id\":\"https:\/\/www.sitsesp.org.br\/novo\/sitsesp-participa-da-marcha-nacional-da-enfermagem-em-brasilia\/#primaryimage\"},\"thumbnailUrl\":\"https:\/\/www.sitsesp.org.br\/novo\/wp-content\/uploads\/2026\/03\/WhatsApp-Image-2026-03-17-at-15.41.10.jpeg\",\"datePublished\":\"2026-03-17T17:54:28+00:00\",\"dateModified\":\"2026-03-26T14:00:18+00:00\",\"breadcrumb\":{\"@id\":\"https:\/\/www.sitsesp.org.br\/novo\/sitsesp-participa-da-marcha-nacional-da-enfermagem-em-brasilia\/#breadcrumb\"},\"inLanguage\":\"pt-BR\",\"potentialAction\":[{\"@type\":\"ReadAction\",\"target\":[\"https:\/\/www.sitsesp.org.br\/novo\/sitsesp-participa-da-marcha-nacional-da-enfermagem-em-brasilia\/\"]}]},{\"@type\":\"ImageObject\",\"inLanguage\":\"pt-BR\",\"@id\":\"https:\/\/www.sitsesp.org.br\/novo\/sitsesp-participa-da-marcha-nacional-da-enfermagem-em-brasilia\/#primaryimage\",\"url\":\"https:\/\/www.sitsesp.org.br\/novo\/wp-content\/uploads\/2026\/03\/WhatsApp-Image-2026-03-17-at-15.41.10.jpeg\",\"contentUrl\":\"https:\/\/www.sitsesp.org.br\/novo\/wp-content\/uploads\/2026\/03\/WhatsApp-Image-2026-03-17-at-15.41.10.jpeg\",\"width\":1600,\"height\":1200},{\"@type\":\"BreadcrumbList\",\"@id\":\"https:\/\/www.sitsesp.org.br\/novo\/sitsesp-participa-da-marcha-nacional-da-enfermagem-em-brasilia\/#breadcrumb\",\"itemListElement\":[{\"@type\":\"ListItem\",\"position\":1,\"name\":\"In\u00edcio\",\"item\":\"https:\/\/www.sitsesp.org.br\/novo\/\"},{\"@type\":\"ListItem\",\"position\":2,\"name\":\"SITSESP participa da Marcha Nacional da Enfermagem em Bras\u00edlia\"}]},{\"@type\":\"WebSite\",\"@id\":\"https:\/\/www.sitsesp.org.br\/novo\/#website\",\"url\":\"https:\/\/www.sitsesp.org.br\/novo\/\",\"name\":\"Sitsesp\",\"description\":\"SIndicato da Socioeduca\u00e7\u00e3o do Estado de S\u00e3o Paulo\",\"publisher\":{\"@id\":\"https:\/\/www.sitsesp.org.br\/novo\/#organization\"},\"potentialAction\":[{\"@type\":\"SearchAction\",\"target\":{\"@type\":\"EntryPoint\",\"urlTemplate\":\"https:\/\/www.sitsesp.org.br\/novo\/?s={search_term_string}\"},\"query-input\":\"required name=search_term_string\"}],\"inLanguage\":\"pt-BR\"},{\"@type\":\"Organization\",\"@id\":\"https:\/\/www.sitsesp.org.br\/novo\/#organization\",\"name\":\"Sitsesp\",\"url\":\"https:\/\/www.sitsesp.org.br\/novo\/\",\"logo\":{\"@type\":\"ImageObject\",\"inLanguage\":\"pt-BR\",\"@id\":\"https:\/\/www.sitsesp.org.br\/novo\/#\/schema\/logo\/image\/\",\"url\":\"https:\/\/www.sitsesp.org.br\/novo\/wp-content\/uploads\/2020\/09\/Design-sem-nome-1.jpg\",\"contentUrl\":\"https:\/\/www.sitsesp.org.br\/novo\/wp-content\/uploads\/2020\/09\/Design-sem-nome-1.jpg\",\"width\":300,\"height\":300,\"caption\":\"Sitsesp\"},\"image\":{\"@id\":\"https:\/\/www.sitsesp.org.br\/novo\/#\/schema\/logo\/image\/\"}},{\"@type\":\"Person\",\"@id\":\"https:\/\/www.sitsesp.org.br\/novo\/#\/schema\/person\/2a4c180eb185645b3bef8657c75e305a\",\"name\":\"mhais\",\"image\":{\"@type\":\"ImageObject\",\"inLanguage\":\"pt-BR\",\"@id\":\"https:\/\/www.sitsesp.org.br\/novo\/#\/schema\/person\/image\/\",\"url\":\"https:\/\/secure.gravatar.com\/avatar\/6f4eabe86990e81328cf702edfa92a60?s=96&d=mm&r=g\",\"contentUrl\":\"https:\/\/secure.gravatar.com\/avatar\/6f4eabe86990e81328cf702edfa92a60?s=96&d=mm&r=g\",\"caption\":\"mhais\"},\"sameAs\":[\"http:\/\/localhost\/sitsesp\"]}]}<\/script>\n<!-- \/ Yoast SEO plugin. -->","yoast_head_json":{"title":"SITSESP participa da Marcha Nacional da Enfermagem em Bras\u00edlia - SITSESP","robots":{"index":"index","follow":"follow","max-snippet":"max-snippet:-1","max-image-preview":"max-image-preview:large","max-video-preview":"max-video-preview:-1"},"canonical":"https:\/\/www.sitsesp.org.br\/novo\/sitsesp-participa-da-marcha-nacional-da-enfermagem-em-brasilia\/","og_locale":"pt_BR","og_type":"article","og_title":"SITSESP participa da Marcha Nacional da Enfermagem em Bras\u00edlia - SITSESP","og_description":"Na manh\u00e3 desta ter\u00e7a-feira (17), Bras\u00edlia foi palco da Marcha da Enfermagem, um grande ato nacional que reuniu profissionais de todo&hellip;","og_url":"https:\/\/www.sitsesp.org.br\/novo\/sitsesp-participa-da-marcha-nacional-da-enfermagem-em-brasilia\/","og_site_name":"SITSESP","article_published_time":"2026-03-17T17:54:28+00:00","article_modified_time":"2026-03-26T14:00:18+00:00","og_image":[{"width":1600,"height":1200,"url":"https:\/\/www.sitsesp.org.br\/novo\/wp-content\/uploads\/2026\/03\/WhatsApp-Image-2026-03-17-at-15.41.10.jpeg","type":"image\/jpeg"}],"author":"mhais","twitter_card":"summary_large_image","twitter_misc":{"Escrito por":"mhais","Est. tempo de leitura":"2 minutos"},"schema":{"@context":"https:\/\/schema.org","@graph":[{"@type":"Article","@id":"https:\/\/www.sitsesp.org.br\/novo\/sitsesp-participa-da-marcha-nacional-da-enfermagem-em-brasilia\/#article","isPartOf":{"@id":"https:\/\/www.sitsesp.org.br\/novo\/sitsesp-participa-da-marcha-nacional-da-enfermagem-em-brasilia\/"},"author":{"name":"mhais","@id":"https:\/\/www.sitsesp.org.br\/novo\/#\/schema\/person\/2a4c180eb185645b3bef8657c75e305a"},"headline":"SITSESP participa da Marcha Nacional da Enfermagem em Bras\u00edlia","datePublished":"2026-03-17T17:54:28+00:00","dateModified":"2026-03-26T14:00:18+00:00","mainEntityOfPage":{"@id":"https:\/\/www.sitsesp.org.br\/novo\/sitsesp-participa-da-marcha-nacional-da-enfermagem-em-brasilia\/"},"wordCount":258,"commentCount":0,"publisher":{"@id":"https:\/\/www.sitsesp.org.br\/novo\/#organization"},"image":{"@id":"https:\/\/www.sitsesp.org.br\/novo\/sitsesp-participa-da-marcha-nacional-da-enfermagem-em-brasilia\/#primaryimage"},"thumbnailUrl":"https:\/\/www.sitsesp.org.br\/novo\/wp-content\/uploads\/2026\/03\/WhatsApp-Image-2026-03-17-at-15.41.10.jpeg","articleSection":["Destaque"],"inLanguage":"pt-BR","potentialAction":[{"@type":"CommentAction","name":"Comment","target":["https:\/\/www.sitsesp.org.br\/novo\/sitsesp-participa-da-marcha-nacional-da-enfermagem-em-brasilia\/#respond"]}]},{"@type":"WebPage","@id":"https:\/\/www.sitsesp.org.br\/novo\/sitsesp-participa-da-marcha-nacional-da-enfermagem-em-brasilia\/","url":"https:\/\/www.sitsesp.org.br\/novo\/sitsesp-participa-da-marcha-nacional-da-enfermagem-em-brasilia\/","name":"SITSESP participa da Marcha Nacional da Enfermagem em Bras\u00edlia - SITSESP","isPartOf":{"@id":"https:\/\/www.sitsesp.org.br\/novo\/#website"},"primaryImageOfPage":{"@id":"https:\/\/www.sitsesp.org.br\/novo\/sitsesp-participa-da-marcha-nacional-da-enfermagem-em-brasilia\/#primaryimage"},"image":{"@id":"https:\/\/www.sitsesp.org.br\/novo\/sitsesp-participa-da-marcha-nacional-da-enfermagem-em-brasilia\/#primaryimage"},"thumbnailUrl":"https:\/\/www.sitsesp.org.br\/novo\/wp-content\/uploads\/2026\/03\/WhatsApp-Image-2026-03-17-at-15.41.10.jpeg","datePublished":"2026-03-17T17:54:28+00:00","dateModified":"2026-03-26T14:00:18+00:00","breadcrumb":{"@id":"https:\/\/www.sitsesp.org.br\/novo\/sitsesp-participa-da-marcha-nacional-da-enfermagem-em-brasilia\/#breadcrumb"},"inLanguage":"pt-BR","potentialAction":[{"@type":"ReadAction","target":["https:\/\/www.sitsesp.org.br\/novo\/sitsesp-participa-da-marcha-nacional-da-enfermagem-em-brasilia\/"]}]},{"@type":"ImageObject","inLanguage":"pt-BR","@id":"https:\/\/www.sitsesp.org.br\/novo\/sitsesp-participa-da-marcha-nacional-da-enfermagem-em-brasilia\/#primaryimage","url":"https:\/\/www.sitsesp.org.br\/novo\/wp-content\/uploads\/2026\/03\/WhatsApp-Image-2026-03-17-at-15.41.10.jpeg","contentUrl":"https:\/\/www.sitsesp.org.br\/novo\/wp-content\/uploads\/2026\/03\/WhatsApp-Image-2026-03-17-at-15.41.10.jpeg","width":1600,"height":1200},{"@type":"BreadcrumbList","@id":"https:\/\/www.sitsesp.org.br\/novo\/sitsesp-participa-da-marcha-nacional-da-enfermagem-em-brasilia\/#breadcrumb","itemListElement":[{"@type":"ListItem","position":1,"name":"In\u00edcio","item":"https:\/\/www.sitsesp.org.br\/novo\/"},{"@type":"ListItem","position":2,"name":"SITSESP participa da Marcha Nacional da Enfermagem em Bras\u00edlia"}]},{"@type":"WebSite","@id":"https:\/\/www.sitsesp.org.br\/novo\/#website","url":"https:\/\/www.sitsesp.org.br\/novo\/","name":"Sitsesp","description":"SIndicato da Socioeduca\u00e7\u00e3o do Estado de S\u00e3o Paulo","publisher":{"@id":"https:\/\/www.sitsesp.org.br\/novo\/#organization"},"potentialAction":[{"@type":"SearchAction","target":{"@type":"EntryPoint","urlTemplate":"https:\/\/www.sitsesp.org.br\/novo\/?s={search_term_string}"},"query-input":"required name=search_term_string"}],"inLanguage":"pt-BR"},{"@type":"Organization","@id":"https:\/\/www.sitsesp.org.br\/novo\/#organization","name":"Sitsesp","url":"https:\/\/www.sitsesp.org.br\/novo\/","logo":{"@type":"ImageObject","inLanguage":"pt-BR","@id":"https:\/\/www.sitsesp.org.br\/novo\/#\/schema\/logo\/image\/","url":"https:\/\/www.sitsesp.org.br\/novo\/wp-content\/uploads\/2020\/09\/Design-sem-nome-1.jpg","contentUrl":"https:\/\/www.sitsesp.org.br\/novo\/wp-content\/uploads\/2020\/09\/Design-sem-nome-1.jpg","width":300,"height":300,"caption":"Sitsesp"},"image":{"@id":"https:\/\/www.sitsesp.org.br\/novo\/#\/schema\/logo\/image\/"}},{"@type":"Person","@id":"https:\/\/www.sitsesp.org.br\/novo\/#\/schema\/person\/2a4c180eb185645b3bef8657c75e305a","name":"mhais","image":{"@type":"ImageObject","inLanguage":"pt-BR","@id":"https:\/\/www.sitsesp.org.br\/novo\/#\/schema\/person\/image\/","url":"https:\/\/secure.gravatar.com\/avatar\/6f4eabe86990e81328cf702edfa92a60?s=96&d=mm&r=g","contentUrl":"https:\/\/secure.gravatar.com\/avatar\/6f4eabe86990e81328cf702edfa92a60?s=96&d=mm&r=g","caption":"mhais"},"sameAs":["http:\/\/localhost\/sitsesp"]}]}},"_links":{"self":[{"href":"https:\/\/www.sitsesp.org.br\/novo\/wp-json\/wp\/v2\/posts\/17200"}],"collection":[{"href":"https:\/\/www.sitsesp.org.br\/novo\/wp-json\/wp\/v2\/posts"}],"about":[{"href":"https:\/\/www.sitsesp.org.br\/novo\/wp-json\/wp\/v2\/types\/post"}],"author":[{"embeddable":true,"href":"https:\/\/www.sitsesp.org.br\/novo\/wp-json\/wp\/v2\/users\/1"}],"replies":[{"embeddable":true,"href":"https:\/\/www.sitsesp.org.br\/novo\/wp-json\/wp\/v2\/comments?post=17200"}],"version-history":[{"count":1,"href":"https:\/\/www.sitsesp.org.br\/novo\/wp-json\/wp\/v2\/posts\/17200\/revisions"}],"predecessor-version":[{"id":17205,"href":"https:\/\/www.sitsesp.org.br\/novo\/wp-json\/wp\/v2\/posts\/17200\/revisions\/17205"}],"wp:featuredmedia":[{"embeddable":true,"href":"https:\/\/www.sitsesp.org.br\/novo\/wp-json\/wp\/v2\/media\/17206"}],"wp:attachment":[{"href":"https:\/\/www.sitsesp.org.br\/novo\/wp-json\/wp\/v2\/media?parent=17200"}],"wp:term":[{"taxonomy":"category","embeddable":true,"href":"https:\/\/www.sitsesp.org.br\/novo\/wp-json\/wp\/v2\/categories?post=17200"},{"taxonomy":"post_tag","embeddable":true,"href":"https:\/\/www.sitsesp.org.br\/novo\/wp-json\/wp\/v2\/tags?post=17200"}],"curies":[{"name":"wp","href":"https:\/\/api.w.org\/{rel}","templated":true}]}}