{"id":17207,"date":"2026-03-18T13:07:23","date_gmt":"2026-03-18T16:07:23","guid":{"rendered":"https:\/\/www.sitsesp.org.br\/novo\/?p=17207"},"modified":"2026-03-18T13:07:23","modified_gmt":"2026-03-18T16:07:23","slug":"campanha-salarial-2026-sitsesp-inicia-negociacoes-com-a-fundacao-casa-e-intensifica-articulacao-na-assembleia-legislativa","status":"publish","type":"post","link":"https:\/\/www.sitsesp.org.br\/novo\/campanha-salarial-2026-sitsesp-inicia-negociacoes-com-a-fundacao-casa-e-intensifica-articulacao-na-assembleia-legislativa\/","title":{"rendered":"Campanha Salarial 2026: SITSESP inicia negocia\u00e7\u00f5es com a Funda\u00e7\u00e3o CASA e intensifica articula\u00e7\u00e3o na Assembleia Legislativa"},"content":{"rendered":"<p><!-- VideographyWP Plugin Message: Automatic video embedding prevented by plugin options. --><\/p>\n<p style=\"text-align: justify;\">A Campanha Salarial 2026 dos servidores e servidoras da Funda\u00e7\u00e3o CASA avan\u00e7a para um momento decisivo. Na pr\u00f3xima sexta-feira, ser\u00e1 realizada a primeira reuni\u00e3o de negocia\u00e7\u00e3o entre o SITSESP, a comiss\u00e3o de negocia\u00e7\u00e3o e a Funda\u00e7\u00e3o CASA, com foco nas cl\u00e1usulas econ\u00f4micas da pauta apresentada pela categoria.<\/p>\n<p style=\"text-align: justify;\">O in\u00edcio das tratativas marca uma etapa importante do processo de negocia\u00e7\u00e3o, que busca garantir valoriza\u00e7\u00e3o, reconhecimento e melhores condi\u00e7\u00f5es salariais para os profissionais que atuam no sistema socioeducativo.<\/p>\n<p style=\"text-align: justify;\">Como parte das estrat\u00e9gias de mobiliza\u00e7\u00e3o e fortalecimento da campanha, a diretoria do SITSESP esteve, nesta semana, na Assembleia Legislativa de S\u00e3o Paulo, dialogando com parlamentares sobre a import\u00e2ncia de assegurar avan\u00e7os concretos para a categoria. A iniciativa teve como objetivo ampliar o apoio pol\u00edtico e institucional \u00e0s reivindica\u00e7\u00f5es dos servidores.<\/p>\n<p style=\"text-align: justify;\">A agenda no Legislativo contou com a participa\u00e7\u00e3o dos diretores Jessita Camargo, Waldir Teixeira e Joel de Sena, que refor\u00e7aram junto aos deputados a relev\u00e2ncia do trabalho desempenhado pelos servidores da Funda\u00e7\u00e3o CASA e a necessidade de reconhecimento efetivo por meio da valoriza\u00e7\u00e3o salarial.<\/p>\n<p style=\"text-align: justify;\">A atua\u00e7\u00e3o do sindicato neste momento demonstra uma estrat\u00e9gia que vai al\u00e9m da mesa de negocia\u00e7\u00e3o, buscando construir um ambiente favor\u00e1vel \u00e0s reivindica\u00e7\u00f5es por meio da articula\u00e7\u00e3o pol\u00edtica e da mobiliza\u00e7\u00e3o da categoria.<\/p>\n<p style=\"text-align: justify;\">O SITSESP refor\u00e7a que seguir\u00e1 acompanhando de perto cada etapa da negocia\u00e7\u00e3o, mantendo os servidores e servidoras informados e mobilizados. A entidade destaca, ainda, que a participa\u00e7\u00e3o ativa da categoria ser\u00e1 fundamental para fortalecer a luta por avan\u00e7os reais na Campanha Salarial 2026.<\/p>\n<p>&nbsp;<\/p>\n<p><img fetchpriority=\"high\" decoding=\"async\" class=\"alignnone size-full wp-image-17209\" src=\"https:\/\/www.sitsesp.org.br\/novo\/wp-content\/uploads\/2026\/03\/WhatsApp-Image-2026-03-17-at-15.54.51.jpeg\" alt=\"\" width=\"1540\" height=\"1155\" srcset=\"https:\/\/www.sitsesp.org.br\/novo\/wp-content\/uploads\/2026\/03\/WhatsApp-Image-2026-03-17-at-15.54.51.jpeg 1540w, https:\/\/www.sitsesp.org.br\/novo\/wp-content\/uploads\/2026\/03\/WhatsApp-Image-2026-03-17-at-15.54.51-300x225.jpeg 300w, https:\/\/www.sitsesp.org.br\/novo\/wp-content\/uploads\/2026\/03\/WhatsApp-Image-2026-03-17-at-15.54.51-1024x768.jpeg 1024w, https:\/\/www.sitsesp.org.br\/novo\/wp-content\/uploads\/2026\/03\/WhatsApp-Image-2026-03-17-at-15.54.51-768x576.jpeg 768w, https:\/\/www.sitsesp.org.br\/novo\/wp-content\/uploads\/2026\/03\/WhatsApp-Image-2026-03-17-at-15.54.51-1536x1152.jpeg 1536w, https:\/\/www.sitsesp.org.br\/novo\/wp-content\/uploads\/2026\/03\/WhatsApp-Image-2026-03-17-at-15.54.51-1170x878.jpeg 1170w, https:\/\/www.sitsesp.org.br\/novo\/wp-content\/uploads\/2026\/03\/WhatsApp-Image-2026-03-17-at-15.54.51-585x439.jpeg 585w\" sizes=\"(max-width: 1540px) 100vw, 1540px\" \/><\/p>\n<p><img decoding=\"async\" class=\"alignnone size-full wp-image-17210\" src=\"https:\/\/www.sitsesp.org.br\/novo\/wp-content\/uploads\/2026\/03\/WhatsApp-Image-2026-03-17-at-15.54.50.jpeg\" alt=\"\" width=\"1600\" height=\"1204\" srcset=\"https:\/\/www.sitsesp.org.br\/novo\/wp-content\/uploads\/2026\/03\/WhatsApp-Image-2026-03-17-at-15.54.50.jpeg 1600w, https:\/\/www.sitsesp.org.br\/novo\/wp-content\/uploads\/2026\/03\/WhatsApp-Image-2026-03-17-at-15.54.50-300x226.jpeg 300w, https:\/\/www.sitsesp.org.br\/novo\/wp-content\/uploads\/2026\/03\/WhatsApp-Image-2026-03-17-at-15.54.50-1024x771.jpeg 1024w, https:\/\/www.sitsesp.org.br\/novo\/wp-content\/uploads\/2026\/03\/WhatsApp-Image-2026-03-17-at-15.54.50-768x578.jpeg 768w, https:\/\/www.sitsesp.org.br\/novo\/wp-content\/uploads\/2026\/03\/WhatsApp-Image-2026-03-17-at-15.54.50-1536x1156.jpeg 1536w, https:\/\/www.sitsesp.org.br\/novo\/wp-content\/uploads\/2026\/03\/WhatsApp-Image-2026-03-17-at-15.54.50-1170x880.jpeg 1170w, https:\/\/www.sitsesp.org.br\/novo\/wp-content\/uploads\/2026\/03\/WhatsApp-Image-2026-03-17-at-15.54.50-585x440.jpeg 585w\" sizes=\"(max-width: 1600px) 100vw, 1600px\" \/><\/p>\n<p><img decoding=\"async\" class=\"alignnone size-full wp-image-17211\" src=\"https:\/\/www.sitsesp.org.br\/novo\/wp-content\/uploads\/2026\/03\/WhatsApp-Image-2026-03-17-at-15.54.51-1.jpeg\" alt=\"\" width=\"1600\" height=\"1200\" srcset=\"https:\/\/www.sitsesp.org.br\/novo\/wp-content\/uploads\/2026\/03\/WhatsApp-Image-2026-03-17-at-15.54.51-1.jpeg 1600w, https:\/\/www.sitsesp.org.br\/novo\/wp-content\/uploads\/2026\/03\/WhatsApp-Image-2026-03-17-at-15.54.51-1-300x225.jpeg 300w, https:\/\/www.sitsesp.org.br\/novo\/wp-content\/uploads\/2026\/03\/WhatsApp-Image-2026-03-17-at-15.54.51-1-1024x768.jpeg 1024w, https:\/\/www.sitsesp.org.br\/novo\/wp-content\/uploads\/2026\/03\/WhatsApp-Image-2026-03-17-at-15.54.51-1-768x576.jpeg 768w, https:\/\/www.sitsesp.org.br\/novo\/wp-content\/uploads\/2026\/03\/WhatsApp-Image-2026-03-17-at-15.54.51-1-1536x1152.jpeg 1536w, https:\/\/www.sitsesp.org.br\/novo\/wp-content\/uploads\/2026\/03\/WhatsApp-Image-2026-03-17-at-15.54.51-1-1170x878.jpeg 1170w, https:\/\/www.sitsesp.org.br\/novo\/wp-content\/uploads\/2026\/03\/WhatsApp-Image-2026-03-17-at-15.54.51-1-585x439.jpeg 585w\" sizes=\"(max-width: 1600px) 100vw, 1600px\" \/><img loading=\"lazy\" decoding=\"async\" class=\"alignnone size-full wp-image-17212\" src=\"https:\/\/www.sitsesp.org.br\/novo\/wp-content\/uploads\/2026\/03\/WhatsApp-Image-2026-03-17-at-15.54.52.jpeg\" alt=\"\" width=\"1204\" height=\"1600\" srcset=\"https:\/\/www.sitsesp.org.br\/novo\/wp-content\/uploads\/2026\/03\/WhatsApp-Image-2026-03-17-at-15.54.52.jpeg 1204w, https:\/\/www.sitsesp.org.br\/novo\/wp-content\/uploads\/2026\/03\/WhatsApp-Image-2026-03-17-at-15.54.52-226x300.jpeg 226w, https:\/\/www.sitsesp.org.br\/novo\/wp-content\/uploads\/2026\/03\/WhatsApp-Image-2026-03-17-at-15.54.52-771x1024.jpeg 771w, https:\/\/www.sitsesp.org.br\/novo\/wp-content\/uploads\/2026\/03\/WhatsApp-Image-2026-03-17-at-15.54.52-768x1021.jpeg 768w, https:\/\/www.sitsesp.org.br\/novo\/wp-content\/uploads\/2026\/03\/WhatsApp-Image-2026-03-17-at-15.54.52-1156x1536.jpeg 1156w, https:\/\/www.sitsesp.org.br\/novo\/wp-content\/uploads\/2026\/03\/WhatsApp-Image-2026-03-17-at-15.54.52-1170x1555.jpeg 1170w, https:\/\/www.sitsesp.org.br\/novo\/wp-content\/uploads\/2026\/03\/WhatsApp-Image-2026-03-17-at-15.54.52-585x777.jpeg 585w\" sizes=\"(max-width: 1204px) 100vw, 1204px\" \/><\/p>\n<p>&nbsp;<\/p>\n","protected":false},"excerpt":{"rendered":"<p>A Campanha Salarial 2026 dos servidores e servidoras da Funda\u00e7\u00e3o CASA avan\u00e7a para um momento decisivo. Na pr\u00f3xima sexta-feira, ser\u00e1 realizada&hellip;<\/p>\n","protected":false},"author":1,"featured_media":17208,"comment_status":"open","ping_status":"open","sticky":false,"template":"","format":"standard","meta":{"cybocfi_hide_featured_image":"","footnotes":""},"categories":[22],"tags":[],"yoast_head":"<!-- This site is optimized with the Yoast SEO plugin v22.8 - https:\/\/yoast.com\/wordpress\/plugins\/seo\/ -->\n<title>Campanha Salarial 2026: SITSESP inicia negocia\u00e7\u00f5es com a Funda\u00e7\u00e3o CASA e intensifica articula\u00e7\u00e3o na Assembleia Legislativa - SITSESP<\/title>\n<meta name=\"robots\" content=\"index, follow, max-snippet:-1, max-image-preview:large, max-video-preview:-1\" \/>\n<link rel=\"canonical\" href=\"https:\/\/www.sitsesp.org.br\/novo\/campanha-salarial-2026-sitsesp-inicia-negociacoes-com-a-fundacao-casa-e-intensifica-articulacao-na-assembleia-legislativa\/\" \/>\n<meta property=\"og:locale\" content=\"pt_BR\" \/>\n<meta property=\"og:type\" content=\"article\" \/>\n<meta property=\"og:title\" content=\"Campanha Salarial 2026: SITSESP inicia negocia\u00e7\u00f5es com a Funda\u00e7\u00e3o CASA e intensifica articula\u00e7\u00e3o na Assembleia Legislativa - SITSESP\" \/>\n<meta property=\"og:description\" content=\"A Campanha Salarial 2026 dos servidores e servidoras da Funda\u00e7\u00e3o CASA avan\u00e7a para um momento decisivo. Na pr\u00f3xima sexta-feira, ser\u00e1 realizada&hellip;\" \/>\n<meta property=\"og:url\" content=\"https:\/\/www.sitsesp.org.br\/novo\/campanha-salarial-2026-sitsesp-inicia-negociacoes-com-a-fundacao-casa-e-intensifica-articulacao-na-assembleia-legislativa\/\" \/>\n<meta property=\"og:site_name\" content=\"SITSESP\" \/>\n<meta property=\"article:published_time\" content=\"2026-03-18T16:07:23+00:00\" \/>\n<meta property=\"og:image\" content=\"https:\/\/www.sitsesp.org.br\/novo\/wp-content\/uploads\/2026\/03\/WhatsApp-Image-2026-03-17-at-15.54.49.jpeg\" \/>\n\t<meta property=\"og:image:width\" content=\"1600\" \/>\n\t<meta property=\"og:image:height\" content=\"1204\" \/>\n\t<meta property=\"og:image:type\" content=\"image\/jpeg\" \/>\n<meta name=\"author\" content=\"mhais\" \/>\n<meta name=\"twitter:card\" content=\"summary_large_image\" \/>\n<meta name=\"twitter:label1\" content=\"Escrito por\" \/>\n\t<meta name=\"twitter:data1\" content=\"mhais\" \/>\n\t<meta name=\"twitter:label2\" content=\"Est. tempo de leitura\" \/>\n\t<meta name=\"twitter:data2\" content=\"3 minutos\" \/>\n<script type=\"application\/ld+json\" class=\"yoast-schema-graph\">{\"@context\":\"https:\/\/schema.org\",\"@graph\":[{\"@type\":\"Article\",\"@id\":\"https:\/\/www.sitsesp.org.br\/novo\/campanha-salarial-2026-sitsesp-inicia-negociacoes-com-a-fundacao-casa-e-intensifica-articulacao-na-assembleia-legislativa\/#article\",\"isPartOf\":{\"@id\":\"https:\/\/www.sitsesp.org.br\/novo\/campanha-salarial-2026-sitsesp-inicia-negociacoes-com-a-fundacao-casa-e-intensifica-articulacao-na-assembleia-legislativa\/\"},\"author\":{\"name\":\"mhais\",\"@id\":\"https:\/\/www.sitsesp.org.br\/novo\/#\/schema\/person\/2a4c180eb185645b3bef8657c75e305a\"},\"headline\":\"Campanha Salarial 2026: SITSESP inicia negocia\u00e7\u00f5es com a Funda\u00e7\u00e3o CASA e intensifica articula\u00e7\u00e3o na Assembleia Legislativa\",\"datePublished\":\"2026-03-18T16:07:23+00:00\",\"dateModified\":\"2026-03-18T16:07:23+00:00\",\"mainEntityOfPage\":{\"@id\":\"https:\/\/www.sitsesp.org.br\/novo\/campanha-salarial-2026-sitsesp-inicia-negociacoes-com-a-fundacao-casa-e-intensifica-articulacao-na-assembleia-legislativa\/\"},\"wordCount\":304,\"commentCount\":0,\"publisher\":{\"@id\":\"https:\/\/www.sitsesp.org.br\/novo\/#organization\"},\"image\":{\"@id\":\"https:\/\/www.sitsesp.org.br\/novo\/campanha-salarial-2026-sitsesp-inicia-negociacoes-com-a-fundacao-casa-e-intensifica-articulacao-na-assembleia-legislativa\/#primaryimage\"},\"thumbnailUrl\":\"https:\/\/www.sitsesp.org.br\/novo\/wp-content\/uploads\/2026\/03\/WhatsApp-Image-2026-03-17-at-15.54.49.jpeg\",\"articleSection\":[\"Noticias\"],\"inLanguage\":\"pt-BR\",\"potentialAction\":[{\"@type\":\"CommentAction\",\"name\":\"Comment\",\"target\":[\"https:\/\/www.sitsesp.org.br\/novo\/campanha-salarial-2026-sitsesp-inicia-negociacoes-com-a-fundacao-casa-e-intensifica-articulacao-na-assembleia-legislativa\/#respond\"]}]},{\"@type\":\"WebPage\",\"@id\":\"https:\/\/www.sitsesp.org.br\/novo\/campanha-salarial-2026-sitsesp-inicia-negociacoes-com-a-fundacao-casa-e-intensifica-articulacao-na-assembleia-legislativa\/\",\"url\":\"https:\/\/www.sitsesp.org.br\/novo\/campanha-salarial-2026-sitsesp-inicia-negociacoes-com-a-fundacao-casa-e-intensifica-articulacao-na-assembleia-legislativa\/\",\"name\":\"Campanha Salarial 2026: SITSESP inicia negocia\u00e7\u00f5es com a Funda\u00e7\u00e3o CASA e intensifica articula\u00e7\u00e3o na Assembleia Legislativa - SITSESP\",\"isPartOf\":{\"@id\":\"https:\/\/www.sitsesp.org.br\/novo\/#website\"},\"primaryImageOfPage\":{\"@id\":\"https:\/\/www.sitsesp.org.br\/novo\/campanha-salarial-2026-sitsesp-inicia-negociacoes-com-a-fundacao-casa-e-intensifica-articulacao-na-assembleia-legislativa\/#primaryimage\"},\"image\":{\"@id\":\"https:\/\/www.sitsesp.org.br\/novo\/campanha-salarial-2026-sitsesp-inicia-negociacoes-com-a-fundacao-casa-e-intensifica-articulacao-na-assembleia-legislativa\/#primaryimage\"},\"thumbnailUrl\":\"https:\/\/www.sitsesp.org.br\/novo\/wp-content\/uploads\/2026\/03\/WhatsApp-Image-2026-03-17-at-15.54.49.jpeg\",\"datePublished\":\"2026-03-18T16:07:23+00:00\",\"dateModified\":\"2026-03-18T16:07:23+00:00\",\"breadcrumb\":{\"@id\":\"https:\/\/www.sitsesp.org.br\/novo\/campanha-salarial-2026-sitsesp-inicia-negociacoes-com-a-fundacao-casa-e-intensifica-articulacao-na-assembleia-legislativa\/#breadcrumb\"},\"inLanguage\":\"pt-BR\",\"potentialAction\":[{\"@type\":\"ReadAction\",\"target\":[\"https:\/\/www.sitsesp.org.br\/novo\/campanha-salarial-2026-sitsesp-inicia-negociacoes-com-a-fundacao-casa-e-intensifica-articulacao-na-assembleia-legislativa\/\"]}]},{\"@type\":\"ImageObject\",\"inLanguage\":\"pt-BR\",\"@id\":\"https:\/\/www.sitsesp.org.br\/novo\/campanha-salarial-2026-sitsesp-inicia-negociacoes-com-a-fundacao-casa-e-intensifica-articulacao-na-assembleia-legislativa\/#primaryimage\",\"url\":\"https:\/\/www.sitsesp.org.br\/novo\/wp-content\/uploads\/2026\/03\/WhatsApp-Image-2026-03-17-at-15.54.49.jpeg\",\"contentUrl\":\"https:\/\/www.sitsesp.org.br\/novo\/wp-content\/uploads\/2026\/03\/WhatsApp-Image-2026-03-17-at-15.54.49.jpeg\",\"width\":1600,\"height\":1204},{\"@type\":\"BreadcrumbList\",\"@id\":\"https:\/\/www.sitsesp.org.br\/novo\/campanha-salarial-2026-sitsesp-inicia-negociacoes-com-a-fundacao-casa-e-intensifica-articulacao-na-assembleia-legislativa\/#breadcrumb\",\"itemListElement\":[{\"@type\":\"ListItem\",\"position\":1,\"name\":\"In\u00edcio\",\"item\":\"https:\/\/www.sitsesp.org.br\/novo\/\"},{\"@type\":\"ListItem\",\"position\":2,\"name\":\"Campanha Salarial 2026: SITSESP inicia negocia\u00e7\u00f5es com a Funda\u00e7\u00e3o CASA e intensifica articula\u00e7\u00e3o na Assembleia Legislativa\"}]},{\"@type\":\"WebSite\",\"@id\":\"https:\/\/www.sitsesp.org.br\/novo\/#website\",\"url\":\"https:\/\/www.sitsesp.org.br\/novo\/\",\"name\":\"Sitsesp\",\"description\":\"SIndicato da Socioeduca\u00e7\u00e3o do Estado de S\u00e3o Paulo\",\"publisher\":{\"@id\":\"https:\/\/www.sitsesp.org.br\/novo\/#organization\"},\"potentialAction\":[{\"@type\":\"SearchAction\",\"target\":{\"@type\":\"EntryPoint\",\"urlTemplate\":\"https:\/\/www.sitsesp.org.br\/novo\/?s={search_term_string}\"},\"query-input\":\"required name=search_term_string\"}],\"inLanguage\":\"pt-BR\"},{\"@type\":\"Organization\",\"@id\":\"https:\/\/www.sitsesp.org.br\/novo\/#organization\",\"name\":\"Sitsesp\",\"url\":\"https:\/\/www.sitsesp.org.br\/novo\/\",\"logo\":{\"@type\":\"ImageObject\",\"inLanguage\":\"pt-BR\",\"@id\":\"https:\/\/www.sitsesp.org.br\/novo\/#\/schema\/logo\/image\/\",\"url\":\"https:\/\/www.sitsesp.org.br\/novo\/wp-content\/uploads\/2020\/09\/Design-sem-nome-1.jpg\",\"contentUrl\":\"https:\/\/www.sitsesp.org.br\/novo\/wp-content\/uploads\/2020\/09\/Design-sem-nome-1.jpg\",\"width\":300,\"height\":300,\"caption\":\"Sitsesp\"},\"image\":{\"@id\":\"https:\/\/www.sitsesp.org.br\/novo\/#\/schema\/logo\/image\/\"}},{\"@type\":\"Person\",\"@id\":\"https:\/\/www.sitsesp.org.br\/novo\/#\/schema\/person\/2a4c180eb185645b3bef8657c75e305a\",\"name\":\"mhais\",\"image\":{\"@type\":\"ImageObject\",\"inLanguage\":\"pt-BR\",\"@id\":\"https:\/\/www.sitsesp.org.br\/novo\/#\/schema\/person\/image\/\",\"url\":\"https:\/\/secure.gravatar.com\/avatar\/6f4eabe86990e81328cf702edfa92a60?s=96&d=mm&r=g\",\"contentUrl\":\"https:\/\/secure.gravatar.com\/avatar\/6f4eabe86990e81328cf702edfa92a60?s=96&d=mm&r=g\",\"caption\":\"mhais\"},\"sameAs\":[\"http:\/\/localhost\/sitsesp\"]}]}<\/script>\n<!-- \/ Yoast SEO plugin. -->","yoast_head_json":{"title":"Campanha Salarial 2026: SITSESP inicia negocia\u00e7\u00f5es com a Funda\u00e7\u00e3o CASA e intensifica articula\u00e7\u00e3o na Assembleia Legislativa - SITSESP","robots":{"index":"index","follow":"follow","max-snippet":"max-snippet:-1","max-image-preview":"max-image-preview:large","max-video-preview":"max-video-preview:-1"},"canonical":"https:\/\/www.sitsesp.org.br\/novo\/campanha-salarial-2026-sitsesp-inicia-negociacoes-com-a-fundacao-casa-e-intensifica-articulacao-na-assembleia-legislativa\/","og_locale":"pt_BR","og_type":"article","og_title":"Campanha Salarial 2026: SITSESP inicia negocia\u00e7\u00f5es com a Funda\u00e7\u00e3o CASA e intensifica articula\u00e7\u00e3o na Assembleia Legislativa - SITSESP","og_description":"A Campanha Salarial 2026 dos servidores e servidoras da Funda\u00e7\u00e3o CASA avan\u00e7a para um momento decisivo. Na pr\u00f3xima sexta-feira, ser\u00e1 realizada&hellip;","og_url":"https:\/\/www.sitsesp.org.br\/novo\/campanha-salarial-2026-sitsesp-inicia-negociacoes-com-a-fundacao-casa-e-intensifica-articulacao-na-assembleia-legislativa\/","og_site_name":"SITSESP","article_published_time":"2026-03-18T16:07:23+00:00","og_image":[{"width":1600,"height":1204,"url":"https:\/\/www.sitsesp.org.br\/novo\/wp-content\/uploads\/2026\/03\/WhatsApp-Image-2026-03-17-at-15.54.49.jpeg","type":"image\/jpeg"}],"author":"mhais","twitter_card":"summary_large_image","twitter_misc":{"Escrito por":"mhais","Est. tempo de leitura":"3 minutos"},"schema":{"@context":"https:\/\/schema.org","@graph":[{"@type":"Article","@id":"https:\/\/www.sitsesp.org.br\/novo\/campanha-salarial-2026-sitsesp-inicia-negociacoes-com-a-fundacao-casa-e-intensifica-articulacao-na-assembleia-legislativa\/#article","isPartOf":{"@id":"https:\/\/www.sitsesp.org.br\/novo\/campanha-salarial-2026-sitsesp-inicia-negociacoes-com-a-fundacao-casa-e-intensifica-articulacao-na-assembleia-legislativa\/"},"author":{"name":"mhais","@id":"https:\/\/www.sitsesp.org.br\/novo\/#\/schema\/person\/2a4c180eb185645b3bef8657c75e305a"},"headline":"Campanha Salarial 2026: SITSESP inicia negocia\u00e7\u00f5es com a Funda\u00e7\u00e3o CASA e intensifica articula\u00e7\u00e3o na Assembleia Legislativa","datePublished":"2026-03-18T16:07:23+00:00","dateModified":"2026-03-18T16:07:23+00:00","mainEntityOfPage":{"@id":"https:\/\/www.sitsesp.org.br\/novo\/campanha-salarial-2026-sitsesp-inicia-negociacoes-com-a-fundacao-casa-e-intensifica-articulacao-na-assembleia-legislativa\/"},"wordCount":304,"commentCount":0,"publisher":{"@id":"https:\/\/www.sitsesp.org.br\/novo\/#organization"},"image":{"@id":"https:\/\/www.sitsesp.org.br\/novo\/campanha-salarial-2026-sitsesp-inicia-negociacoes-com-a-fundacao-casa-e-intensifica-articulacao-na-assembleia-legislativa\/#primaryimage"},"thumbnailUrl":"https:\/\/www.sitsesp.org.br\/novo\/wp-content\/uploads\/2026\/03\/WhatsApp-Image-2026-03-17-at-15.54.49.jpeg","articleSection":["Noticias"],"inLanguage":"pt-BR","potentialAction":[{"@type":"CommentAction","name":"Comment","target":["https:\/\/www.sitsesp.org.br\/novo\/campanha-salarial-2026-sitsesp-inicia-negociacoes-com-a-fundacao-casa-e-intensifica-articulacao-na-assembleia-legislativa\/#respond"]}]},{"@type":"WebPage","@id":"https:\/\/www.sitsesp.org.br\/novo\/campanha-salarial-2026-sitsesp-inicia-negociacoes-com-a-fundacao-casa-e-intensifica-articulacao-na-assembleia-legislativa\/","url":"https:\/\/www.sitsesp.org.br\/novo\/campanha-salarial-2026-sitsesp-inicia-negociacoes-com-a-fundacao-casa-e-intensifica-articulacao-na-assembleia-legislativa\/","name":"Campanha Salarial 2026: SITSESP inicia negocia\u00e7\u00f5es com a Funda\u00e7\u00e3o CASA e intensifica articula\u00e7\u00e3o na Assembleia Legislativa - SITSESP","isPartOf":{"@id":"https:\/\/www.sitsesp.org.br\/novo\/#website"},"primaryImageOfPage":{"@id":"https:\/\/www.sitsesp.org.br\/novo\/campanha-salarial-2026-sitsesp-inicia-negociacoes-com-a-fundacao-casa-e-intensifica-articulacao-na-assembleia-legislativa\/#primaryimage"},"image":{"@id":"https:\/\/www.sitsesp.org.br\/novo\/campanha-salarial-2026-sitsesp-inicia-negociacoes-com-a-fundacao-casa-e-intensifica-articulacao-na-assembleia-legislativa\/#primaryimage"},"thumbnailUrl":"https:\/\/www.sitsesp.org.br\/novo\/wp-content\/uploads\/2026\/03\/WhatsApp-Image-2026-03-17-at-15.54.49.jpeg","datePublished":"2026-03-18T16:07:23+00:00","dateModified":"2026-03-18T16:07:23+00:00","breadcrumb":{"@id":"https:\/\/www.sitsesp.org.br\/novo\/campanha-salarial-2026-sitsesp-inicia-negociacoes-com-a-fundacao-casa-e-intensifica-articulacao-na-assembleia-legislativa\/#breadcrumb"},"inLanguage":"pt-BR","potentialAction":[{"@type":"ReadAction","target":["https:\/\/www.sitsesp.org.br\/novo\/campanha-salarial-2026-sitsesp-inicia-negociacoes-com-a-fundacao-casa-e-intensifica-articulacao-na-assembleia-legislativa\/"]}]},{"@type":"ImageObject","inLanguage":"pt-BR","@id":"https:\/\/www.sitsesp.org.br\/novo\/campanha-salarial-2026-sitsesp-inicia-negociacoes-com-a-fundacao-casa-e-intensifica-articulacao-na-assembleia-legislativa\/#primaryimage","url":"https:\/\/www.sitsesp.org.br\/novo\/wp-content\/uploads\/2026\/03\/WhatsApp-Image-2026-03-17-at-15.54.49.jpeg","contentUrl":"https:\/\/www.sitsesp.org.br\/novo\/wp-content\/uploads\/2026\/03\/WhatsApp-Image-2026-03-17-at-15.54.49.jpeg","width":1600,"height":1204},{"@type":"BreadcrumbList","@id":"https:\/\/www.sitsesp.org.br\/novo\/campanha-salarial-2026-sitsesp-inicia-negociacoes-com-a-fundacao-casa-e-intensifica-articulacao-na-assembleia-legislativa\/#breadcrumb","itemListElement":[{"@type":"ListItem","position":1,"name":"In\u00edcio","item":"https:\/\/www.sitsesp.org.br\/novo\/"},{"@type":"ListItem","position":2,"name":"Campanha Salarial 2026: SITSESP inicia negocia\u00e7\u00f5es com a Funda\u00e7\u00e3o CASA e intensifica articula\u00e7\u00e3o na Assembleia Legislativa"}]},{"@type":"WebSite","@id":"https:\/\/www.sitsesp.org.br\/novo\/#website","url":"https:\/\/www.sitsesp.org.br\/novo\/","name":"Sitsesp","description":"SIndicato da Socioeduca\u00e7\u00e3o do Estado de S\u00e3o Paulo","publisher":{"@id":"https:\/\/www.sitsesp.org.br\/novo\/#organization"},"potentialAction":[{"@type":"SearchAction","target":{"@type":"EntryPoint","urlTemplate":"https:\/\/www.sitsesp.org.br\/novo\/?s={search_term_string}"},"query-input":"required name=search_term_string"}],"inLanguage":"pt-BR"},{"@type":"Organization","@id":"https:\/\/www.sitsesp.org.br\/novo\/#organization","name":"Sitsesp","url":"https:\/\/www.sitsesp.org.br\/novo\/","logo":{"@type":"ImageObject","inLanguage":"pt-BR","@id":"https:\/\/www.sitsesp.org.br\/novo\/#\/schema\/logo\/image\/","url":"https:\/\/www.sitsesp.org.br\/novo\/wp-content\/uploads\/2020\/09\/Design-sem-nome-1.jpg","contentUrl":"https:\/\/www.sitsesp.org.br\/novo\/wp-content\/uploads\/2020\/09\/Design-sem-nome-1.jpg","width":300,"height":300,"caption":"Sitsesp"},"image":{"@id":"https:\/\/www.sitsesp.org.br\/novo\/#\/schema\/logo\/image\/"}},{"@type":"Person","@id":"https:\/\/www.sitsesp.org.br\/novo\/#\/schema\/person\/2a4c180eb185645b3bef8657c75e305a","name":"mhais","image":{"@type":"ImageObject","inLanguage":"pt-BR","@id":"https:\/\/www.sitsesp.org.br\/novo\/#\/schema\/person\/image\/","url":"https:\/\/secure.gravatar.com\/avatar\/6f4eabe86990e81328cf702edfa92a60?s=96&d=mm&r=g","contentUrl":"https:\/\/secure.gravatar.com\/avatar\/6f4eabe86990e81328cf702edfa92a60?s=96&d=mm&r=g","caption":"mhais"},"sameAs":["http:\/\/localhost\/sitsesp"]}]}},"_links":{"self":[{"href":"https:\/\/www.sitsesp.org.br\/novo\/wp-json\/wp\/v2\/posts\/17207"}],"collection":[{"href":"https:\/\/www.sitsesp.org.br\/novo\/wp-json\/wp\/v2\/posts"}],"about":[{"href":"https:\/\/www.sitsesp.org.br\/novo\/wp-json\/wp\/v2\/types\/post"}],"author":[{"embeddable":true,"href":"https:\/\/www.sitsesp.org.br\/novo\/wp-json\/wp\/v2\/users\/1"}],"replies":[{"embeddable":true,"href":"https:\/\/www.sitsesp.org.br\/novo\/wp-json\/wp\/v2\/comments?post=17207"}],"version-history":[{"count":1,"href":"https:\/\/www.sitsesp.org.br\/novo\/wp-json\/wp\/v2\/posts\/17207\/revisions"}],"predecessor-version":[{"id":17213,"href":"https:\/\/www.sitsesp.org.br\/novo\/wp-json\/wp\/v2\/posts\/17207\/revisions\/17213"}],"wp:featuredmedia":[{"embeddable":true,"href":"https:\/\/www.sitsesp.org.br\/novo\/wp-json\/wp\/v2\/media\/17208"}],"wp:attachment":[{"href":"https:\/\/www.sitsesp.org.br\/novo\/wp-json\/wp\/v2\/media?parent=17207"}],"wp:term":[{"taxonomy":"category","embeddable":true,"href":"https:\/\/www.sitsesp.org.br\/novo\/wp-json\/wp\/v2\/categories?post=17207"},{"taxonomy":"post_tag","embeddable":true,"href":"https:\/\/www.sitsesp.org.br\/novo\/wp-json\/wp\/v2\/tags?post=17207"}],"curies":[{"name":"wp","href":"https:\/\/api.w.org\/{rel}","templated":true}]}}