{"id":17338,"date":"2026-04-30T07:57:36","date_gmt":"2026-04-30T10:57:36","guid":{"rendered":"https:\/\/www.sitsesp.org.br\/novo\/?p=17338"},"modified":"2026-04-30T08:51:24","modified_gmt":"2026-04-30T11:51:24","slug":"justica-determina-pagamento-imediato-de-auxilio-deslocamento-a-servidores-da-fundacao-casa","status":"publish","type":"post","link":"https:\/\/www.sitsesp.org.br\/novo\/justica-determina-pagamento-imediato-de-auxilio-deslocamento-a-servidores-da-fundacao-casa\/","title":{"rendered":"JUSTI\u00c7A DETERMINA PAGAMENTO IMEDIATO DE AUX\u00cdLIO DESLOCAMENTO A SERVIDORES DA FUNDA\u00c7\u00c3O CASA"},"content":{"rendered":"<p><!-- VideographyWP Plugin Message: Automatic video embedding prevented by plugin options. --><\/p>\n<p style=\"text-align: justify;\">Na tarde de ontem, no Tribunal Regional do Trabalho da 2.\u00aa Regi\u00e3o (TRT-2), ocorreu a sess\u00e3o de julgamento do diss\u00eddio coletivo de 2025.<\/p>\n<p style=\"text-align: justify;\">A decis\u00e3o foi de grande impacto para os servidores e servidoras da Funda\u00e7\u00e3o CASA. No julgamento do diss\u00eddio coletivo de 2025, a Justi\u00e7a determinou o cumprimento imediato do pagamento do Aux\u00edlio Deslocamento\/combust\u00edvel, atendendo a uma reivindica\u00e7\u00e3o hist\u00f3rica da categoria.<\/p>\n<p style=\"text-align: justify;\">A medida beneficia diretamente 33 centros da institui\u00e7\u00e3o (veja a rela\u00e7\u00e3o das unidades ao final).<br \/>\nA decis\u00e3o reconhece uma realidade enfrentada diariamente por muitos trabalhadores: a necessidade de percorrer longas dist\u00e2ncias at\u00e9 os locais de trabalho, e nesse caso, comprovadamente\u00a0 sem acesso a transporte p\u00fablico.<br \/>\nUm dos pontos centrais da senten\u00e7a \u2014 considerado uma vit\u00f3ria hist\u00f3rica \u2014 estabelece que a Funda\u00e7\u00e3o CASA dever\u00e1 garantir o transporte dos trabalhadores nessas 33 unidades, por meio de fretamento (\u00f4nibus ou vans). Caso n\u00e3o cumpra essa obriga\u00e7\u00e3o, a institui\u00e7\u00e3o ser\u00e1 obrigada a pagar uma ajuda de custo por quil\u00f4metro rodado no trajeto resid\u00eancia\u2013trabalho\u2013resid\u00eancia.<\/p>\n<p style=\"text-align: justify;\">O valor desse reembolso dever\u00e1 seguir a tabela interna da pr\u00f3pria Funda\u00e7\u00e3o CASA, embora o par\u00e2metro exato ainda n\u00e3o tenha sido detalhado.<\/p>\n<p style=\"text-align: justify;\">Diante dessa lacuna, o jur\u00eddico da categoria j\u00e1 avalia a apresenta\u00e7\u00e3o de embargos para que o ac\u00f3rd\u00e3o traga uma refer\u00eancia mais clara, possivelmente vinculada a crit\u00e9rios utilizados pelo pr\u00f3prio TRT ou pelo Tribunal de Justi\u00e7a, garantindo maior seguran\u00e7a jur\u00eddica na aplica\u00e7\u00e3o da medida.<\/p>\n<p style=\"text-align: justify;\">At\u00e9 ent\u00e3o, esses custos vinham sendo arcados pelos pr\u00f3prios servidores e servidoras, gerando impacto direto no or\u00e7amento familiar. Com a determina\u00e7\u00e3o judicial, esse cen\u00e1rio come\u00e7a a ser corrigido, trazendo al\u00edvio financeiro e mais justi\u00e7a \u00e0s condi\u00e7\u00f5es de trabalho para esses locais.<\/p>\n<p style=\"text-align: justify;\">A conquista tamb\u00e9m evidencia o trabalho decisivo do corpo jur\u00eddico do SITSESP, com atua\u00e7\u00e3o destacada do advogado Ronaldo Pagotto. Com forte embasamento t\u00e9cnico, a equipe apresentou provas consistentes da realidade enfrentada nas unidades e sustentou, com firmeza, a necessidade do benef\u00edcio \u2014 atua\u00e7\u00e3o que foi fundamental para o resultado favor\u00e1vel.<br \/>\nO julgamento contou ainda com a presen\u00e7a ativa da diretoria do SITSESP, al\u00e9m de diversos servidores e servidoras que acompanharam a sess\u00e3o, refor\u00e7ando a mobiliza\u00e7\u00e3o e a unidade da categoria em torno de suas reivindica\u00e7\u00f5es.<\/p>\n<p style=\"text-align: justify;\">Por outro lado, nem todos os pontos da pauta tiveram desfecho positivo neste julgamento. As reivindica\u00e7\u00f5es relacionadas \u00e0 4\u00aa folga da enfermagem e \u00e0 folga do per\u00edodo noturno n\u00e3o obtiveram \u00eaxito nesta etapa. Apesar do forte empenho do jur\u00eddico do SITSESP, que apresentou defesa consistente sobre esses temas, a Justi\u00e7a n\u00e3o acolheu os pedidos.<\/p>\n<p style=\"text-align: justify;\">Diante disso, o departamento jur\u00eddico j\u00e1 se mobiliza para interpor recurso, com o objetivo de reverter a decis\u00e3o nesses pontos e garantir o reconhecimento desses direitos aos servidores e servidoras.<\/p>\n<p style=\"text-align: justify;\">O presidente do SITSESP, Neemias de Souza, destacou a import\u00e2ncia do resultado, sem deixar de apontar os pr\u00f3ximos desafios: \u201cEssa \u00e9 uma grande vit\u00f3ria da nossa categoria, constru\u00edda com muita luta e organiza\u00e7\u00e3o. Conseguimos avan\u00e7ar em um tema essencial, que impacta diretamente o bolso dos trabalhadores. Ao mesmo tempo, reafirmo nosso compromisso de seguir atuando com firmeza para reverter os pontos em que n\u00e3o tivemos \u00eaxito. Os servidores e servidoras podem ter certeza de que n\u00e3o vamos recuar na defesa dos seus direitos.\u201d<br \/>\nO resultado geral do diss\u00eddio refor\u00e7a a import\u00e2ncia da atua\u00e7\u00e3o organizada e qualificada na defesa dos direitos da categoria. Agora, a expectativa se volta para o cumprimento imediato da decis\u00e3o e para os pr\u00f3ximos desdobramentos jur\u00eddicos.<\/p>\n<p>No link abaixo, voc\u00ea assiste \u00e0 audi\u00eancia completa:<\/p>\n<p><iframe title=\"SESS\u00c3O DA SDC DO TRT-2 | DIA 29\/04\/2026\" width=\"1170\" height=\"658\" src=\"https:\/\/www.youtube.com\/embed\/XmvtaQwcRLg?feature=oembed\" frameborder=\"0\" allow=\"accelerometer; autoplay; clipboard-write; encrypted-media; gyroscope; picture-in-picture; web-share\" referrerpolicy=\"strict-origin-when-cross-origin\" allowfullscreen><\/iframe><\/p>\n<p>&nbsp;<\/p>\n<p>Veja abaixo os centros atendidos:<\/p>\n<a href=\"https:\/\/www.sitsesp.org.br\/novo\/wp-content\/uploads\/2026\/04\/Documento_865fb2a.pdf\" class=\"pdfemb-viewer\" style=\"\" data-width=\"max\" data-height=\"max\" data-toolbar=\"bottom\" data-toolbar-fixed=\"off\">Documento_865fb2a<\/a>\n","protected":false},"excerpt":{"rendered":"<p>Na tarde de ontem, no Tribunal Regional do Trabalho da 2.\u00aa Regi\u00e3o (TRT-2), ocorreu a sess\u00e3o de julgamento do diss\u00eddio coletivo&hellip;<\/p>\n","protected":false},"author":1,"featured_media":17340,"comment_status":"open","ping_status":"open","sticky":false,"template":"","format":"standard","meta":{"cybocfi_hide_featured_image":"","footnotes":""},"categories":[27],"tags":[],"yoast_head":"<!-- This site is optimized with the Yoast SEO plugin v22.8 - https:\/\/yoast.com\/wordpress\/plugins\/seo\/ -->\n<title>JUSTI\u00c7A DETERMINA PAGAMENTO IMEDIATO DE AUX\u00cdLIO DESLOCAMENTO A SERVIDORES DA FUNDA\u00c7\u00c3O CASA - SITSESP<\/title>\n<meta name=\"robots\" content=\"index, follow, max-snippet:-1, max-image-preview:large, max-video-preview:-1\" \/>\n<link rel=\"canonical\" href=\"https:\/\/www.sitsesp.org.br\/novo\/justica-determina-pagamento-imediato-de-auxilio-deslocamento-a-servidores-da-fundacao-casa\/\" \/>\n<meta property=\"og:locale\" content=\"pt_BR\" \/>\n<meta property=\"og:type\" content=\"article\" \/>\n<meta property=\"og:title\" content=\"JUSTI\u00c7A DETERMINA PAGAMENTO IMEDIATO DE AUX\u00cdLIO DESLOCAMENTO A SERVIDORES DA FUNDA\u00c7\u00c3O CASA - SITSESP\" \/>\n<meta property=\"og:description\" content=\"Na tarde de ontem, no Tribunal Regional do Trabalho da 2.\u00aa Regi\u00e3o (TRT-2), ocorreu a sess\u00e3o de julgamento do diss\u00eddio coletivo&hellip;\" \/>\n<meta property=\"og:url\" content=\"https:\/\/www.sitsesp.org.br\/novo\/justica-determina-pagamento-imediato-de-auxilio-deslocamento-a-servidores-da-fundacao-casa\/\" \/>\n<meta property=\"og:site_name\" content=\"SITSESP\" \/>\n<meta property=\"article:published_time\" content=\"2026-04-30T10:57:36+00:00\" \/>\n<meta property=\"article:modified_time\" content=\"2026-04-30T11:51:24+00:00\" \/>\n<meta property=\"og:image\" content=\"https:\/\/www.sitsesp.org.br\/novo\/wp-content\/uploads\/2026\/04\/WhatsApp-Image-2026-04-29-at-15.04.56.jpeg\" \/>\n\t<meta property=\"og:image:width\" content=\"1599\" \/>\n\t<meta property=\"og:image:height\" content=\"899\" \/>\n\t<meta property=\"og:image:type\" content=\"image\/jpeg\" \/>\n<meta name=\"author\" content=\"mhais\" \/>\n<meta name=\"twitter:card\" content=\"summary_large_image\" \/>\n<meta name=\"twitter:label1\" content=\"Escrito por\" \/>\n\t<meta name=\"twitter:data1\" content=\"mhais\" \/>\n\t<meta name=\"twitter:label2\" content=\"Est. tempo de leitura\" \/>\n\t<meta name=\"twitter:data2\" content=\"4 minutos\" \/>\n<script type=\"application\/ld+json\" class=\"yoast-schema-graph\">{\"@context\":\"https:\/\/schema.org\",\"@graph\":[{\"@type\":\"Article\",\"@id\":\"https:\/\/www.sitsesp.org.br\/novo\/justica-determina-pagamento-imediato-de-auxilio-deslocamento-a-servidores-da-fundacao-casa\/#article\",\"isPartOf\":{\"@id\":\"https:\/\/www.sitsesp.org.br\/novo\/justica-determina-pagamento-imediato-de-auxilio-deslocamento-a-servidores-da-fundacao-casa\/\"},\"author\":{\"name\":\"mhais\",\"@id\":\"https:\/\/www.sitsesp.org.br\/novo\/#\/schema\/person\/2a4c180eb185645b3bef8657c75e305a\"},\"headline\":\"JUSTI\u00c7A DETERMINA PAGAMENTO IMEDIATO DE AUX\u00cdLIO DESLOCAMENTO A SERVIDORES DA FUNDA\u00c7\u00c3O CASA\",\"datePublished\":\"2026-04-30T10:57:36+00:00\",\"dateModified\":\"2026-04-30T11:51:24+00:00\",\"mainEntityOfPage\":{\"@id\":\"https:\/\/www.sitsesp.org.br\/novo\/justica-determina-pagamento-imediato-de-auxilio-deslocamento-a-servidores-da-fundacao-casa\/\"},\"wordCount\":686,\"commentCount\":0,\"publisher\":{\"@id\":\"https:\/\/www.sitsesp.org.br\/novo\/#organization\"},\"image\":{\"@id\":\"https:\/\/www.sitsesp.org.br\/novo\/justica-determina-pagamento-imediato-de-auxilio-deslocamento-a-servidores-da-fundacao-casa\/#primaryimage\"},\"thumbnailUrl\":\"https:\/\/www.sitsesp.org.br\/novo\/wp-content\/uploads\/2026\/04\/WhatsApp-Image-2026-04-29-at-15.04.56.jpeg\",\"articleSection\":[\"Destaque\"],\"inLanguage\":\"pt-BR\",\"potentialAction\":[{\"@type\":\"CommentAction\",\"name\":\"Comment\",\"target\":[\"https:\/\/www.sitsesp.org.br\/novo\/justica-determina-pagamento-imediato-de-auxilio-deslocamento-a-servidores-da-fundacao-casa\/#respond\"]}]},{\"@type\":\"WebPage\",\"@id\":\"https:\/\/www.sitsesp.org.br\/novo\/justica-determina-pagamento-imediato-de-auxilio-deslocamento-a-servidores-da-fundacao-casa\/\",\"url\":\"https:\/\/www.sitsesp.org.br\/novo\/justica-determina-pagamento-imediato-de-auxilio-deslocamento-a-servidores-da-fundacao-casa\/\",\"name\":\"JUSTI\u00c7A DETERMINA PAGAMENTO IMEDIATO DE AUX\u00cdLIO DESLOCAMENTO A SERVIDORES DA FUNDA\u00c7\u00c3O CASA - SITSESP\",\"isPartOf\":{\"@id\":\"https:\/\/www.sitsesp.org.br\/novo\/#website\"},\"primaryImageOfPage\":{\"@id\":\"https:\/\/www.sitsesp.org.br\/novo\/justica-determina-pagamento-imediato-de-auxilio-deslocamento-a-servidores-da-fundacao-casa\/#primaryimage\"},\"image\":{\"@id\":\"https:\/\/www.sitsesp.org.br\/novo\/justica-determina-pagamento-imediato-de-auxilio-deslocamento-a-servidores-da-fundacao-casa\/#primaryimage\"},\"thumbnailUrl\":\"https:\/\/www.sitsesp.org.br\/novo\/wp-content\/uploads\/2026\/04\/WhatsApp-Image-2026-04-29-at-15.04.56.jpeg\",\"datePublished\":\"2026-04-30T10:57:36+00:00\",\"dateModified\":\"2026-04-30T11:51:24+00:00\",\"breadcrumb\":{\"@id\":\"https:\/\/www.sitsesp.org.br\/novo\/justica-determina-pagamento-imediato-de-auxilio-deslocamento-a-servidores-da-fundacao-casa\/#breadcrumb\"},\"inLanguage\":\"pt-BR\",\"potentialAction\":[{\"@type\":\"ReadAction\",\"target\":[\"https:\/\/www.sitsesp.org.br\/novo\/justica-determina-pagamento-imediato-de-auxilio-deslocamento-a-servidores-da-fundacao-casa\/\"]}]},{\"@type\":\"ImageObject\",\"inLanguage\":\"pt-BR\",\"@id\":\"https:\/\/www.sitsesp.org.br\/novo\/justica-determina-pagamento-imediato-de-auxilio-deslocamento-a-servidores-da-fundacao-casa\/#primaryimage\",\"url\":\"https:\/\/www.sitsesp.org.br\/novo\/wp-content\/uploads\/2026\/04\/WhatsApp-Image-2026-04-29-at-15.04.56.jpeg\",\"contentUrl\":\"https:\/\/www.sitsesp.org.br\/novo\/wp-content\/uploads\/2026\/04\/WhatsApp-Image-2026-04-29-at-15.04.56.jpeg\",\"width\":1599,\"height\":899},{\"@type\":\"BreadcrumbList\",\"@id\":\"https:\/\/www.sitsesp.org.br\/novo\/justica-determina-pagamento-imediato-de-auxilio-deslocamento-a-servidores-da-fundacao-casa\/#breadcrumb\",\"itemListElement\":[{\"@type\":\"ListItem\",\"position\":1,\"name\":\"In\u00edcio\",\"item\":\"https:\/\/www.sitsesp.org.br\/novo\/\"},{\"@type\":\"ListItem\",\"position\":2,\"name\":\"JUSTI\u00c7A DETERMINA PAGAMENTO IMEDIATO DE AUX\u00cdLIO DESLOCAMENTO A SERVIDORES DA FUNDA\u00c7\u00c3O CASA\"}]},{\"@type\":\"WebSite\",\"@id\":\"https:\/\/www.sitsesp.org.br\/novo\/#website\",\"url\":\"https:\/\/www.sitsesp.org.br\/novo\/\",\"name\":\"Sitsesp\",\"description\":\"SIndicato da Socioeduca\u00e7\u00e3o do Estado de S\u00e3o Paulo\",\"publisher\":{\"@id\":\"https:\/\/www.sitsesp.org.br\/novo\/#organization\"},\"potentialAction\":[{\"@type\":\"SearchAction\",\"target\":{\"@type\":\"EntryPoint\",\"urlTemplate\":\"https:\/\/www.sitsesp.org.br\/novo\/?s={search_term_string}\"},\"query-input\":\"required name=search_term_string\"}],\"inLanguage\":\"pt-BR\"},{\"@type\":\"Organization\",\"@id\":\"https:\/\/www.sitsesp.org.br\/novo\/#organization\",\"name\":\"Sitsesp\",\"url\":\"https:\/\/www.sitsesp.org.br\/novo\/\",\"logo\":{\"@type\":\"ImageObject\",\"inLanguage\":\"pt-BR\",\"@id\":\"https:\/\/www.sitsesp.org.br\/novo\/#\/schema\/logo\/image\/\",\"url\":\"https:\/\/www.sitsesp.org.br\/novo\/wp-content\/uploads\/2020\/09\/Design-sem-nome-1.jpg\",\"contentUrl\":\"https:\/\/www.sitsesp.org.br\/novo\/wp-content\/uploads\/2020\/09\/Design-sem-nome-1.jpg\",\"width\":300,\"height\":300,\"caption\":\"Sitsesp\"},\"image\":{\"@id\":\"https:\/\/www.sitsesp.org.br\/novo\/#\/schema\/logo\/image\/\"}},{\"@type\":\"Person\",\"@id\":\"https:\/\/www.sitsesp.org.br\/novo\/#\/schema\/person\/2a4c180eb185645b3bef8657c75e305a\",\"name\":\"mhais\",\"image\":{\"@type\":\"ImageObject\",\"inLanguage\":\"pt-BR\",\"@id\":\"https:\/\/www.sitsesp.org.br\/novo\/#\/schema\/person\/image\/\",\"url\":\"https:\/\/secure.gravatar.com\/avatar\/6f4eabe86990e81328cf702edfa92a60?s=96&d=mm&r=g\",\"contentUrl\":\"https:\/\/secure.gravatar.com\/avatar\/6f4eabe86990e81328cf702edfa92a60?s=96&d=mm&r=g\",\"caption\":\"mhais\"},\"sameAs\":[\"http:\/\/localhost\/sitsesp\"]}]}<\/script>\n<!-- \/ Yoast SEO plugin. -->","yoast_head_json":{"title":"JUSTI\u00c7A DETERMINA PAGAMENTO IMEDIATO DE AUX\u00cdLIO DESLOCAMENTO A SERVIDORES DA FUNDA\u00c7\u00c3O CASA - SITSESP","robots":{"index":"index","follow":"follow","max-snippet":"max-snippet:-1","max-image-preview":"max-image-preview:large","max-video-preview":"max-video-preview:-1"},"canonical":"https:\/\/www.sitsesp.org.br\/novo\/justica-determina-pagamento-imediato-de-auxilio-deslocamento-a-servidores-da-fundacao-casa\/","og_locale":"pt_BR","og_type":"article","og_title":"JUSTI\u00c7A DETERMINA PAGAMENTO IMEDIATO DE AUX\u00cdLIO DESLOCAMENTO A SERVIDORES DA FUNDA\u00c7\u00c3O CASA - SITSESP","og_description":"Na tarde de ontem, no Tribunal Regional do Trabalho da 2.\u00aa Regi\u00e3o (TRT-2), ocorreu a sess\u00e3o de julgamento do diss\u00eddio coletivo&hellip;","og_url":"https:\/\/www.sitsesp.org.br\/novo\/justica-determina-pagamento-imediato-de-auxilio-deslocamento-a-servidores-da-fundacao-casa\/","og_site_name":"SITSESP","article_published_time":"2026-04-30T10:57:36+00:00","article_modified_time":"2026-04-30T11:51:24+00:00","og_image":[{"width":1599,"height":899,"url":"https:\/\/www.sitsesp.org.br\/novo\/wp-content\/uploads\/2026\/04\/WhatsApp-Image-2026-04-29-at-15.04.56.jpeg","type":"image\/jpeg"}],"author":"mhais","twitter_card":"summary_large_image","twitter_misc":{"Escrito por":"mhais","Est. tempo de leitura":"4 minutos"},"schema":{"@context":"https:\/\/schema.org","@graph":[{"@type":"Article","@id":"https:\/\/www.sitsesp.org.br\/novo\/justica-determina-pagamento-imediato-de-auxilio-deslocamento-a-servidores-da-fundacao-casa\/#article","isPartOf":{"@id":"https:\/\/www.sitsesp.org.br\/novo\/justica-determina-pagamento-imediato-de-auxilio-deslocamento-a-servidores-da-fundacao-casa\/"},"author":{"name":"mhais","@id":"https:\/\/www.sitsesp.org.br\/novo\/#\/schema\/person\/2a4c180eb185645b3bef8657c75e305a"},"headline":"JUSTI\u00c7A DETERMINA PAGAMENTO IMEDIATO DE AUX\u00cdLIO DESLOCAMENTO A SERVIDORES DA FUNDA\u00c7\u00c3O CASA","datePublished":"2026-04-30T10:57:36+00:00","dateModified":"2026-04-30T11:51:24+00:00","mainEntityOfPage":{"@id":"https:\/\/www.sitsesp.org.br\/novo\/justica-determina-pagamento-imediato-de-auxilio-deslocamento-a-servidores-da-fundacao-casa\/"},"wordCount":686,"commentCount":0,"publisher":{"@id":"https:\/\/www.sitsesp.org.br\/novo\/#organization"},"image":{"@id":"https:\/\/www.sitsesp.org.br\/novo\/justica-determina-pagamento-imediato-de-auxilio-deslocamento-a-servidores-da-fundacao-casa\/#primaryimage"},"thumbnailUrl":"https:\/\/www.sitsesp.org.br\/novo\/wp-content\/uploads\/2026\/04\/WhatsApp-Image-2026-04-29-at-15.04.56.jpeg","articleSection":["Destaque"],"inLanguage":"pt-BR","potentialAction":[{"@type":"CommentAction","name":"Comment","target":["https:\/\/www.sitsesp.org.br\/novo\/justica-determina-pagamento-imediato-de-auxilio-deslocamento-a-servidores-da-fundacao-casa\/#respond"]}]},{"@type":"WebPage","@id":"https:\/\/www.sitsesp.org.br\/novo\/justica-determina-pagamento-imediato-de-auxilio-deslocamento-a-servidores-da-fundacao-casa\/","url":"https:\/\/www.sitsesp.org.br\/novo\/justica-determina-pagamento-imediato-de-auxilio-deslocamento-a-servidores-da-fundacao-casa\/","name":"JUSTI\u00c7A DETERMINA PAGAMENTO IMEDIATO DE AUX\u00cdLIO DESLOCAMENTO A SERVIDORES DA FUNDA\u00c7\u00c3O CASA - SITSESP","isPartOf":{"@id":"https:\/\/www.sitsesp.org.br\/novo\/#website"},"primaryImageOfPage":{"@id":"https:\/\/www.sitsesp.org.br\/novo\/justica-determina-pagamento-imediato-de-auxilio-deslocamento-a-servidores-da-fundacao-casa\/#primaryimage"},"image":{"@id":"https:\/\/www.sitsesp.org.br\/novo\/justica-determina-pagamento-imediato-de-auxilio-deslocamento-a-servidores-da-fundacao-casa\/#primaryimage"},"thumbnailUrl":"https:\/\/www.sitsesp.org.br\/novo\/wp-content\/uploads\/2026\/04\/WhatsApp-Image-2026-04-29-at-15.04.56.jpeg","datePublished":"2026-04-30T10:57:36+00:00","dateModified":"2026-04-30T11:51:24+00:00","breadcrumb":{"@id":"https:\/\/www.sitsesp.org.br\/novo\/justica-determina-pagamento-imediato-de-auxilio-deslocamento-a-servidores-da-fundacao-casa\/#breadcrumb"},"inLanguage":"pt-BR","potentialAction":[{"@type":"ReadAction","target":["https:\/\/www.sitsesp.org.br\/novo\/justica-determina-pagamento-imediato-de-auxilio-deslocamento-a-servidores-da-fundacao-casa\/"]}]},{"@type":"ImageObject","inLanguage":"pt-BR","@id":"https:\/\/www.sitsesp.org.br\/novo\/justica-determina-pagamento-imediato-de-auxilio-deslocamento-a-servidores-da-fundacao-casa\/#primaryimage","url":"https:\/\/www.sitsesp.org.br\/novo\/wp-content\/uploads\/2026\/04\/WhatsApp-Image-2026-04-29-at-15.04.56.jpeg","contentUrl":"https:\/\/www.sitsesp.org.br\/novo\/wp-content\/uploads\/2026\/04\/WhatsApp-Image-2026-04-29-at-15.04.56.jpeg","width":1599,"height":899},{"@type":"BreadcrumbList","@id":"https:\/\/www.sitsesp.org.br\/novo\/justica-determina-pagamento-imediato-de-auxilio-deslocamento-a-servidores-da-fundacao-casa\/#breadcrumb","itemListElement":[{"@type":"ListItem","position":1,"name":"In\u00edcio","item":"https:\/\/www.sitsesp.org.br\/novo\/"},{"@type":"ListItem","position":2,"name":"JUSTI\u00c7A DETERMINA PAGAMENTO IMEDIATO DE AUX\u00cdLIO DESLOCAMENTO A SERVIDORES DA FUNDA\u00c7\u00c3O CASA"}]},{"@type":"WebSite","@id":"https:\/\/www.sitsesp.org.br\/novo\/#website","url":"https:\/\/www.sitsesp.org.br\/novo\/","name":"Sitsesp","description":"SIndicato da Socioeduca\u00e7\u00e3o do Estado de S\u00e3o Paulo","publisher":{"@id":"https:\/\/www.sitsesp.org.br\/novo\/#organization"},"potentialAction":[{"@type":"SearchAction","target":{"@type":"EntryPoint","urlTemplate":"https:\/\/www.sitsesp.org.br\/novo\/?s={search_term_string}"},"query-input":"required name=search_term_string"}],"inLanguage":"pt-BR"},{"@type":"Organization","@id":"https:\/\/www.sitsesp.org.br\/novo\/#organization","name":"Sitsesp","url":"https:\/\/www.sitsesp.org.br\/novo\/","logo":{"@type":"ImageObject","inLanguage":"pt-BR","@id":"https:\/\/www.sitsesp.org.br\/novo\/#\/schema\/logo\/image\/","url":"https:\/\/www.sitsesp.org.br\/novo\/wp-content\/uploads\/2020\/09\/Design-sem-nome-1.jpg","contentUrl":"https:\/\/www.sitsesp.org.br\/novo\/wp-content\/uploads\/2020\/09\/Design-sem-nome-1.jpg","width":300,"height":300,"caption":"Sitsesp"},"image":{"@id":"https:\/\/www.sitsesp.org.br\/novo\/#\/schema\/logo\/image\/"}},{"@type":"Person","@id":"https:\/\/www.sitsesp.org.br\/novo\/#\/schema\/person\/2a4c180eb185645b3bef8657c75e305a","name":"mhais","image":{"@type":"ImageObject","inLanguage":"pt-BR","@id":"https:\/\/www.sitsesp.org.br\/novo\/#\/schema\/person\/image\/","url":"https:\/\/secure.gravatar.com\/avatar\/6f4eabe86990e81328cf702edfa92a60?s=96&d=mm&r=g","contentUrl":"https:\/\/secure.gravatar.com\/avatar\/6f4eabe86990e81328cf702edfa92a60?s=96&d=mm&r=g","caption":"mhais"},"sameAs":["http:\/\/localhost\/sitsesp"]}]}},"_links":{"self":[{"href":"https:\/\/www.sitsesp.org.br\/novo\/wp-json\/wp\/v2\/posts\/17338"}],"collection":[{"href":"https:\/\/www.sitsesp.org.br\/novo\/wp-json\/wp\/v2\/posts"}],"about":[{"href":"https:\/\/www.sitsesp.org.br\/novo\/wp-json\/wp\/v2\/types\/post"}],"author":[{"embeddable":true,"href":"https:\/\/www.sitsesp.org.br\/novo\/wp-json\/wp\/v2\/users\/1"}],"replies":[{"embeddable":true,"href":"https:\/\/www.sitsesp.org.br\/novo\/wp-json\/wp\/v2\/comments?post=17338"}],"version-history":[{"count":5,"href":"https:\/\/www.sitsesp.org.br\/novo\/wp-json\/wp\/v2\/posts\/17338\/revisions"}],"predecessor-version":[{"id":17345,"href":"https:\/\/www.sitsesp.org.br\/novo\/wp-json\/wp\/v2\/posts\/17338\/revisions\/17345"}],"wp:featuredmedia":[{"embeddable":true,"href":"https:\/\/www.sitsesp.org.br\/novo\/wp-json\/wp\/v2\/media\/17340"}],"wp:attachment":[{"href":"https:\/\/www.sitsesp.org.br\/novo\/wp-json\/wp\/v2\/media?parent=17338"}],"wp:term":[{"taxonomy":"category","embeddable":true,"href":"https:\/\/www.sitsesp.org.br\/novo\/wp-json\/wp\/v2\/categories?post=17338"},{"taxonomy":"post_tag","embeddable":true,"href":"https:\/\/www.sitsesp.org.br\/novo\/wp-json\/wp\/v2\/tags?post=17338"}],"curies":[{"name":"wp","href":"https:\/\/api.w.org\/{rel}","templated":true}]}}