{"id":17347,"date":"2026-05-01T08:32:56","date_gmt":"2026-05-01T11:32:56","guid":{"rendered":"https:\/\/www.sitsesp.org.br\/novo\/?p=17347"},"modified":"2026-05-01T08:39:23","modified_gmt":"2026-05-01T11:39:23","slug":"dia-do-trabalhador-reforca-luta-por-respeito-valorizacao-e-seguranca-na-socioeducacao","status":"publish","type":"post","link":"https:\/\/www.sitsesp.org.br\/novo\/dia-do-trabalhador-reforca-luta-por-respeito-valorizacao-e-seguranca-na-socioeducacao\/","title":{"rendered":"Dia do Trabalhador refor\u00e7a luta por respeito, valoriza\u00e7\u00e3o e seguran\u00e7a na socioeduca\u00e7\u00e3o"},"content":{"rendered":"<p><!-- VideographyWP Plugin Message: Automatic video embedding prevented by plugin options. --><\/p>\n<div class=\"xdj266r x14z9mp xat24cr x1lziwak x1vvkbs x126k92a\">\n<div dir=\"auto\" style=\"text-align: justify;\">O Primeiro de Maio nasce da luta hist\u00f3rica dos trabalhadores por dignidade e direitos. Sua origem est\u00e1 nas mobiliza\u00e7\u00f5es do s\u00e9culo XIX, especialmente ap\u00f3s o Massacre de Haymarket, nos Estados Unidos, quando oper\u00e1rios foram \u00e0s ruas exigir melhores condi\u00e7\u00f5es e a jornada de oito horas. Desde ent\u00e3o, a data se tornou um s\u00edmbolo mundial de resist\u00eancia, conquista e da necessidade permanente de valoriza\u00e7\u00e3o do trabalho.<\/div>\n<div dir=\"auto\"><\/div>\n<\/div>\n<div class=\"x14z9mp xat24cr x1lziwak x1vvkbs xtlvy1s x126k92a\" style=\"text-align: justify;\">\n<div dir=\"auto\">Neste Primeiro de Maio, eu n\u00e3o consigo falar apenas de celebra\u00e7\u00e3o. Falo de luta, de mem\u00f3ria e, acima de tudo, de respeito a cada servidor e servidora da socioeduca\u00e7\u00e3o que, todos os dias, entrega sua vida ao compromisso de transformar realidades.<\/div>\n<\/div>\n<div class=\"x14z9mp xat24cr x1lziwak x1vvkbs xtlvy1s x126k92a\" style=\"text-align: justify;\">\n<div dir=\"auto\">Eu sei o que cada um de voc\u00eas enfrenta. Sei das jornadas dif\u00edceis, das estruturas que muitas vezes n\u00e3o oferecem as condi\u00e7\u00f5es que merecemos, do peso emocional que carregamos. E, ainda assim, voc\u00eas seguem firmes. Isso n\u00e3o \u00e9 apenas trabalho \u2014 \u00e9 miss\u00e3o.<\/div>\n<div dir=\"auto\"><\/div>\n<\/div>\n<div class=\"x14z9mp xat24cr x1lziwak x1vvkbs xtlvy1s x126k92a\" style=\"text-align: justify;\">\n<div dir=\"auto\">Hoje \u00e9 dia de reconhecer essa coragem silenciosa, esse esfor\u00e7o que muitas vezes n\u00e3o aparece, mas que sustenta o sistema e faz a diferen\u00e7a na vida de tantos jovens.<\/div>\n<div dir=\"auto\"><\/div>\n<\/div>\n<div class=\"x14z9mp xat24cr x1lziwak x1vvkbs xtlvy1s x126k92a\" style=\"text-align: justify;\">\n<div dir=\"auto\">Mas este tamb\u00e9m \u00e9 um momento de lembran\u00e7a. Amanh\u00e3, completam-se quatro anos da perda de um companheiro nosso, um servidor que tombou no exerc\u00edcio da sua fun\u00e7\u00e3o. Essa data n\u00e3o pode ser esquecida. Ela precisa estar viva em nossa consci\u00eancia como s\u00edmbolo do quanto nossa categoria se exp\u00f5e, do quanto arrisca, e do quanto precisa ser valorizada e protegida.<\/div>\n<div dir=\"auto\"><\/div>\n<\/div>\n<div class=\"x14z9mp xat24cr x1lziwak x1vvkbs xtlvy1s x126k92a\" style=\"text-align: justify;\">\n<div dir=\"auto\">E essa n\u00e3o \u00e9 uma dor isolada. Ao longo dos anos, nossa categoria acumulou perdas que jamais podem ser tratadas como n\u00fameros. Em 2016, em Mar\u00edlia, o agente socioeducativo Francisco Calixto foi morto durante uma rebeli\u00e3o na unidade, evidenciando de forma brutal o n\u00edvel de risco enfrentado pelos profissionais da \u00e1rea.<\/div>\n<\/div>\n<div class=\"x14z9mp xat24cr x1lziwak x1vvkbs xtlvy1s x126k92a\" style=\"text-align: justify;\">\n<div dir=\"auto\">J\u00e1 em 2022, em Guaruj\u00e1, o agente Evaldo Gomes de Souza, de 45 anos, tamb\u00e9m perdeu a vida durante uma ocorr\u00eancia envolvendo internos na unidade da Funda\u00e7\u00e3o Casa. Mais uma trag\u00e9dia que refor\u00e7a o alerta sobre a urg\u00eancia de medidas efetivas de prote\u00e7\u00e3o.<\/div>\n<div dir=\"auto\"><\/div>\n<\/div>\n<div class=\"x14z9mp xat24cr x1lziwak x1vvkbs xtlvy1s x126k92a\" style=\"text-align: justify;\">\n<div dir=\"auto\">S\u00e3o hist\u00f3rias que carregam nomes, fam\u00edlias e trajet\u00f3rias \u2014 e que refor\u00e7am o quanto precisamos de respeito, prote\u00e7\u00e3o e condi\u00e7\u00f5es dignas de trabalho.<\/div>\n<div dir=\"auto\"><\/div>\n<\/div>\n<div class=\"x14z9mp xat24cr x1lziwak x1vvkbs xtlvy1s x126k92a\" style=\"text-align: justify;\">\n<div dir=\"auto\">Eu falo com voc\u00eas n\u00e3o apenas como presidente do SITSESP, mas como algu\u00e9m que caminha ao lado de cada trabalhador e trabalhadora dessa categoria. A dor de uma perda como essa \u00e9 coletiva. E a nossa luta tamb\u00e9m precisa ser.<\/div>\n<\/div>\n<div class=\"x14z9mp xat24cr x1lziwak x1vvkbs xtlvy1s x126k92a\" style=\"text-align: justify;\">\n<div dir=\"auto\">Seguiremos cobrando respeito, condi\u00e7\u00f5es dignas de trabalho, seguran\u00e7a e valoriza\u00e7\u00e3o. Porque nenhuma vida pode ser tratada como estat\u00edstica. Nenhum servidor pode ser invis\u00edvel.<\/div>\n<div dir=\"auto\"><\/div>\n<\/div>\n<div class=\"x14z9mp xat24cr x1lziwak x1vvkbs xtlvy1s x126k92a\" style=\"text-align: justify;\">\n<div dir=\"auto\">Neste Primeiro de Maio, eu deixo meu reconhecimento, minha solidariedade e, principalmente, meu compromisso: o SITSESP continuar\u00e1 firme, lutando por cada um de voc\u00eas.<\/div>\n<div dir=\"auto\"><\/div>\n<\/div>\n<div class=\"x14z9mp xat24cr x1lziwak x1vvkbs xtlvy1s x126k92a\" style=\"text-align: justify;\">\n<div dir=\"auto\">Voc\u00eas n\u00e3o est\u00e3o sozinhos.<\/div>\n<div dir=\"auto\"><\/div>\n<\/div>\n<div class=\"x14z9mp xat24cr x1lziwak x1vvkbs xtlvy1s x126k92a\">\n<div dir=\"auto\" style=\"text-align: justify;\">Neemias de Souza<\/div>\n<div dir=\"auto\" style=\"text-align: justify;\">Presidente do SITSESP<\/div>\n<\/div>\n","protected":false},"excerpt":{"rendered":"<p>O Primeiro de Maio nasce da luta hist\u00f3rica dos trabalhadores por dignidade e direitos. Sua origem est\u00e1 nas mobiliza\u00e7\u00f5es do s\u00e9culo&hellip;<\/p>\n","protected":false},"author":1,"featured_media":17348,"comment_status":"open","ping_status":"open","sticky":false,"template":"","format":"standard","meta":{"cybocfi_hide_featured_image":"","footnotes":""},"categories":[22],"tags":[],"yoast_head":"<!-- This site is optimized with the Yoast SEO plugin v22.8 - https:\/\/yoast.com\/wordpress\/plugins\/seo\/ -->\n<title>Dia do Trabalhador refor\u00e7a luta por respeito, valoriza\u00e7\u00e3o e seguran\u00e7a na socioeduca\u00e7\u00e3o - SITSESP<\/title>\n<meta name=\"robots\" content=\"index, follow, max-snippet:-1, max-image-preview:large, max-video-preview:-1\" \/>\n<link rel=\"canonical\" href=\"https:\/\/www.sitsesp.org.br\/novo\/dia-do-trabalhador-reforca-luta-por-respeito-valorizacao-e-seguranca-na-socioeducacao\/\" \/>\n<meta property=\"og:locale\" content=\"pt_BR\" \/>\n<meta property=\"og:type\" content=\"article\" \/>\n<meta property=\"og:title\" content=\"Dia do Trabalhador refor\u00e7a luta por respeito, valoriza\u00e7\u00e3o e seguran\u00e7a na socioeduca\u00e7\u00e3o - SITSESP\" \/>\n<meta property=\"og:description\" content=\"O Primeiro de Maio nasce da luta hist\u00f3rica dos trabalhadores por dignidade e direitos. Sua origem est\u00e1 nas mobiliza\u00e7\u00f5es do s\u00e9culo&hellip;\" \/>\n<meta property=\"og:url\" content=\"https:\/\/www.sitsesp.org.br\/novo\/dia-do-trabalhador-reforca-luta-por-respeito-valorizacao-e-seguranca-na-socioeducacao\/\" \/>\n<meta property=\"og:site_name\" content=\"SITSESP\" \/>\n<meta property=\"article:published_time\" content=\"2026-05-01T11:32:56+00:00\" \/>\n<meta property=\"article:modified_time\" content=\"2026-05-01T11:39:23+00:00\" \/>\n<meta property=\"og:image\" content=\"https:\/\/www.sitsesp.org.br\/novo\/wp-content\/uploads\/2026\/05\/53651873948_d914aa6512_b.jpg\" \/>\n\t<meta property=\"og:image:width\" content=\"1024\" \/>\n\t<meta property=\"og:image:height\" content=\"683\" \/>\n\t<meta property=\"og:image:type\" content=\"image\/jpeg\" \/>\n<meta name=\"author\" content=\"mhais\" \/>\n<meta name=\"twitter:card\" content=\"summary_large_image\" \/>\n<meta name=\"twitter:label1\" content=\"Escrito por\" \/>\n\t<meta name=\"twitter:data1\" content=\"mhais\" \/>\n\t<meta name=\"twitter:label2\" content=\"Est. tempo de leitura\" \/>\n\t<meta name=\"twitter:data2\" content=\"3 minutos\" \/>\n<script type=\"application\/ld+json\" class=\"yoast-schema-graph\">{\"@context\":\"https:\/\/schema.org\",\"@graph\":[{\"@type\":\"Article\",\"@id\":\"https:\/\/www.sitsesp.org.br\/novo\/dia-do-trabalhador-reforca-luta-por-respeito-valorizacao-e-seguranca-na-socioeducacao\/#article\",\"isPartOf\":{\"@id\":\"https:\/\/www.sitsesp.org.br\/novo\/dia-do-trabalhador-reforca-luta-por-respeito-valorizacao-e-seguranca-na-socioeducacao\/\"},\"author\":{\"name\":\"mhais\",\"@id\":\"https:\/\/www.sitsesp.org.br\/novo\/#\/schema\/person\/2a4c180eb185645b3bef8657c75e305a\"},\"headline\":\"Dia do Trabalhador refor\u00e7a luta por respeito, valoriza\u00e7\u00e3o e seguran\u00e7a na socioeduca\u00e7\u00e3o\",\"datePublished\":\"2026-05-01T11:32:56+00:00\",\"dateModified\":\"2026-05-01T11:39:23+00:00\",\"mainEntityOfPage\":{\"@id\":\"https:\/\/www.sitsesp.org.br\/novo\/dia-do-trabalhador-reforca-luta-por-respeito-valorizacao-e-seguranca-na-socioeducacao\/\"},\"wordCount\":520,\"commentCount\":0,\"publisher\":{\"@id\":\"https:\/\/www.sitsesp.org.br\/novo\/#organization\"},\"image\":{\"@id\":\"https:\/\/www.sitsesp.org.br\/novo\/dia-do-trabalhador-reforca-luta-por-respeito-valorizacao-e-seguranca-na-socioeducacao\/#primaryimage\"},\"thumbnailUrl\":\"https:\/\/www.sitsesp.org.br\/novo\/wp-content\/uploads\/2026\/05\/53651873948_d914aa6512_b.jpg\",\"articleSection\":[\"Noticias\"],\"inLanguage\":\"pt-BR\",\"potentialAction\":[{\"@type\":\"CommentAction\",\"name\":\"Comment\",\"target\":[\"https:\/\/www.sitsesp.org.br\/novo\/dia-do-trabalhador-reforca-luta-por-respeito-valorizacao-e-seguranca-na-socioeducacao\/#respond\"]}]},{\"@type\":\"WebPage\",\"@id\":\"https:\/\/www.sitsesp.org.br\/novo\/dia-do-trabalhador-reforca-luta-por-respeito-valorizacao-e-seguranca-na-socioeducacao\/\",\"url\":\"https:\/\/www.sitsesp.org.br\/novo\/dia-do-trabalhador-reforca-luta-por-respeito-valorizacao-e-seguranca-na-socioeducacao\/\",\"name\":\"Dia do Trabalhador refor\u00e7a luta por respeito, valoriza\u00e7\u00e3o e seguran\u00e7a na socioeduca\u00e7\u00e3o - SITSESP\",\"isPartOf\":{\"@id\":\"https:\/\/www.sitsesp.org.br\/novo\/#website\"},\"primaryImageOfPage\":{\"@id\":\"https:\/\/www.sitsesp.org.br\/novo\/dia-do-trabalhador-reforca-luta-por-respeito-valorizacao-e-seguranca-na-socioeducacao\/#primaryimage\"},\"image\":{\"@id\":\"https:\/\/www.sitsesp.org.br\/novo\/dia-do-trabalhador-reforca-luta-por-respeito-valorizacao-e-seguranca-na-socioeducacao\/#primaryimage\"},\"thumbnailUrl\":\"https:\/\/www.sitsesp.org.br\/novo\/wp-content\/uploads\/2026\/05\/53651873948_d914aa6512_b.jpg\",\"datePublished\":\"2026-05-01T11:32:56+00:00\",\"dateModified\":\"2026-05-01T11:39:23+00:00\",\"breadcrumb\":{\"@id\":\"https:\/\/www.sitsesp.org.br\/novo\/dia-do-trabalhador-reforca-luta-por-respeito-valorizacao-e-seguranca-na-socioeducacao\/#breadcrumb\"},\"inLanguage\":\"pt-BR\",\"potentialAction\":[{\"@type\":\"ReadAction\",\"target\":[\"https:\/\/www.sitsesp.org.br\/novo\/dia-do-trabalhador-reforca-luta-por-respeito-valorizacao-e-seguranca-na-socioeducacao\/\"]}]},{\"@type\":\"ImageObject\",\"inLanguage\":\"pt-BR\",\"@id\":\"https:\/\/www.sitsesp.org.br\/novo\/dia-do-trabalhador-reforca-luta-por-respeito-valorizacao-e-seguranca-na-socioeducacao\/#primaryimage\",\"url\":\"https:\/\/www.sitsesp.org.br\/novo\/wp-content\/uploads\/2026\/05\/53651873948_d914aa6512_b.jpg\",\"contentUrl\":\"https:\/\/www.sitsesp.org.br\/novo\/wp-content\/uploads\/2026\/05\/53651873948_d914aa6512_b.jpg\",\"width\":1024,\"height\":683},{\"@type\":\"BreadcrumbList\",\"@id\":\"https:\/\/www.sitsesp.org.br\/novo\/dia-do-trabalhador-reforca-luta-por-respeito-valorizacao-e-seguranca-na-socioeducacao\/#breadcrumb\",\"itemListElement\":[{\"@type\":\"ListItem\",\"position\":1,\"name\":\"In\u00edcio\",\"item\":\"https:\/\/www.sitsesp.org.br\/novo\/\"},{\"@type\":\"ListItem\",\"position\":2,\"name\":\"Dia do Trabalhador refor\u00e7a luta por respeito, valoriza\u00e7\u00e3o e seguran\u00e7a na socioeduca\u00e7\u00e3o\"}]},{\"@type\":\"WebSite\",\"@id\":\"https:\/\/www.sitsesp.org.br\/novo\/#website\",\"url\":\"https:\/\/www.sitsesp.org.br\/novo\/\",\"name\":\"Sitsesp\",\"description\":\"SIndicato da Socioeduca\u00e7\u00e3o do Estado de S\u00e3o Paulo\",\"publisher\":{\"@id\":\"https:\/\/www.sitsesp.org.br\/novo\/#organization\"},\"potentialAction\":[{\"@type\":\"SearchAction\",\"target\":{\"@type\":\"EntryPoint\",\"urlTemplate\":\"https:\/\/www.sitsesp.org.br\/novo\/?s={search_term_string}\"},\"query-input\":\"required name=search_term_string\"}],\"inLanguage\":\"pt-BR\"},{\"@type\":\"Organization\",\"@id\":\"https:\/\/www.sitsesp.org.br\/novo\/#organization\",\"name\":\"Sitsesp\",\"url\":\"https:\/\/www.sitsesp.org.br\/novo\/\",\"logo\":{\"@type\":\"ImageObject\",\"inLanguage\":\"pt-BR\",\"@id\":\"https:\/\/www.sitsesp.org.br\/novo\/#\/schema\/logo\/image\/\",\"url\":\"https:\/\/www.sitsesp.org.br\/novo\/wp-content\/uploads\/2020\/09\/Design-sem-nome-1.jpg\",\"contentUrl\":\"https:\/\/www.sitsesp.org.br\/novo\/wp-content\/uploads\/2020\/09\/Design-sem-nome-1.jpg\",\"width\":300,\"height\":300,\"caption\":\"Sitsesp\"},\"image\":{\"@id\":\"https:\/\/www.sitsesp.org.br\/novo\/#\/schema\/logo\/image\/\"}},{\"@type\":\"Person\",\"@id\":\"https:\/\/www.sitsesp.org.br\/novo\/#\/schema\/person\/2a4c180eb185645b3bef8657c75e305a\",\"name\":\"mhais\",\"image\":{\"@type\":\"ImageObject\",\"inLanguage\":\"pt-BR\",\"@id\":\"https:\/\/www.sitsesp.org.br\/novo\/#\/schema\/person\/image\/\",\"url\":\"https:\/\/secure.gravatar.com\/avatar\/6f4eabe86990e81328cf702edfa92a60?s=96&d=mm&r=g\",\"contentUrl\":\"https:\/\/secure.gravatar.com\/avatar\/6f4eabe86990e81328cf702edfa92a60?s=96&d=mm&r=g\",\"caption\":\"mhais\"},\"sameAs\":[\"http:\/\/localhost\/sitsesp\"]}]}<\/script>\n<!-- \/ Yoast SEO plugin. -->","yoast_head_json":{"title":"Dia do Trabalhador refor\u00e7a luta por respeito, valoriza\u00e7\u00e3o e seguran\u00e7a na socioeduca\u00e7\u00e3o - SITSESP","robots":{"index":"index","follow":"follow","max-snippet":"max-snippet:-1","max-image-preview":"max-image-preview:large","max-video-preview":"max-video-preview:-1"},"canonical":"https:\/\/www.sitsesp.org.br\/novo\/dia-do-trabalhador-reforca-luta-por-respeito-valorizacao-e-seguranca-na-socioeducacao\/","og_locale":"pt_BR","og_type":"article","og_title":"Dia do Trabalhador refor\u00e7a luta por respeito, valoriza\u00e7\u00e3o e seguran\u00e7a na socioeduca\u00e7\u00e3o - SITSESP","og_description":"O Primeiro de Maio nasce da luta hist\u00f3rica dos trabalhadores por dignidade e direitos. Sua origem est\u00e1 nas mobiliza\u00e7\u00f5es do s\u00e9culo&hellip;","og_url":"https:\/\/www.sitsesp.org.br\/novo\/dia-do-trabalhador-reforca-luta-por-respeito-valorizacao-e-seguranca-na-socioeducacao\/","og_site_name":"SITSESP","article_published_time":"2026-05-01T11:32:56+00:00","article_modified_time":"2026-05-01T11:39:23+00:00","og_image":[{"width":1024,"height":683,"url":"https:\/\/www.sitsesp.org.br\/novo\/wp-content\/uploads\/2026\/05\/53651873948_d914aa6512_b.jpg","type":"image\/jpeg"}],"author":"mhais","twitter_card":"summary_large_image","twitter_misc":{"Escrito por":"mhais","Est. tempo de leitura":"3 minutos"},"schema":{"@context":"https:\/\/schema.org","@graph":[{"@type":"Article","@id":"https:\/\/www.sitsesp.org.br\/novo\/dia-do-trabalhador-reforca-luta-por-respeito-valorizacao-e-seguranca-na-socioeducacao\/#article","isPartOf":{"@id":"https:\/\/www.sitsesp.org.br\/novo\/dia-do-trabalhador-reforca-luta-por-respeito-valorizacao-e-seguranca-na-socioeducacao\/"},"author":{"name":"mhais","@id":"https:\/\/www.sitsesp.org.br\/novo\/#\/schema\/person\/2a4c180eb185645b3bef8657c75e305a"},"headline":"Dia do Trabalhador refor\u00e7a luta por respeito, valoriza\u00e7\u00e3o e seguran\u00e7a na socioeduca\u00e7\u00e3o","datePublished":"2026-05-01T11:32:56+00:00","dateModified":"2026-05-01T11:39:23+00:00","mainEntityOfPage":{"@id":"https:\/\/www.sitsesp.org.br\/novo\/dia-do-trabalhador-reforca-luta-por-respeito-valorizacao-e-seguranca-na-socioeducacao\/"},"wordCount":520,"commentCount":0,"publisher":{"@id":"https:\/\/www.sitsesp.org.br\/novo\/#organization"},"image":{"@id":"https:\/\/www.sitsesp.org.br\/novo\/dia-do-trabalhador-reforca-luta-por-respeito-valorizacao-e-seguranca-na-socioeducacao\/#primaryimage"},"thumbnailUrl":"https:\/\/www.sitsesp.org.br\/novo\/wp-content\/uploads\/2026\/05\/53651873948_d914aa6512_b.jpg","articleSection":["Noticias"],"inLanguage":"pt-BR","potentialAction":[{"@type":"CommentAction","name":"Comment","target":["https:\/\/www.sitsesp.org.br\/novo\/dia-do-trabalhador-reforca-luta-por-respeito-valorizacao-e-seguranca-na-socioeducacao\/#respond"]}]},{"@type":"WebPage","@id":"https:\/\/www.sitsesp.org.br\/novo\/dia-do-trabalhador-reforca-luta-por-respeito-valorizacao-e-seguranca-na-socioeducacao\/","url":"https:\/\/www.sitsesp.org.br\/novo\/dia-do-trabalhador-reforca-luta-por-respeito-valorizacao-e-seguranca-na-socioeducacao\/","name":"Dia do Trabalhador refor\u00e7a luta por respeito, valoriza\u00e7\u00e3o e seguran\u00e7a na socioeduca\u00e7\u00e3o - SITSESP","isPartOf":{"@id":"https:\/\/www.sitsesp.org.br\/novo\/#website"},"primaryImageOfPage":{"@id":"https:\/\/www.sitsesp.org.br\/novo\/dia-do-trabalhador-reforca-luta-por-respeito-valorizacao-e-seguranca-na-socioeducacao\/#primaryimage"},"image":{"@id":"https:\/\/www.sitsesp.org.br\/novo\/dia-do-trabalhador-reforca-luta-por-respeito-valorizacao-e-seguranca-na-socioeducacao\/#primaryimage"},"thumbnailUrl":"https:\/\/www.sitsesp.org.br\/novo\/wp-content\/uploads\/2026\/05\/53651873948_d914aa6512_b.jpg","datePublished":"2026-05-01T11:32:56+00:00","dateModified":"2026-05-01T11:39:23+00:00","breadcrumb":{"@id":"https:\/\/www.sitsesp.org.br\/novo\/dia-do-trabalhador-reforca-luta-por-respeito-valorizacao-e-seguranca-na-socioeducacao\/#breadcrumb"},"inLanguage":"pt-BR","potentialAction":[{"@type":"ReadAction","target":["https:\/\/www.sitsesp.org.br\/novo\/dia-do-trabalhador-reforca-luta-por-respeito-valorizacao-e-seguranca-na-socioeducacao\/"]}]},{"@type":"ImageObject","inLanguage":"pt-BR","@id":"https:\/\/www.sitsesp.org.br\/novo\/dia-do-trabalhador-reforca-luta-por-respeito-valorizacao-e-seguranca-na-socioeducacao\/#primaryimage","url":"https:\/\/www.sitsesp.org.br\/novo\/wp-content\/uploads\/2026\/05\/53651873948_d914aa6512_b.jpg","contentUrl":"https:\/\/www.sitsesp.org.br\/novo\/wp-content\/uploads\/2026\/05\/53651873948_d914aa6512_b.jpg","width":1024,"height":683},{"@type":"BreadcrumbList","@id":"https:\/\/www.sitsesp.org.br\/novo\/dia-do-trabalhador-reforca-luta-por-respeito-valorizacao-e-seguranca-na-socioeducacao\/#breadcrumb","itemListElement":[{"@type":"ListItem","position":1,"name":"In\u00edcio","item":"https:\/\/www.sitsesp.org.br\/novo\/"},{"@type":"ListItem","position":2,"name":"Dia do Trabalhador refor\u00e7a luta por respeito, valoriza\u00e7\u00e3o e seguran\u00e7a na socioeduca\u00e7\u00e3o"}]},{"@type":"WebSite","@id":"https:\/\/www.sitsesp.org.br\/novo\/#website","url":"https:\/\/www.sitsesp.org.br\/novo\/","name":"Sitsesp","description":"SIndicato da Socioeduca\u00e7\u00e3o do Estado de S\u00e3o Paulo","publisher":{"@id":"https:\/\/www.sitsesp.org.br\/novo\/#organization"},"potentialAction":[{"@type":"SearchAction","target":{"@type":"EntryPoint","urlTemplate":"https:\/\/www.sitsesp.org.br\/novo\/?s={search_term_string}"},"query-input":"required name=search_term_string"}],"inLanguage":"pt-BR"},{"@type":"Organization","@id":"https:\/\/www.sitsesp.org.br\/novo\/#organization","name":"Sitsesp","url":"https:\/\/www.sitsesp.org.br\/novo\/","logo":{"@type":"ImageObject","inLanguage":"pt-BR","@id":"https:\/\/www.sitsesp.org.br\/novo\/#\/schema\/logo\/image\/","url":"https:\/\/www.sitsesp.org.br\/novo\/wp-content\/uploads\/2020\/09\/Design-sem-nome-1.jpg","contentUrl":"https:\/\/www.sitsesp.org.br\/novo\/wp-content\/uploads\/2020\/09\/Design-sem-nome-1.jpg","width":300,"height":300,"caption":"Sitsesp"},"image":{"@id":"https:\/\/www.sitsesp.org.br\/novo\/#\/schema\/logo\/image\/"}},{"@type":"Person","@id":"https:\/\/www.sitsesp.org.br\/novo\/#\/schema\/person\/2a4c180eb185645b3bef8657c75e305a","name":"mhais","image":{"@type":"ImageObject","inLanguage":"pt-BR","@id":"https:\/\/www.sitsesp.org.br\/novo\/#\/schema\/person\/image\/","url":"https:\/\/secure.gravatar.com\/avatar\/6f4eabe86990e81328cf702edfa92a60?s=96&d=mm&r=g","contentUrl":"https:\/\/secure.gravatar.com\/avatar\/6f4eabe86990e81328cf702edfa92a60?s=96&d=mm&r=g","caption":"mhais"},"sameAs":["http:\/\/localhost\/sitsesp"]}]}},"_links":{"self":[{"href":"https:\/\/www.sitsesp.org.br\/novo\/wp-json\/wp\/v2\/posts\/17347"}],"collection":[{"href":"https:\/\/www.sitsesp.org.br\/novo\/wp-json\/wp\/v2\/posts"}],"about":[{"href":"https:\/\/www.sitsesp.org.br\/novo\/wp-json\/wp\/v2\/types\/post"}],"author":[{"embeddable":true,"href":"https:\/\/www.sitsesp.org.br\/novo\/wp-json\/wp\/v2\/users\/1"}],"replies":[{"embeddable":true,"href":"https:\/\/www.sitsesp.org.br\/novo\/wp-json\/wp\/v2\/comments?post=17347"}],"version-history":[{"count":1,"href":"https:\/\/www.sitsesp.org.br\/novo\/wp-json\/wp\/v2\/posts\/17347\/revisions"}],"predecessor-version":[{"id":17349,"href":"https:\/\/www.sitsesp.org.br\/novo\/wp-json\/wp\/v2\/posts\/17347\/revisions\/17349"}],"wp:featuredmedia":[{"embeddable":true,"href":"https:\/\/www.sitsesp.org.br\/novo\/wp-json\/wp\/v2\/media\/17348"}],"wp:attachment":[{"href":"https:\/\/www.sitsesp.org.br\/novo\/wp-json\/wp\/v2\/media?parent=17347"}],"wp:term":[{"taxonomy":"category","embeddable":true,"href":"https:\/\/www.sitsesp.org.br\/novo\/wp-json\/wp\/v2\/categories?post=17347"},{"taxonomy":"post_tag","embeddable":true,"href":"https:\/\/www.sitsesp.org.br\/novo\/wp-json\/wp\/v2\/tags?post=17347"}],"curies":[{"name":"wp","href":"https:\/\/api.w.org\/{rel}","templated":true}]}}