{"id":17667,"date":"2026-09-01T09:59:21","date_gmt":"2026-09-01T12:59:21","guid":{"rendered":"https:\/\/www.sitsesp.org.br\/novo\/?p=17667"},"modified":"2026-09-01T18:12:39","modified_gmt":"2026-09-01T21:12:39","slug":"sitsesp-acompanha-votacao-da-pec-18-e-reforca-mobilizacao-em-defesa-dos-servidores-da-socioeducacao","status":"publish","type":"post","link":"https:\/\/www.sitsesp.org.br\/novo\/sitsesp-acompanha-votacao-da-pec-18-e-reforca-mobilizacao-em-defesa-dos-servidores-da-socioeducacao\/","title":{"rendered":"SITSESP ACOMPANHA VOTA\u00c7\u00c3O DA PEC 18 E REFOR\u00c7A MOBILIZA\u00c7\u00c3O EM DEFESA DOS SERVIDORES DA SOCIOEDUCA\u00c7\u00c3O"},"content":{"rendered":"<p><!-- VideographyWP Plugin Message: Automatic video embedding prevented by plugin options. --><\/p>\n<p class=\"isSelectedEnd\">O SITSESP est\u00e1 mobilizado e acompanhando de perto as discuss\u00f5es em torno da <strong>PEC 18\/2025<\/strong>, que trata da organiza\u00e7\u00e3o da seguran\u00e7a p\u00fablica e possui pontos de interesse direto dos trabalhadores e trabalhadoras do sistema socioeducativo.<\/p>\n<p class=\"isSelectedEnd\">Representando o sindicato nesta importante agenda pol\u00edtica est\u00e3o o <strong>presidente Neemias de Souza<\/strong> e os diretores <strong>Joel de Sena e Luis Vagner<\/strong>, que participam das articula\u00e7\u00f5es e do di\u00e1logo com parlamentares em defesa dos interesses da categoria.<\/p>\n<p class=\"isSelectedEnd\">A PEC 18 ganhou especial import\u00e2ncia para a socioeduca\u00e7\u00e3o por envolver o debate sobre o reconhecimento e a inclus\u00e3o dos \u00f3rg\u00e3os do sistema socioeducativo na estrutura institucional prevista para a seguran\u00e7a p\u00fablica. Durante sua tramita\u00e7\u00e3o, foram apresentadas propostas espec\u00edficas para contemplar os servidores e a estrutura da socioeduca\u00e7\u00e3o.<\/p>\n<p class=\"isSelectedEnd\">Para o SITSESP, estar presente nos espa\u00e7os onde decis\u00f5es dessa dimens\u00e3o s\u00e3o constru\u00eddas \u00e9 parte fundamental da atua\u00e7\u00e3o sindical. <strong>A representa\u00e7\u00e3o sindical n\u00e3o se limita \u00e0s negocia\u00e7\u00f5es dentro do local de trabalho: tamb\u00e9m exige presen\u00e7a pol\u00edtica, articula\u00e7\u00e3o institucional e di\u00e1logo permanente com aqueles que elaboram e votam leis que podem impactar diretamente a vida funcional da categoria.<\/strong><\/p>\n<p class=\"isSelectedEnd\">A participa\u00e7\u00e3o do presidente Neemias de Souza e dos diretores Joel de Sena e Luis Vagner refor\u00e7a esse compromisso. O objetivo \u00e9 fazer com que a voz dos servidores e servidoras da socioeduca\u00e7\u00e3o seja ouvida, defendendo reconhecimento profissional, valoriza\u00e7\u00e3o, seguran\u00e7a e melhores condi\u00e7\u00f5es para o exerc\u00edcio das fun\u00e7\u00f5es.<\/p>\n<p class=\"isSelectedEnd\">O SITSESP j\u00e1 acompanha a tramita\u00e7\u00e3o da PEC 18 desde suas etapas anteriores, atuando para que as particularidades e reivindica\u00e7\u00f5es da socioeduca\u00e7\u00e3o sejam consideradas no debate nacional.<\/p>\n<p class=\"isSelectedEnd\"><strong>Sindicato forte \u00e9 sindicato presente.<\/strong> \u00c9 por meio da organiza\u00e7\u00e3o, da representa\u00e7\u00e3o e da mobiliza\u00e7\u00e3o que a categoria amplia sua capacidade de di\u00e1logo e de defesa dos seus direitos.<\/p>\n<p>O <strong>SITSESP segue presente, mobilizado e atuante<\/strong>, acompanhando os desdobramentos da PEC 18 e trabalhando para garantir que os interesses dos servidores e servidoras da socioeduca\u00e7\u00e3o estejam representados nos espa\u00e7os de decis\u00e3o.<\/p>\n<p><img fetchpriority=\"high\" decoding=\"async\" class=\"alignnone wp-image-17669 size-large\" src=\"https:\/\/www.sitsesp.org.br\/novo\/wp-content\/uploads\/2026\/09\/WhatsApp-Image-2026-09-01-at-09.43.35-1024x768.jpeg\" alt=\"\" width=\"1024\" height=\"768\" srcset=\"https:\/\/www.sitsesp.org.br\/novo\/wp-content\/uploads\/2026\/09\/WhatsApp-Image-2026-09-01-at-09.43.35-1024x768.jpeg 1024w, https:\/\/www.sitsesp.org.br\/novo\/wp-content\/uploads\/2026\/09\/WhatsApp-Image-2026-09-01-at-09.43.35-300x225.jpeg 300w, https:\/\/www.sitsesp.org.br\/novo\/wp-content\/uploads\/2026\/09\/WhatsApp-Image-2026-09-01-at-09.43.35-768x576.jpeg 768w, https:\/\/www.sitsesp.org.br\/novo\/wp-content\/uploads\/2026\/09\/WhatsApp-Image-2026-09-01-at-09.43.35-1536x1152.jpeg 1536w, https:\/\/www.sitsesp.org.br\/novo\/wp-content\/uploads\/2026\/09\/WhatsApp-Image-2026-09-01-at-09.43.35-1170x878.jpeg 1170w, https:\/\/www.sitsesp.org.br\/novo\/wp-content\/uploads\/2026\/09\/WhatsApp-Image-2026-09-01-at-09.43.35-585x439.jpeg 585w, https:\/\/www.sitsesp.org.br\/novo\/wp-content\/uploads\/2026\/09\/WhatsApp-Image-2026-09-01-at-09.43.35.jpeg 1600w\" sizes=\"(max-width: 1024px) 100vw, 1024px\" \/><\/p>\n","protected":false},"excerpt":{"rendered":"<p>O SITSESP est\u00e1 mobilizado e acompanhando de perto as discuss\u00f5es em torno da PEC 18\/2025, que trata da organiza\u00e7\u00e3o da seguran\u00e7a&hellip;<\/p>\n","protected":false},"author":1,"featured_media":17672,"comment_status":"open","ping_status":"open","sticky":false,"template":"","format":"standard","meta":{"cybocfi_hide_featured_image":"","footnotes":""},"categories":[27],"tags":[],"class_list":["post-17667","post","type-post","status-publish","format-standard","has-post-thumbnail","hentry","category-destaque"],"yoast_head":"<!-- This site is optimized with the Yoast SEO plugin v22.8 - https:\/\/yoast.com\/wordpress\/plugins\/seo\/ -->\n<title>SITSESP ACOMPANHA VOTA\u00c7\u00c3O DA PEC 18 E REFOR\u00c7A MOBILIZA\u00c7\u00c3O EM DEFESA DOS SERVIDORES DA SOCIOEDUCA\u00c7\u00c3O - SITSESP<\/title>\n<meta name=\"robots\" content=\"index, follow, max-snippet:-1, max-image-preview:large, max-video-preview:-1\" \/>\n<link rel=\"canonical\" href=\"https:\/\/www.sitsesp.org.br\/novo\/sitsesp-acompanha-votacao-da-pec-18-e-reforca-mobilizacao-em-defesa-dos-servidores-da-socioeducacao\/\" \/>\n<meta property=\"og:locale\" content=\"pt_BR\" \/>\n<meta property=\"og:type\" content=\"article\" \/>\n<meta property=\"og:title\" content=\"SITSESP ACOMPANHA VOTA\u00c7\u00c3O DA PEC 18 E REFOR\u00c7A MOBILIZA\u00c7\u00c3O EM DEFESA DOS SERVIDORES DA SOCIOEDUCA\u00c7\u00c3O - SITSESP\" \/>\n<meta property=\"og:description\" content=\"O SITSESP est\u00e1 mobilizado e acompanhando de perto as discuss\u00f5es em torno da PEC 18\/2025, que trata da organiza\u00e7\u00e3o da seguran\u00e7a&hellip;\" \/>\n<meta property=\"og:url\" content=\"https:\/\/www.sitsesp.org.br\/novo\/sitsesp-acompanha-votacao-da-pec-18-e-reforca-mobilizacao-em-defesa-dos-servidores-da-socioeducacao\/\" \/>\n<meta property=\"og:site_name\" content=\"SITSESP\" \/>\n<meta property=\"article:published_time\" content=\"2026-09-01T12:59:21+00:00\" \/>\n<meta property=\"article:modified_time\" content=\"2026-09-01T21:12:39+00:00\" \/>\n<meta property=\"og:image\" content=\"https:\/\/www.sitsesp.org.br\/novo\/wp-content\/uploads\/2026\/09\/ChatGPT-Image-1-de-set.-de-2026-18_11_31-1024x725.png\" \/>\n\t<meta property=\"og:image:width\" content=\"1024\" \/>\n\t<meta property=\"og:image:height\" content=\"725\" \/>\n\t<meta property=\"og:image:type\" content=\"image\/png\" \/>\n<meta name=\"author\" content=\"mhais\" \/>\n<meta name=\"twitter:card\" content=\"summary_large_image\" \/>\n<meta name=\"twitter:label1\" content=\"Escrito por\" \/>\n\t<meta name=\"twitter:data1\" content=\"mhais\" \/>\n\t<meta name=\"twitter:label2\" content=\"Est. tempo de leitura\" \/>\n\t<meta name=\"twitter:data2\" content=\"2 minutos\" \/>\n<script type=\"application\/ld+json\" class=\"yoast-schema-graph\">{\"@context\":\"https:\/\/schema.org\",\"@graph\":[{\"@type\":\"Article\",\"@id\":\"https:\/\/www.sitsesp.org.br\/novo\/sitsesp-acompanha-votacao-da-pec-18-e-reforca-mobilizacao-em-defesa-dos-servidores-da-socioeducacao\/#article\",\"isPartOf\":{\"@id\":\"https:\/\/www.sitsesp.org.br\/novo\/sitsesp-acompanha-votacao-da-pec-18-e-reforca-mobilizacao-em-defesa-dos-servidores-da-socioeducacao\/\"},\"author\":{\"name\":\"mhais\",\"@id\":\"https:\/\/www.sitsesp.org.br\/novo\/#\/schema\/person\/2a4c180eb185645b3bef8657c75e305a\"},\"headline\":\"SITSESP ACOMPANHA VOTA\u00c7\u00c3O DA PEC 18 E REFOR\u00c7A MOBILIZA\u00c7\u00c3O EM DEFESA DOS SERVIDORES DA SOCIOEDUCA\u00c7\u00c3O\",\"datePublished\":\"2026-09-01T12:59:21+00:00\",\"dateModified\":\"2026-09-01T21:12:39+00:00\",\"mainEntityOfPage\":{\"@id\":\"https:\/\/www.sitsesp.org.br\/novo\/sitsesp-acompanha-votacao-da-pec-18-e-reforca-mobilizacao-em-defesa-dos-servidores-da-socioeducacao\/\"},\"wordCount\":372,\"commentCount\":0,\"publisher\":{\"@id\":\"https:\/\/www.sitsesp.org.br\/novo\/#organization\"},\"image\":{\"@id\":\"https:\/\/www.sitsesp.org.br\/novo\/sitsesp-acompanha-votacao-da-pec-18-e-reforca-mobilizacao-em-defesa-dos-servidores-da-socioeducacao\/#primaryimage\"},\"thumbnailUrl\":\"https:\/\/www.sitsesp.org.br\/novo\/wp-content\/uploads\/2026\/09\/ChatGPT-Image-1-de-set.-de-2026-18_11_31.png\",\"articleSection\":[\"Destaque\"],\"inLanguage\":\"pt-BR\",\"potentialAction\":[{\"@type\":\"CommentAction\",\"name\":\"Comment\",\"target\":[\"https:\/\/www.sitsesp.org.br\/novo\/sitsesp-acompanha-votacao-da-pec-18-e-reforca-mobilizacao-em-defesa-dos-servidores-da-socioeducacao\/#respond\"]}]},{\"@type\":\"WebPage\",\"@id\":\"https:\/\/www.sitsesp.org.br\/novo\/sitsesp-acompanha-votacao-da-pec-18-e-reforca-mobilizacao-em-defesa-dos-servidores-da-socioeducacao\/\",\"url\":\"https:\/\/www.sitsesp.org.br\/novo\/sitsesp-acompanha-votacao-da-pec-18-e-reforca-mobilizacao-em-defesa-dos-servidores-da-socioeducacao\/\",\"name\":\"SITSESP ACOMPANHA VOTA\u00c7\u00c3O DA PEC 18 E REFOR\u00c7A MOBILIZA\u00c7\u00c3O EM DEFESA DOS SERVIDORES DA SOCIOEDUCA\u00c7\u00c3O - SITSESP\",\"isPartOf\":{\"@id\":\"https:\/\/www.sitsesp.org.br\/novo\/#website\"},\"primaryImageOfPage\":{\"@id\":\"https:\/\/www.sitsesp.org.br\/novo\/sitsesp-acompanha-votacao-da-pec-18-e-reforca-mobilizacao-em-defesa-dos-servidores-da-socioeducacao\/#primaryimage\"},\"image\":{\"@id\":\"https:\/\/www.sitsesp.org.br\/novo\/sitsesp-acompanha-votacao-da-pec-18-e-reforca-mobilizacao-em-defesa-dos-servidores-da-socioeducacao\/#primaryimage\"},\"thumbnailUrl\":\"https:\/\/www.sitsesp.org.br\/novo\/wp-content\/uploads\/2026\/09\/ChatGPT-Image-1-de-set.-de-2026-18_11_31.png\",\"datePublished\":\"2026-09-01T12:59:21+00:00\",\"dateModified\":\"2026-09-01T21:12:39+00:00\",\"breadcrumb\":{\"@id\":\"https:\/\/www.sitsesp.org.br\/novo\/sitsesp-acompanha-votacao-da-pec-18-e-reforca-mobilizacao-em-defesa-dos-servidores-da-socioeducacao\/#breadcrumb\"},\"inLanguage\":\"pt-BR\",\"potentialAction\":[{\"@type\":\"ReadAction\",\"target\":[\"https:\/\/www.sitsesp.org.br\/novo\/sitsesp-acompanha-votacao-da-pec-18-e-reforca-mobilizacao-em-defesa-dos-servidores-da-socioeducacao\/\"]}]},{\"@type\":\"ImageObject\",\"inLanguage\":\"pt-BR\",\"@id\":\"https:\/\/www.sitsesp.org.br\/novo\/sitsesp-acompanha-votacao-da-pec-18-e-reforca-mobilizacao-em-defesa-dos-servidores-da-socioeducacao\/#primaryimage\",\"url\":\"https:\/\/www.sitsesp.org.br\/novo\/wp-content\/uploads\/2026\/09\/ChatGPT-Image-1-de-set.-de-2026-18_11_31.png\",\"contentUrl\":\"https:\/\/www.sitsesp.org.br\/novo\/wp-content\/uploads\/2026\/09\/ChatGPT-Image-1-de-set.-de-2026-18_11_31.png\",\"width\":1491,\"height\":1055},{\"@type\":\"BreadcrumbList\",\"@id\":\"https:\/\/www.sitsesp.org.br\/novo\/sitsesp-acompanha-votacao-da-pec-18-e-reforca-mobilizacao-em-defesa-dos-servidores-da-socioeducacao\/#breadcrumb\",\"itemListElement\":[{\"@type\":\"ListItem\",\"position\":1,\"name\":\"In\u00edcio\",\"item\":\"https:\/\/www.sitsesp.org.br\/novo\/\"},{\"@type\":\"ListItem\",\"position\":2,\"name\":\"SITSESP ACOMPANHA VOTA\u00c7\u00c3O DA PEC 18 E REFOR\u00c7A MOBILIZA\u00c7\u00c3O EM DEFESA DOS SERVIDORES DA SOCIOEDUCA\u00c7\u00c3O\"}]},{\"@type\":\"WebSite\",\"@id\":\"https:\/\/www.sitsesp.org.br\/novo\/#website\",\"url\":\"https:\/\/www.sitsesp.org.br\/novo\/\",\"name\":\"Sitsesp\",\"description\":\"SIndicato da Socioeduca\u00e7\u00e3o do Estado de S\u00e3o Paulo\",\"publisher\":{\"@id\":\"https:\/\/www.sitsesp.org.br\/novo\/#organization\"},\"potentialAction\":[{\"@type\":\"SearchAction\",\"target\":{\"@type\":\"EntryPoint\",\"urlTemplate\":\"https:\/\/www.sitsesp.org.br\/novo\/?s={search_term_string}\"},\"query-input\":\"required name=search_term_string\"}],\"inLanguage\":\"pt-BR\"},{\"@type\":\"Organization\",\"@id\":\"https:\/\/www.sitsesp.org.br\/novo\/#organization\",\"name\":\"Sitsesp\",\"url\":\"https:\/\/www.sitsesp.org.br\/novo\/\",\"logo\":{\"@type\":\"ImageObject\",\"inLanguage\":\"pt-BR\",\"@id\":\"https:\/\/www.sitsesp.org.br\/novo\/#\/schema\/logo\/image\/\",\"url\":\"https:\/\/www.sitsesp.org.br\/novo\/wp-content\/uploads\/2020\/09\/Design-sem-nome-1.jpg\",\"contentUrl\":\"https:\/\/www.sitsesp.org.br\/novo\/wp-content\/uploads\/2020\/09\/Design-sem-nome-1.jpg\",\"width\":300,\"height\":300,\"caption\":\"Sitsesp\"},\"image\":{\"@id\":\"https:\/\/www.sitsesp.org.br\/novo\/#\/schema\/logo\/image\/\"}},{\"@type\":\"Person\",\"@id\":\"https:\/\/www.sitsesp.org.br\/novo\/#\/schema\/person\/2a4c180eb185645b3bef8657c75e305a\",\"name\":\"mhais\",\"image\":{\"@type\":\"ImageObject\",\"inLanguage\":\"pt-BR\",\"@id\":\"https:\/\/www.sitsesp.org.br\/novo\/#\/schema\/person\/image\/\",\"url\":\"https:\/\/secure.gravatar.com\/avatar\/da23940d071bfcb895abee8d7675a9792dce048ecd771875fa724c65f8e50796?s=96&d=mm&r=g\",\"contentUrl\":\"https:\/\/secure.gravatar.com\/avatar\/da23940d071bfcb895abee8d7675a9792dce048ecd771875fa724c65f8e50796?s=96&d=mm&r=g\",\"caption\":\"mhais\"},\"sameAs\":[\"http:\/\/localhost\/sitsesp\"]}]}<\/script>\n<!-- \/ Yoast SEO plugin. -->","yoast_head_json":{"title":"SITSESP ACOMPANHA VOTA\u00c7\u00c3O DA PEC 18 E REFOR\u00c7A MOBILIZA\u00c7\u00c3O EM DEFESA DOS SERVIDORES DA SOCIOEDUCA\u00c7\u00c3O - SITSESP","robots":{"index":"index","follow":"follow","max-snippet":"max-snippet:-1","max-image-preview":"max-image-preview:large","max-video-preview":"max-video-preview:-1"},"canonical":"https:\/\/www.sitsesp.org.br\/novo\/sitsesp-acompanha-votacao-da-pec-18-e-reforca-mobilizacao-em-defesa-dos-servidores-da-socioeducacao\/","og_locale":"pt_BR","og_type":"article","og_title":"SITSESP ACOMPANHA VOTA\u00c7\u00c3O DA PEC 18 E REFOR\u00c7A MOBILIZA\u00c7\u00c3O EM DEFESA DOS SERVIDORES DA SOCIOEDUCA\u00c7\u00c3O - SITSESP","og_description":"O SITSESP est\u00e1 mobilizado e acompanhando de perto as discuss\u00f5es em torno da PEC 18\/2025, que trata da organiza\u00e7\u00e3o da seguran\u00e7a&hellip;","og_url":"https:\/\/www.sitsesp.org.br\/novo\/sitsesp-acompanha-votacao-da-pec-18-e-reforca-mobilizacao-em-defesa-dos-servidores-da-socioeducacao\/","og_site_name":"SITSESP","article_published_time":"2026-09-01T12:59:21+00:00","article_modified_time":"2026-09-01T21:12:39+00:00","og_image":[{"width":1024,"height":725,"url":"https:\/\/www.sitsesp.org.br\/novo\/wp-content\/uploads\/2026\/09\/ChatGPT-Image-1-de-set.-de-2026-18_11_31-1024x725.png","type":"image\/png"}],"author":"mhais","twitter_card":"summary_large_image","twitter_misc":{"Escrito por":"mhais","Est. tempo de leitura":"2 minutos"},"schema":{"@context":"https:\/\/schema.org","@graph":[{"@type":"Article","@id":"https:\/\/www.sitsesp.org.br\/novo\/sitsesp-acompanha-votacao-da-pec-18-e-reforca-mobilizacao-em-defesa-dos-servidores-da-socioeducacao\/#article","isPartOf":{"@id":"https:\/\/www.sitsesp.org.br\/novo\/sitsesp-acompanha-votacao-da-pec-18-e-reforca-mobilizacao-em-defesa-dos-servidores-da-socioeducacao\/"},"author":{"name":"mhais","@id":"https:\/\/www.sitsesp.org.br\/novo\/#\/schema\/person\/2a4c180eb185645b3bef8657c75e305a"},"headline":"SITSESP ACOMPANHA VOTA\u00c7\u00c3O DA PEC 18 E REFOR\u00c7A MOBILIZA\u00c7\u00c3O EM DEFESA DOS SERVIDORES DA SOCIOEDUCA\u00c7\u00c3O","datePublished":"2026-09-01T12:59:21+00:00","dateModified":"2026-09-01T21:12:39+00:00","mainEntityOfPage":{"@id":"https:\/\/www.sitsesp.org.br\/novo\/sitsesp-acompanha-votacao-da-pec-18-e-reforca-mobilizacao-em-defesa-dos-servidores-da-socioeducacao\/"},"wordCount":372,"commentCount":0,"publisher":{"@id":"https:\/\/www.sitsesp.org.br\/novo\/#organization"},"image":{"@id":"https:\/\/www.sitsesp.org.br\/novo\/sitsesp-acompanha-votacao-da-pec-18-e-reforca-mobilizacao-em-defesa-dos-servidores-da-socioeducacao\/#primaryimage"},"thumbnailUrl":"https:\/\/www.sitsesp.org.br\/novo\/wp-content\/uploads\/2026\/09\/ChatGPT-Image-1-de-set.-de-2026-18_11_31.png","articleSection":["Destaque"],"inLanguage":"pt-BR","potentialAction":[{"@type":"CommentAction","name":"Comment","target":["https:\/\/www.sitsesp.org.br\/novo\/sitsesp-acompanha-votacao-da-pec-18-e-reforca-mobilizacao-em-defesa-dos-servidores-da-socioeducacao\/#respond"]}]},{"@type":"WebPage","@id":"https:\/\/www.sitsesp.org.br\/novo\/sitsesp-acompanha-votacao-da-pec-18-e-reforca-mobilizacao-em-defesa-dos-servidores-da-socioeducacao\/","url":"https:\/\/www.sitsesp.org.br\/novo\/sitsesp-acompanha-votacao-da-pec-18-e-reforca-mobilizacao-em-defesa-dos-servidores-da-socioeducacao\/","name":"SITSESP ACOMPANHA VOTA\u00c7\u00c3O DA PEC 18 E REFOR\u00c7A MOBILIZA\u00c7\u00c3O EM DEFESA DOS SERVIDORES DA SOCIOEDUCA\u00c7\u00c3O - SITSESP","isPartOf":{"@id":"https:\/\/www.sitsesp.org.br\/novo\/#website"},"primaryImageOfPage":{"@id":"https:\/\/www.sitsesp.org.br\/novo\/sitsesp-acompanha-votacao-da-pec-18-e-reforca-mobilizacao-em-defesa-dos-servidores-da-socioeducacao\/#primaryimage"},"image":{"@id":"https:\/\/www.sitsesp.org.br\/novo\/sitsesp-acompanha-votacao-da-pec-18-e-reforca-mobilizacao-em-defesa-dos-servidores-da-socioeducacao\/#primaryimage"},"thumbnailUrl":"https:\/\/www.sitsesp.org.br\/novo\/wp-content\/uploads\/2026\/09\/ChatGPT-Image-1-de-set.-de-2026-18_11_31.png","datePublished":"2026-09-01T12:59:21+00:00","dateModified":"2026-09-01T21:12:39+00:00","breadcrumb":{"@id":"https:\/\/www.sitsesp.org.br\/novo\/sitsesp-acompanha-votacao-da-pec-18-e-reforca-mobilizacao-em-defesa-dos-servidores-da-socioeducacao\/#breadcrumb"},"inLanguage":"pt-BR","potentialAction":[{"@type":"ReadAction","target":["https:\/\/www.sitsesp.org.br\/novo\/sitsesp-acompanha-votacao-da-pec-18-e-reforca-mobilizacao-em-defesa-dos-servidores-da-socioeducacao\/"]}]},{"@type":"ImageObject","inLanguage":"pt-BR","@id":"https:\/\/www.sitsesp.org.br\/novo\/sitsesp-acompanha-votacao-da-pec-18-e-reforca-mobilizacao-em-defesa-dos-servidores-da-socioeducacao\/#primaryimage","url":"https:\/\/www.sitsesp.org.br\/novo\/wp-content\/uploads\/2026\/09\/ChatGPT-Image-1-de-set.-de-2026-18_11_31.png","contentUrl":"https:\/\/www.sitsesp.org.br\/novo\/wp-content\/uploads\/2026\/09\/ChatGPT-Image-1-de-set.-de-2026-18_11_31.png","width":1491,"height":1055},{"@type":"BreadcrumbList","@id":"https:\/\/www.sitsesp.org.br\/novo\/sitsesp-acompanha-votacao-da-pec-18-e-reforca-mobilizacao-em-defesa-dos-servidores-da-socioeducacao\/#breadcrumb","itemListElement":[{"@type":"ListItem","position":1,"name":"In\u00edcio","item":"https:\/\/www.sitsesp.org.br\/novo\/"},{"@type":"ListItem","position":2,"name":"SITSESP ACOMPANHA VOTA\u00c7\u00c3O DA PEC 18 E REFOR\u00c7A MOBILIZA\u00c7\u00c3O EM DEFESA DOS SERVIDORES DA SOCIOEDUCA\u00c7\u00c3O"}]},{"@type":"WebSite","@id":"https:\/\/www.sitsesp.org.br\/novo\/#website","url":"https:\/\/www.sitsesp.org.br\/novo\/","name":"Sitsesp","description":"SIndicato da Socioeduca\u00e7\u00e3o do Estado de S\u00e3o Paulo","publisher":{"@id":"https:\/\/www.sitsesp.org.br\/novo\/#organization"},"potentialAction":[{"@type":"SearchAction","target":{"@type":"EntryPoint","urlTemplate":"https:\/\/www.sitsesp.org.br\/novo\/?s={search_term_string}"},"query-input":"required name=search_term_string"}],"inLanguage":"pt-BR"},{"@type":"Organization","@id":"https:\/\/www.sitsesp.org.br\/novo\/#organization","name":"Sitsesp","url":"https:\/\/www.sitsesp.org.br\/novo\/","logo":{"@type":"ImageObject","inLanguage":"pt-BR","@id":"https:\/\/www.sitsesp.org.br\/novo\/#\/schema\/logo\/image\/","url":"https:\/\/www.sitsesp.org.br\/novo\/wp-content\/uploads\/2020\/09\/Design-sem-nome-1.jpg","contentUrl":"https:\/\/www.sitsesp.org.br\/novo\/wp-content\/uploads\/2020\/09\/Design-sem-nome-1.jpg","width":300,"height":300,"caption":"Sitsesp"},"image":{"@id":"https:\/\/www.sitsesp.org.br\/novo\/#\/schema\/logo\/image\/"}},{"@type":"Person","@id":"https:\/\/www.sitsesp.org.br\/novo\/#\/schema\/person\/2a4c180eb185645b3bef8657c75e305a","name":"mhais","image":{"@type":"ImageObject","inLanguage":"pt-BR","@id":"https:\/\/www.sitsesp.org.br\/novo\/#\/schema\/person\/image\/","url":"https:\/\/secure.gravatar.com\/avatar\/da23940d071bfcb895abee8d7675a9792dce048ecd771875fa724c65f8e50796?s=96&d=mm&r=g","contentUrl":"https:\/\/secure.gravatar.com\/avatar\/da23940d071bfcb895abee8d7675a9792dce048ecd771875fa724c65f8e50796?s=96&d=mm&r=g","caption":"mhais"},"sameAs":["http:\/\/localhost\/sitsesp"]}]}},"_links":{"self":[{"href":"https:\/\/www.sitsesp.org.br\/novo\/wp-json\/wp\/v2\/posts\/17667","targetHints":{"allow":["GET"]}}],"collection":[{"href":"https:\/\/www.sitsesp.org.br\/novo\/wp-json\/wp\/v2\/posts"}],"about":[{"href":"https:\/\/www.sitsesp.org.br\/novo\/wp-json\/wp\/v2\/types\/post"}],"author":[{"embeddable":true,"href":"https:\/\/www.sitsesp.org.br\/novo\/wp-json\/wp\/v2\/users\/1"}],"replies":[{"embeddable":true,"href":"https:\/\/www.sitsesp.org.br\/novo\/wp-json\/wp\/v2\/comments?post=17667"}],"version-history":[{"count":3,"href":"https:\/\/www.sitsesp.org.br\/novo\/wp-json\/wp\/v2\/posts\/17667\/revisions"}],"predecessor-version":[{"id":17673,"href":"https:\/\/www.sitsesp.org.br\/novo\/wp-json\/wp\/v2\/posts\/17667\/revisions\/17673"}],"wp:featuredmedia":[{"embeddable":true,"href":"https:\/\/www.sitsesp.org.br\/novo\/wp-json\/wp\/v2\/media\/17672"}],"wp:attachment":[{"href":"https:\/\/www.sitsesp.org.br\/novo\/wp-json\/wp\/v2\/media?parent=17667"}],"wp:term":[{"taxonomy":"category","embeddable":true,"href":"https:\/\/www.sitsesp.org.br\/novo\/wp-json\/wp\/v2\/categories?post=17667"},{"taxonomy":"post_tag","embeddable":true,"href":"https:\/\/www.sitsesp.org.br\/novo\/wp-json\/wp\/v2\/tags?post=17667"}],"curies":[{"name":"wp","href":"https:\/\/api.w.org\/{rel}","templated":true}]}}