{"id":17702,"date":"2026-09-03T13:38:18","date_gmt":"2026-09-03T16:38:18","guid":{"rendered":"https:\/\/www.sitsesp.org.br\/novo\/?p=17702"},"modified":"2026-09-03T14:32:54","modified_gmt":"2026-09-03T17:32:54","slug":"vitoria-do-sitsesp-fundacao-casa-formaliza-quarta-folga-mensal-para-servidores-da-enfermagem","status":"publish","type":"post","link":"https:\/\/www.sitsesp.org.br\/novo\/vitoria-do-sitsesp-fundacao-casa-formaliza-quarta-folga-mensal-para-servidores-da-enfermagem\/","title":{"rendered":"VIT\u00d3RIA DO SITSESP: FUNDA\u00c7\u00c3O CASA FORMALIZA QUARTA FOLGA MENSAL PARA SERVIDORES DA ENFERMAGEM"},"content":{"rendered":"<p><!-- VideographyWP Plugin Message: Automatic video embedding prevented by plugin options. --><\/p>\n<p style=\"text-align: justify;\">Comunicado DRH n\u00ba 042\/2026 determina cumprimento imediato da decis\u00e3o do TRT-2 e restabelece quatro folgas mensais para auxiliares de enfermagem e enfermeiros que atuam na escala 12&#215;36<\/p>\n<p style=\"text-align: justify;\">Uma importante conquista dos servidores da socioeduca\u00e7\u00e3o passa a ser formalmente aplicada pela Funda\u00e7\u00e3o CASA. Nesta ter\u00e7a-feira, 1\u00ba de setembro, a Divis\u00e3o de Recursos Humanos publicou o Comunicado DRH n\u00ba 042\/2026, estabelecendo a concess\u00e3o de quatro folgas mensais aos servidores ocupantes dos cargos de Auxiliar de Enfermagem e Enfermeiro submetidos \u00e0 jornada 12&#215;36.<\/p>\n<p style=\"text-align: justify;\">O comunicado \u00e9 resultado da decis\u00e3o proferida pelo Tribunal Regional do Trabalho da 2\u00aa Regi\u00e3o (TRT-2), no processo n\u00ba 1014284-43.2025.5.02.0000, que determinou o restabelecimento das quatro folgas mensais aos trabalhadores da enfermagem nessa jornada.<\/p>\n<p style=\"text-align: justify;\">A Funda\u00e7\u00e3o CASA determina que a medida seja aplicada aos auxiliares de enfermagem e enfermeiros cuja escala esteja definida no regime 12&#215;36. O documento estabelece ainda que dever\u00e3o ser observadas as necessidades de organiza\u00e7\u00e3o do servi\u00e7o e as demais normas internas aplic\u00e1veis, especialmente os artigos 9\u00ba e 10\u00ba da PN 448\/2024.<\/p>\n<p style=\"text-align: justify;\">EFEITO IMEDIATO<\/p>\n<p style=\"text-align: justify;\">Um dos pontos mais importantes do Comunicado DRH n\u00ba 042\/2026 \u00e9 que a determina\u00e7\u00e3o produz efeitos imediatos. Segundo o documento, cabe \u00e0s \u00e1reas competentes da Funda\u00e7\u00e3o CASA adotar as provid\u00eancias necess\u00e1rias para garantir o cumprimento da medida.<\/p>\n<p style=\"text-align: justify;\">A publica\u00e7\u00e3o representa a efetiva\u00e7\u00e3o de uma importante vit\u00f3ria judicial na defesa dos direitos dos servidores da enfermagem. A decis\u00e3o do TRT-2 restabeleceu uma condi\u00e7\u00e3o reivindicada pela categoria e agora dever\u00e1 ser incorporada \u00e0 organiza\u00e7\u00e3o das escalas de trabalho.<\/p>\n<p style=\"text-align: justify;\">MOBILIZA\u00c7\u00c3O E ATUA\u00c7\u00c3O SINDICAL<\/p>\n<p style=\"text-align: justify;\">Para o SITSESP, a formaliza\u00e7\u00e3o da quarta folga refor\u00e7a a import\u00e2ncia da organiza\u00e7\u00e3o coletiva e da atua\u00e7\u00e3o sindical na defesa dos direitos dos servidores e servidoras da socioeduca\u00e7\u00e3o.<\/p>\n<p style=\"text-align: justify;\">A conquista demonstra, na pr\u00e1tica, que a representa\u00e7\u00e3o sindical, aliada \u00e0 atua\u00e7\u00e3o jur\u00eddica e \u00e0 mobiliza\u00e7\u00e3o da categoria, \u00e9 fundamental para enfrentar situa\u00e7\u00f5es que possam resultar em perdas de direitos e para buscar o cumprimento das decis\u00f5es favor\u00e1veis aos trabalhadores.<\/p>\n<p style=\"text-align: justify;\">O SITSESP seguir\u00e1 acompanhando a aplica\u00e7\u00e3o do Comunicado DRH n\u00ba 042\/2026 nas unidades da Funda\u00e7\u00e3o CASA, defendendo que a decis\u00e3o seja efetivamente cumprida e que o direito conquistado seja respeitado.<\/p>\n<p style=\"text-align: justify;\">QUARTA FOLGA \u00c9 DIREITO CONQUISTADO. SITSESP SEGUE NA LUTA PELA VALORIZA\u00c7\u00c3O E PELOS DIREITOS DOS SERVIDORES E SERVIDORAS DA SOCIOEDUCA\u00c7\u00c3O.<\/p>\n<a href=\"https:\/\/www.sitsesp.org.br\/novo\/wp-content\/uploads\/2026\/09\/Comunicado-DRH-No-042-2026-Concessao-da-quarta-folga-mensal-aos-servidores-ocupantes-dos-cargos-de-Auxiliar-de-Enfermagem-e-Enfermeiro-em-escala-12x36.-2.pdf\" class=\"pdfemb-viewer\" style=\"\" data-width=\"max\" data-height=\"max\" data-toolbar=\"bottom\" data-toolbar-fixed=\"off\">Comunicado DRH N\u00ba 042-2026 -Concessa\u0303o da quarta folga mensal aos servidores ocupantes dos cargos de Auxiliar de Enfermagem e Enfermeiro em escala 12x36. (2)<\/a>\n","protected":false},"excerpt":{"rendered":"<p>Comunicado DRH n\u00ba 042\/2026 determina cumprimento imediato da decis\u00e3o do TRT-2 e restabelece quatro folgas mensais para auxiliares de enfermagem e&hellip;<\/p>\n","protected":false},"author":1,"featured_media":17703,"comment_status":"open","ping_status":"open","sticky":false,"template":"","format":"standard","meta":{"cybocfi_hide_featured_image":"","footnotes":""},"categories":[22,90],"tags":[],"class_list":["post-17702","post","type-post","status-publish","format-standard","has-post-thumbnail","hentry","category-noticias","category-noticias-do-juridico"],"yoast_head":"<!-- This site is optimized with the Yoast SEO plugin v22.8 - https:\/\/yoast.com\/wordpress\/plugins\/seo\/ -->\n<title>VIT\u00d3RIA DO SITSESP: FUNDA\u00c7\u00c3O CASA FORMALIZA QUARTA FOLGA MENSAL PARA SERVIDORES DA ENFERMAGEM - SITSESP<\/title>\n<meta name=\"robots\" content=\"index, follow, max-snippet:-1, max-image-preview:large, max-video-preview:-1\" \/>\n<link rel=\"canonical\" href=\"https:\/\/www.sitsesp.org.br\/novo\/vitoria-do-sitsesp-fundacao-casa-formaliza-quarta-folga-mensal-para-servidores-da-enfermagem\/\" \/>\n<meta property=\"og:locale\" content=\"pt_BR\" \/>\n<meta property=\"og:type\" content=\"article\" \/>\n<meta property=\"og:title\" content=\"VIT\u00d3RIA DO SITSESP: FUNDA\u00c7\u00c3O CASA FORMALIZA QUARTA FOLGA MENSAL PARA SERVIDORES DA ENFERMAGEM - SITSESP\" \/>\n<meta property=\"og:description\" content=\"Comunicado DRH n\u00ba 042\/2026 determina cumprimento imediato da decis\u00e3o do TRT-2 e restabelece quatro folgas mensais para auxiliares de enfermagem e&hellip;\" \/>\n<meta property=\"og:url\" content=\"https:\/\/www.sitsesp.org.br\/novo\/vitoria-do-sitsesp-fundacao-casa-formaliza-quarta-folga-mensal-para-servidores-da-enfermagem\/\" \/>\n<meta property=\"og:site_name\" content=\"SITSESP\" \/>\n<meta property=\"article:published_time\" content=\"2026-09-03T16:38:18+00:00\" \/>\n<meta property=\"article:modified_time\" content=\"2026-09-03T17:32:54+00:00\" \/>\n<meta property=\"og:image\" content=\"https:\/\/www.sitsesp.org.br\/novo\/wp-content\/uploads\/2026\/09\/sitsesp_aviso-3-scaled.jpg\" \/>\n\t<meta property=\"og:image:width\" content=\"2560\" \/>\n\t<meta property=\"og:image:height\" content=\"1920\" \/>\n\t<meta property=\"og:image:type\" content=\"image\/jpeg\" \/>\n<meta name=\"author\" content=\"mhais\" \/>\n<meta name=\"twitter:card\" content=\"summary_large_image\" \/>\n<meta name=\"twitter:label1\" content=\"Escrito por\" \/>\n\t<meta name=\"twitter:data1\" content=\"mhais\" \/>\n\t<meta name=\"twitter:label2\" content=\"Est. tempo de leitura\" \/>\n\t<meta name=\"twitter:data2\" content=\"3 minutos\" \/>\n<script type=\"application\/ld+json\" class=\"yoast-schema-graph\">{\"@context\":\"https:\/\/schema.org\",\"@graph\":[{\"@type\":\"Article\",\"@id\":\"https:\/\/www.sitsesp.org.br\/novo\/vitoria-do-sitsesp-fundacao-casa-formaliza-quarta-folga-mensal-para-servidores-da-enfermagem\/#article\",\"isPartOf\":{\"@id\":\"https:\/\/www.sitsesp.org.br\/novo\/vitoria-do-sitsesp-fundacao-casa-formaliza-quarta-folga-mensal-para-servidores-da-enfermagem\/\"},\"author\":{\"name\":\"mhais\",\"@id\":\"https:\/\/www.sitsesp.org.br\/novo\/#\/schema\/person\/2a4c180eb185645b3bef8657c75e305a\"},\"headline\":\"VIT\u00d3RIA DO SITSESP: FUNDA\u00c7\u00c3O CASA FORMALIZA QUARTA FOLGA MENSAL PARA SERVIDORES DA ENFERMAGEM\",\"datePublished\":\"2026-09-03T16:38:18+00:00\",\"dateModified\":\"2026-09-03T17:32:54+00:00\",\"mainEntityOfPage\":{\"@id\":\"https:\/\/www.sitsesp.org.br\/novo\/vitoria-do-sitsesp-fundacao-casa-formaliza-quarta-folga-mensal-para-servidores-da-enfermagem\/\"},\"wordCount\":448,\"commentCount\":0,\"publisher\":{\"@id\":\"https:\/\/www.sitsesp.org.br\/novo\/#organization\"},\"image\":{\"@id\":\"https:\/\/www.sitsesp.org.br\/novo\/vitoria-do-sitsesp-fundacao-casa-formaliza-quarta-folga-mensal-para-servidores-da-enfermagem\/#primaryimage\"},\"thumbnailUrl\":\"https:\/\/www.sitsesp.org.br\/novo\/wp-content\/uploads\/2026\/09\/sitsesp_aviso-3-scaled.jpg\",\"articleSection\":[\"Noticias\",\"Noticias do Jur\u00eddico\"],\"inLanguage\":\"pt-BR\",\"potentialAction\":[{\"@type\":\"CommentAction\",\"name\":\"Comment\",\"target\":[\"https:\/\/www.sitsesp.org.br\/novo\/vitoria-do-sitsesp-fundacao-casa-formaliza-quarta-folga-mensal-para-servidores-da-enfermagem\/#respond\"]}]},{\"@type\":\"WebPage\",\"@id\":\"https:\/\/www.sitsesp.org.br\/novo\/vitoria-do-sitsesp-fundacao-casa-formaliza-quarta-folga-mensal-para-servidores-da-enfermagem\/\",\"url\":\"https:\/\/www.sitsesp.org.br\/novo\/vitoria-do-sitsesp-fundacao-casa-formaliza-quarta-folga-mensal-para-servidores-da-enfermagem\/\",\"name\":\"VIT\u00d3RIA DO SITSESP: FUNDA\u00c7\u00c3O CASA FORMALIZA QUARTA FOLGA MENSAL PARA SERVIDORES DA ENFERMAGEM - SITSESP\",\"isPartOf\":{\"@id\":\"https:\/\/www.sitsesp.org.br\/novo\/#website\"},\"primaryImageOfPage\":{\"@id\":\"https:\/\/www.sitsesp.org.br\/novo\/vitoria-do-sitsesp-fundacao-casa-formaliza-quarta-folga-mensal-para-servidores-da-enfermagem\/#primaryimage\"},\"image\":{\"@id\":\"https:\/\/www.sitsesp.org.br\/novo\/vitoria-do-sitsesp-fundacao-casa-formaliza-quarta-folga-mensal-para-servidores-da-enfermagem\/#primaryimage\"},\"thumbnailUrl\":\"https:\/\/www.sitsesp.org.br\/novo\/wp-content\/uploads\/2026\/09\/sitsesp_aviso-3-scaled.jpg\",\"datePublished\":\"2026-09-03T16:38:18+00:00\",\"dateModified\":\"2026-09-03T17:32:54+00:00\",\"breadcrumb\":{\"@id\":\"https:\/\/www.sitsesp.org.br\/novo\/vitoria-do-sitsesp-fundacao-casa-formaliza-quarta-folga-mensal-para-servidores-da-enfermagem\/#breadcrumb\"},\"inLanguage\":\"pt-BR\",\"potentialAction\":[{\"@type\":\"ReadAction\",\"target\":[\"https:\/\/www.sitsesp.org.br\/novo\/vitoria-do-sitsesp-fundacao-casa-formaliza-quarta-folga-mensal-para-servidores-da-enfermagem\/\"]}]},{\"@type\":\"ImageObject\",\"inLanguage\":\"pt-BR\",\"@id\":\"https:\/\/www.sitsesp.org.br\/novo\/vitoria-do-sitsesp-fundacao-casa-formaliza-quarta-folga-mensal-para-servidores-da-enfermagem\/#primaryimage\",\"url\":\"https:\/\/www.sitsesp.org.br\/novo\/wp-content\/uploads\/2026\/09\/sitsesp_aviso-3-scaled.jpg\",\"contentUrl\":\"https:\/\/www.sitsesp.org.br\/novo\/wp-content\/uploads\/2026\/09\/sitsesp_aviso-3-scaled.jpg\",\"width\":2560,\"height\":1920},{\"@type\":\"BreadcrumbList\",\"@id\":\"https:\/\/www.sitsesp.org.br\/novo\/vitoria-do-sitsesp-fundacao-casa-formaliza-quarta-folga-mensal-para-servidores-da-enfermagem\/#breadcrumb\",\"itemListElement\":[{\"@type\":\"ListItem\",\"position\":1,\"name\":\"In\u00edcio\",\"item\":\"https:\/\/www.sitsesp.org.br\/novo\/\"},{\"@type\":\"ListItem\",\"position\":2,\"name\":\"VIT\u00d3RIA DO SITSESP: FUNDA\u00c7\u00c3O CASA FORMALIZA QUARTA FOLGA MENSAL PARA SERVIDORES DA ENFERMAGEM\"}]},{\"@type\":\"WebSite\",\"@id\":\"https:\/\/www.sitsesp.org.br\/novo\/#website\",\"url\":\"https:\/\/www.sitsesp.org.br\/novo\/\",\"name\":\"Sitsesp\",\"description\":\"SIndicato da Socioeduca\u00e7\u00e3o do Estado de S\u00e3o Paulo\",\"publisher\":{\"@id\":\"https:\/\/www.sitsesp.org.br\/novo\/#organization\"},\"potentialAction\":[{\"@type\":\"SearchAction\",\"target\":{\"@type\":\"EntryPoint\",\"urlTemplate\":\"https:\/\/www.sitsesp.org.br\/novo\/?s={search_term_string}\"},\"query-input\":\"required name=search_term_string\"}],\"inLanguage\":\"pt-BR\"},{\"@type\":\"Organization\",\"@id\":\"https:\/\/www.sitsesp.org.br\/novo\/#organization\",\"name\":\"Sitsesp\",\"url\":\"https:\/\/www.sitsesp.org.br\/novo\/\",\"logo\":{\"@type\":\"ImageObject\",\"inLanguage\":\"pt-BR\",\"@id\":\"https:\/\/www.sitsesp.org.br\/novo\/#\/schema\/logo\/image\/\",\"url\":\"https:\/\/www.sitsesp.org.br\/novo\/wp-content\/uploads\/2020\/09\/Design-sem-nome-1.jpg\",\"contentUrl\":\"https:\/\/www.sitsesp.org.br\/novo\/wp-content\/uploads\/2020\/09\/Design-sem-nome-1.jpg\",\"width\":300,\"height\":300,\"caption\":\"Sitsesp\"},\"image\":{\"@id\":\"https:\/\/www.sitsesp.org.br\/novo\/#\/schema\/logo\/image\/\"}},{\"@type\":\"Person\",\"@id\":\"https:\/\/www.sitsesp.org.br\/novo\/#\/schema\/person\/2a4c180eb185645b3bef8657c75e305a\",\"name\":\"mhais\",\"image\":{\"@type\":\"ImageObject\",\"inLanguage\":\"pt-BR\",\"@id\":\"https:\/\/www.sitsesp.org.br\/novo\/#\/schema\/person\/image\/\",\"url\":\"https:\/\/secure.gravatar.com\/avatar\/da23940d071bfcb895abee8d7675a9792dce048ecd771875fa724c65f8e50796?s=96&d=mm&r=g\",\"contentUrl\":\"https:\/\/secure.gravatar.com\/avatar\/da23940d071bfcb895abee8d7675a9792dce048ecd771875fa724c65f8e50796?s=96&d=mm&r=g\",\"caption\":\"mhais\"},\"sameAs\":[\"http:\/\/localhost\/sitsesp\"]}]}<\/script>\n<!-- \/ Yoast SEO plugin. -->","yoast_head_json":{"title":"VIT\u00d3RIA DO SITSESP: FUNDA\u00c7\u00c3O CASA FORMALIZA QUARTA FOLGA MENSAL PARA SERVIDORES DA ENFERMAGEM - SITSESP","robots":{"index":"index","follow":"follow","max-snippet":"max-snippet:-1","max-image-preview":"max-image-preview:large","max-video-preview":"max-video-preview:-1"},"canonical":"https:\/\/www.sitsesp.org.br\/novo\/vitoria-do-sitsesp-fundacao-casa-formaliza-quarta-folga-mensal-para-servidores-da-enfermagem\/","og_locale":"pt_BR","og_type":"article","og_title":"VIT\u00d3RIA DO SITSESP: FUNDA\u00c7\u00c3O CASA FORMALIZA QUARTA FOLGA MENSAL PARA SERVIDORES DA ENFERMAGEM - SITSESP","og_description":"Comunicado DRH n\u00ba 042\/2026 determina cumprimento imediato da decis\u00e3o do TRT-2 e restabelece quatro folgas mensais para auxiliares de enfermagem e&hellip;","og_url":"https:\/\/www.sitsesp.org.br\/novo\/vitoria-do-sitsesp-fundacao-casa-formaliza-quarta-folga-mensal-para-servidores-da-enfermagem\/","og_site_name":"SITSESP","article_published_time":"2026-09-03T16:38:18+00:00","article_modified_time":"2026-09-03T17:32:54+00:00","og_image":[{"width":2560,"height":1920,"url":"https:\/\/www.sitsesp.org.br\/novo\/wp-content\/uploads\/2026\/09\/sitsesp_aviso-3-scaled.jpg","type":"image\/jpeg"}],"author":"mhais","twitter_card":"summary_large_image","twitter_misc":{"Escrito por":"mhais","Est. tempo de leitura":"3 minutos"},"schema":{"@context":"https:\/\/schema.org","@graph":[{"@type":"Article","@id":"https:\/\/www.sitsesp.org.br\/novo\/vitoria-do-sitsesp-fundacao-casa-formaliza-quarta-folga-mensal-para-servidores-da-enfermagem\/#article","isPartOf":{"@id":"https:\/\/www.sitsesp.org.br\/novo\/vitoria-do-sitsesp-fundacao-casa-formaliza-quarta-folga-mensal-para-servidores-da-enfermagem\/"},"author":{"name":"mhais","@id":"https:\/\/www.sitsesp.org.br\/novo\/#\/schema\/person\/2a4c180eb185645b3bef8657c75e305a"},"headline":"VIT\u00d3RIA DO SITSESP: FUNDA\u00c7\u00c3O CASA FORMALIZA QUARTA FOLGA MENSAL PARA SERVIDORES DA ENFERMAGEM","datePublished":"2026-09-03T16:38:18+00:00","dateModified":"2026-09-03T17:32:54+00:00","mainEntityOfPage":{"@id":"https:\/\/www.sitsesp.org.br\/novo\/vitoria-do-sitsesp-fundacao-casa-formaliza-quarta-folga-mensal-para-servidores-da-enfermagem\/"},"wordCount":448,"commentCount":0,"publisher":{"@id":"https:\/\/www.sitsesp.org.br\/novo\/#organization"},"image":{"@id":"https:\/\/www.sitsesp.org.br\/novo\/vitoria-do-sitsesp-fundacao-casa-formaliza-quarta-folga-mensal-para-servidores-da-enfermagem\/#primaryimage"},"thumbnailUrl":"https:\/\/www.sitsesp.org.br\/novo\/wp-content\/uploads\/2026\/09\/sitsesp_aviso-3-scaled.jpg","articleSection":["Noticias","Noticias do Jur\u00eddico"],"inLanguage":"pt-BR","potentialAction":[{"@type":"CommentAction","name":"Comment","target":["https:\/\/www.sitsesp.org.br\/novo\/vitoria-do-sitsesp-fundacao-casa-formaliza-quarta-folga-mensal-para-servidores-da-enfermagem\/#respond"]}]},{"@type":"WebPage","@id":"https:\/\/www.sitsesp.org.br\/novo\/vitoria-do-sitsesp-fundacao-casa-formaliza-quarta-folga-mensal-para-servidores-da-enfermagem\/","url":"https:\/\/www.sitsesp.org.br\/novo\/vitoria-do-sitsesp-fundacao-casa-formaliza-quarta-folga-mensal-para-servidores-da-enfermagem\/","name":"VIT\u00d3RIA DO SITSESP: FUNDA\u00c7\u00c3O CASA FORMALIZA QUARTA FOLGA MENSAL PARA SERVIDORES DA ENFERMAGEM - SITSESP","isPartOf":{"@id":"https:\/\/www.sitsesp.org.br\/novo\/#website"},"primaryImageOfPage":{"@id":"https:\/\/www.sitsesp.org.br\/novo\/vitoria-do-sitsesp-fundacao-casa-formaliza-quarta-folga-mensal-para-servidores-da-enfermagem\/#primaryimage"},"image":{"@id":"https:\/\/www.sitsesp.org.br\/novo\/vitoria-do-sitsesp-fundacao-casa-formaliza-quarta-folga-mensal-para-servidores-da-enfermagem\/#primaryimage"},"thumbnailUrl":"https:\/\/www.sitsesp.org.br\/novo\/wp-content\/uploads\/2026\/09\/sitsesp_aviso-3-scaled.jpg","datePublished":"2026-09-03T16:38:18+00:00","dateModified":"2026-09-03T17:32:54+00:00","breadcrumb":{"@id":"https:\/\/www.sitsesp.org.br\/novo\/vitoria-do-sitsesp-fundacao-casa-formaliza-quarta-folga-mensal-para-servidores-da-enfermagem\/#breadcrumb"},"inLanguage":"pt-BR","potentialAction":[{"@type":"ReadAction","target":["https:\/\/www.sitsesp.org.br\/novo\/vitoria-do-sitsesp-fundacao-casa-formaliza-quarta-folga-mensal-para-servidores-da-enfermagem\/"]}]},{"@type":"ImageObject","inLanguage":"pt-BR","@id":"https:\/\/www.sitsesp.org.br\/novo\/vitoria-do-sitsesp-fundacao-casa-formaliza-quarta-folga-mensal-para-servidores-da-enfermagem\/#primaryimage","url":"https:\/\/www.sitsesp.org.br\/novo\/wp-content\/uploads\/2026\/09\/sitsesp_aviso-3-scaled.jpg","contentUrl":"https:\/\/www.sitsesp.org.br\/novo\/wp-content\/uploads\/2026\/09\/sitsesp_aviso-3-scaled.jpg","width":2560,"height":1920},{"@type":"BreadcrumbList","@id":"https:\/\/www.sitsesp.org.br\/novo\/vitoria-do-sitsesp-fundacao-casa-formaliza-quarta-folga-mensal-para-servidores-da-enfermagem\/#breadcrumb","itemListElement":[{"@type":"ListItem","position":1,"name":"In\u00edcio","item":"https:\/\/www.sitsesp.org.br\/novo\/"},{"@type":"ListItem","position":2,"name":"VIT\u00d3RIA DO SITSESP: FUNDA\u00c7\u00c3O CASA FORMALIZA QUARTA FOLGA MENSAL PARA SERVIDORES DA ENFERMAGEM"}]},{"@type":"WebSite","@id":"https:\/\/www.sitsesp.org.br\/novo\/#website","url":"https:\/\/www.sitsesp.org.br\/novo\/","name":"Sitsesp","description":"SIndicato da Socioeduca\u00e7\u00e3o do Estado de S\u00e3o Paulo","publisher":{"@id":"https:\/\/www.sitsesp.org.br\/novo\/#organization"},"potentialAction":[{"@type":"SearchAction","target":{"@type":"EntryPoint","urlTemplate":"https:\/\/www.sitsesp.org.br\/novo\/?s={search_term_string}"},"query-input":"required name=search_term_string"}],"inLanguage":"pt-BR"},{"@type":"Organization","@id":"https:\/\/www.sitsesp.org.br\/novo\/#organization","name":"Sitsesp","url":"https:\/\/www.sitsesp.org.br\/novo\/","logo":{"@type":"ImageObject","inLanguage":"pt-BR","@id":"https:\/\/www.sitsesp.org.br\/novo\/#\/schema\/logo\/image\/","url":"https:\/\/www.sitsesp.org.br\/novo\/wp-content\/uploads\/2020\/09\/Design-sem-nome-1.jpg","contentUrl":"https:\/\/www.sitsesp.org.br\/novo\/wp-content\/uploads\/2020\/09\/Design-sem-nome-1.jpg","width":300,"height":300,"caption":"Sitsesp"},"image":{"@id":"https:\/\/www.sitsesp.org.br\/novo\/#\/schema\/logo\/image\/"}},{"@type":"Person","@id":"https:\/\/www.sitsesp.org.br\/novo\/#\/schema\/person\/2a4c180eb185645b3bef8657c75e305a","name":"mhais","image":{"@type":"ImageObject","inLanguage":"pt-BR","@id":"https:\/\/www.sitsesp.org.br\/novo\/#\/schema\/person\/image\/","url":"https:\/\/secure.gravatar.com\/avatar\/da23940d071bfcb895abee8d7675a9792dce048ecd771875fa724c65f8e50796?s=96&d=mm&r=g","contentUrl":"https:\/\/secure.gravatar.com\/avatar\/da23940d071bfcb895abee8d7675a9792dce048ecd771875fa724c65f8e50796?s=96&d=mm&r=g","caption":"mhais"},"sameAs":["http:\/\/localhost\/sitsesp"]}]}},"_links":{"self":[{"href":"https:\/\/www.sitsesp.org.br\/novo\/wp-json\/wp\/v2\/posts\/17702","targetHints":{"allow":["GET"]}}],"collection":[{"href":"https:\/\/www.sitsesp.org.br\/novo\/wp-json\/wp\/v2\/posts"}],"about":[{"href":"https:\/\/www.sitsesp.org.br\/novo\/wp-json\/wp\/v2\/types\/post"}],"author":[{"embeddable":true,"href":"https:\/\/www.sitsesp.org.br\/novo\/wp-json\/wp\/v2\/users\/1"}],"replies":[{"embeddable":true,"href":"https:\/\/www.sitsesp.org.br\/novo\/wp-json\/wp\/v2\/comments?post=17702"}],"version-history":[{"count":2,"href":"https:\/\/www.sitsesp.org.br\/novo\/wp-json\/wp\/v2\/posts\/17702\/revisions"}],"predecessor-version":[{"id":17706,"href":"https:\/\/www.sitsesp.org.br\/novo\/wp-json\/wp\/v2\/posts\/17702\/revisions\/17706"}],"wp:featuredmedia":[{"embeddable":true,"href":"https:\/\/www.sitsesp.org.br\/novo\/wp-json\/wp\/v2\/media\/17703"}],"wp:attachment":[{"href":"https:\/\/www.sitsesp.org.br\/novo\/wp-json\/wp\/v2\/media?parent=17702"}],"wp:term":[{"taxonomy":"category","embeddable":true,"href":"https:\/\/www.sitsesp.org.br\/novo\/wp-json\/wp\/v2\/categories?post=17702"},{"taxonomy":"post_tag","embeddable":true,"href":"https:\/\/www.sitsesp.org.br\/novo\/wp-json\/wp\/v2\/tags?post=17702"}],"curies":[{"name":"wp","href":"https:\/\/api.w.org\/{rel}","templated":true}]}}