{"id":17707,"date":"2026-09-03T14:13:42","date_gmt":"2026-09-03T17:13:42","guid":{"rendered":"https:\/\/www.sitsesp.org.br\/novo\/?p=17707"},"modified":"2026-09-03T14:13:42","modified_gmt":"2026-09-03T17:13:42","slug":"sitsesp-ingressa-com-acao-para-impedir-que-servidores-da-seguranca-sejam-responsaveis-por-medicamentos-de-adolescentes","status":"publish","type":"post","link":"https:\/\/www.sitsesp.org.br\/novo\/sitsesp-ingressa-com-acao-para-impedir-que-servidores-da-seguranca-sejam-responsaveis-por-medicamentos-de-adolescentes\/","title":{"rendered":"SITSESP INGRESSA COM A\u00c7\u00c3O PARA IMPEDIR QUE SERVIDORES DA SEGURAN\u00c7A SEJAM RESPONS\u00c1VEIS POR MEDICAMENTOS DE ADOLESCENTES"},"content":{"rendered":"<p><!-- VideographyWP Plugin Message: Automatic video embedding prevented by plugin options. --><\/p>\n<p style=\"text-align: justify;\">O SITSESP ingressou com a\u00e7\u00e3o judicial para garantir que servidores da \u00e1rea de Seguran\u00e7a Socioeducativa n\u00e3o sejam obrigados a ministrar, cuidar, armazenar ou manipular medicamentos destinados aos adolescentes atendidos nas unidades.<\/p>\n<p style=\"text-align: justify;\">A medida busca resguardar os trabalhadores de atribui\u00e7\u00f5es que envolvem procedimentos relacionados \u00e0 administra\u00e7\u00e3o de medicamentos e que, segundo o Sindicato, exigem responsabilidade e conhecimento t\u00e9cnico espec\u00edficos da \u00e1rea da sa\u00fade.<\/p>\n<p style=\"text-align: justify;\">A a\u00e7\u00e3o tramita no Foro Central \u2013 Fazenda P\u00fablica\/Acidentes, sob o n\u00famero 1137541-88.2026.8.26.0053.<\/p>\n<p style=\"text-align: justify;\">Para o SITSESP, a defini\u00e7\u00e3o clara das atribui\u00e7\u00f5es de cada fun\u00e7\u00e3o \u00e9 fundamental tanto para a prote\u00e7\u00e3o dos servidores quanto para a seguran\u00e7a dos pr\u00f3prios adolescentes. A manipula\u00e7\u00e3o e a administra\u00e7\u00e3o de medicamentos envolvem riscos, controle de dosagem, hor\u00e1rios, poss\u00edveis rea\u00e7\u00f5es adversas e outras responsabilidades que n\u00e3o podem ser transferidas de forma inadequada aos profissionais da Seguran\u00e7a.<\/p>\n<p style=\"text-align: justify;\">Com a iniciativa, o Sindicato busca judicialmente impedir que os servidores sejam responsabilizados por atividades que n\u00e3o correspondam \u00e0s atribui\u00e7\u00f5es pr\u00f3prias de seus cargos, evitando exposi\u00e7\u00e3o funcional, administrativa e jur\u00eddica.<\/p>\n<p style=\"text-align: justify;\">O SITSESP seguir\u00e1 acompanhando o andamento do processo e adotando as medidas necess\u00e1rias para defender as condi\u00e7\u00f5es de trabalho, a seguran\u00e7a jur\u00eddica e os direitos dos servidores da socioeduca\u00e7\u00e3o.<\/p>\n<p style=\"text-align: justify;\">Processo: 1137541-88.2026.8.26.0053<br \/>\nForo: Central \u2013 Fazenda P\u00fablica\/Acidentes<\/p>\n","protected":false},"excerpt":{"rendered":"<p>O SITSESP ingressou com a\u00e7\u00e3o judicial para garantir que servidores da \u00e1rea de Seguran\u00e7a Socioeducativa n\u00e3o sejam obrigados a ministrar, cuidar,&hellip;<\/p>\n","protected":false},"author":1,"featured_media":17708,"comment_status":"open","ping_status":"open","sticky":false,"template":"","format":"standard","meta":{"cybocfi_hide_featured_image":"","footnotes":""},"categories":[78],"tags":[],"class_list":["post-17707","post","type-post","status-publish","format-standard","has-post-thumbnail","hentry","category-manchete"],"yoast_head":"<!-- This site is optimized with the Yoast SEO plugin v22.8 - https:\/\/yoast.com\/wordpress\/plugins\/seo\/ -->\n<title>SITSESP INGRESSA COM A\u00c7\u00c3O PARA IMPEDIR QUE SERVIDORES DA SEGURAN\u00c7A SEJAM RESPONS\u00c1VEIS POR MEDICAMENTOS DE ADOLESCENTES - SITSESP<\/title>\n<meta name=\"robots\" content=\"index, follow, max-snippet:-1, max-image-preview:large, max-video-preview:-1\" \/>\n<link rel=\"canonical\" href=\"https:\/\/www.sitsesp.org.br\/novo\/sitsesp-ingressa-com-acao-para-impedir-que-servidores-da-seguranca-sejam-responsaveis-por-medicamentos-de-adolescentes\/\" \/>\n<meta property=\"og:locale\" content=\"pt_BR\" \/>\n<meta property=\"og:type\" content=\"article\" \/>\n<meta property=\"og:title\" content=\"SITSESP INGRESSA COM A\u00c7\u00c3O PARA IMPEDIR QUE SERVIDORES DA SEGURAN\u00c7A SEJAM RESPONS\u00c1VEIS POR MEDICAMENTOS DE ADOLESCENTES - SITSESP\" \/>\n<meta property=\"og:description\" content=\"O SITSESP ingressou com a\u00e7\u00e3o judicial para garantir que servidores da \u00e1rea de Seguran\u00e7a Socioeducativa n\u00e3o sejam obrigados a ministrar, cuidar,&hellip;\" \/>\n<meta property=\"og:url\" content=\"https:\/\/www.sitsesp.org.br\/novo\/sitsesp-ingressa-com-acao-para-impedir-que-servidores-da-seguranca-sejam-responsaveis-por-medicamentos-de-adolescentes\/\" \/>\n<meta property=\"og:site_name\" content=\"SITSESP\" \/>\n<meta property=\"article:published_time\" content=\"2026-09-03T17:13:42+00:00\" \/>\n<meta property=\"og:image\" content=\"https:\/\/www.sitsesp.org.br\/novo\/wp-content\/uploads\/2026\/09\/sitsesp_aviso-scaled.png\" \/>\n\t<meta property=\"og:image:width\" content=\"2560\" \/>\n\t<meta property=\"og:image:height\" content=\"1920\" \/>\n\t<meta property=\"og:image:type\" content=\"image\/png\" \/>\n<meta name=\"author\" content=\"mhais\" \/>\n<meta name=\"twitter:card\" content=\"summary_large_image\" \/>\n<meta name=\"twitter:label1\" content=\"Escrito por\" \/>\n\t<meta name=\"twitter:data1\" content=\"mhais\" \/>\n\t<meta name=\"twitter:label2\" content=\"Est. tempo de leitura\" \/>\n\t<meta name=\"twitter:data2\" content=\"2 minutos\" \/>\n<script type=\"application\/ld+json\" class=\"yoast-schema-graph\">{\"@context\":\"https:\/\/schema.org\",\"@graph\":[{\"@type\":\"Article\",\"@id\":\"https:\/\/www.sitsesp.org.br\/novo\/sitsesp-ingressa-com-acao-para-impedir-que-servidores-da-seguranca-sejam-responsaveis-por-medicamentos-de-adolescentes\/#article\",\"isPartOf\":{\"@id\":\"https:\/\/www.sitsesp.org.br\/novo\/sitsesp-ingressa-com-acao-para-impedir-que-servidores-da-seguranca-sejam-responsaveis-por-medicamentos-de-adolescentes\/\"},\"author\":{\"name\":\"mhais\",\"@id\":\"https:\/\/www.sitsesp.org.br\/novo\/#\/schema\/person\/2a4c180eb185645b3bef8657c75e305a\"},\"headline\":\"SITSESP INGRESSA COM A\u00c7\u00c3O PARA IMPEDIR QUE SERVIDORES DA SEGURAN\u00c7A SEJAM RESPONS\u00c1VEIS POR MEDICAMENTOS DE ADOLESCENTES\",\"datePublished\":\"2026-09-03T17:13:42+00:00\",\"dateModified\":\"2026-09-03T17:13:42+00:00\",\"mainEntityOfPage\":{\"@id\":\"https:\/\/www.sitsesp.org.br\/novo\/sitsesp-ingressa-com-acao-para-impedir-que-servidores-da-seguranca-sejam-responsaveis-por-medicamentos-de-adolescentes\/\"},\"wordCount\":250,\"commentCount\":0,\"publisher\":{\"@id\":\"https:\/\/www.sitsesp.org.br\/novo\/#organization\"},\"image\":{\"@id\":\"https:\/\/www.sitsesp.org.br\/novo\/sitsesp-ingressa-com-acao-para-impedir-que-servidores-da-seguranca-sejam-responsaveis-por-medicamentos-de-adolescentes\/#primaryimage\"},\"thumbnailUrl\":\"https:\/\/www.sitsesp.org.br\/novo\/wp-content\/uploads\/2026\/09\/sitsesp_aviso-scaled.png\",\"articleSection\":[\"manchete\"],\"inLanguage\":\"pt-BR\",\"potentialAction\":[{\"@type\":\"CommentAction\",\"name\":\"Comment\",\"target\":[\"https:\/\/www.sitsesp.org.br\/novo\/sitsesp-ingressa-com-acao-para-impedir-que-servidores-da-seguranca-sejam-responsaveis-por-medicamentos-de-adolescentes\/#respond\"]}]},{\"@type\":\"WebPage\",\"@id\":\"https:\/\/www.sitsesp.org.br\/novo\/sitsesp-ingressa-com-acao-para-impedir-que-servidores-da-seguranca-sejam-responsaveis-por-medicamentos-de-adolescentes\/\",\"url\":\"https:\/\/www.sitsesp.org.br\/novo\/sitsesp-ingressa-com-acao-para-impedir-que-servidores-da-seguranca-sejam-responsaveis-por-medicamentos-de-adolescentes\/\",\"name\":\"SITSESP INGRESSA COM A\u00c7\u00c3O PARA IMPEDIR QUE SERVIDORES DA SEGURAN\u00c7A SEJAM RESPONS\u00c1VEIS POR MEDICAMENTOS DE ADOLESCENTES - SITSESP\",\"isPartOf\":{\"@id\":\"https:\/\/www.sitsesp.org.br\/novo\/#website\"},\"primaryImageOfPage\":{\"@id\":\"https:\/\/www.sitsesp.org.br\/novo\/sitsesp-ingressa-com-acao-para-impedir-que-servidores-da-seguranca-sejam-responsaveis-por-medicamentos-de-adolescentes\/#primaryimage\"},\"image\":{\"@id\":\"https:\/\/www.sitsesp.org.br\/novo\/sitsesp-ingressa-com-acao-para-impedir-que-servidores-da-seguranca-sejam-responsaveis-por-medicamentos-de-adolescentes\/#primaryimage\"},\"thumbnailUrl\":\"https:\/\/www.sitsesp.org.br\/novo\/wp-content\/uploads\/2026\/09\/sitsesp_aviso-scaled.png\",\"datePublished\":\"2026-09-03T17:13:42+00:00\",\"dateModified\":\"2026-09-03T17:13:42+00:00\",\"breadcrumb\":{\"@id\":\"https:\/\/www.sitsesp.org.br\/novo\/sitsesp-ingressa-com-acao-para-impedir-que-servidores-da-seguranca-sejam-responsaveis-por-medicamentos-de-adolescentes\/#breadcrumb\"},\"inLanguage\":\"pt-BR\",\"potentialAction\":[{\"@type\":\"ReadAction\",\"target\":[\"https:\/\/www.sitsesp.org.br\/novo\/sitsesp-ingressa-com-acao-para-impedir-que-servidores-da-seguranca-sejam-responsaveis-por-medicamentos-de-adolescentes\/\"]}]},{\"@type\":\"ImageObject\",\"inLanguage\":\"pt-BR\",\"@id\":\"https:\/\/www.sitsesp.org.br\/novo\/sitsesp-ingressa-com-acao-para-impedir-que-servidores-da-seguranca-sejam-responsaveis-por-medicamentos-de-adolescentes\/#primaryimage\",\"url\":\"https:\/\/www.sitsesp.org.br\/novo\/wp-content\/uploads\/2026\/09\/sitsesp_aviso-scaled.png\",\"contentUrl\":\"https:\/\/www.sitsesp.org.br\/novo\/wp-content\/uploads\/2026\/09\/sitsesp_aviso-scaled.png\",\"width\":2560,\"height\":1920},{\"@type\":\"BreadcrumbList\",\"@id\":\"https:\/\/www.sitsesp.org.br\/novo\/sitsesp-ingressa-com-acao-para-impedir-que-servidores-da-seguranca-sejam-responsaveis-por-medicamentos-de-adolescentes\/#breadcrumb\",\"itemListElement\":[{\"@type\":\"ListItem\",\"position\":1,\"name\":\"In\u00edcio\",\"item\":\"https:\/\/www.sitsesp.org.br\/novo\/\"},{\"@type\":\"ListItem\",\"position\":2,\"name\":\"SITSESP INGRESSA COM A\u00c7\u00c3O PARA IMPEDIR QUE SERVIDORES DA SEGURAN\u00c7A SEJAM RESPONS\u00c1VEIS POR MEDICAMENTOS DE ADOLESCENTES\"}]},{\"@type\":\"WebSite\",\"@id\":\"https:\/\/www.sitsesp.org.br\/novo\/#website\",\"url\":\"https:\/\/www.sitsesp.org.br\/novo\/\",\"name\":\"Sitsesp\",\"description\":\"SIndicato da Socioeduca\u00e7\u00e3o do Estado de S\u00e3o Paulo\",\"publisher\":{\"@id\":\"https:\/\/www.sitsesp.org.br\/novo\/#organization\"},\"potentialAction\":[{\"@type\":\"SearchAction\",\"target\":{\"@type\":\"EntryPoint\",\"urlTemplate\":\"https:\/\/www.sitsesp.org.br\/novo\/?s={search_term_string}\"},\"query-input\":\"required name=search_term_string\"}],\"inLanguage\":\"pt-BR\"},{\"@type\":\"Organization\",\"@id\":\"https:\/\/www.sitsesp.org.br\/novo\/#organization\",\"name\":\"Sitsesp\",\"url\":\"https:\/\/www.sitsesp.org.br\/novo\/\",\"logo\":{\"@type\":\"ImageObject\",\"inLanguage\":\"pt-BR\",\"@id\":\"https:\/\/www.sitsesp.org.br\/novo\/#\/schema\/logo\/image\/\",\"url\":\"https:\/\/www.sitsesp.org.br\/novo\/wp-content\/uploads\/2020\/09\/Design-sem-nome-1.jpg\",\"contentUrl\":\"https:\/\/www.sitsesp.org.br\/novo\/wp-content\/uploads\/2020\/09\/Design-sem-nome-1.jpg\",\"width\":300,\"height\":300,\"caption\":\"Sitsesp\"},\"image\":{\"@id\":\"https:\/\/www.sitsesp.org.br\/novo\/#\/schema\/logo\/image\/\"}},{\"@type\":\"Person\",\"@id\":\"https:\/\/www.sitsesp.org.br\/novo\/#\/schema\/person\/2a4c180eb185645b3bef8657c75e305a\",\"name\":\"mhais\",\"image\":{\"@type\":\"ImageObject\",\"inLanguage\":\"pt-BR\",\"@id\":\"https:\/\/www.sitsesp.org.br\/novo\/#\/schema\/person\/image\/\",\"url\":\"https:\/\/secure.gravatar.com\/avatar\/da23940d071bfcb895abee8d7675a9792dce048ecd771875fa724c65f8e50796?s=96&d=mm&r=g\",\"contentUrl\":\"https:\/\/secure.gravatar.com\/avatar\/da23940d071bfcb895abee8d7675a9792dce048ecd771875fa724c65f8e50796?s=96&d=mm&r=g\",\"caption\":\"mhais\"},\"sameAs\":[\"http:\/\/localhost\/sitsesp\"]}]}<\/script>\n<!-- \/ Yoast SEO plugin. -->","yoast_head_json":{"title":"SITSESP INGRESSA COM A\u00c7\u00c3O PARA IMPEDIR QUE SERVIDORES DA SEGURAN\u00c7A SEJAM RESPONS\u00c1VEIS POR MEDICAMENTOS DE ADOLESCENTES - SITSESP","robots":{"index":"index","follow":"follow","max-snippet":"max-snippet:-1","max-image-preview":"max-image-preview:large","max-video-preview":"max-video-preview:-1"},"canonical":"https:\/\/www.sitsesp.org.br\/novo\/sitsesp-ingressa-com-acao-para-impedir-que-servidores-da-seguranca-sejam-responsaveis-por-medicamentos-de-adolescentes\/","og_locale":"pt_BR","og_type":"article","og_title":"SITSESP INGRESSA COM A\u00c7\u00c3O PARA IMPEDIR QUE SERVIDORES DA SEGURAN\u00c7A SEJAM RESPONS\u00c1VEIS POR MEDICAMENTOS DE ADOLESCENTES - SITSESP","og_description":"O SITSESP ingressou com a\u00e7\u00e3o judicial para garantir que servidores da \u00e1rea de Seguran\u00e7a Socioeducativa n\u00e3o sejam obrigados a ministrar, cuidar,&hellip;","og_url":"https:\/\/www.sitsesp.org.br\/novo\/sitsesp-ingressa-com-acao-para-impedir-que-servidores-da-seguranca-sejam-responsaveis-por-medicamentos-de-adolescentes\/","og_site_name":"SITSESP","article_published_time":"2026-09-03T17:13:42+00:00","og_image":[{"width":2560,"height":1920,"url":"https:\/\/www.sitsesp.org.br\/novo\/wp-content\/uploads\/2026\/09\/sitsesp_aviso-scaled.png","type":"image\/png"}],"author":"mhais","twitter_card":"summary_large_image","twitter_misc":{"Escrito por":"mhais","Est. tempo de leitura":"2 minutos"},"schema":{"@context":"https:\/\/schema.org","@graph":[{"@type":"Article","@id":"https:\/\/www.sitsesp.org.br\/novo\/sitsesp-ingressa-com-acao-para-impedir-que-servidores-da-seguranca-sejam-responsaveis-por-medicamentos-de-adolescentes\/#article","isPartOf":{"@id":"https:\/\/www.sitsesp.org.br\/novo\/sitsesp-ingressa-com-acao-para-impedir-que-servidores-da-seguranca-sejam-responsaveis-por-medicamentos-de-adolescentes\/"},"author":{"name":"mhais","@id":"https:\/\/www.sitsesp.org.br\/novo\/#\/schema\/person\/2a4c180eb185645b3bef8657c75e305a"},"headline":"SITSESP INGRESSA COM A\u00c7\u00c3O PARA IMPEDIR QUE SERVIDORES DA SEGURAN\u00c7A SEJAM RESPONS\u00c1VEIS POR MEDICAMENTOS DE ADOLESCENTES","datePublished":"2026-09-03T17:13:42+00:00","dateModified":"2026-09-03T17:13:42+00:00","mainEntityOfPage":{"@id":"https:\/\/www.sitsesp.org.br\/novo\/sitsesp-ingressa-com-acao-para-impedir-que-servidores-da-seguranca-sejam-responsaveis-por-medicamentos-de-adolescentes\/"},"wordCount":250,"commentCount":0,"publisher":{"@id":"https:\/\/www.sitsesp.org.br\/novo\/#organization"},"image":{"@id":"https:\/\/www.sitsesp.org.br\/novo\/sitsesp-ingressa-com-acao-para-impedir-que-servidores-da-seguranca-sejam-responsaveis-por-medicamentos-de-adolescentes\/#primaryimage"},"thumbnailUrl":"https:\/\/www.sitsesp.org.br\/novo\/wp-content\/uploads\/2026\/09\/sitsesp_aviso-scaled.png","articleSection":["manchete"],"inLanguage":"pt-BR","potentialAction":[{"@type":"CommentAction","name":"Comment","target":["https:\/\/www.sitsesp.org.br\/novo\/sitsesp-ingressa-com-acao-para-impedir-que-servidores-da-seguranca-sejam-responsaveis-por-medicamentos-de-adolescentes\/#respond"]}]},{"@type":"WebPage","@id":"https:\/\/www.sitsesp.org.br\/novo\/sitsesp-ingressa-com-acao-para-impedir-que-servidores-da-seguranca-sejam-responsaveis-por-medicamentos-de-adolescentes\/","url":"https:\/\/www.sitsesp.org.br\/novo\/sitsesp-ingressa-com-acao-para-impedir-que-servidores-da-seguranca-sejam-responsaveis-por-medicamentos-de-adolescentes\/","name":"SITSESP INGRESSA COM A\u00c7\u00c3O PARA IMPEDIR QUE SERVIDORES DA SEGURAN\u00c7A SEJAM RESPONS\u00c1VEIS POR MEDICAMENTOS DE ADOLESCENTES - SITSESP","isPartOf":{"@id":"https:\/\/www.sitsesp.org.br\/novo\/#website"},"primaryImageOfPage":{"@id":"https:\/\/www.sitsesp.org.br\/novo\/sitsesp-ingressa-com-acao-para-impedir-que-servidores-da-seguranca-sejam-responsaveis-por-medicamentos-de-adolescentes\/#primaryimage"},"image":{"@id":"https:\/\/www.sitsesp.org.br\/novo\/sitsesp-ingressa-com-acao-para-impedir-que-servidores-da-seguranca-sejam-responsaveis-por-medicamentos-de-adolescentes\/#primaryimage"},"thumbnailUrl":"https:\/\/www.sitsesp.org.br\/novo\/wp-content\/uploads\/2026\/09\/sitsesp_aviso-scaled.png","datePublished":"2026-09-03T17:13:42+00:00","dateModified":"2026-09-03T17:13:42+00:00","breadcrumb":{"@id":"https:\/\/www.sitsesp.org.br\/novo\/sitsesp-ingressa-com-acao-para-impedir-que-servidores-da-seguranca-sejam-responsaveis-por-medicamentos-de-adolescentes\/#breadcrumb"},"inLanguage":"pt-BR","potentialAction":[{"@type":"ReadAction","target":["https:\/\/www.sitsesp.org.br\/novo\/sitsesp-ingressa-com-acao-para-impedir-que-servidores-da-seguranca-sejam-responsaveis-por-medicamentos-de-adolescentes\/"]}]},{"@type":"ImageObject","inLanguage":"pt-BR","@id":"https:\/\/www.sitsesp.org.br\/novo\/sitsesp-ingressa-com-acao-para-impedir-que-servidores-da-seguranca-sejam-responsaveis-por-medicamentos-de-adolescentes\/#primaryimage","url":"https:\/\/www.sitsesp.org.br\/novo\/wp-content\/uploads\/2026\/09\/sitsesp_aviso-scaled.png","contentUrl":"https:\/\/www.sitsesp.org.br\/novo\/wp-content\/uploads\/2026\/09\/sitsesp_aviso-scaled.png","width":2560,"height":1920},{"@type":"BreadcrumbList","@id":"https:\/\/www.sitsesp.org.br\/novo\/sitsesp-ingressa-com-acao-para-impedir-que-servidores-da-seguranca-sejam-responsaveis-por-medicamentos-de-adolescentes\/#breadcrumb","itemListElement":[{"@type":"ListItem","position":1,"name":"In\u00edcio","item":"https:\/\/www.sitsesp.org.br\/novo\/"},{"@type":"ListItem","position":2,"name":"SITSESP INGRESSA COM A\u00c7\u00c3O PARA IMPEDIR QUE SERVIDORES DA SEGURAN\u00c7A SEJAM RESPONS\u00c1VEIS POR MEDICAMENTOS DE ADOLESCENTES"}]},{"@type":"WebSite","@id":"https:\/\/www.sitsesp.org.br\/novo\/#website","url":"https:\/\/www.sitsesp.org.br\/novo\/","name":"Sitsesp","description":"SIndicato da Socioeduca\u00e7\u00e3o do Estado de S\u00e3o Paulo","publisher":{"@id":"https:\/\/www.sitsesp.org.br\/novo\/#organization"},"potentialAction":[{"@type":"SearchAction","target":{"@type":"EntryPoint","urlTemplate":"https:\/\/www.sitsesp.org.br\/novo\/?s={search_term_string}"},"query-input":"required name=search_term_string"}],"inLanguage":"pt-BR"},{"@type":"Organization","@id":"https:\/\/www.sitsesp.org.br\/novo\/#organization","name":"Sitsesp","url":"https:\/\/www.sitsesp.org.br\/novo\/","logo":{"@type":"ImageObject","inLanguage":"pt-BR","@id":"https:\/\/www.sitsesp.org.br\/novo\/#\/schema\/logo\/image\/","url":"https:\/\/www.sitsesp.org.br\/novo\/wp-content\/uploads\/2020\/09\/Design-sem-nome-1.jpg","contentUrl":"https:\/\/www.sitsesp.org.br\/novo\/wp-content\/uploads\/2020\/09\/Design-sem-nome-1.jpg","width":300,"height":300,"caption":"Sitsesp"},"image":{"@id":"https:\/\/www.sitsesp.org.br\/novo\/#\/schema\/logo\/image\/"}},{"@type":"Person","@id":"https:\/\/www.sitsesp.org.br\/novo\/#\/schema\/person\/2a4c180eb185645b3bef8657c75e305a","name":"mhais","image":{"@type":"ImageObject","inLanguage":"pt-BR","@id":"https:\/\/www.sitsesp.org.br\/novo\/#\/schema\/person\/image\/","url":"https:\/\/secure.gravatar.com\/avatar\/da23940d071bfcb895abee8d7675a9792dce048ecd771875fa724c65f8e50796?s=96&d=mm&r=g","contentUrl":"https:\/\/secure.gravatar.com\/avatar\/da23940d071bfcb895abee8d7675a9792dce048ecd771875fa724c65f8e50796?s=96&d=mm&r=g","caption":"mhais"},"sameAs":["http:\/\/localhost\/sitsesp"]}]}},"_links":{"self":[{"href":"https:\/\/www.sitsesp.org.br\/novo\/wp-json\/wp\/v2\/posts\/17707","targetHints":{"allow":["GET"]}}],"collection":[{"href":"https:\/\/www.sitsesp.org.br\/novo\/wp-json\/wp\/v2\/posts"}],"about":[{"href":"https:\/\/www.sitsesp.org.br\/novo\/wp-json\/wp\/v2\/types\/post"}],"author":[{"embeddable":true,"href":"https:\/\/www.sitsesp.org.br\/novo\/wp-json\/wp\/v2\/users\/1"}],"replies":[{"embeddable":true,"href":"https:\/\/www.sitsesp.org.br\/novo\/wp-json\/wp\/v2\/comments?post=17707"}],"version-history":[{"count":1,"href":"https:\/\/www.sitsesp.org.br\/novo\/wp-json\/wp\/v2\/posts\/17707\/revisions"}],"predecessor-version":[{"id":17709,"href":"https:\/\/www.sitsesp.org.br\/novo\/wp-json\/wp\/v2\/posts\/17707\/revisions\/17709"}],"wp:featuredmedia":[{"embeddable":true,"href":"https:\/\/www.sitsesp.org.br\/novo\/wp-json\/wp\/v2\/media\/17708"}],"wp:attachment":[{"href":"https:\/\/www.sitsesp.org.br\/novo\/wp-json\/wp\/v2\/media?parent=17707"}],"wp:term":[{"taxonomy":"category","embeddable":true,"href":"https:\/\/www.sitsesp.org.br\/novo\/wp-json\/wp\/v2\/categories?post=17707"},{"taxonomy":"post_tag","embeddable":true,"href":"https:\/\/www.sitsesp.org.br\/novo\/wp-json\/wp\/v2\/tags?post=17707"}],"curies":[{"name":"wp","href":"https:\/\/api.w.org\/{rel}","templated":true}]}}