{"id":1922,"date":"2014-10-22T23:49:36","date_gmt":"2014-10-23T01:49:36","guid":{"rendered":"https:\/\/pecorari-cloud72.pecoraricloud.com.br\/~sitsesporg\/news3\/"},"modified":"2014-10-22T23:49:36","modified_gmt":"2014-10-23T01:49:36","slug":"news3","status":"publish","type":"post","link":"https:\/\/www.sitsesp.org.br\/novo\/news3\/","title":{"rendered":"News3"},"content":{"rendered":"<p><!-- VideographyWP Plugin Message: Automatic video embedding prevented by plugin options. --><\/p>\n<p style=\"margin: 6pt 0cm; line-height: 16.8pt; background-image: initial; background-attachment: initial; background-size: initial; background-origin: initial; background-clip: initial; background-position: initial; background-repeat: initial;\">\u00a0<\/p>\n<p style=\"margin: 6pt 0cm; line-height: 16.8pt; background-image: initial; background-attachment: initial; background-size: initial; background-origin: initial; background-clip: initial; background-position: initial; background-repeat: initial;\"><span style=\"font-size: 10.5pt; font-family: 'Arial','sans-serif'; color: #252525;\">O termo &#8220;sindicato&#8221; deriva do<span class=\"apple-converted-space\">\u00a0<\/span><a title=\"Latim\" href=\"https:\/\/pt.wikipedia.org\/wiki\/Latim\"><span style=\"color: #0b0080;\">latim<\/span><\/a><span class=\"apple-converted-space\">\u00a0<\/span><i>syndicus<\/i>, proveniente por sua vez do<span class=\"apple-converted-space\">\u00a0<\/span><a title=\"L\u00edngua grega\" href=\"https:\/\/pt.wikipedia.org\/wiki\/L%C3%ADngua_grega\"><span style=\"color: #0b0080;\">grego<\/span><\/a><span class=\"apple-converted-space\">\u00a0<\/span><i>sundik\u00f3s<\/i>, que designava um<span class=\"apple-converted-space\">\u00a0<\/span><a title=\"Advogado\" href=\"https:\/\/pt.wikipedia.org\/wiki\/Advogado\"><span style=\"color: #0b0080;\">advogado<\/span><\/a>, bem como o funcion\u00e1rio que costumava auxiliar nos<span class=\"apple-converted-space\">\u00a0<\/span><a title=\"Julgamento\" href=\"https:\/\/pt.wikipedia.org\/wiki\/Julgamento\"><span style=\"color: #0b0080;\">julgamentos<\/span><\/a>. Na Lei Le Chapellier, de julho de<span class=\"apple-converted-space\">\u00a0<\/span><a title=\"1791\" href=\"https:\/\/pt.wikipedia.org\/wiki\/1791\"><span style=\"color: #0b0080;\">1791<\/span><\/a>, o nome<span class=\"apple-converted-space\">\u00a0<\/span><a title=\"S\u00edndico\" href=\"https:\/\/pt.wikipedia.org\/wiki\/S%C3%ADndico\"><span style=\"color: #0b0080;\">s\u00edndico<\/span><\/a><span class=\"apple-converted-space\">\u00a0<\/span>era utilizado com o objetivo de se referir a pessoas que participavam de organiza\u00e7\u00f5es at\u00e9 ent\u00e3o consideradas clandestinas.<\/span><\/p>\n<p style=\"margin: 6pt 0cm; line-height: 16.8pt; background-image: initial; background-attachment: initial; background-size: initial; background-origin: initial; background-clip: initial; background-position: initial; background-repeat: initial;\"><span style=\"font-size: 10.5pt; font-family: 'Arial','sans-serif'; color: #252525;\">O<span class=\"apple-converted-space\">\u00a0<\/span><a title=\"Sindicalismo\" href=\"https:\/\/pt.wikipedia.org\/wiki\/Sindicalismo\"><span style=\"color: #0b0080;\">sindicalismo<\/span><\/a><span class=\"apple-converted-space\">\u00a0<\/span>tem origem nas<span class=\"apple-converted-space\">\u00a0<\/span><a title=\"Corpora\u00e7\u00e3o de of\u00edcio\" href=\"https:\/\/pt.wikipedia.org\/wiki\/Corpora%C3%A7%C3%A3o_de_of%C3%ADcio\"><span style=\"color: #0b0080;\">corpora\u00e7\u00f5es de of\u00edcio<\/span><\/a><span class=\"apple-converted-space\">\u00a0<\/span>na Europa<span class=\"apple-converted-space\">\u00a0<\/span><a title=\"Medieval\" href=\"https:\/\/pt.wikipedia.org\/wiki\/Medieval\"><span style=\"color: #0b0080;\">medieval<\/span><\/a>. No<span class=\"apple-converted-space\">\u00a0<\/span><a title=\"S\u00e9culo XVIII\" href=\"https:\/\/pt.wikipedia.org\/wiki\/S%C3%A9culo_XVIII\"><span style=\"color: #0b0080;\">s\u00e9culo XVIII<\/span><\/a>, durante a<span class=\"apple-converted-space\">\u00a0<\/span><a title=\"Revolu\u00e7\u00e3o Industrial\" href=\"https:\/\/pt.wikipedia.org\/wiki\/Revolu%C3%A7%C3%A3o_Industrial\"><span style=\"color: #0b0080;\">revolu\u00e7\u00e3o industrial<\/span><\/a><span class=\"apple-converted-space\">\u00a0<\/span>na<span class=\"apple-converted-space\">\u00a0<\/span><a title=\"Inglaterra\" href=\"https:\/\/pt.wikipedia.org\/wiki\/Inglaterra\"><span style=\"color: #0b0080;\">Inglaterra<\/span><\/a>, os trabalhadores, oriundos das ind\u00fastrias t\u00eaxteis, doentes e desempregados juntavam-se nas sociedades de socorro m\u00fatuos.<\/span><\/p>\n<p style=\"margin: 6pt 0cm; line-height: 16.8pt; background-image: initial; background-attachment: initial; background-size: initial; background-origin: initial; background-clip: initial; background-position: initial; background-repeat: initial;\"><span style=\"font-size: 10.5pt; font-family: 'Arial','sans-serif'; color: #252525;\">Durante a revolu\u00e7\u00e3o francesa surgiram ideias liberais, que estimulavam a aprova\u00e7\u00e3o de leis proibitivas \u00e0 atividade sindical, a exemplo da Lei Chapelier que, em nome da liberdade dos Direitos do Homem, considerou ilegais as associa\u00e7\u00f5es de trabalhadores e patr\u00f5es. As organiza\u00e7\u00f5es sindicais, contudo, reergueram-se clandestinamente no<span class=\"apple-converted-space\">\u00a0<\/span><a title=\"S\u00e9culo XIX\" href=\"https:\/\/pt.wikipedia.org\/wiki\/S%C3%A9culo_XIX\"><span style=\"color: #0b0080;\">s\u00e9culo XIX<\/span><\/a>. No<span class=\"apple-converted-space\">\u00a0<\/span><a title=\"Reino Unido\" href=\"https:\/\/pt.wikipedia.org\/wiki\/Reino_Unido\"><span style=\"color: #0b0080;\">Reino Unido<\/span><\/a>, em<span class=\"apple-converted-space\">\u00a0<\/span><a title=\"1871\" href=\"https:\/\/pt.wikipedia.org\/wiki\/1871\"><span style=\"color: #0b0080;\">1871<\/span><\/a>, e na<span class=\"apple-converted-space\">\u00a0<\/span><a title=\"Fran\u00e7a\" href=\"https:\/\/pt.wikipedia.org\/wiki\/Fran%C3%A7a\"><span style=\"color: #0b0080;\">Fran\u00e7a<\/span><\/a>, em<span class=\"apple-converted-space\">\u00a0<\/span><a title=\"1884\" href=\"https:\/\/pt.wikipedia.org\/wiki\/1884\"><span style=\"color: #0b0080;\">1884<\/span><\/a>, foi reconhecida a legalidade dos sindicatos e associa\u00e7\u00f5es. Com a<span class=\"apple-converted-space\">\u00a0<\/span><a title=\"Segunda Guerra Mundial\" href=\"https:\/\/pt.wikipedia.org\/wiki\/Segunda_Guerra_Mundial\"><span style=\"color: #0b0080;\">Segunda Guerra Mundial<\/span><\/a>, as ideias<span class=\"apple-converted-space\">\u00a0<\/span><a title=\"Comunismo\" href=\"https:\/\/pt.wikipedia.org\/wiki\/Comunismo\"><span style=\"color: #0b0080;\">comunistas<\/span><\/a><span class=\"apple-converted-space\">\u00a0<\/span>e<span class=\"apple-converted-space\">\u00a0<\/span><a title=\"Socialismo\" href=\"https:\/\/pt.wikipedia.org\/wiki\/Socialismo\"><span style=\"color: #0b0080;\">socialistas<\/span><\/a><span class=\"apple-converted-space\">\u00a0<\/span>predominaram nos movimentos sindicais espanh\u00f3is e italianos.<\/span><\/p>\n<p>\u00a0<\/p>\n<p style=\"margin: 6pt 0cm; line-height: 16.8pt; background-image: initial; background-attachment: initial; background-size: initial; background-origin: initial; background-clip: initial; background-position: initial; background-repeat: initial;\"><span style=\"font-size: 10.5pt; font-family: 'Arial','sans-serif'; color: #252525;\">Nos<span class=\"apple-converted-space\">\u00a0<\/span><a title=\"EUA\" href=\"https:\/\/pt.wikipedia.org\/wiki\/EUA\"><span style=\"color: #0b0080;\">Estados Unidos<\/span><\/a>, o sindicalismo nasceu por volta de<span class=\"apple-converted-space\">\u00a0<\/span><a title=\"1827\" href=\"https:\/\/pt.wikipedia.org\/wiki\/1827\"><span style=\"color: #0b0080;\">1827<\/span><\/a><span class=\"apple-converted-space\">\u00a0<\/span>e, em<span class=\"apple-converted-space\">\u00a0<\/span><a title=\"1886\" href=\"https:\/\/pt.wikipedia.org\/wiki\/1886\"><span style=\"color: #0b0080;\">1886<\/span><\/a>, foi constitu\u00edda a Federa\u00e7\u00e3o Americana do Trabalho (AFL), contr\u00e1ria \u00e0 reforma ou mudan\u00e7a da sociedade. Defendia o sindicalismo de resultados.<\/span><\/p>\n","protected":false},"excerpt":{"rendered":"<p>\u00a0 O termo &#8220;sindicato&#8221; deriva do\u00a0latim\u00a0syndicus, proveniente por sua vez do\u00a0grego\u00a0sundik\u00f3s, que designava um\u00a0advogado, bem como o funcion\u00e1rio que costumava auxiliar&hellip;<\/p>\n","protected":false},"author":1,"featured_media":0,"comment_status":"open","ping_status":"open","sticky":false,"template":"","format":"standard","meta":{"cybocfi_hide_featured_image":"","footnotes":""},"categories":[22],"tags":[],"yoast_head":"<!-- This site is optimized with the Yoast SEO plugin v22.8 - https:\/\/yoast.com\/wordpress\/plugins\/seo\/ -->\n<title>News3 - SITSESP<\/title>\n<meta name=\"robots\" content=\"index, follow, max-snippet:-1, max-image-preview:large, max-video-preview:-1\" \/>\n<link rel=\"canonical\" href=\"https:\/\/www.sitsesp.org.br\/novo\/news3\/\" \/>\n<meta property=\"og:locale\" content=\"pt_BR\" \/>\n<meta property=\"og:type\" content=\"article\" \/>\n<meta property=\"og:title\" content=\"News3 - SITSESP\" \/>\n<meta property=\"og:description\" content=\"\u00a0 O termo &#8220;sindicato&#8221; deriva do\u00a0latim\u00a0syndicus, proveniente por sua vez do\u00a0grego\u00a0sundik\u00f3s, que designava um\u00a0advogado, bem como o funcion\u00e1rio que costumava auxiliar&hellip;\" \/>\n<meta property=\"og:url\" content=\"https:\/\/www.sitsesp.org.br\/novo\/news3\/\" \/>\n<meta property=\"og:site_name\" content=\"SITSESP\" \/>\n<meta property=\"article:published_time\" content=\"2014-10-23T01:49:36+00:00\" \/>\n<meta name=\"author\" content=\"mhais\" \/>\n<meta name=\"twitter:card\" content=\"summary_large_image\" \/>\n<meta name=\"twitter:label1\" content=\"Escrito por\" \/>\n\t<meta name=\"twitter:data1\" content=\"mhais\" \/>\n\t<meta name=\"twitter:label2\" content=\"Est. tempo de leitura\" \/>\n\t<meta name=\"twitter:data2\" content=\"1 minuto\" \/>\n<script type=\"application\/ld+json\" class=\"yoast-schema-graph\">{\"@context\":\"https:\/\/schema.org\",\"@graph\":[{\"@type\":\"Article\",\"@id\":\"https:\/\/www.sitsesp.org.br\/novo\/news3\/#article\",\"isPartOf\":{\"@id\":\"https:\/\/www.sitsesp.org.br\/novo\/news3\/\"},\"author\":{\"name\":\"mhais\",\"@id\":\"https:\/\/www.sitsesp.org.br\/novo\/#\/schema\/person\/2a4c180eb185645b3bef8657c75e305a\"},\"headline\":\"News3\",\"datePublished\":\"2014-10-23T01:49:36+00:00\",\"dateModified\":\"2014-10-23T01:49:36+00:00\",\"mainEntityOfPage\":{\"@id\":\"https:\/\/www.sitsesp.org.br\/novo\/news3\/\"},\"wordCount\":226,\"commentCount\":0,\"publisher\":{\"@id\":\"https:\/\/www.sitsesp.org.br\/novo\/#organization\"},\"articleSection\":[\"Noticias\"],\"inLanguage\":\"pt-BR\",\"potentialAction\":[{\"@type\":\"CommentAction\",\"name\":\"Comment\",\"target\":[\"https:\/\/www.sitsesp.org.br\/novo\/news3\/#respond\"]}]},{\"@type\":\"WebPage\",\"@id\":\"https:\/\/www.sitsesp.org.br\/novo\/news3\/\",\"url\":\"https:\/\/www.sitsesp.org.br\/novo\/news3\/\",\"name\":\"News3 - SITSESP\",\"isPartOf\":{\"@id\":\"https:\/\/www.sitsesp.org.br\/novo\/#website\"},\"datePublished\":\"2014-10-23T01:49:36+00:00\",\"dateModified\":\"2014-10-23T01:49:36+00:00\",\"breadcrumb\":{\"@id\":\"https:\/\/www.sitsesp.org.br\/novo\/news3\/#breadcrumb\"},\"inLanguage\":\"pt-BR\",\"potentialAction\":[{\"@type\":\"ReadAction\",\"target\":[\"https:\/\/www.sitsesp.org.br\/novo\/news3\/\"]}]},{\"@type\":\"BreadcrumbList\",\"@id\":\"https:\/\/www.sitsesp.org.br\/novo\/news3\/#breadcrumb\",\"itemListElement\":[{\"@type\":\"ListItem\",\"position\":1,\"name\":\"In\u00edcio\",\"item\":\"https:\/\/www.sitsesp.org.br\/novo\/\"},{\"@type\":\"ListItem\",\"position\":2,\"name\":\"News3\"}]},{\"@type\":\"WebSite\",\"@id\":\"https:\/\/www.sitsesp.org.br\/novo\/#website\",\"url\":\"https:\/\/www.sitsesp.org.br\/novo\/\",\"name\":\"Sitsesp\",\"description\":\"SIndicato da Socioeduca\u00e7\u00e3o do Estado de S\u00e3o Paulo\",\"publisher\":{\"@id\":\"https:\/\/www.sitsesp.org.br\/novo\/#organization\"},\"potentialAction\":[{\"@type\":\"SearchAction\",\"target\":{\"@type\":\"EntryPoint\",\"urlTemplate\":\"https:\/\/www.sitsesp.org.br\/novo\/?s={search_term_string}\"},\"query-input\":\"required name=search_term_string\"}],\"inLanguage\":\"pt-BR\"},{\"@type\":\"Organization\",\"@id\":\"https:\/\/www.sitsesp.org.br\/novo\/#organization\",\"name\":\"Sitsesp\",\"url\":\"https:\/\/www.sitsesp.org.br\/novo\/\",\"logo\":{\"@type\":\"ImageObject\",\"inLanguage\":\"pt-BR\",\"@id\":\"https:\/\/www.sitsesp.org.br\/novo\/#\/schema\/logo\/image\/\",\"url\":\"https:\/\/www.sitsesp.org.br\/novo\/wp-content\/uploads\/2020\/09\/Design-sem-nome-1.jpg\",\"contentUrl\":\"https:\/\/www.sitsesp.org.br\/novo\/wp-content\/uploads\/2020\/09\/Design-sem-nome-1.jpg\",\"width\":300,\"height\":300,\"caption\":\"Sitsesp\"},\"image\":{\"@id\":\"https:\/\/www.sitsesp.org.br\/novo\/#\/schema\/logo\/image\/\"}},{\"@type\":\"Person\",\"@id\":\"https:\/\/www.sitsesp.org.br\/novo\/#\/schema\/person\/2a4c180eb185645b3bef8657c75e305a\",\"name\":\"mhais\",\"image\":{\"@type\":\"ImageObject\",\"inLanguage\":\"pt-BR\",\"@id\":\"https:\/\/www.sitsesp.org.br\/novo\/#\/schema\/person\/image\/\",\"url\":\"https:\/\/secure.gravatar.com\/avatar\/6f4eabe86990e81328cf702edfa92a60?s=96&d=mm&r=g\",\"contentUrl\":\"https:\/\/secure.gravatar.com\/avatar\/6f4eabe86990e81328cf702edfa92a60?s=96&d=mm&r=g\",\"caption\":\"mhais\"},\"sameAs\":[\"http:\/\/localhost\/sitsesp\"]}]}<\/script>\n<!-- \/ Yoast SEO plugin. -->","yoast_head_json":{"title":"News3 - SITSESP","robots":{"index":"index","follow":"follow","max-snippet":"max-snippet:-1","max-image-preview":"max-image-preview:large","max-video-preview":"max-video-preview:-1"},"canonical":"https:\/\/www.sitsesp.org.br\/novo\/news3\/","og_locale":"pt_BR","og_type":"article","og_title":"News3 - SITSESP","og_description":"\u00a0 O termo &#8220;sindicato&#8221; deriva do\u00a0latim\u00a0syndicus, proveniente por sua vez do\u00a0grego\u00a0sundik\u00f3s, que designava um\u00a0advogado, bem como o funcion\u00e1rio que costumava auxiliar&hellip;","og_url":"https:\/\/www.sitsesp.org.br\/novo\/news3\/","og_site_name":"SITSESP","article_published_time":"2014-10-23T01:49:36+00:00","author":"mhais","twitter_card":"summary_large_image","twitter_misc":{"Escrito por":"mhais","Est. tempo de leitura":"1 minuto"},"schema":{"@context":"https:\/\/schema.org","@graph":[{"@type":"Article","@id":"https:\/\/www.sitsesp.org.br\/novo\/news3\/#article","isPartOf":{"@id":"https:\/\/www.sitsesp.org.br\/novo\/news3\/"},"author":{"name":"mhais","@id":"https:\/\/www.sitsesp.org.br\/novo\/#\/schema\/person\/2a4c180eb185645b3bef8657c75e305a"},"headline":"News3","datePublished":"2014-10-23T01:49:36+00:00","dateModified":"2014-10-23T01:49:36+00:00","mainEntityOfPage":{"@id":"https:\/\/www.sitsesp.org.br\/novo\/news3\/"},"wordCount":226,"commentCount":0,"publisher":{"@id":"https:\/\/www.sitsesp.org.br\/novo\/#organization"},"articleSection":["Noticias"],"inLanguage":"pt-BR","potentialAction":[{"@type":"CommentAction","name":"Comment","target":["https:\/\/www.sitsesp.org.br\/novo\/news3\/#respond"]}]},{"@type":"WebPage","@id":"https:\/\/www.sitsesp.org.br\/novo\/news3\/","url":"https:\/\/www.sitsesp.org.br\/novo\/news3\/","name":"News3 - SITSESP","isPartOf":{"@id":"https:\/\/www.sitsesp.org.br\/novo\/#website"},"datePublished":"2014-10-23T01:49:36+00:00","dateModified":"2014-10-23T01:49:36+00:00","breadcrumb":{"@id":"https:\/\/www.sitsesp.org.br\/novo\/news3\/#breadcrumb"},"inLanguage":"pt-BR","potentialAction":[{"@type":"ReadAction","target":["https:\/\/www.sitsesp.org.br\/novo\/news3\/"]}]},{"@type":"BreadcrumbList","@id":"https:\/\/www.sitsesp.org.br\/novo\/news3\/#breadcrumb","itemListElement":[{"@type":"ListItem","position":1,"name":"In\u00edcio","item":"https:\/\/www.sitsesp.org.br\/novo\/"},{"@type":"ListItem","position":2,"name":"News3"}]},{"@type":"WebSite","@id":"https:\/\/www.sitsesp.org.br\/novo\/#website","url":"https:\/\/www.sitsesp.org.br\/novo\/","name":"Sitsesp","description":"SIndicato da Socioeduca\u00e7\u00e3o do Estado de S\u00e3o Paulo","publisher":{"@id":"https:\/\/www.sitsesp.org.br\/novo\/#organization"},"potentialAction":[{"@type":"SearchAction","target":{"@type":"EntryPoint","urlTemplate":"https:\/\/www.sitsesp.org.br\/novo\/?s={search_term_string}"},"query-input":"required name=search_term_string"}],"inLanguage":"pt-BR"},{"@type":"Organization","@id":"https:\/\/www.sitsesp.org.br\/novo\/#organization","name":"Sitsesp","url":"https:\/\/www.sitsesp.org.br\/novo\/","logo":{"@type":"ImageObject","inLanguage":"pt-BR","@id":"https:\/\/www.sitsesp.org.br\/novo\/#\/schema\/logo\/image\/","url":"https:\/\/www.sitsesp.org.br\/novo\/wp-content\/uploads\/2020\/09\/Design-sem-nome-1.jpg","contentUrl":"https:\/\/www.sitsesp.org.br\/novo\/wp-content\/uploads\/2020\/09\/Design-sem-nome-1.jpg","width":300,"height":300,"caption":"Sitsesp"},"image":{"@id":"https:\/\/www.sitsesp.org.br\/novo\/#\/schema\/logo\/image\/"}},{"@type":"Person","@id":"https:\/\/www.sitsesp.org.br\/novo\/#\/schema\/person\/2a4c180eb185645b3bef8657c75e305a","name":"mhais","image":{"@type":"ImageObject","inLanguage":"pt-BR","@id":"https:\/\/www.sitsesp.org.br\/novo\/#\/schema\/person\/image\/","url":"https:\/\/secure.gravatar.com\/avatar\/6f4eabe86990e81328cf702edfa92a60?s=96&d=mm&r=g","contentUrl":"https:\/\/secure.gravatar.com\/avatar\/6f4eabe86990e81328cf702edfa92a60?s=96&d=mm&r=g","caption":"mhais"},"sameAs":["http:\/\/localhost\/sitsesp"]}]}},"_links":{"self":[{"href":"https:\/\/www.sitsesp.org.br\/novo\/wp-json\/wp\/v2\/posts\/1922"}],"collection":[{"href":"https:\/\/www.sitsesp.org.br\/novo\/wp-json\/wp\/v2\/posts"}],"about":[{"href":"https:\/\/www.sitsesp.org.br\/novo\/wp-json\/wp\/v2\/types\/post"}],"author":[{"embeddable":true,"href":"https:\/\/www.sitsesp.org.br\/novo\/wp-json\/wp\/v2\/users\/1"}],"replies":[{"embeddable":true,"href":"https:\/\/www.sitsesp.org.br\/novo\/wp-json\/wp\/v2\/comments?post=1922"}],"version-history":[{"count":0,"href":"https:\/\/www.sitsesp.org.br\/novo\/wp-json\/wp\/v2\/posts\/1922\/revisions"}],"wp:attachment":[{"href":"https:\/\/www.sitsesp.org.br\/novo\/wp-json\/wp\/v2\/media?parent=1922"}],"wp:term":[{"taxonomy":"category","embeddable":true,"href":"https:\/\/www.sitsesp.org.br\/novo\/wp-json\/wp\/v2\/categories?post=1922"},{"taxonomy":"post_tag","embeddable":true,"href":"https:\/\/www.sitsesp.org.br\/novo\/wp-json\/wp\/v2\/tags?post=1922"}],"curies":[{"name":"wp","href":"https:\/\/api.w.org\/{rel}","templated":true}]}}