{"id":1934,"date":"2015-12-15T00:07:24","date_gmt":"2015-12-15T02:07:24","guid":{"rendered":"https:\/\/pecorari-cloud72.pecoraricloud.com.br\/~sitsesporg\/fim-da-violencia-contra-mulheres\/"},"modified":"2015-12-15T00:07:24","modified_gmt":"2015-12-15T02:07:24","slug":"fim-da-violencia-contra-mulheres","status":"publish","type":"post","link":"https:\/\/www.sitsesp.org.br\/novo\/fim-da-violencia-contra-mulheres\/","title":{"rendered":"Fim da Viol\u00eancia contra Mulheres"},"content":{"rendered":"<p><!-- VideographyWP Plugin Message: Automatic video embedding prevented by plugin options. --><\/p>\n<p>\u00a0<\/p>\n<p class=\"MsoNormal\" style=\"text-align: justify; line-height: normal;\"><span style=\"font-size: 10.5pt; font-family: 'Arial','sans-serif';\">Nesta quarta-feira (25), Dia Internacional da N\u00e3o-Viol\u00eancia contra a Mulher, a partir das 10h, as dirigentes sindicais ir\u00e3o at\u00e9 o Minist\u00e9rio P\u00fablico do Estado de S\u00e3o Paulo (MP-SP) para protocolar uma representa\u00e7\u00e3o da CUT S\u00e3o Paulo deresponsabiliza\u00e7\u00e3o do promotor de Justi\u00e7a e professor de Sorocaba (SP), Jorge Alberto de Oliveira Marum, por postar nas redes sociais coment\u00e1rios machistas relacionados \u00e0 quest\u00e3o do Exame Nacional do Ensino M\u00e9dio (Enem).<\/span><\/p>\n<p class=\"MsoNormal\" style=\"text-align: justify; line-height: normal;\"><span style=\"font-size: 10.5pt; font-family: 'Arial','sans-serif';\">Para\u00a0a secret\u00e1ria da Mulher Trabalhadora da CUT S\u00e3o Paulo, Ana L\u00facia Firmino, ofensas e brincadeiras machistas precisam ser desconstru\u00eddas. \u201cEstamos atentas a toda e qualquer forma de viol\u00eancia e cobramos do poder p\u00fablico uma resposta\u201d, afirma.<\/span><\/p>\n<p class=\"MsoNormal\" style=\"text-align: justify; line-height: normal;\"><span style=\"font-size: 10.5pt; font-family: 'Arial','sans-serif';\">A secret\u00e1ria de Comunica\u00e7\u00e3o da Confedera\u00e7\u00e3o Nacional dos Trabalhadores na Ind\u00fastria T\u00eaxtil, Couro e Cal\u00e7ado (CNTV-CUT), M\u00e1rcia Viana, conta que as mulheres realizaram in\u00fameros atos de protesto na cidade por conta dos coment\u00e1rios do promotor. \u201c\u00c9 importante fortalecer a forma\u00e7\u00e3o pol\u00edtica de base para acabar com o machismo e a viol\u00eancia que est\u00e3o em nosso cotidiano\u201d.<\/span><\/p>\n<p class=\"MsoNormal\" style=\"text-align: justify; line-height: normal;\"><b><span style=\"font-size: 10.5pt; font-family: 'Arial','sans-serif';\">Di\u00e1logo com a popula\u00e7\u00e3o<\/span><\/b><\/p>\n<p class=\"MsoNormal\" style=\"text-align: justify; line-height: normal;\"><span style=\"font-size: 10.5pt; font-family: 'Arial','sans-serif';\">Mulheres de diferentes categorias se somam tamb\u00e9m nesta quinta-feira (25), \u00e0s 12h, na Pra\u00e7a no Patriarca, ao ato e panfletagem organizados pela Federa\u00e7\u00e3o dos Banc\u00e1rios da CUT (Fetec-CUT), o Sindicato dos Banc\u00e1rios e Financi\u00e1rios de S\u00e3o Paulo, Osasco e Regi\u00e3o e a Prefeitura de S\u00e3o Paulo.<\/span><\/p>\n<p class=\"MsoNormal\" style=\"text-align: justify; line-height: normal;\"><span style=\"font-size: 10.5pt; font-family: 'Arial','sans-serif';\">Haver\u00e1 uma tenda com materiais que ser\u00e3o entregues \u00e0 popula\u00e7\u00e3o e o \u00d4nibus Lil\u00e1s, iniciativa que vai oferecer atendimento \u00e0s mulheres v\u00edtimas de viol\u00eancia.<\/span><\/p>\n<p class=\"MsoNormal\" style=\"text-align: justify; line-height: normal;\"><span style=\"font-size: 10.5pt; font-family: 'Arial','sans-serif';\">A diretora de Pol\u00edticas Sociais da Fetec-CUT, Crislaine Bertazzi, defende a necessidade de conscientizar a popula\u00e7\u00e3o e encorajar as mulheres a tomar atitude diante de situa\u00e7\u00f5es de viol\u00eancia. \u201cDevemos mostrar que elas n\u00e3o est\u00e3o sozinhas. O papel do movimento social \u00e9 promover o debate sobre a viol\u00eancia e como ela se d\u00e1 no cotidiano, desde as resid\u00eancias, at\u00e9 os locais de trabalho, com a diferen\u00e7a salarial e a discrimina\u00e7\u00e3o\u201d.<\/span><\/p>\n<p class=\"MsoNormal\" style=\"text-align: justify; line-height: normal;\"><span style=\"font-size: 10.5pt; font-family: 'Arial','sans-serif';\">Para Crislaine, essa luta n\u00e3o \u00e9 s\u00f3 das mulheres, mas num trabalho conjunto com os homens para a desconstru\u00e7\u00e3o da cultura machista.<\/span><\/p>\n<p class=\"MsoNormal\" style=\"text-align: justify; line-height: normal;\"><b><span style=\"font-size: 10.5pt; font-family: 'Arial','sans-serif';\">Realidade permanente<\/span><\/b><\/p>\n<p class=\"MsoNormal\" style=\"text-align: justify; line-height: normal;\"><span style=\"font-size: 10.5pt; font-family: 'Arial','sans-serif';\">Em 2013, as mulheres fizeram uma jornada de Luta por Igualdade e Autonomia promovida pela CUT S\u00e3o Paulo, por meio da Secretaria da Mulher Trabalhadora. As dirigentes realizaram Caravana pelo Fim da Viol\u00eancia Contra as Mulheres durante 30 dias por todo o estado paulista.<\/span><\/p>\n<p class=\"MsoNormal\" style=\"text-align: justify; line-height: normal;\"><span style=\"font-size: 10.5pt; font-family: 'Arial','sans-serif';\">As cobran\u00e7as s\u00e3o as mesmas deste ano, afirma a secret\u00e1ria de Imprensa e Comunica\u00e7\u00e3o da CUT S\u00e3o Paulo, Adriana Magalhaes. \u201cVemos a aus\u00eancia de uma secretaria estadual para as mulheres, a falta de sensibilidade aos problemas da viol\u00eancia e a desarticula\u00e7\u00e3o entre o estado de S\u00e3o Paulo com o governo federal no que se refere \u00e0s pol\u00edticas p\u00fablicas\u201d, avalia.<\/span><\/p>\n<p class=\"MsoNormal\" style=\"text-align: justify; line-height: normal;\"><span style=\"font-size: 10.5pt; font-family: 'Arial','sans-serif';\">Para Adriana, a capital paulista tem respondido \u00e0 luta permanente que as trabalhadoras fazem por liberdade, igualdade e autonomia das mulheres. O exemplo, observa, se d\u00e1 com a cria\u00e7\u00e3o da Secretaria Municipal de Pol\u00edticas Para as Mulheres de S\u00e3o Paulo.<\/span><\/p>\n<p class=\"MsoNormal\" style=\"text-align: justify; line-height: normal;\"><span style=\"font-size: 10.5pt; font-family: 'Arial','sans-serif';\">Nas cidades visitadas, entre as principais reivindica\u00e7\u00f5es das mulheres est\u00e3o a falta de creches, de delegacias 24h especializadas no atendimento \u00e0s v\u00edtimas, casas-abrigo, servi\u00e7os p\u00fablicos de qualidade, servidores formados para atender mulheres em situa\u00e7\u00e3o de viol\u00eancia e a cria\u00e7\u00e3o de rede integrada de prote\u00e7\u00e3o \u00e0 mulher.<\/span><\/p>\n<p class=\"MsoNormal\" style=\"text-align: justify; line-height: normal;\"><span style=\"font-size: 10.5pt; font-family: 'Arial','sans-serif';\">O \u2018Mapa da Viol\u00eancia 2015: Homic\u00eddio de Mulheres\u2019, divulgado no come\u00e7o deste m\u00eas, calcula 3.170 mortes de paulistas entre 2009 e 2013.<\/span><\/p>\n<p class=\"MsoNormal\" style=\"text-align: justify; line-height: normal;\"><span style=\"font-size: 10.5pt; font-family: 'Arial','sans-serif';\">Segundo dados da Secretaria de Seguran\u00e7a P\u00fablica de S\u00e3o Paulo, de janeiro a setembro deste ano, 37.194 mulheres sofreram les\u00e3o corporal dolosa, quando a agress\u00e3o \u00e9 causada com o intuito de ferir. Neste per\u00edodo, 93 mulheres foram mortas. \u00a0<\/span><\/p>\n<p class=\"MsoNormal\" style=\"text-align: justify; line-height: normal;\"><b><span style=\"font-size: 10.5pt; font-family: 'Arial','sans-serif';\">Agenda de luta<\/span><\/b><\/p>\n<p class=\"MsoNormal\" style=\"text-align: justify; line-height: normal;\"><span style=\"font-size: 10.5pt; font-family: 'Arial','sans-serif';\">Nesta quarta-feira (25), a Marcha Mundial de Mulheres (MMM) far\u00e1 atividades em S\u00e3o Paulo. \u00c0s 16h, haver\u00e1 concentra\u00e7\u00e3o e panfletagem na Rua Formosa, sa\u00edda do metr\u00f4 Anhangaba\u00fa e, a partir das 18h, caminhada at\u00e9 a Pra\u00e7a da Rep\u00fablica, no centro da capital, onde ocorrer\u00e1 ato.<\/span><\/p>\n<p class=\"MsoNormal\" style=\"text-align: justify; line-height: normal;\"><span style=\"font-size: 10.5pt; font-family: 'Arial','sans-serif';\">\u201cTodas na rua contra o Cunha e a viol\u00eancia contra as mulheres\u201d \u00e9 o mote da atividade, que cobra a sa\u00edda do presidente, Eduardo Cunha (PMDB-RJ), da C\u00e2mara federal.<\/span><\/p>\n<p class=\"MsoNormal\" style=\"text-align: justify; line-height: normal;\"><span style=\"font-size: 10.5pt; font-family: 'Arial','sans-serif';\">No dia 26, \u00e0s 19h, uma Roda de Debate \u00e9 organizada pelo Coletivo de Mulheres do Sindicato dos Professores do Ensino Oficial do Estado de S\u00e3o Paulo (Apeoesp). A atividade ser\u00e1 na subsede da entidade, \u00e0 Rua Alexandre Herculano, 169, no bairro Gonzaga, em Santos.<\/span><\/p>\n<p class=\"MsoNormal\" style=\"text-align: justify; line-height: normal;\"><span style=\"font-size: 10.5pt; font-family: 'Arial','sans-serif';\">\u00a0Em Campinas, o F\u00f3rum de Mulheres, a CUT e sindicatos realizam ato e passeata no dia 28 deste m\u00eas, com concentra\u00e7\u00e3o \u00e0s 9h, no Largo da Catedral, na regi\u00e3o central.\u00a0<\/span><\/p>\n<p style=\"vertical-align: baseline; outline: 0px; padding: 7px 0px; margin: 0px; border: 0px; line-height: 20px; text-align: justify;\">\u00a0<\/p>\n","protected":false},"excerpt":{"rendered":"<p>\u00a0 Nesta quarta-feira (25), Dia Internacional da N\u00e3o-Viol\u00eancia contra a Mulher, a partir das 10h, as dirigentes sindicais ir\u00e3o at\u00e9 o&hellip;<\/p>\n","protected":false},"author":1,"featured_media":0,"comment_status":"open","ping_status":"open","sticky":false,"template":"","format":"standard","meta":{"cybocfi_hide_featured_image":"","footnotes":""},"categories":[22],"tags":[],"yoast_head":"<!-- This site is optimized with the Yoast SEO plugin v22.8 - https:\/\/yoast.com\/wordpress\/plugins\/seo\/ -->\n<title>Fim da Viol\u00eancia contra Mulheres - SITSESP<\/title>\n<meta name=\"robots\" content=\"index, follow, max-snippet:-1, max-image-preview:large, max-video-preview:-1\" \/>\n<link rel=\"canonical\" href=\"https:\/\/www.sitsesp.org.br\/novo\/fim-da-violencia-contra-mulheres\/\" \/>\n<meta property=\"og:locale\" content=\"pt_BR\" \/>\n<meta property=\"og:type\" content=\"article\" \/>\n<meta property=\"og:title\" content=\"Fim da Viol\u00eancia contra Mulheres - SITSESP\" \/>\n<meta property=\"og:description\" content=\"\u00a0 Nesta quarta-feira (25), Dia Internacional da N\u00e3o-Viol\u00eancia contra a Mulher, a partir das 10h, as dirigentes sindicais ir\u00e3o at\u00e9 o&hellip;\" \/>\n<meta property=\"og:url\" content=\"https:\/\/www.sitsesp.org.br\/novo\/fim-da-violencia-contra-mulheres\/\" \/>\n<meta property=\"og:site_name\" content=\"SITSESP\" \/>\n<meta property=\"article:published_time\" content=\"2015-12-15T02:07:24+00:00\" \/>\n<meta name=\"author\" content=\"mhais\" \/>\n<meta name=\"twitter:card\" content=\"summary_large_image\" \/>\n<meta name=\"twitter:label1\" content=\"Escrito por\" \/>\n\t<meta name=\"twitter:data1\" content=\"mhais\" \/>\n\t<meta name=\"twitter:label2\" content=\"Est. tempo de leitura\" \/>\n\t<meta name=\"twitter:data2\" content=\"4 minutos\" \/>\n<script type=\"application\/ld+json\" class=\"yoast-schema-graph\">{\"@context\":\"https:\/\/schema.org\",\"@graph\":[{\"@type\":\"Article\",\"@id\":\"https:\/\/www.sitsesp.org.br\/novo\/fim-da-violencia-contra-mulheres\/#article\",\"isPartOf\":{\"@id\":\"https:\/\/www.sitsesp.org.br\/novo\/fim-da-violencia-contra-mulheres\/\"},\"author\":{\"name\":\"mhais\",\"@id\":\"https:\/\/www.sitsesp.org.br\/novo\/#\/schema\/person\/2a4c180eb185645b3bef8657c75e305a\"},\"headline\":\"Fim da Viol\u00eancia contra Mulheres\",\"datePublished\":\"2015-12-15T02:07:24+00:00\",\"dateModified\":\"2015-12-15T02:07:24+00:00\",\"mainEntityOfPage\":{\"@id\":\"https:\/\/www.sitsesp.org.br\/novo\/fim-da-violencia-contra-mulheres\/\"},\"wordCount\":818,\"commentCount\":0,\"publisher\":{\"@id\":\"https:\/\/www.sitsesp.org.br\/novo\/#organization\"},\"articleSection\":[\"Noticias\"],\"inLanguage\":\"pt-BR\",\"potentialAction\":[{\"@type\":\"CommentAction\",\"name\":\"Comment\",\"target\":[\"https:\/\/www.sitsesp.org.br\/novo\/fim-da-violencia-contra-mulheres\/#respond\"]}]},{\"@type\":\"WebPage\",\"@id\":\"https:\/\/www.sitsesp.org.br\/novo\/fim-da-violencia-contra-mulheres\/\",\"url\":\"https:\/\/www.sitsesp.org.br\/novo\/fim-da-violencia-contra-mulheres\/\",\"name\":\"Fim da Viol\u00eancia contra Mulheres - SITSESP\",\"isPartOf\":{\"@id\":\"https:\/\/www.sitsesp.org.br\/novo\/#website\"},\"datePublished\":\"2015-12-15T02:07:24+00:00\",\"dateModified\":\"2015-12-15T02:07:24+00:00\",\"breadcrumb\":{\"@id\":\"https:\/\/www.sitsesp.org.br\/novo\/fim-da-violencia-contra-mulheres\/#breadcrumb\"},\"inLanguage\":\"pt-BR\",\"potentialAction\":[{\"@type\":\"ReadAction\",\"target\":[\"https:\/\/www.sitsesp.org.br\/novo\/fim-da-violencia-contra-mulheres\/\"]}]},{\"@type\":\"BreadcrumbList\",\"@id\":\"https:\/\/www.sitsesp.org.br\/novo\/fim-da-violencia-contra-mulheres\/#breadcrumb\",\"itemListElement\":[{\"@type\":\"ListItem\",\"position\":1,\"name\":\"In\u00edcio\",\"item\":\"https:\/\/www.sitsesp.org.br\/novo\/\"},{\"@type\":\"ListItem\",\"position\":2,\"name\":\"Fim da Viol\u00eancia contra Mulheres\"}]},{\"@type\":\"WebSite\",\"@id\":\"https:\/\/www.sitsesp.org.br\/novo\/#website\",\"url\":\"https:\/\/www.sitsesp.org.br\/novo\/\",\"name\":\"Sitsesp\",\"description\":\"SIndicato da Socioeduca\u00e7\u00e3o do Estado de S\u00e3o Paulo\",\"publisher\":{\"@id\":\"https:\/\/www.sitsesp.org.br\/novo\/#organization\"},\"potentialAction\":[{\"@type\":\"SearchAction\",\"target\":{\"@type\":\"EntryPoint\",\"urlTemplate\":\"https:\/\/www.sitsesp.org.br\/novo\/?s={search_term_string}\"},\"query-input\":\"required name=search_term_string\"}],\"inLanguage\":\"pt-BR\"},{\"@type\":\"Organization\",\"@id\":\"https:\/\/www.sitsesp.org.br\/novo\/#organization\",\"name\":\"Sitsesp\",\"url\":\"https:\/\/www.sitsesp.org.br\/novo\/\",\"logo\":{\"@type\":\"ImageObject\",\"inLanguage\":\"pt-BR\",\"@id\":\"https:\/\/www.sitsesp.org.br\/novo\/#\/schema\/logo\/image\/\",\"url\":\"https:\/\/www.sitsesp.org.br\/novo\/wp-content\/uploads\/2020\/09\/Design-sem-nome-1.jpg\",\"contentUrl\":\"https:\/\/www.sitsesp.org.br\/novo\/wp-content\/uploads\/2020\/09\/Design-sem-nome-1.jpg\",\"width\":300,\"height\":300,\"caption\":\"Sitsesp\"},\"image\":{\"@id\":\"https:\/\/www.sitsesp.org.br\/novo\/#\/schema\/logo\/image\/\"}},{\"@type\":\"Person\",\"@id\":\"https:\/\/www.sitsesp.org.br\/novo\/#\/schema\/person\/2a4c180eb185645b3bef8657c75e305a\",\"name\":\"mhais\",\"image\":{\"@type\":\"ImageObject\",\"inLanguage\":\"pt-BR\",\"@id\":\"https:\/\/www.sitsesp.org.br\/novo\/#\/schema\/person\/image\/\",\"url\":\"https:\/\/secure.gravatar.com\/avatar\/6f4eabe86990e81328cf702edfa92a60?s=96&d=mm&r=g\",\"contentUrl\":\"https:\/\/secure.gravatar.com\/avatar\/6f4eabe86990e81328cf702edfa92a60?s=96&d=mm&r=g\",\"caption\":\"mhais\"},\"sameAs\":[\"http:\/\/localhost\/sitsesp\"]}]}<\/script>\n<!-- \/ Yoast SEO plugin. -->","yoast_head_json":{"title":"Fim da Viol\u00eancia contra Mulheres - SITSESP","robots":{"index":"index","follow":"follow","max-snippet":"max-snippet:-1","max-image-preview":"max-image-preview:large","max-video-preview":"max-video-preview:-1"},"canonical":"https:\/\/www.sitsesp.org.br\/novo\/fim-da-violencia-contra-mulheres\/","og_locale":"pt_BR","og_type":"article","og_title":"Fim da Viol\u00eancia contra Mulheres - SITSESP","og_description":"\u00a0 Nesta quarta-feira (25), Dia Internacional da N\u00e3o-Viol\u00eancia contra a Mulher, a partir das 10h, as dirigentes sindicais ir\u00e3o at\u00e9 o&hellip;","og_url":"https:\/\/www.sitsesp.org.br\/novo\/fim-da-violencia-contra-mulheres\/","og_site_name":"SITSESP","article_published_time":"2015-12-15T02:07:24+00:00","author":"mhais","twitter_card":"summary_large_image","twitter_misc":{"Escrito por":"mhais","Est. tempo de leitura":"4 minutos"},"schema":{"@context":"https:\/\/schema.org","@graph":[{"@type":"Article","@id":"https:\/\/www.sitsesp.org.br\/novo\/fim-da-violencia-contra-mulheres\/#article","isPartOf":{"@id":"https:\/\/www.sitsesp.org.br\/novo\/fim-da-violencia-contra-mulheres\/"},"author":{"name":"mhais","@id":"https:\/\/www.sitsesp.org.br\/novo\/#\/schema\/person\/2a4c180eb185645b3bef8657c75e305a"},"headline":"Fim da Viol\u00eancia contra Mulheres","datePublished":"2015-12-15T02:07:24+00:00","dateModified":"2015-12-15T02:07:24+00:00","mainEntityOfPage":{"@id":"https:\/\/www.sitsesp.org.br\/novo\/fim-da-violencia-contra-mulheres\/"},"wordCount":818,"commentCount":0,"publisher":{"@id":"https:\/\/www.sitsesp.org.br\/novo\/#organization"},"articleSection":["Noticias"],"inLanguage":"pt-BR","potentialAction":[{"@type":"CommentAction","name":"Comment","target":["https:\/\/www.sitsesp.org.br\/novo\/fim-da-violencia-contra-mulheres\/#respond"]}]},{"@type":"WebPage","@id":"https:\/\/www.sitsesp.org.br\/novo\/fim-da-violencia-contra-mulheres\/","url":"https:\/\/www.sitsesp.org.br\/novo\/fim-da-violencia-contra-mulheres\/","name":"Fim da Viol\u00eancia contra Mulheres - SITSESP","isPartOf":{"@id":"https:\/\/www.sitsesp.org.br\/novo\/#website"},"datePublished":"2015-12-15T02:07:24+00:00","dateModified":"2015-12-15T02:07:24+00:00","breadcrumb":{"@id":"https:\/\/www.sitsesp.org.br\/novo\/fim-da-violencia-contra-mulheres\/#breadcrumb"},"inLanguage":"pt-BR","potentialAction":[{"@type":"ReadAction","target":["https:\/\/www.sitsesp.org.br\/novo\/fim-da-violencia-contra-mulheres\/"]}]},{"@type":"BreadcrumbList","@id":"https:\/\/www.sitsesp.org.br\/novo\/fim-da-violencia-contra-mulheres\/#breadcrumb","itemListElement":[{"@type":"ListItem","position":1,"name":"In\u00edcio","item":"https:\/\/www.sitsesp.org.br\/novo\/"},{"@type":"ListItem","position":2,"name":"Fim da Viol\u00eancia contra Mulheres"}]},{"@type":"WebSite","@id":"https:\/\/www.sitsesp.org.br\/novo\/#website","url":"https:\/\/www.sitsesp.org.br\/novo\/","name":"Sitsesp","description":"SIndicato da Socioeduca\u00e7\u00e3o do Estado de S\u00e3o Paulo","publisher":{"@id":"https:\/\/www.sitsesp.org.br\/novo\/#organization"},"potentialAction":[{"@type":"SearchAction","target":{"@type":"EntryPoint","urlTemplate":"https:\/\/www.sitsesp.org.br\/novo\/?s={search_term_string}"},"query-input":"required name=search_term_string"}],"inLanguage":"pt-BR"},{"@type":"Organization","@id":"https:\/\/www.sitsesp.org.br\/novo\/#organization","name":"Sitsesp","url":"https:\/\/www.sitsesp.org.br\/novo\/","logo":{"@type":"ImageObject","inLanguage":"pt-BR","@id":"https:\/\/www.sitsesp.org.br\/novo\/#\/schema\/logo\/image\/","url":"https:\/\/www.sitsesp.org.br\/novo\/wp-content\/uploads\/2020\/09\/Design-sem-nome-1.jpg","contentUrl":"https:\/\/www.sitsesp.org.br\/novo\/wp-content\/uploads\/2020\/09\/Design-sem-nome-1.jpg","width":300,"height":300,"caption":"Sitsesp"},"image":{"@id":"https:\/\/www.sitsesp.org.br\/novo\/#\/schema\/logo\/image\/"}},{"@type":"Person","@id":"https:\/\/www.sitsesp.org.br\/novo\/#\/schema\/person\/2a4c180eb185645b3bef8657c75e305a","name":"mhais","image":{"@type":"ImageObject","inLanguage":"pt-BR","@id":"https:\/\/www.sitsesp.org.br\/novo\/#\/schema\/person\/image\/","url":"https:\/\/secure.gravatar.com\/avatar\/6f4eabe86990e81328cf702edfa92a60?s=96&d=mm&r=g","contentUrl":"https:\/\/secure.gravatar.com\/avatar\/6f4eabe86990e81328cf702edfa92a60?s=96&d=mm&r=g","caption":"mhais"},"sameAs":["http:\/\/localhost\/sitsesp"]}]}},"_links":{"self":[{"href":"https:\/\/www.sitsesp.org.br\/novo\/wp-json\/wp\/v2\/posts\/1934"}],"collection":[{"href":"https:\/\/www.sitsesp.org.br\/novo\/wp-json\/wp\/v2\/posts"}],"about":[{"href":"https:\/\/www.sitsesp.org.br\/novo\/wp-json\/wp\/v2\/types\/post"}],"author":[{"embeddable":true,"href":"https:\/\/www.sitsesp.org.br\/novo\/wp-json\/wp\/v2\/users\/1"}],"replies":[{"embeddable":true,"href":"https:\/\/www.sitsesp.org.br\/novo\/wp-json\/wp\/v2\/comments?post=1934"}],"version-history":[{"count":0,"href":"https:\/\/www.sitsesp.org.br\/novo\/wp-json\/wp\/v2\/posts\/1934\/revisions"}],"wp:attachment":[{"href":"https:\/\/www.sitsesp.org.br\/novo\/wp-json\/wp\/v2\/media?parent=1934"}],"wp:term":[{"taxonomy":"category","embeddable":true,"href":"https:\/\/www.sitsesp.org.br\/novo\/wp-json\/wp\/v2\/categories?post=1934"},{"taxonomy":"post_tag","embeddable":true,"href":"https:\/\/www.sitsesp.org.br\/novo\/wp-json\/wp\/v2\/tags?post=1934"}],"curies":[{"name":"wp","href":"https:\/\/api.w.org\/{rel}","templated":true}]}}