{"id":1948,"date":"2015-12-17T13:39:04","date_gmt":"2015-12-17T15:39:04","guid":{"rendered":"https:\/\/pecorari-cloud72.pecoraricloud.com.br\/~sitsesporg\/para-ophir-dividas-de-precatorios-em-sao-paulo-sao-casos-de-policia\/"},"modified":"2015-12-17T13:39:04","modified_gmt":"2015-12-17T15:39:04","slug":"para-ophir-dividas-de-precatorios-em-sao-paulo-sao-casos-de-policia","status":"publish","type":"post","link":"https:\/\/www.sitsesp.org.br\/novo\/para-ophir-dividas-de-precatorios-em-sao-paulo-sao-casos-de-policia\/","title":{"rendered":"Para Ophir, d\u00edvidas de precat\u00f3rios em S\u00e3o Paulo s\u00e3o casos de Pol\u00edcia"},"content":{"rendered":"<p><!-- VideographyWP Plugin Message: Automatic video embedding prevented by plugin options. --><\/p>\n<p class=\"MsoNormal\" style=\"mso-margin-top-alt: auto; mso-margin-bottom-alt: auto; text-align: justify; line-height: normal;\"><span style=\"font-size: 10.5pt; font-family: Arial, sans-serif;\"> O tema foi debatido hoje por Ophir, a corregedora Nacional de Justi\u00e7a, ministra Eliana Calmon, e representantes do Tribunal de Justi\u00e7a paulista e de outros tribunais que j\u00e1 participaram do programa do CNJ de apoio \u00e0 estrutura\u00e7\u00e3o da \u00e1rea de precat\u00f3rios.<\/span><\/p>\n<p class=\"MsoNormal\" style=\"mso-margin-top-alt: auto; mso-margin-bottom-alt: auto; text-align: justify; line-height: normal;\"><span style=\"font-size: 10.5pt; font-family: Arial, sans-serif;\">Ap\u00f3s reuni\u00e3o hoje na sede do CNJ, ficou decidido que ser\u00e1 criado um comit\u00ea para elaborar um diagn\u00f3stico completo sobre o Judici\u00e1rio paulista. O estudo vai apontar qual a d\u00edvida total em precat\u00f3rios no Estado, quem s\u00e3o as pessoas que est\u00e3o na fila aguardando pagamento e auxiliar os magistrados na separa\u00e7\u00e3o de precat\u00f3rios de pequeno valor e os preferenciais. Em seguida, os devedores ser\u00e3o chamados para as tentativas de concilia\u00e7\u00e3o.<\/span><\/p>\n<p class=\"MsoNormal\" style=\"mso-margin-top-alt: auto; mso-margin-bottom-alt: auto; text-align: justify; line-height: normal;\"><span style=\"font-size: 10.5pt; font-family: Arial, sans-serif;\">Para tanto, o comit\u00ea gestor previsto na Resolu\u00e7\u00e3o 115 do CNJ &#8211; que disp\u00f5e sobre a Gest\u00e3o de Precat\u00f3rios no \u00e2mbito do Poder Judici\u00e1rio &#8211; deve ser alterado por proposi\u00e7\u00e3o da ministra Eliana Calmon, passando a contar tamb\u00e9m com um membro da advocacia e um do Minist\u00e9rio P\u00fablico. Hoje, esse comit\u00ea \u00e9 formado por um juiz do Trabalho, um federal e mais um juiz de Direito. &#8220;A partir da organiza\u00e7\u00e3o desse setor em S\u00e3o Paulo, a Justi\u00e7a paulista vai poder exigir que o governo arque com as obriga\u00e7\u00f5es j\u00e1 reconhecidas pela Justi\u00e7a, sem que se perpetue esse verdadeiro calote que ocorre hoje por parte dos governos estaduais e Prefeituras.&#8221;<\/span><\/p>\n<p class=\"MsoNormal\" style=\"mso-margin-top-alt: auto; mso-margin-bottom-alt: auto; text-align: justify; line-height: normal;\"><span style=\"font-size: 10.5pt; font-family: Arial, sans-serif;\">Na avalia\u00e7\u00e3o de Ophir, o que se comete em rela\u00e7\u00e3o aos credores de S\u00e3o Paulo \u00e9 um atentado aos direitos humanos e \u00e0 dignidade do ser humano. &#8220;S\u00e3o Paulo n\u00e3o consegue h\u00e1 dois anos e meio sequer organizar a fila das prefer\u00eancias. O que nos deixou animados hoje foi ver que o Tribunal de Justi\u00e7a paulista est\u00e1 com boa vontade e quer quitar as d\u00edvidas. Falta-lhe apenas melhor estrutura&#8221;, avaliou. &#8220;Hoje em S\u00e3o Paulo existe uma pol\u00edtica da conveni\u00eancia, ou seja, o Estado e os munic\u00edpios se aproveitam da desorganiza\u00e7\u00e3o do Tribunal de Justi\u00e7a para simplesmente n\u00e3o fazer os pagamentos&#8221;, acrescentou Ophir.<\/span><\/p>\n<p class=\"MsoNormal\" style=\"mso-margin-top-alt: auto; mso-margin-bottom-alt: auto; text-align: justify; line-height: normal;\"><span style=\"font-size: 10.5pt; font-family: Arial, sans-serif;\">Pela OAB, tamb\u00e9m participaram da reuni\u00e3o no CNJ o presidente da Comiss\u00e3o Especial de Defesa dos Credores P\u00fablicos (Precat\u00f3rios), Fl\u00e1vio Jos\u00e9 de Souza Brando e os seguintes membros da Comiss\u00e3o: Eduardo de Souza Gouvea e Marcelo Gatti Reis Lobo, al\u00e9m da conselheira federal suplente Tallulah Kobayashi de A. Carvalho.<\/span><\/p>\n<p style=\"margin: 6pt 0cm; line-height: 16.8pt; background-image: initial; background-attachment: initial; background-size: initial; background-origin: initial; background-clip: initial; background-position: initial; background-repeat: initial;\">\u00a0<\/p>\n<p class=\"MsoNormal\" style=\"mso-margin-top-alt: auto; mso-margin-bottom-alt: auto; text-align: justify; line-height: normal;\"><span style=\"font-size: 10.5pt; font-family: Arial, sans-serif;\">Bras\u00edlia, 23\/02\/2012 &#8211; quinta-feira, 23 de fevereiro de 2012 \u00e0s 18h35.<\/span><\/p>\n","protected":false},"excerpt":{"rendered":"<p>O tema foi debatido hoje por Ophir, a corregedora Nacional de Justi\u00e7a, ministra Eliana Calmon, e representantes do Tribunal de Justi\u00e7a&hellip;<\/p>\n","protected":false},"author":1,"featured_media":0,"comment_status":"open","ping_status":"open","sticky":false,"template":"","format":"standard","meta":{"cybocfi_hide_featured_image":"","footnotes":""},"categories":[22],"tags":[],"yoast_head":"<!-- This site is optimized with the Yoast SEO plugin v22.8 - https:\/\/yoast.com\/wordpress\/plugins\/seo\/ -->\n<title>Para Ophir, d\u00edvidas de precat\u00f3rios em S\u00e3o Paulo s\u00e3o casos de Pol\u00edcia - SITSESP<\/title>\n<meta name=\"robots\" content=\"index, follow, max-snippet:-1, max-image-preview:large, max-video-preview:-1\" \/>\n<link rel=\"canonical\" href=\"https:\/\/www.sitsesp.org.br\/novo\/para-ophir-dividas-de-precatorios-em-sao-paulo-sao-casos-de-policia\/\" \/>\n<meta property=\"og:locale\" content=\"pt_BR\" \/>\n<meta property=\"og:type\" content=\"article\" \/>\n<meta property=\"og:title\" content=\"Para Ophir, d\u00edvidas de precat\u00f3rios em S\u00e3o Paulo s\u00e3o casos de Pol\u00edcia - SITSESP\" \/>\n<meta property=\"og:description\" content=\"O tema foi debatido hoje por Ophir, a corregedora Nacional de Justi\u00e7a, ministra Eliana Calmon, e representantes do Tribunal de Justi\u00e7a&hellip;\" \/>\n<meta property=\"og:url\" content=\"https:\/\/www.sitsesp.org.br\/novo\/para-ophir-dividas-de-precatorios-em-sao-paulo-sao-casos-de-policia\/\" \/>\n<meta property=\"og:site_name\" content=\"SITSESP\" \/>\n<meta property=\"article:published_time\" content=\"2015-12-17T15:39:04+00:00\" \/>\n<meta name=\"author\" content=\"mhais\" \/>\n<meta name=\"twitter:card\" content=\"summary_large_image\" \/>\n<meta name=\"twitter:label1\" content=\"Escrito por\" \/>\n\t<meta name=\"twitter:data1\" content=\"mhais\" \/>\n\t<meta name=\"twitter:label2\" content=\"Est. tempo de leitura\" \/>\n\t<meta name=\"twitter:data2\" content=\"2 minutos\" \/>\n<script type=\"application\/ld+json\" class=\"yoast-schema-graph\">{\"@context\":\"https:\/\/schema.org\",\"@graph\":[{\"@type\":\"Article\",\"@id\":\"https:\/\/www.sitsesp.org.br\/novo\/para-ophir-dividas-de-precatorios-em-sao-paulo-sao-casos-de-policia\/#article\",\"isPartOf\":{\"@id\":\"https:\/\/www.sitsesp.org.br\/novo\/para-ophir-dividas-de-precatorios-em-sao-paulo-sao-casos-de-policia\/\"},\"author\":{\"name\":\"mhais\",\"@id\":\"https:\/\/www.sitsesp.org.br\/novo\/#\/schema\/person\/2a4c180eb185645b3bef8657c75e305a\"},\"headline\":\"Para Ophir, d\u00edvidas de precat\u00f3rios em S\u00e3o Paulo s\u00e3o casos de Pol\u00edcia\",\"datePublished\":\"2015-12-17T15:39:04+00:00\",\"dateModified\":\"2015-12-17T15:39:04+00:00\",\"mainEntityOfPage\":{\"@id\":\"https:\/\/www.sitsesp.org.br\/novo\/para-ophir-dividas-de-precatorios-em-sao-paulo-sao-casos-de-policia\/\"},\"wordCount\":445,\"commentCount\":0,\"publisher\":{\"@id\":\"https:\/\/www.sitsesp.org.br\/novo\/#organization\"},\"articleSection\":[\"Noticias\"],\"inLanguage\":\"pt-BR\",\"potentialAction\":[{\"@type\":\"CommentAction\",\"name\":\"Comment\",\"target\":[\"https:\/\/www.sitsesp.org.br\/novo\/para-ophir-dividas-de-precatorios-em-sao-paulo-sao-casos-de-policia\/#respond\"]}]},{\"@type\":\"WebPage\",\"@id\":\"https:\/\/www.sitsesp.org.br\/novo\/para-ophir-dividas-de-precatorios-em-sao-paulo-sao-casos-de-policia\/\",\"url\":\"https:\/\/www.sitsesp.org.br\/novo\/para-ophir-dividas-de-precatorios-em-sao-paulo-sao-casos-de-policia\/\",\"name\":\"Para Ophir, d\u00edvidas de precat\u00f3rios em S\u00e3o Paulo s\u00e3o casos de Pol\u00edcia - SITSESP\",\"isPartOf\":{\"@id\":\"https:\/\/www.sitsesp.org.br\/novo\/#website\"},\"datePublished\":\"2015-12-17T15:39:04+00:00\",\"dateModified\":\"2015-12-17T15:39:04+00:00\",\"breadcrumb\":{\"@id\":\"https:\/\/www.sitsesp.org.br\/novo\/para-ophir-dividas-de-precatorios-em-sao-paulo-sao-casos-de-policia\/#breadcrumb\"},\"inLanguage\":\"pt-BR\",\"potentialAction\":[{\"@type\":\"ReadAction\",\"target\":[\"https:\/\/www.sitsesp.org.br\/novo\/para-ophir-dividas-de-precatorios-em-sao-paulo-sao-casos-de-policia\/\"]}]},{\"@type\":\"BreadcrumbList\",\"@id\":\"https:\/\/www.sitsesp.org.br\/novo\/para-ophir-dividas-de-precatorios-em-sao-paulo-sao-casos-de-policia\/#breadcrumb\",\"itemListElement\":[{\"@type\":\"ListItem\",\"position\":1,\"name\":\"In\u00edcio\",\"item\":\"https:\/\/www.sitsesp.org.br\/novo\/\"},{\"@type\":\"ListItem\",\"position\":2,\"name\":\"Para Ophir, d\u00edvidas de precat\u00f3rios em S\u00e3o Paulo s\u00e3o casos de Pol\u00edcia\"}]},{\"@type\":\"WebSite\",\"@id\":\"https:\/\/www.sitsesp.org.br\/novo\/#website\",\"url\":\"https:\/\/www.sitsesp.org.br\/novo\/\",\"name\":\"Sitsesp\",\"description\":\"SIndicato da Socioeduca\u00e7\u00e3o do Estado de S\u00e3o Paulo\",\"publisher\":{\"@id\":\"https:\/\/www.sitsesp.org.br\/novo\/#organization\"},\"potentialAction\":[{\"@type\":\"SearchAction\",\"target\":{\"@type\":\"EntryPoint\",\"urlTemplate\":\"https:\/\/www.sitsesp.org.br\/novo\/?s={search_term_string}\"},\"query-input\":\"required name=search_term_string\"}],\"inLanguage\":\"pt-BR\"},{\"@type\":\"Organization\",\"@id\":\"https:\/\/www.sitsesp.org.br\/novo\/#organization\",\"name\":\"Sitsesp\",\"url\":\"https:\/\/www.sitsesp.org.br\/novo\/\",\"logo\":{\"@type\":\"ImageObject\",\"inLanguage\":\"pt-BR\",\"@id\":\"https:\/\/www.sitsesp.org.br\/novo\/#\/schema\/logo\/image\/\",\"url\":\"https:\/\/www.sitsesp.org.br\/novo\/wp-content\/uploads\/2020\/09\/Design-sem-nome-1.jpg\",\"contentUrl\":\"https:\/\/www.sitsesp.org.br\/novo\/wp-content\/uploads\/2020\/09\/Design-sem-nome-1.jpg\",\"width\":300,\"height\":300,\"caption\":\"Sitsesp\"},\"image\":{\"@id\":\"https:\/\/www.sitsesp.org.br\/novo\/#\/schema\/logo\/image\/\"}},{\"@type\":\"Person\",\"@id\":\"https:\/\/www.sitsesp.org.br\/novo\/#\/schema\/person\/2a4c180eb185645b3bef8657c75e305a\",\"name\":\"mhais\",\"image\":{\"@type\":\"ImageObject\",\"inLanguage\":\"pt-BR\",\"@id\":\"https:\/\/www.sitsesp.org.br\/novo\/#\/schema\/person\/image\/\",\"url\":\"https:\/\/secure.gravatar.com\/avatar\/6f4eabe86990e81328cf702edfa92a60?s=96&d=mm&r=g\",\"contentUrl\":\"https:\/\/secure.gravatar.com\/avatar\/6f4eabe86990e81328cf702edfa92a60?s=96&d=mm&r=g\",\"caption\":\"mhais\"},\"sameAs\":[\"http:\/\/localhost\/sitsesp\"]}]}<\/script>\n<!-- \/ Yoast SEO plugin. -->","yoast_head_json":{"title":"Para Ophir, d\u00edvidas de precat\u00f3rios em S\u00e3o Paulo s\u00e3o casos de Pol\u00edcia - SITSESP","robots":{"index":"index","follow":"follow","max-snippet":"max-snippet:-1","max-image-preview":"max-image-preview:large","max-video-preview":"max-video-preview:-1"},"canonical":"https:\/\/www.sitsesp.org.br\/novo\/para-ophir-dividas-de-precatorios-em-sao-paulo-sao-casos-de-policia\/","og_locale":"pt_BR","og_type":"article","og_title":"Para Ophir, d\u00edvidas de precat\u00f3rios em S\u00e3o Paulo s\u00e3o casos de Pol\u00edcia - SITSESP","og_description":"O tema foi debatido hoje por Ophir, a corregedora Nacional de Justi\u00e7a, ministra Eliana Calmon, e representantes do Tribunal de Justi\u00e7a&hellip;","og_url":"https:\/\/www.sitsesp.org.br\/novo\/para-ophir-dividas-de-precatorios-em-sao-paulo-sao-casos-de-policia\/","og_site_name":"SITSESP","article_published_time":"2015-12-17T15:39:04+00:00","author":"mhais","twitter_card":"summary_large_image","twitter_misc":{"Escrito por":"mhais","Est. tempo de leitura":"2 minutos"},"schema":{"@context":"https:\/\/schema.org","@graph":[{"@type":"Article","@id":"https:\/\/www.sitsesp.org.br\/novo\/para-ophir-dividas-de-precatorios-em-sao-paulo-sao-casos-de-policia\/#article","isPartOf":{"@id":"https:\/\/www.sitsesp.org.br\/novo\/para-ophir-dividas-de-precatorios-em-sao-paulo-sao-casos-de-policia\/"},"author":{"name":"mhais","@id":"https:\/\/www.sitsesp.org.br\/novo\/#\/schema\/person\/2a4c180eb185645b3bef8657c75e305a"},"headline":"Para Ophir, d\u00edvidas de precat\u00f3rios em S\u00e3o Paulo s\u00e3o casos de Pol\u00edcia","datePublished":"2015-12-17T15:39:04+00:00","dateModified":"2015-12-17T15:39:04+00:00","mainEntityOfPage":{"@id":"https:\/\/www.sitsesp.org.br\/novo\/para-ophir-dividas-de-precatorios-em-sao-paulo-sao-casos-de-policia\/"},"wordCount":445,"commentCount":0,"publisher":{"@id":"https:\/\/www.sitsesp.org.br\/novo\/#organization"},"articleSection":["Noticias"],"inLanguage":"pt-BR","potentialAction":[{"@type":"CommentAction","name":"Comment","target":["https:\/\/www.sitsesp.org.br\/novo\/para-ophir-dividas-de-precatorios-em-sao-paulo-sao-casos-de-policia\/#respond"]}]},{"@type":"WebPage","@id":"https:\/\/www.sitsesp.org.br\/novo\/para-ophir-dividas-de-precatorios-em-sao-paulo-sao-casos-de-policia\/","url":"https:\/\/www.sitsesp.org.br\/novo\/para-ophir-dividas-de-precatorios-em-sao-paulo-sao-casos-de-policia\/","name":"Para Ophir, d\u00edvidas de precat\u00f3rios em S\u00e3o Paulo s\u00e3o casos de Pol\u00edcia - SITSESP","isPartOf":{"@id":"https:\/\/www.sitsesp.org.br\/novo\/#website"},"datePublished":"2015-12-17T15:39:04+00:00","dateModified":"2015-12-17T15:39:04+00:00","breadcrumb":{"@id":"https:\/\/www.sitsesp.org.br\/novo\/para-ophir-dividas-de-precatorios-em-sao-paulo-sao-casos-de-policia\/#breadcrumb"},"inLanguage":"pt-BR","potentialAction":[{"@type":"ReadAction","target":["https:\/\/www.sitsesp.org.br\/novo\/para-ophir-dividas-de-precatorios-em-sao-paulo-sao-casos-de-policia\/"]}]},{"@type":"BreadcrumbList","@id":"https:\/\/www.sitsesp.org.br\/novo\/para-ophir-dividas-de-precatorios-em-sao-paulo-sao-casos-de-policia\/#breadcrumb","itemListElement":[{"@type":"ListItem","position":1,"name":"In\u00edcio","item":"https:\/\/www.sitsesp.org.br\/novo\/"},{"@type":"ListItem","position":2,"name":"Para Ophir, d\u00edvidas de precat\u00f3rios em S\u00e3o Paulo s\u00e3o casos de Pol\u00edcia"}]},{"@type":"WebSite","@id":"https:\/\/www.sitsesp.org.br\/novo\/#website","url":"https:\/\/www.sitsesp.org.br\/novo\/","name":"Sitsesp","description":"SIndicato da Socioeduca\u00e7\u00e3o do Estado de S\u00e3o Paulo","publisher":{"@id":"https:\/\/www.sitsesp.org.br\/novo\/#organization"},"potentialAction":[{"@type":"SearchAction","target":{"@type":"EntryPoint","urlTemplate":"https:\/\/www.sitsesp.org.br\/novo\/?s={search_term_string}"},"query-input":"required name=search_term_string"}],"inLanguage":"pt-BR"},{"@type":"Organization","@id":"https:\/\/www.sitsesp.org.br\/novo\/#organization","name":"Sitsesp","url":"https:\/\/www.sitsesp.org.br\/novo\/","logo":{"@type":"ImageObject","inLanguage":"pt-BR","@id":"https:\/\/www.sitsesp.org.br\/novo\/#\/schema\/logo\/image\/","url":"https:\/\/www.sitsesp.org.br\/novo\/wp-content\/uploads\/2020\/09\/Design-sem-nome-1.jpg","contentUrl":"https:\/\/www.sitsesp.org.br\/novo\/wp-content\/uploads\/2020\/09\/Design-sem-nome-1.jpg","width":300,"height":300,"caption":"Sitsesp"},"image":{"@id":"https:\/\/www.sitsesp.org.br\/novo\/#\/schema\/logo\/image\/"}},{"@type":"Person","@id":"https:\/\/www.sitsesp.org.br\/novo\/#\/schema\/person\/2a4c180eb185645b3bef8657c75e305a","name":"mhais","image":{"@type":"ImageObject","inLanguage":"pt-BR","@id":"https:\/\/www.sitsesp.org.br\/novo\/#\/schema\/person\/image\/","url":"https:\/\/secure.gravatar.com\/avatar\/6f4eabe86990e81328cf702edfa92a60?s=96&d=mm&r=g","contentUrl":"https:\/\/secure.gravatar.com\/avatar\/6f4eabe86990e81328cf702edfa92a60?s=96&d=mm&r=g","caption":"mhais"},"sameAs":["http:\/\/localhost\/sitsesp"]}]}},"_links":{"self":[{"href":"https:\/\/www.sitsesp.org.br\/novo\/wp-json\/wp\/v2\/posts\/1948"}],"collection":[{"href":"https:\/\/www.sitsesp.org.br\/novo\/wp-json\/wp\/v2\/posts"}],"about":[{"href":"https:\/\/www.sitsesp.org.br\/novo\/wp-json\/wp\/v2\/types\/post"}],"author":[{"embeddable":true,"href":"https:\/\/www.sitsesp.org.br\/novo\/wp-json\/wp\/v2\/users\/1"}],"replies":[{"embeddable":true,"href":"https:\/\/www.sitsesp.org.br\/novo\/wp-json\/wp\/v2\/comments?post=1948"}],"version-history":[{"count":0,"href":"https:\/\/www.sitsesp.org.br\/novo\/wp-json\/wp\/v2\/posts\/1948\/revisions"}],"wp:attachment":[{"href":"https:\/\/www.sitsesp.org.br\/novo\/wp-json\/wp\/v2\/media?parent=1948"}],"wp:term":[{"taxonomy":"category","embeddable":true,"href":"https:\/\/www.sitsesp.org.br\/novo\/wp-json\/wp\/v2\/categories?post=1948"},{"taxonomy":"post_tag","embeddable":true,"href":"https:\/\/www.sitsesp.org.br\/novo\/wp-json\/wp\/v2\/tags?post=1948"}],"curies":[{"name":"wp","href":"https:\/\/api.w.org\/{rel}","templated":true}]}}