{"id":1949,"date":"2015-12-17T13:41:12","date_gmt":"2015-12-17T15:41:12","guid":{"rendered":"https:\/\/pecorari-cloud72.pecoraricloud.com.br\/~sitsesporg\/precatorio-vai-para-homologacao-da-liquidacao-de-sentenca\/"},"modified":"2015-12-17T13:41:12","modified_gmt":"2015-12-17T15:41:12","slug":"precatorio-vai-para-homologacao-da-liquidacao-de-sentenca","status":"publish","type":"post","link":"https:\/\/www.sitsesp.org.br\/novo\/precatorio-vai-para-homologacao-da-liquidacao-de-sentenca\/","title":{"rendered":"Precat\u00f3rio vai para homologa\u00e7\u00e3o da liquida\u00e7\u00e3o de senten\u00e7a"},"content":{"rendered":"<p><!-- VideographyWP Plugin Message: Automatic video embedding prevented by plugin options. --><\/p>\n<p class=\"MsoNormal\" style=\"text-align: justify;\">\u00a0<\/p>\n<p class=\"MsoNormal\" style=\"text-align: justify;\"><span style=\"font-size: 10.5pt; line-height: 115%; font-family: 'Arial','sans-serif';\">Segundo a assessoria econ\u00f4mica o processo dos reintegrados j\u00e1 foi encaminhado para o Juiz da 60\u00aa Vara do Trabalho, e aguarda\u00a0 para homologa\u00e7\u00e3o da liquida\u00e7\u00e3o de senten\u00e7a, ou seja, as atualiza\u00e7\u00f5es dos valores para o ano decorrente de 2015, pois os valores que se encontram no processo s\u00e3o de 2009. (Execu\u00e7\u00e3o por quantia certa contra a Fazenda Publica).<\/span><\/p>\n<p class=\"MsoNormal\" style=\"text-align: justify;\"><span style=\"font-size: 10.5pt; line-height: 115%; font-family: 'Arial','sans-serif';\">Logo o Juiz, citar\u00e1\u00a0 a Funda\u00e7\u00e3o Casa, que poder\u00e1 em 10 dias (de acordo com TST) impetrar um ultimo recurso\u00a0 conhecido como Embargos \u00e0 Execu\u00e7\u00e3o, caso queira discutir caso haja discord\u00e2ncia de algum valor na senten\u00e7a de liquida\u00e7\u00e3o.<\/span><\/p>\n<p class=\"MsoNormal\" style=\"text-align: justify;\"><span style=\"font-size: 10.5pt; line-height: 115%; font-family: 'Arial','sans-serif';\">Transcorrido o prazo sem apresenta\u00e7\u00e3o de Recurso pela Funda\u00e7\u00e3o Casa, o Juiz\u00a0 far\u00e1 requisi\u00e7\u00e3o de pagamento do Precat\u00f3rio par o Presidente do Tribunal -TRT 2\u00b0, ent\u00e3o o PRECAT\u00d3RIO entra na ordem de apresenta\u00e7\u00e3o na divida publica Fazend\u00e1ria de S\u00e3o Paulo.<\/span><\/p>\n<p class=\"MsoNormal\" style=\"text-align: justify;\"><span style=\"font-size: 10.5pt; line-height: 115%; font-family: 'Arial','sans-serif';\">N\u00e3o obstante, ainda ter alguns atos processuais a serem cumpridos, conclu\u00edmos que est\u00e1 cada vez mais pr\u00f3ximo o desfecho da &#8220;novela traum\u00e1tica&#8221;\u00a0 que foi a demiss\u00e3o de 2005.<\/span><\/p>\n","protected":false},"excerpt":{"rendered":"<p>\u00a0 Segundo a assessoria econ\u00f4mica o processo dos reintegrados j\u00e1 foi encaminhado para o Juiz da 60\u00aa Vara do Trabalho, e&hellip;<\/p>\n","protected":false},"author":1,"featured_media":0,"comment_status":"open","ping_status":"open","sticky":false,"template":"","format":"standard","meta":{"cybocfi_hide_featured_image":"","footnotes":""},"categories":[22],"tags":[],"yoast_head":"<!-- This site is optimized with the Yoast SEO plugin v22.8 - https:\/\/yoast.com\/wordpress\/plugins\/seo\/ -->\n<title>Precat\u00f3rio vai para homologa\u00e7\u00e3o da liquida\u00e7\u00e3o de senten\u00e7a - SITSESP<\/title>\n<meta name=\"robots\" content=\"index, follow, max-snippet:-1, max-image-preview:large, max-video-preview:-1\" \/>\n<link rel=\"canonical\" href=\"https:\/\/www.sitsesp.org.br\/novo\/precatorio-vai-para-homologacao-da-liquidacao-de-sentenca\/\" \/>\n<meta property=\"og:locale\" content=\"pt_BR\" \/>\n<meta property=\"og:type\" content=\"article\" \/>\n<meta property=\"og:title\" content=\"Precat\u00f3rio vai para homologa\u00e7\u00e3o da liquida\u00e7\u00e3o de senten\u00e7a - SITSESP\" \/>\n<meta property=\"og:description\" content=\"\u00a0 Segundo a assessoria econ\u00f4mica o processo dos reintegrados j\u00e1 foi encaminhado para o Juiz da 60\u00aa Vara do Trabalho, e&hellip;\" \/>\n<meta property=\"og:url\" content=\"https:\/\/www.sitsesp.org.br\/novo\/precatorio-vai-para-homologacao-da-liquidacao-de-sentenca\/\" \/>\n<meta property=\"og:site_name\" content=\"SITSESP\" \/>\n<meta property=\"article:published_time\" content=\"2015-12-17T15:41:12+00:00\" \/>\n<meta name=\"author\" content=\"mhais\" \/>\n<meta name=\"twitter:card\" content=\"summary_large_image\" \/>\n<meta name=\"twitter:label1\" content=\"Escrito por\" \/>\n\t<meta name=\"twitter:data1\" content=\"mhais\" \/>\n\t<meta name=\"twitter:label2\" content=\"Est. tempo de leitura\" \/>\n\t<meta name=\"twitter:data2\" content=\"1 minuto\" \/>\n<script type=\"application\/ld+json\" class=\"yoast-schema-graph\">{\"@context\":\"https:\/\/schema.org\",\"@graph\":[{\"@type\":\"Article\",\"@id\":\"https:\/\/www.sitsesp.org.br\/novo\/precatorio-vai-para-homologacao-da-liquidacao-de-sentenca\/#article\",\"isPartOf\":{\"@id\":\"https:\/\/www.sitsesp.org.br\/novo\/precatorio-vai-para-homologacao-da-liquidacao-de-sentenca\/\"},\"author\":{\"name\":\"mhais\",\"@id\":\"https:\/\/www.sitsesp.org.br\/novo\/#\/schema\/person\/2a4c180eb185645b3bef8657c75e305a\"},\"headline\":\"Precat\u00f3rio vai para homologa\u00e7\u00e3o da liquida\u00e7\u00e3o de senten\u00e7a\",\"datePublished\":\"2015-12-17T15:41:12+00:00\",\"dateModified\":\"2015-12-17T15:41:12+00:00\",\"mainEntityOfPage\":{\"@id\":\"https:\/\/www.sitsesp.org.br\/novo\/precatorio-vai-para-homologacao-da-liquidacao-de-sentenca\/\"},\"wordCount\":195,\"commentCount\":0,\"publisher\":{\"@id\":\"https:\/\/www.sitsesp.org.br\/novo\/#organization\"},\"articleSection\":[\"Noticias\"],\"inLanguage\":\"pt-BR\",\"potentialAction\":[{\"@type\":\"CommentAction\",\"name\":\"Comment\",\"target\":[\"https:\/\/www.sitsesp.org.br\/novo\/precatorio-vai-para-homologacao-da-liquidacao-de-sentenca\/#respond\"]}]},{\"@type\":\"WebPage\",\"@id\":\"https:\/\/www.sitsesp.org.br\/novo\/precatorio-vai-para-homologacao-da-liquidacao-de-sentenca\/\",\"url\":\"https:\/\/www.sitsesp.org.br\/novo\/precatorio-vai-para-homologacao-da-liquidacao-de-sentenca\/\",\"name\":\"Precat\u00f3rio vai para homologa\u00e7\u00e3o da liquida\u00e7\u00e3o de senten\u00e7a - SITSESP\",\"isPartOf\":{\"@id\":\"https:\/\/www.sitsesp.org.br\/novo\/#website\"},\"datePublished\":\"2015-12-17T15:41:12+00:00\",\"dateModified\":\"2015-12-17T15:41:12+00:00\",\"breadcrumb\":{\"@id\":\"https:\/\/www.sitsesp.org.br\/novo\/precatorio-vai-para-homologacao-da-liquidacao-de-sentenca\/#breadcrumb\"},\"inLanguage\":\"pt-BR\",\"potentialAction\":[{\"@type\":\"ReadAction\",\"target\":[\"https:\/\/www.sitsesp.org.br\/novo\/precatorio-vai-para-homologacao-da-liquidacao-de-sentenca\/\"]}]},{\"@type\":\"BreadcrumbList\",\"@id\":\"https:\/\/www.sitsesp.org.br\/novo\/precatorio-vai-para-homologacao-da-liquidacao-de-sentenca\/#breadcrumb\",\"itemListElement\":[{\"@type\":\"ListItem\",\"position\":1,\"name\":\"In\u00edcio\",\"item\":\"https:\/\/www.sitsesp.org.br\/novo\/\"},{\"@type\":\"ListItem\",\"position\":2,\"name\":\"Precat\u00f3rio vai para homologa\u00e7\u00e3o da liquida\u00e7\u00e3o de senten\u00e7a\"}]},{\"@type\":\"WebSite\",\"@id\":\"https:\/\/www.sitsesp.org.br\/novo\/#website\",\"url\":\"https:\/\/www.sitsesp.org.br\/novo\/\",\"name\":\"Sitsesp\",\"description\":\"SIndicato da Socioeduca\u00e7\u00e3o do Estado de S\u00e3o Paulo\",\"publisher\":{\"@id\":\"https:\/\/www.sitsesp.org.br\/novo\/#organization\"},\"potentialAction\":[{\"@type\":\"SearchAction\",\"target\":{\"@type\":\"EntryPoint\",\"urlTemplate\":\"https:\/\/www.sitsesp.org.br\/novo\/?s={search_term_string}\"},\"query-input\":\"required name=search_term_string\"}],\"inLanguage\":\"pt-BR\"},{\"@type\":\"Organization\",\"@id\":\"https:\/\/www.sitsesp.org.br\/novo\/#organization\",\"name\":\"Sitsesp\",\"url\":\"https:\/\/www.sitsesp.org.br\/novo\/\",\"logo\":{\"@type\":\"ImageObject\",\"inLanguage\":\"pt-BR\",\"@id\":\"https:\/\/www.sitsesp.org.br\/novo\/#\/schema\/logo\/image\/\",\"url\":\"https:\/\/www.sitsesp.org.br\/novo\/wp-content\/uploads\/2020\/09\/Design-sem-nome-1.jpg\",\"contentUrl\":\"https:\/\/www.sitsesp.org.br\/novo\/wp-content\/uploads\/2020\/09\/Design-sem-nome-1.jpg\",\"width\":300,\"height\":300,\"caption\":\"Sitsesp\"},\"image\":{\"@id\":\"https:\/\/www.sitsesp.org.br\/novo\/#\/schema\/logo\/image\/\"}},{\"@type\":\"Person\",\"@id\":\"https:\/\/www.sitsesp.org.br\/novo\/#\/schema\/person\/2a4c180eb185645b3bef8657c75e305a\",\"name\":\"mhais\",\"image\":{\"@type\":\"ImageObject\",\"inLanguage\":\"pt-BR\",\"@id\":\"https:\/\/www.sitsesp.org.br\/novo\/#\/schema\/person\/image\/\",\"url\":\"https:\/\/secure.gravatar.com\/avatar\/6f4eabe86990e81328cf702edfa92a60?s=96&d=mm&r=g\",\"contentUrl\":\"https:\/\/secure.gravatar.com\/avatar\/6f4eabe86990e81328cf702edfa92a60?s=96&d=mm&r=g\",\"caption\":\"mhais\"},\"sameAs\":[\"http:\/\/localhost\/sitsesp\"]}]}<\/script>\n<!-- \/ Yoast SEO plugin. -->","yoast_head_json":{"title":"Precat\u00f3rio vai para homologa\u00e7\u00e3o da liquida\u00e7\u00e3o de senten\u00e7a - SITSESP","robots":{"index":"index","follow":"follow","max-snippet":"max-snippet:-1","max-image-preview":"max-image-preview:large","max-video-preview":"max-video-preview:-1"},"canonical":"https:\/\/www.sitsesp.org.br\/novo\/precatorio-vai-para-homologacao-da-liquidacao-de-sentenca\/","og_locale":"pt_BR","og_type":"article","og_title":"Precat\u00f3rio vai para homologa\u00e7\u00e3o da liquida\u00e7\u00e3o de senten\u00e7a - SITSESP","og_description":"\u00a0 Segundo a assessoria econ\u00f4mica o processo dos reintegrados j\u00e1 foi encaminhado para o Juiz da 60\u00aa Vara do Trabalho, e&hellip;","og_url":"https:\/\/www.sitsesp.org.br\/novo\/precatorio-vai-para-homologacao-da-liquidacao-de-sentenca\/","og_site_name":"SITSESP","article_published_time":"2015-12-17T15:41:12+00:00","author":"mhais","twitter_card":"summary_large_image","twitter_misc":{"Escrito por":"mhais","Est. tempo de leitura":"1 minuto"},"schema":{"@context":"https:\/\/schema.org","@graph":[{"@type":"Article","@id":"https:\/\/www.sitsesp.org.br\/novo\/precatorio-vai-para-homologacao-da-liquidacao-de-sentenca\/#article","isPartOf":{"@id":"https:\/\/www.sitsesp.org.br\/novo\/precatorio-vai-para-homologacao-da-liquidacao-de-sentenca\/"},"author":{"name":"mhais","@id":"https:\/\/www.sitsesp.org.br\/novo\/#\/schema\/person\/2a4c180eb185645b3bef8657c75e305a"},"headline":"Precat\u00f3rio vai para homologa\u00e7\u00e3o da liquida\u00e7\u00e3o de senten\u00e7a","datePublished":"2015-12-17T15:41:12+00:00","dateModified":"2015-12-17T15:41:12+00:00","mainEntityOfPage":{"@id":"https:\/\/www.sitsesp.org.br\/novo\/precatorio-vai-para-homologacao-da-liquidacao-de-sentenca\/"},"wordCount":195,"commentCount":0,"publisher":{"@id":"https:\/\/www.sitsesp.org.br\/novo\/#organization"},"articleSection":["Noticias"],"inLanguage":"pt-BR","potentialAction":[{"@type":"CommentAction","name":"Comment","target":["https:\/\/www.sitsesp.org.br\/novo\/precatorio-vai-para-homologacao-da-liquidacao-de-sentenca\/#respond"]}]},{"@type":"WebPage","@id":"https:\/\/www.sitsesp.org.br\/novo\/precatorio-vai-para-homologacao-da-liquidacao-de-sentenca\/","url":"https:\/\/www.sitsesp.org.br\/novo\/precatorio-vai-para-homologacao-da-liquidacao-de-sentenca\/","name":"Precat\u00f3rio vai para homologa\u00e7\u00e3o da liquida\u00e7\u00e3o de senten\u00e7a - SITSESP","isPartOf":{"@id":"https:\/\/www.sitsesp.org.br\/novo\/#website"},"datePublished":"2015-12-17T15:41:12+00:00","dateModified":"2015-12-17T15:41:12+00:00","breadcrumb":{"@id":"https:\/\/www.sitsesp.org.br\/novo\/precatorio-vai-para-homologacao-da-liquidacao-de-sentenca\/#breadcrumb"},"inLanguage":"pt-BR","potentialAction":[{"@type":"ReadAction","target":["https:\/\/www.sitsesp.org.br\/novo\/precatorio-vai-para-homologacao-da-liquidacao-de-sentenca\/"]}]},{"@type":"BreadcrumbList","@id":"https:\/\/www.sitsesp.org.br\/novo\/precatorio-vai-para-homologacao-da-liquidacao-de-sentenca\/#breadcrumb","itemListElement":[{"@type":"ListItem","position":1,"name":"In\u00edcio","item":"https:\/\/www.sitsesp.org.br\/novo\/"},{"@type":"ListItem","position":2,"name":"Precat\u00f3rio vai para homologa\u00e7\u00e3o da liquida\u00e7\u00e3o de senten\u00e7a"}]},{"@type":"WebSite","@id":"https:\/\/www.sitsesp.org.br\/novo\/#website","url":"https:\/\/www.sitsesp.org.br\/novo\/","name":"Sitsesp","description":"SIndicato da Socioeduca\u00e7\u00e3o do Estado de S\u00e3o Paulo","publisher":{"@id":"https:\/\/www.sitsesp.org.br\/novo\/#organization"},"potentialAction":[{"@type":"SearchAction","target":{"@type":"EntryPoint","urlTemplate":"https:\/\/www.sitsesp.org.br\/novo\/?s={search_term_string}"},"query-input":"required name=search_term_string"}],"inLanguage":"pt-BR"},{"@type":"Organization","@id":"https:\/\/www.sitsesp.org.br\/novo\/#organization","name":"Sitsesp","url":"https:\/\/www.sitsesp.org.br\/novo\/","logo":{"@type":"ImageObject","inLanguage":"pt-BR","@id":"https:\/\/www.sitsesp.org.br\/novo\/#\/schema\/logo\/image\/","url":"https:\/\/www.sitsesp.org.br\/novo\/wp-content\/uploads\/2020\/09\/Design-sem-nome-1.jpg","contentUrl":"https:\/\/www.sitsesp.org.br\/novo\/wp-content\/uploads\/2020\/09\/Design-sem-nome-1.jpg","width":300,"height":300,"caption":"Sitsesp"},"image":{"@id":"https:\/\/www.sitsesp.org.br\/novo\/#\/schema\/logo\/image\/"}},{"@type":"Person","@id":"https:\/\/www.sitsesp.org.br\/novo\/#\/schema\/person\/2a4c180eb185645b3bef8657c75e305a","name":"mhais","image":{"@type":"ImageObject","inLanguage":"pt-BR","@id":"https:\/\/www.sitsesp.org.br\/novo\/#\/schema\/person\/image\/","url":"https:\/\/secure.gravatar.com\/avatar\/6f4eabe86990e81328cf702edfa92a60?s=96&d=mm&r=g","contentUrl":"https:\/\/secure.gravatar.com\/avatar\/6f4eabe86990e81328cf702edfa92a60?s=96&d=mm&r=g","caption":"mhais"},"sameAs":["http:\/\/localhost\/sitsesp"]}]}},"_links":{"self":[{"href":"https:\/\/www.sitsesp.org.br\/novo\/wp-json\/wp\/v2\/posts\/1949"}],"collection":[{"href":"https:\/\/www.sitsesp.org.br\/novo\/wp-json\/wp\/v2\/posts"}],"about":[{"href":"https:\/\/www.sitsesp.org.br\/novo\/wp-json\/wp\/v2\/types\/post"}],"author":[{"embeddable":true,"href":"https:\/\/www.sitsesp.org.br\/novo\/wp-json\/wp\/v2\/users\/1"}],"replies":[{"embeddable":true,"href":"https:\/\/www.sitsesp.org.br\/novo\/wp-json\/wp\/v2\/comments?post=1949"}],"version-history":[{"count":0,"href":"https:\/\/www.sitsesp.org.br\/novo\/wp-json\/wp\/v2\/posts\/1949\/revisions"}],"wp:attachment":[{"href":"https:\/\/www.sitsesp.org.br\/novo\/wp-json\/wp\/v2\/media?parent=1949"}],"wp:term":[{"taxonomy":"category","embeddable":true,"href":"https:\/\/www.sitsesp.org.br\/novo\/wp-json\/wp\/v2\/categories?post=1949"},{"taxonomy":"post_tag","embeddable":true,"href":"https:\/\/www.sitsesp.org.br\/novo\/wp-json\/wp\/v2\/tags?post=1949"}],"curies":[{"name":"wp","href":"https:\/\/api.w.org\/{rel}","templated":true}]}}