{"id":1956,"date":"2015-12-18T09:48:19","date_gmt":"2015-12-18T11:48:19","guid":{"rendered":"https:\/\/pecorari-cloud72.pecoraricloud.com.br\/~sitsesporg\/audiencia-publica-discute-seguranca-rebelioes-e-tumultos-na-fundacao-casa\/"},"modified":"2015-12-18T09:48:19","modified_gmt":"2015-12-18T11:48:19","slug":"audiencia-publica-discute-seguranca-rebelioes-e-tumultos-na-fundacao-casa","status":"publish","type":"post","link":"https:\/\/www.sitsesp.org.br\/novo\/audiencia-publica-discute-seguranca-rebelioes-e-tumultos-na-fundacao-casa\/","title":{"rendered":"Audi\u00eancia P\u00fablica discute Seguran\u00e7a, Rebeli\u00f5es e Tumultos na Funda\u00e7\u00e3o CASA"},"content":{"rendered":"<p><!-- VideographyWP Plugin Message: Automatic video embedding prevented by plugin options. --><\/p>\n<p style=\"margin: 6pt 0cm; line-height: 16.8pt; background-image: initial; background-attachment: initial; background-size: initial; background-origin: initial; background-clip: initial; background-position: initial; background-repeat: initial;\">\u00a0<\/p>\n<p class=\"MsoNormal\" style=\"line-height: 16.8pt; margin: 6.0pt 0cm 6.0pt 0cm;\"><span style=\"font-size: 10.5pt; font-family: 'Arial','sans-serif'; mso-fareast-font-family: 'Times New Roman'; color: #252525; mso-fareast-language: PT-BR;\">Estiveram presentes ao evento, al\u00e9m dos trabalhadores, o Presidente do SITRAEMFA, Aldo Dami\u00e3o Ant\u00f4nio e dire\u00e7\u00e3o do sindicato; o deputado Carlos Giannazi; presidente do CONASSE, Cristiano Torres; presidente do SINASE e agente socioeducativo do Esp\u00edrito Santo, Bruno Menelli; o agente de apoio socioeducativo e escritor de Cadeia de Chocolate e Anjos Rebeldes, La\u00e9rcio Jos\u00e9 Narciso e o dirigente sindical, Edson Brito que foram os palestrantes na audi\u00eancia sob a coordena\u00e7\u00e3o de mesa com a dirigente sindical do SITRAEMFA\/SITSESP, Aline Salvador.<\/span><\/p>\n<p class=\"MsoNormal\" style=\"line-height: 16.8pt; margin: 6.0pt 0cm 6.0pt 0cm;\"><span style=\"font-size: 10.5pt; font-family: 'Arial','sans-serif'; mso-fareast-font-family: 'Times New Roman'; color: #252525; mso-fareast-language: PT-BR;\">O Deputado Carlos Giannazi ao abrir a Audi\u00eancia P\u00fablica relata as p\u00e9ssimas condi\u00e7\u00f5es de trabalho pelo qual passam os trabalhadores da Funda\u00e7\u00e3o CASA, onde s\u00e3o aniquilados pelo Governo, Sociedade e imprensa, al\u00e9m de serem aviltados pelos pr\u00f3prios adolescentes dos Centros. &#8220;O funcion\u00e1rio \u00e9 oprimido por todos os lados&#8221; ressalta.\u00a0O que enfaticamente o Presidente do Sitraemfa pede um engajamento maior dos Deputados da Assembleia Legislativa, na luta por melhores condi\u00e7\u00f5es de trabalho e seguran\u00e7a dentro da Institui\u00e7\u00e3o.<\/span><\/p>\n<p class=\"MsoNormal\" style=\"line-height: 16.8pt; margin: 6.0pt 0cm 6.0pt 0cm;\"><span style=\"font-size: 10.5pt; font-family: 'Arial','sans-serif'; mso-fareast-font-family: 'Times New Roman'; color: #252525; mso-fareast-language: PT-BR;\">Pela mesa, sob a coordena\u00e7\u00e3o de Aline Salvador \u00e9 reproduzido um v\u00eddeo, onde mostrou momentos p\u00f3s rebeli\u00f5es onde trabalhadores foram aviltados e espancados. Ao final da transmiss\u00e3o a mesa pede um minuto de sil\u00eancio em homenagem ao trabalhador da CASA Cedro, que foi executado com dois tiros, no inicio do m\u00eas de dezembro.<\/span><\/p>\n<p class=\"MsoNormal\" style=\"line-height: 16.8pt; margin: 6.0pt 0cm 6.0pt 0cm;\"><span style=\"font-size: 10.5pt; font-family: 'Arial','sans-serif'; mso-fareast-font-family: 'Times New Roman'; color: #252525; mso-fareast-language: PT-BR;\">Na Audi\u00eancia o presidente do CONASSE, Cristiano Torres, ressalta que os trabalhadores n\u00e3o podem ficar desunidos, que essa viol\u00eancia n\u00e3o pode persistir e ainda ressalta sobre a import\u00e2ncia da uni\u00e3o entre os sindicatos da socioeduca\u00e7\u00e3o, com a cria\u00e7\u00e3o do CONASSE, que poder\u00e1 lutar em \u00e2mbito nacional, pela categoria. E j\u00e1 t\u00eam em pauta projetos como: a regulamenta\u00e7\u00e3o da carreira do socioeducador e aposentadoria especial.<\/span><\/p>\n<p class=\"MsoNormal\" style=\"line-height: 16.8pt; margin: 6.0pt 0cm 6.0pt 0cm;\"><span style=\"font-size: 10.5pt; font-family: 'Arial','sans-serif'; mso-fareast-font-family: 'Times New Roman'; color: #252525; mso-fareast-language: PT-BR;\"><img decoding=\"async\" class=\"pull-right\" src=\"images\/diversos\/6.jpg\" alt=\"\" \/>Num segundo momento o presidente do SINASE e agente socioeducativo do Esp\u00edrito Santo, Bruno Menelli contou algumas de suas experi\u00eancias como trabalhador e que grande parte do que acontece com os trabalhadores \u00e9 pela falta de investimentos do Governo. E ainda afirma: o culpado \u00e9 quem est\u00e1 na dire\u00e7\u00e3o das pol\u00edticas p\u00fablicas do Estado. &#8220;Seguran\u00e7a n\u00e3o \u00e9 capricho \u00e9 uma necessidade&#8221;, finaliza.<\/span><\/p>\n<p class=\"MsoNormal\" style=\"line-height: 16.8pt; margin: 6.0pt 0cm 6.0pt 0cm;\"><span style=\"font-size: 10.5pt; font-family: 'Arial','sans-serif'; mso-fareast-font-family: 'Times New Roman'; color: #252525; mso-fareast-language: PT-BR;\">Na terceira e \u00faltima rodada o agente de apoio socioeducativo e escritor de Cadeia de Chocolate e Anjos Rebeldes, La\u00e9rcio Jos\u00e9 Narciso, fala sobre o seu hist\u00f3rico dentro da institui\u00e7\u00e3o. Recordando momentos cr\u00edticos da extinta Imigrantes, da morte de Rogerio Rosa, a chegada de Berenice Gianella, entre outros percal\u00e7os e mudan\u00e7as atravessados pelos trabalhadores que sofreram e ainda sofrem dentro da Institui\u00e7\u00e3o.<\/span><\/p>\n<p class=\"MsoNormal\" style=\"line-height: 16.8pt; margin: 6.0pt 0cm 6.0pt 0cm;\"><span style=\"font-size: 10.5pt; font-family: 'Arial','sans-serif'; mso-fareast-font-family: 'Times New Roman'; color: #252525; mso-fareast-language: PT-BR;\"><img decoding=\"async\" class=\"pull-left\" src=\"images\/diversos\/7.jpg\" alt=\"\" \/>Para Edson Brito, dirigente Jur\u00eddico do SITRAEMFA\/SITSESP um grande avan\u00e7o para a categoria \u00e9 a unifica\u00e7\u00e3o da pauta da socioeduca\u00e7\u00e3o. Ressaltou ainda que o trabalho dos agentes socioeducativos \u00e9 periculosa e pelo Sindicato levou ao conhecimento dos deputados da Assembleia Legislativa o projeto do CONASSE, que trata da periculosidade.<\/span><\/p>\n<p class=\"MsoNormal\" style=\"line-height: 16.8pt; margin: 6.0pt 0cm 6.0pt 0cm;\"><span style=\"font-size: 10.5pt; font-family: 'Arial','sans-serif'; mso-fareast-font-family: 'Times New Roman'; color: #252525; mso-fareast-language: PT-BR;\">No final da audi\u00eancia a plen\u00e1ria deliberou pela constru\u00e7\u00e3o de mo\u00e7\u00e3o de rep\u00fadio contra a falta de seguran\u00e7a dentro dos Centros da Funda\u00e7\u00e3o CASA e Ass\u00e9dio Moral e, ainda encaminhar\u00e3o proposta aos Deputados para reformula\u00e7\u00e3o do Sistema S\u00f3cioeducativo.<\/span><\/p>\n","protected":false},"excerpt":{"rendered":"<p>\u00a0 Estiveram presentes ao evento, al\u00e9m dos trabalhadores, o Presidente do SITRAEMFA, Aldo Dami\u00e3o Ant\u00f4nio e dire\u00e7\u00e3o do sindicato; o deputado&hellip;<\/p>\n","protected":false},"author":1,"featured_media":0,"comment_status":"open","ping_status":"open","sticky":false,"template":"","format":"standard","meta":{"cybocfi_hide_featured_image":"","footnotes":""},"categories":[22],"tags":[],"yoast_head":"<!-- This site is optimized with the Yoast SEO plugin v22.8 - https:\/\/yoast.com\/wordpress\/plugins\/seo\/ -->\n<title>Audi\u00eancia P\u00fablica discute Seguran\u00e7a, Rebeli\u00f5es e Tumultos na Funda\u00e7\u00e3o CASA - SITSESP<\/title>\n<meta name=\"robots\" content=\"index, follow, max-snippet:-1, max-image-preview:large, max-video-preview:-1\" \/>\n<link rel=\"canonical\" href=\"https:\/\/www.sitsesp.org.br\/novo\/audiencia-publica-discute-seguranca-rebelioes-e-tumultos-na-fundacao-casa\/\" \/>\n<meta property=\"og:locale\" content=\"pt_BR\" \/>\n<meta property=\"og:type\" content=\"article\" \/>\n<meta property=\"og:title\" content=\"Audi\u00eancia P\u00fablica discute Seguran\u00e7a, Rebeli\u00f5es e Tumultos na Funda\u00e7\u00e3o CASA - SITSESP\" \/>\n<meta property=\"og:description\" content=\"\u00a0 Estiveram presentes ao evento, al\u00e9m dos trabalhadores, o Presidente do SITRAEMFA, Aldo Dami\u00e3o Ant\u00f4nio e dire\u00e7\u00e3o do sindicato; o deputado&hellip;\" \/>\n<meta property=\"og:url\" content=\"https:\/\/www.sitsesp.org.br\/novo\/audiencia-publica-discute-seguranca-rebelioes-e-tumultos-na-fundacao-casa\/\" \/>\n<meta property=\"og:site_name\" content=\"SITSESP\" \/>\n<meta property=\"article:published_time\" content=\"2015-12-18T11:48:19+00:00\" \/>\n<meta property=\"og:image\" content=\"http:\/\/images\/diversos\/6.jpg\" \/>\n<meta name=\"author\" content=\"mhais\" \/>\n<meta name=\"twitter:card\" content=\"summary_large_image\" \/>\n<meta name=\"twitter:label1\" content=\"Escrito por\" \/>\n\t<meta name=\"twitter:data1\" content=\"mhais\" \/>\n\t<meta name=\"twitter:label2\" content=\"Est. tempo de leitura\" \/>\n\t<meta name=\"twitter:data2\" content=\"3 minutos\" \/>\n<script type=\"application\/ld+json\" class=\"yoast-schema-graph\">{\"@context\":\"https:\/\/schema.org\",\"@graph\":[{\"@type\":\"Article\",\"@id\":\"https:\/\/www.sitsesp.org.br\/novo\/audiencia-publica-discute-seguranca-rebelioes-e-tumultos-na-fundacao-casa\/#article\",\"isPartOf\":{\"@id\":\"https:\/\/www.sitsesp.org.br\/novo\/audiencia-publica-discute-seguranca-rebelioes-e-tumultos-na-fundacao-casa\/\"},\"author\":{\"name\":\"mhais\",\"@id\":\"https:\/\/www.sitsesp.org.br\/novo\/#\/schema\/person\/2a4c180eb185645b3bef8657c75e305a\"},\"headline\":\"Audi\u00eancia P\u00fablica discute Seguran\u00e7a, Rebeli\u00f5es e Tumultos na Funda\u00e7\u00e3o CASA\",\"datePublished\":\"2015-12-18T11:48:19+00:00\",\"dateModified\":\"2015-12-18T11:48:19+00:00\",\"mainEntityOfPage\":{\"@id\":\"https:\/\/www.sitsesp.org.br\/novo\/audiencia-publica-discute-seguranca-rebelioes-e-tumultos-na-fundacao-casa\/\"},\"wordCount\":560,\"commentCount\":0,\"publisher\":{\"@id\":\"https:\/\/www.sitsesp.org.br\/novo\/#organization\"},\"articleSection\":[\"Noticias\"],\"inLanguage\":\"pt-BR\",\"potentialAction\":[{\"@type\":\"CommentAction\",\"name\":\"Comment\",\"target\":[\"https:\/\/www.sitsesp.org.br\/novo\/audiencia-publica-discute-seguranca-rebelioes-e-tumultos-na-fundacao-casa\/#respond\"]}]},{\"@type\":\"WebPage\",\"@id\":\"https:\/\/www.sitsesp.org.br\/novo\/audiencia-publica-discute-seguranca-rebelioes-e-tumultos-na-fundacao-casa\/\",\"url\":\"https:\/\/www.sitsesp.org.br\/novo\/audiencia-publica-discute-seguranca-rebelioes-e-tumultos-na-fundacao-casa\/\",\"name\":\"Audi\u00eancia P\u00fablica discute Seguran\u00e7a, Rebeli\u00f5es e Tumultos na Funda\u00e7\u00e3o CASA - SITSESP\",\"isPartOf\":{\"@id\":\"https:\/\/www.sitsesp.org.br\/novo\/#website\"},\"datePublished\":\"2015-12-18T11:48:19+00:00\",\"dateModified\":\"2015-12-18T11:48:19+00:00\",\"breadcrumb\":{\"@id\":\"https:\/\/www.sitsesp.org.br\/novo\/audiencia-publica-discute-seguranca-rebelioes-e-tumultos-na-fundacao-casa\/#breadcrumb\"},\"inLanguage\":\"pt-BR\",\"potentialAction\":[{\"@type\":\"ReadAction\",\"target\":[\"https:\/\/www.sitsesp.org.br\/novo\/audiencia-publica-discute-seguranca-rebelioes-e-tumultos-na-fundacao-casa\/\"]}]},{\"@type\":\"BreadcrumbList\",\"@id\":\"https:\/\/www.sitsesp.org.br\/novo\/audiencia-publica-discute-seguranca-rebelioes-e-tumultos-na-fundacao-casa\/#breadcrumb\",\"itemListElement\":[{\"@type\":\"ListItem\",\"position\":1,\"name\":\"In\u00edcio\",\"item\":\"https:\/\/www.sitsesp.org.br\/novo\/\"},{\"@type\":\"ListItem\",\"position\":2,\"name\":\"Audi\u00eancia P\u00fablica discute Seguran\u00e7a, Rebeli\u00f5es e Tumultos na Funda\u00e7\u00e3o CASA\"}]},{\"@type\":\"WebSite\",\"@id\":\"https:\/\/www.sitsesp.org.br\/novo\/#website\",\"url\":\"https:\/\/www.sitsesp.org.br\/novo\/\",\"name\":\"Sitsesp\",\"description\":\"SIndicato da Socioeduca\u00e7\u00e3o do Estado de S\u00e3o Paulo\",\"publisher\":{\"@id\":\"https:\/\/www.sitsesp.org.br\/novo\/#organization\"},\"potentialAction\":[{\"@type\":\"SearchAction\",\"target\":{\"@type\":\"EntryPoint\",\"urlTemplate\":\"https:\/\/www.sitsesp.org.br\/novo\/?s={search_term_string}\"},\"query-input\":\"required name=search_term_string\"}],\"inLanguage\":\"pt-BR\"},{\"@type\":\"Organization\",\"@id\":\"https:\/\/www.sitsesp.org.br\/novo\/#organization\",\"name\":\"Sitsesp\",\"url\":\"https:\/\/www.sitsesp.org.br\/novo\/\",\"logo\":{\"@type\":\"ImageObject\",\"inLanguage\":\"pt-BR\",\"@id\":\"https:\/\/www.sitsesp.org.br\/novo\/#\/schema\/logo\/image\/\",\"url\":\"https:\/\/www.sitsesp.org.br\/novo\/wp-content\/uploads\/2020\/09\/Design-sem-nome-1.jpg\",\"contentUrl\":\"https:\/\/www.sitsesp.org.br\/novo\/wp-content\/uploads\/2020\/09\/Design-sem-nome-1.jpg\",\"width\":300,\"height\":300,\"caption\":\"Sitsesp\"},\"image\":{\"@id\":\"https:\/\/www.sitsesp.org.br\/novo\/#\/schema\/logo\/image\/\"}},{\"@type\":\"Person\",\"@id\":\"https:\/\/www.sitsesp.org.br\/novo\/#\/schema\/person\/2a4c180eb185645b3bef8657c75e305a\",\"name\":\"mhais\",\"image\":{\"@type\":\"ImageObject\",\"inLanguage\":\"pt-BR\",\"@id\":\"https:\/\/www.sitsesp.org.br\/novo\/#\/schema\/person\/image\/\",\"url\":\"https:\/\/secure.gravatar.com\/avatar\/6f4eabe86990e81328cf702edfa92a60?s=96&d=mm&r=g\",\"contentUrl\":\"https:\/\/secure.gravatar.com\/avatar\/6f4eabe86990e81328cf702edfa92a60?s=96&d=mm&r=g\",\"caption\":\"mhais\"},\"sameAs\":[\"http:\/\/localhost\/sitsesp\"]}]}<\/script>\n<!-- \/ Yoast SEO plugin. -->","yoast_head_json":{"title":"Audi\u00eancia P\u00fablica discute Seguran\u00e7a, Rebeli\u00f5es e Tumultos na Funda\u00e7\u00e3o CASA - SITSESP","robots":{"index":"index","follow":"follow","max-snippet":"max-snippet:-1","max-image-preview":"max-image-preview:large","max-video-preview":"max-video-preview:-1"},"canonical":"https:\/\/www.sitsesp.org.br\/novo\/audiencia-publica-discute-seguranca-rebelioes-e-tumultos-na-fundacao-casa\/","og_locale":"pt_BR","og_type":"article","og_title":"Audi\u00eancia P\u00fablica discute Seguran\u00e7a, Rebeli\u00f5es e Tumultos na Funda\u00e7\u00e3o CASA - SITSESP","og_description":"\u00a0 Estiveram presentes ao evento, al\u00e9m dos trabalhadores, o Presidente do SITRAEMFA, Aldo Dami\u00e3o Ant\u00f4nio e dire\u00e7\u00e3o do sindicato; o deputado&hellip;","og_url":"https:\/\/www.sitsesp.org.br\/novo\/audiencia-publica-discute-seguranca-rebelioes-e-tumultos-na-fundacao-casa\/","og_site_name":"SITSESP","article_published_time":"2015-12-18T11:48:19+00:00","og_image":[{"url":"images\/diversos\/6.jpg"}],"author":"mhais","twitter_card":"summary_large_image","twitter_misc":{"Escrito por":"mhais","Est. tempo de leitura":"3 minutos"},"schema":{"@context":"https:\/\/schema.org","@graph":[{"@type":"Article","@id":"https:\/\/www.sitsesp.org.br\/novo\/audiencia-publica-discute-seguranca-rebelioes-e-tumultos-na-fundacao-casa\/#article","isPartOf":{"@id":"https:\/\/www.sitsesp.org.br\/novo\/audiencia-publica-discute-seguranca-rebelioes-e-tumultos-na-fundacao-casa\/"},"author":{"name":"mhais","@id":"https:\/\/www.sitsesp.org.br\/novo\/#\/schema\/person\/2a4c180eb185645b3bef8657c75e305a"},"headline":"Audi\u00eancia P\u00fablica discute Seguran\u00e7a, Rebeli\u00f5es e Tumultos na Funda\u00e7\u00e3o CASA","datePublished":"2015-12-18T11:48:19+00:00","dateModified":"2015-12-18T11:48:19+00:00","mainEntityOfPage":{"@id":"https:\/\/www.sitsesp.org.br\/novo\/audiencia-publica-discute-seguranca-rebelioes-e-tumultos-na-fundacao-casa\/"},"wordCount":560,"commentCount":0,"publisher":{"@id":"https:\/\/www.sitsesp.org.br\/novo\/#organization"},"articleSection":["Noticias"],"inLanguage":"pt-BR","potentialAction":[{"@type":"CommentAction","name":"Comment","target":["https:\/\/www.sitsesp.org.br\/novo\/audiencia-publica-discute-seguranca-rebelioes-e-tumultos-na-fundacao-casa\/#respond"]}]},{"@type":"WebPage","@id":"https:\/\/www.sitsesp.org.br\/novo\/audiencia-publica-discute-seguranca-rebelioes-e-tumultos-na-fundacao-casa\/","url":"https:\/\/www.sitsesp.org.br\/novo\/audiencia-publica-discute-seguranca-rebelioes-e-tumultos-na-fundacao-casa\/","name":"Audi\u00eancia P\u00fablica discute Seguran\u00e7a, Rebeli\u00f5es e Tumultos na Funda\u00e7\u00e3o CASA - SITSESP","isPartOf":{"@id":"https:\/\/www.sitsesp.org.br\/novo\/#website"},"datePublished":"2015-12-18T11:48:19+00:00","dateModified":"2015-12-18T11:48:19+00:00","breadcrumb":{"@id":"https:\/\/www.sitsesp.org.br\/novo\/audiencia-publica-discute-seguranca-rebelioes-e-tumultos-na-fundacao-casa\/#breadcrumb"},"inLanguage":"pt-BR","potentialAction":[{"@type":"ReadAction","target":["https:\/\/www.sitsesp.org.br\/novo\/audiencia-publica-discute-seguranca-rebelioes-e-tumultos-na-fundacao-casa\/"]}]},{"@type":"BreadcrumbList","@id":"https:\/\/www.sitsesp.org.br\/novo\/audiencia-publica-discute-seguranca-rebelioes-e-tumultos-na-fundacao-casa\/#breadcrumb","itemListElement":[{"@type":"ListItem","position":1,"name":"In\u00edcio","item":"https:\/\/www.sitsesp.org.br\/novo\/"},{"@type":"ListItem","position":2,"name":"Audi\u00eancia P\u00fablica discute Seguran\u00e7a, Rebeli\u00f5es e Tumultos na Funda\u00e7\u00e3o CASA"}]},{"@type":"WebSite","@id":"https:\/\/www.sitsesp.org.br\/novo\/#website","url":"https:\/\/www.sitsesp.org.br\/novo\/","name":"Sitsesp","description":"SIndicato da Socioeduca\u00e7\u00e3o do Estado de S\u00e3o Paulo","publisher":{"@id":"https:\/\/www.sitsesp.org.br\/novo\/#organization"},"potentialAction":[{"@type":"SearchAction","target":{"@type":"EntryPoint","urlTemplate":"https:\/\/www.sitsesp.org.br\/novo\/?s={search_term_string}"},"query-input":"required name=search_term_string"}],"inLanguage":"pt-BR"},{"@type":"Organization","@id":"https:\/\/www.sitsesp.org.br\/novo\/#organization","name":"Sitsesp","url":"https:\/\/www.sitsesp.org.br\/novo\/","logo":{"@type":"ImageObject","inLanguage":"pt-BR","@id":"https:\/\/www.sitsesp.org.br\/novo\/#\/schema\/logo\/image\/","url":"https:\/\/www.sitsesp.org.br\/novo\/wp-content\/uploads\/2020\/09\/Design-sem-nome-1.jpg","contentUrl":"https:\/\/www.sitsesp.org.br\/novo\/wp-content\/uploads\/2020\/09\/Design-sem-nome-1.jpg","width":300,"height":300,"caption":"Sitsesp"},"image":{"@id":"https:\/\/www.sitsesp.org.br\/novo\/#\/schema\/logo\/image\/"}},{"@type":"Person","@id":"https:\/\/www.sitsesp.org.br\/novo\/#\/schema\/person\/2a4c180eb185645b3bef8657c75e305a","name":"mhais","image":{"@type":"ImageObject","inLanguage":"pt-BR","@id":"https:\/\/www.sitsesp.org.br\/novo\/#\/schema\/person\/image\/","url":"https:\/\/secure.gravatar.com\/avatar\/6f4eabe86990e81328cf702edfa92a60?s=96&d=mm&r=g","contentUrl":"https:\/\/secure.gravatar.com\/avatar\/6f4eabe86990e81328cf702edfa92a60?s=96&d=mm&r=g","caption":"mhais"},"sameAs":["http:\/\/localhost\/sitsesp"]}]}},"_links":{"self":[{"href":"https:\/\/www.sitsesp.org.br\/novo\/wp-json\/wp\/v2\/posts\/1956"}],"collection":[{"href":"https:\/\/www.sitsesp.org.br\/novo\/wp-json\/wp\/v2\/posts"}],"about":[{"href":"https:\/\/www.sitsesp.org.br\/novo\/wp-json\/wp\/v2\/types\/post"}],"author":[{"embeddable":true,"href":"https:\/\/www.sitsesp.org.br\/novo\/wp-json\/wp\/v2\/users\/1"}],"replies":[{"embeddable":true,"href":"https:\/\/www.sitsesp.org.br\/novo\/wp-json\/wp\/v2\/comments?post=1956"}],"version-history":[{"count":0,"href":"https:\/\/www.sitsesp.org.br\/novo\/wp-json\/wp\/v2\/posts\/1956\/revisions"}],"wp:attachment":[{"href":"https:\/\/www.sitsesp.org.br\/novo\/wp-json\/wp\/v2\/media?parent=1956"}],"wp:term":[{"taxonomy":"category","embeddable":true,"href":"https:\/\/www.sitsesp.org.br\/novo\/wp-json\/wp\/v2\/categories?post=1956"},{"taxonomy":"post_tag","embeddable":true,"href":"https:\/\/www.sitsesp.org.br\/novo\/wp-json\/wp\/v2\/tags?post=1956"}],"curies":[{"name":"wp","href":"https:\/\/api.w.org\/{rel}","templated":true}]}}