{"id":1959,"date":"2016-02-07T19:49:29","date_gmt":"2016-02-07T21:49:29","guid":{"rendered":"https:\/\/pecorari-cloud72.pecoraricloud.com.br\/~sitsesporg\/movimentos-de-moradia-se-somam-a-luta-contra-o-fechamento-de-escolas\/"},"modified":"2016-02-07T19:49:29","modified_gmt":"2016-02-07T21:49:29","slug":"movimentos-de-moradia-se-somam-a-luta-contra-o-fechamento-de-escolas","status":"publish","type":"post","link":"https:\/\/www.sitsesp.org.br\/novo\/movimentos-de-moradia-se-somam-a-luta-contra-o-fechamento-de-escolas\/","title":{"rendered":"Movimentos de moradia se somam \u00e0 luta contra o fechamento de escolas"},"content":{"rendered":"<p><!-- VideographyWP Plugin Message: Automatic video embedding prevented by plugin options. --><\/p>\n<p><span style=\"font-family: Arial, sans-serif; font-size: 10.5pt; line-height: 115%; text-align: justify;\">\u00a0<\/span><\/p>\n<p class=\"MsoNormal\" style=\"text-align: justify;\"><span style=\"font-size: 10.5pt; line-height: 115%; font-family: 'Arial','sans-serif';\">O protesto reuniu 5 mil pessoas entre sem-teto, sem-terra, estudantes, professores e trabalhadores de diferentes categorias, como petroleiros, em greve neste momento. Na passeata, faixas traziam cr\u00edticas ao governador de S\u00e3o Paulo, Geraldo Alckmin (PSDB), por conta da crise h\u00eddrica e da viol\u00eancia policial, e ao presidente da C\u00e2mara federal, Eduardo Cunha (PMDB).<\/span><\/p>\n<p class=\"MsoNormal\" style=\"text-align: justify;\"><span style=\"font-size: 10.5pt; line-height: 115%; font-family: 'Arial','sans-serif';\">A mobiliza\u00e7\u00e3o foi organizada pelo Sindicato dos Professores do Ensino Oficial no Estado de S\u00e3o Paulo (Apeoesp), a Central de Movimentos Populares (CMP) e pela Uni\u00e3o dos Movimentos de Moradia (UMM), organiza\u00e7\u00f5es que comp\u00f5em o F\u00f3rum dos Movimentos Sociais do Estado de S\u00e3o Paulo.<\/span><\/p>\n<p class=\"MsoNormal\" style=\"text-align: justify;\"><span style=\"font-size: 10.5pt; line-height: 115%; font-family: 'Arial','sans-serif';\"><img decoding=\"async\" class=\"pull-right\" src=\"images\/diversos\/350-235.jpg\" alt=\"\" \/>Com rela\u00e7\u00e3o \u00e0 educa\u00e7\u00e3o, o presidente da CUT S\u00e3o Paulo, Douglas Izzo, atacou o governo de S\u00e3o Paulo citando o desrespeito e o desdenho das medidas anunciadas neste ano. \u201cDia sim, dia n\u00e3o, acontecem manifesta\u00e7\u00f5es por todo o estado e o governo \u00e9 insens\u00edvel \u00e0s cobran\u00e7as dos estudantes e da comunidade escolar\u201d, afirmou.<\/span><\/p>\n<p class=\"MsoNormal\" style=\"text-align: justify;\"><span style=\"font-size: 10.5pt; line-height: 115%; font-family: 'Arial','sans-serif';\">Presidenta do Sindicato dos Professores do Estado de S\u00e3o Paulo (Apeoesp), Maria Izabel Azevedo Noronha, a Bebel, refor\u00e7ou que o fechamento das escolas representa um crime. \u201cN\u00e3o permitiremos que sejam fechadas, precisamos ter os alunos em escolas abertas e com ensino de qualidade. Estamos falando de uma escola p\u00fablica que de fato atenda aos interesses dos filhos e filhas da classe trabalhadora\u201d, refor\u00e7ou.<\/span><\/p>\n<p class=\"MsoNormal\" style=\"text-align: justify;\"><span style=\"font-size: 10.5pt; line-height: 115%; font-family: 'Arial','sans-serif';\">No dia 14 (s\u00e1bado), o presidente alerta que o governo de S\u00e3o Paulo enviar\u00e1 representantes para as 94 escolas que ser\u00e3o fechadas, a fim de conversar com pais e alunos.\u00a0 \u201cTamb\u00e9m vamos \u00e0s escolas neste final de semana, mas para fazer debate de base e para derrotar a atual pol\u00edtica estadual de educa\u00e7\u00e3o.\u201d<\/span><\/p>\n<p class=\"MsoNormal\" style=\"text-align: justify;\"><span style=\"font-size: 10.5pt; line-height: 115%; font-family: 'Arial','sans-serif';\"> <span style=\"font-size: 10.5pt; line-height: 115%;\">O secret\u00e1rio Geral da CUT S\u00e3o Paulo, Jo\u00e3o Cayres, lembra que o desmonte da m\u00e1quina p\u00fablica \u00e9 antigo. \u201cO senador Jos\u00e9 Serra (PSDB-SP) foi secret\u00e1rio de Economia e Planejamento do Estado de S\u00e3o Paulo, em 1983, ou seja, este mesmo grupo comanda o estado h\u00e1 mais de 30 anos. Qualquer pa\u00eds desenvolvido preza por escola p\u00fablica de qualidade e n\u00e3o h\u00e1 sequer ensino fundamental ou m\u00e9dio privado\u201d.<\/span><\/span><\/p>\n<p class=\"MsoNormal\" style=\"text-align: justify;\"><span style=\"font-size: 10.5pt; line-height: 115%; font-family: 'Arial','sans-serif';\"><img decoding=\"async\" class=\"pull-left\" src=\"images\/diversos\/img12.jpg\" alt=\"\" \/>Secret\u00e1rio Geral da CUT S\u00e3o Paulo, Jo\u00e3o Cayres, lembrou que o desmonte da m\u00e1quina p\u00fablica de SP \u00e9 de 30 anos &#8211; Foto: Dino Santos. Para Cayres, que \u00e9 tamb\u00e9m dirigente da Confedera\u00e7\u00e3o Nacional dos Metal\u00fargicos, fechar escolas significa superlotar salas de aula e piorar as condi\u00e7\u00f5es de trabalho dos professores.<\/span><\/p>\n<p class=\"MsoNormal\" style=\"text-align: justify;\"><span style=\"font-size: 10.5pt; line-height: 115%; font-family: 'Arial','sans-serif';\">Professora e secret\u00e1ria de Forma\u00e7\u00e3o da CUT S\u00e3o Paulo, Telma Victor completa que um dos piores transtornos se dar\u00e1 para os pais que ter\u00e3o os filhos transferidos para escolas muitas vezes distantes e para os estudantes que podem vir a conviver com um quadro de professores diferente do que est\u00e3o acostumados.<\/span><\/p>\n<p class=\"MsoNormal\" style=\"text-align: justify;\"><span style=\"font-size: 10.5pt; line-height: 115%; font-family: 'Arial','sans-serif';\">\u201cN\u00e3o existe uma teoria pedag\u00f3gica que afirme ser necess\u00e1ria uma educa\u00e7\u00e3o organizada em ciclos. Sou de uma escola onde funcionavam todos os ciclos e o entrosamento favorecia a troca de experi\u00eancias\u201d, relata. \u00a0<\/span><\/p>\n<p class=\"MsoNormal\" style=\"text-align: justify;\"><b><span style=\"font-size: 10.5pt; line-height: 115%; font-family: 'Arial','sans-serif';\">Ocupa\u00e7\u00e3o das escolas<\/span><\/b><\/p>\n<p class=\"MsoNormal\" style=\"text-align: justify;\"><span style=\"font-size: 10.5pt; line-height: 115%; font-family: 'Arial','sans-serif';\">Diferentes regi\u00f5es mobilizadas no estado estiveram no ato. Na noite de ontem (9) estudantes ocuparam a Escola Estadual Diadema, no centro da cidade, para protestar contra a reorganiza\u00e7\u00e3o da unidade, explica o diretor estadual da Apeoesp, Ant\u00f4nio Jovem.<\/span><\/p>\n<p class=\"MsoNormal\" style=\"text-align: justify;\"><span style=\"font-size: 10.5pt; line-height: 115%; font-family: 'Arial','sans-serif';\">\u201cQuerem fechar o per\u00edodo noturno, o que afetar\u00e1 o ensino m\u00e9dio. Os pais est\u00e3o envolvidos e apoiando a ocupa\u00e7\u00e3o, mas n\u00f3s nos mantemos firmes porque n\u00e3o aceitamos nenhuma escola fechada, sala superlotada e nenhum professor desempregado, apesar da press\u00e3o da diretoria de ensino e da intimida\u00e7\u00e3o da Pol\u00edcia Militar\u201d, afirma o dirigente.<\/span><\/p>\n<p class=\"MsoNormal\" style=\"text-align: justify;\"><span style=\"font-size: 10.5pt; line-height: 115%; font-family: 'Arial','sans-serif';\">Na zona oeste de S\u00e3o Paulo, em Pinheiros, estudantes ocuparam a Escola Estadual Fern\u00e3o Dias Paes para protestar contra o fechamento das escolas. Viaturas policiais e bases m\u00f3veis cercaram a unidade. \u00a0<\/span><\/p>\n<p class=\"MsoNormal\" style=\"text-align: justify;\"><span style=\"font-size: 10.5pt; line-height: 115%; font-family: 'Arial','sans-serif';\">Outra situa\u00e7\u00e3o relatou a diretora da Escola Estadual Padre Sab\u00f3ia de Azevedo, Denise Maria Elisei. Segundo ela, a Secretaria Estadual de Educa\u00e7\u00e3o informou que a unidade onde atua n\u00e3o ser\u00e1 fechada, mas entrou para uma lista, n\u00e3o divulgada pelo governo, que pro\u00edbe a inscri\u00e7\u00e3o de estudantes do primeiro ano do ensino m\u00e9dio e do Ensino de Jovens e Adultos, a partir do ano que vem.\u00a0<\/span><\/p>\n<p class=\"MsoNormal\" style=\"text-align: justify;\"><span style=\"font-size: 10.5pt; line-height: 115%; font-family: 'Arial','sans-serif';\">&#8220;Alckmin vai sangrar a nossa escola aos poucos porque daqui a dois anos ela ser\u00e1 fechada com essa medida. Estamos denunciando isso onde seja poss\u00edvel\u201d. \u00a0\u00a0<\/span><\/p>\n<p class=\"MsoNormal\" style=\"text-align: justify;\"><span style=\"font-size: 10.5pt; line-height: 115%; font-family: 'Arial','sans-serif';\">O representante da Uni\u00e3o dos Movimentos de Bairros (UNB), Cristian Rodrigues, caracterizou como ditatorial a postura do governo. \u201cEntendemos que escola \u00e9 direito adquirido. O que queremos s\u00e3o mais escolas e em tempo integral. Nossos estudantes j\u00e1 n\u00e3o t\u00eam estrutura que os apoie e estimule ao estudo, imagine se precisarem pegar transporte para chegar at\u00e9 outra escola\u201d, concluiu.<\/span><\/p>\n<p class=\"MsoNormal\" style=\"text-align: justify;\"><span style=\"font-size: 10.5pt; line-height: 115%; font-family: 'Arial','sans-serif';\">Os movimentos far\u00e3o\u00a0novo protesto no dia 27, no v\u00e3o\u00a0livre do Masp, na Avenida Paulista.<\/span><\/p>\n<p class=\"MsoNormal\" style=\"text-align: justify;\"><b><span style=\"font-size: 10.5pt; line-height: 115%; font-family: 'Arial','sans-serif';\">Por moradia popular<\/span><\/b><\/p>\n<p class=\"MsoNormal\" style=\"text-align: justify;\"><span style=\"font-size: 10.5pt; line-height: 115%; font-family: 'Arial','sans-serif';\">Movimentos de moradia est\u00e3o acampados com barracas e tendas em frente ao Pal\u00e1cio dos Bandeirantes. Hoje, a tropa de choque fazia uma barreira em frente ao port\u00e3o principal da sede do governo. \u00a0<\/span><\/p>\n<p class=\"MsoNormal\" style=\"text-align: justify;\"><span style=\"font-size: 10.5pt; line-height: 115%; font-family: 'Arial','sans-serif';\">O coordenador da dire\u00e7\u00e3o estadual da Uni\u00e3o dos Movimentos de Moradia (UMM), Sidnei Pita, refor\u00e7ou que a unidade na luta por educa\u00e7\u00e3o p\u00fablica e habita\u00e7\u00e3o fortalece as organiza\u00e7\u00f5es.<\/span><\/p>\n<p class=\"MsoNormal\" style=\"text-align: justify;\"><span style=\"font-size: 10.5pt; line-height: 115%; font-family: 'Arial','sans-serif';\">\u201cEntre os problemas que enfrentamos est\u00e1 a diminui\u00e7\u00e3o de recursos na habita\u00e7\u00e3o e a falta de produ\u00e7\u00e3o de casas. Desde a gest\u00e3o de M\u00e1rio Covas, at\u00e9 agora, n\u00e3o se produz mais projetos habitacionais de interesse social. O governo Alckmin hoje aposta em aportes ao programa federal Minha Casa, Minha Vida, mas n\u00e3o em uma pol\u00edtica estadual de moradia\u201d, define.<\/span><\/p>\n<p class=\"MsoNormal\" style=\"text-align: justify;\"><span style=\"font-size: 10.5pt; line-height: 115%; font-family: 'Arial','sans-serif';\">O coordenador estadual da CMP, Raimundo Bonfim, afirma que os preju\u00edzos sociais est\u00e3o na ordem de 1,5 milh\u00e3o de moradias, al\u00e9m de moradias prec\u00e1rias, desprovidas de infraestrutura e equipamentos sociais.\u00a0<\/span><\/p>\n<p class=\"MsoNormal\" style=\"text-align: justify;\"><span style=\"font-size: 10.5pt; line-height: 115%; font-family: 'Arial','sans-serif';\">\u201cAl\u00e9m de n\u00e3o termos nenhuma conquista significante, o que vemos \u00e9 repress\u00e3o e viol\u00eancia policial. O PSDB trata um problema social como se fosse um problema policial. Sua base parlamentar acaba de criar uma CPI [Comiss\u00e3o Parlamentar de Inqu\u00e9rito] na Assembleia Legislativa para investigar a atua\u00e7\u00e3o dos movimentos sem-teto e sem-terra, o que \u00e9 um absurdo.\u00a0 Vamos reagir a essa vergonha\u201d, garante.<\/span><\/p>\n<p class=\"MsoNormal\" style=\"text-align: justify;\">\u00a0<\/p>\n<p class=\"MsoNormal\" style=\"text-align: justify;\"><span style=\"font-size: 10.5pt; line-height: 115%; font-family: 'Arial','sans-serif';\">por Vanessa\/CUT<\/span><\/p>\n<p class=\"MsoNormal\" style=\"text-align: justify;\">\u00a0<\/p>\n","protected":false},"excerpt":{"rendered":"<p>\u00a0 O protesto reuniu 5 mil pessoas entre sem-teto, sem-terra, estudantes, professores e trabalhadores de diferentes categorias, como petroleiros, em greve&hellip;<\/p>\n","protected":false},"author":1,"featured_media":1960,"comment_status":"open","ping_status":"open","sticky":false,"template":"","format":"standard","meta":{"cybocfi_hide_featured_image":"","footnotes":""},"categories":[22],"tags":[],"yoast_head":"<!-- This site is optimized with the Yoast SEO plugin v22.8 - https:\/\/yoast.com\/wordpress\/plugins\/seo\/ -->\n<title>Movimentos de moradia se somam \u00e0 luta contra o fechamento de escolas - SITSESP<\/title>\n<meta name=\"robots\" content=\"index, follow, max-snippet:-1, max-image-preview:large, max-video-preview:-1\" \/>\n<link rel=\"canonical\" href=\"https:\/\/www.sitsesp.org.br\/novo\/movimentos-de-moradia-se-somam-a-luta-contra-o-fechamento-de-escolas\/\" \/>\n<meta property=\"og:locale\" content=\"pt_BR\" \/>\n<meta property=\"og:type\" content=\"article\" \/>\n<meta property=\"og:title\" content=\"Movimentos de moradia se somam \u00e0 luta contra o fechamento de escolas - SITSESP\" \/>\n<meta property=\"og:description\" content=\"\u00a0 O protesto reuniu 5 mil pessoas entre sem-teto, sem-terra, estudantes, professores e trabalhadores de diferentes categorias, como petroleiros, em greve&hellip;\" \/>\n<meta property=\"og:url\" content=\"https:\/\/www.sitsesp.org.br\/novo\/movimentos-de-moradia-se-somam-a-luta-contra-o-fechamento-de-escolas\/\" \/>\n<meta property=\"og:site_name\" content=\"SITSESP\" \/>\n<meta property=\"article:published_time\" content=\"2016-02-07T21:49:29+00:00\" \/>\n<meta property=\"og:image\" content=\"https:\/\/www.sitsesp.org.br\/novo\/wp-content\/uploads\/2020\/10\/1504283088-1.jpg\" \/>\n\t<meta property=\"og:image:width\" content=\"599\" \/>\n\t<meta property=\"og:image:height\" content=\"399\" \/>\n\t<meta property=\"og:image:type\" content=\"image\/jpeg\" \/>\n<meta name=\"author\" content=\"mhais\" \/>\n<meta name=\"twitter:card\" content=\"summary_large_image\" \/>\n<meta name=\"twitter:label1\" content=\"Escrito por\" \/>\n\t<meta name=\"twitter:data1\" content=\"mhais\" \/>\n\t<meta name=\"twitter:label2\" content=\"Est. tempo de leitura\" \/>\n\t<meta name=\"twitter:data2\" content=\"5 minutos\" \/>\n<script type=\"application\/ld+json\" class=\"yoast-schema-graph\">{\"@context\":\"https:\/\/schema.org\",\"@graph\":[{\"@type\":\"Article\",\"@id\":\"https:\/\/www.sitsesp.org.br\/novo\/movimentos-de-moradia-se-somam-a-luta-contra-o-fechamento-de-escolas\/#article\",\"isPartOf\":{\"@id\":\"https:\/\/www.sitsesp.org.br\/novo\/movimentos-de-moradia-se-somam-a-luta-contra-o-fechamento-de-escolas\/\"},\"author\":{\"name\":\"mhais\",\"@id\":\"https:\/\/www.sitsesp.org.br\/novo\/#\/schema\/person\/2a4c180eb185645b3bef8657c75e305a\"},\"headline\":\"Movimentos de moradia se somam \u00e0 luta contra o fechamento de escolas\",\"datePublished\":\"2016-02-07T21:49:29+00:00\",\"dateModified\":\"2016-02-07T21:49:29+00:00\",\"mainEntityOfPage\":{\"@id\":\"https:\/\/www.sitsesp.org.br\/novo\/movimentos-de-moradia-se-somam-a-luta-contra-o-fechamento-de-escolas\/\"},\"wordCount\":1088,\"commentCount\":0,\"publisher\":{\"@id\":\"https:\/\/www.sitsesp.org.br\/novo\/#organization\"},\"image\":{\"@id\":\"https:\/\/www.sitsesp.org.br\/novo\/movimentos-de-moradia-se-somam-a-luta-contra-o-fechamento-de-escolas\/#primaryimage\"},\"thumbnailUrl\":\"https:\/\/www.sitsesp.org.br\/novo\/wp-content\/uploads\/2020\/10\/1504283088-1.jpg\",\"articleSection\":[\"Noticias\"],\"inLanguage\":\"pt-BR\",\"potentialAction\":[{\"@type\":\"CommentAction\",\"name\":\"Comment\",\"target\":[\"https:\/\/www.sitsesp.org.br\/novo\/movimentos-de-moradia-se-somam-a-luta-contra-o-fechamento-de-escolas\/#respond\"]}]},{\"@type\":\"WebPage\",\"@id\":\"https:\/\/www.sitsesp.org.br\/novo\/movimentos-de-moradia-se-somam-a-luta-contra-o-fechamento-de-escolas\/\",\"url\":\"https:\/\/www.sitsesp.org.br\/novo\/movimentos-de-moradia-se-somam-a-luta-contra-o-fechamento-de-escolas\/\",\"name\":\"Movimentos de moradia se somam \u00e0 luta contra o fechamento de escolas - SITSESP\",\"isPartOf\":{\"@id\":\"https:\/\/www.sitsesp.org.br\/novo\/#website\"},\"primaryImageOfPage\":{\"@id\":\"https:\/\/www.sitsesp.org.br\/novo\/movimentos-de-moradia-se-somam-a-luta-contra-o-fechamento-de-escolas\/#primaryimage\"},\"image\":{\"@id\":\"https:\/\/www.sitsesp.org.br\/novo\/movimentos-de-moradia-se-somam-a-luta-contra-o-fechamento-de-escolas\/#primaryimage\"},\"thumbnailUrl\":\"https:\/\/www.sitsesp.org.br\/novo\/wp-content\/uploads\/2020\/10\/1504283088-1.jpg\",\"datePublished\":\"2016-02-07T21:49:29+00:00\",\"dateModified\":\"2016-02-07T21:49:29+00:00\",\"breadcrumb\":{\"@id\":\"https:\/\/www.sitsesp.org.br\/novo\/movimentos-de-moradia-se-somam-a-luta-contra-o-fechamento-de-escolas\/#breadcrumb\"},\"inLanguage\":\"pt-BR\",\"potentialAction\":[{\"@type\":\"ReadAction\",\"target\":[\"https:\/\/www.sitsesp.org.br\/novo\/movimentos-de-moradia-se-somam-a-luta-contra-o-fechamento-de-escolas\/\"]}]},{\"@type\":\"ImageObject\",\"inLanguage\":\"pt-BR\",\"@id\":\"https:\/\/www.sitsesp.org.br\/novo\/movimentos-de-moradia-se-somam-a-luta-contra-o-fechamento-de-escolas\/#primaryimage\",\"url\":\"https:\/\/www.sitsesp.org.br\/novo\/wp-content\/uploads\/2020\/10\/1504283088-1.jpg\",\"contentUrl\":\"https:\/\/www.sitsesp.org.br\/novo\/wp-content\/uploads\/2020\/10\/1504283088-1.jpg\",\"width\":599,\"height\":399},{\"@type\":\"BreadcrumbList\",\"@id\":\"https:\/\/www.sitsesp.org.br\/novo\/movimentos-de-moradia-se-somam-a-luta-contra-o-fechamento-de-escolas\/#breadcrumb\",\"itemListElement\":[{\"@type\":\"ListItem\",\"position\":1,\"name\":\"In\u00edcio\",\"item\":\"https:\/\/www.sitsesp.org.br\/novo\/\"},{\"@type\":\"ListItem\",\"position\":2,\"name\":\"Movimentos de moradia se somam \u00e0 luta contra o fechamento de escolas\"}]},{\"@type\":\"WebSite\",\"@id\":\"https:\/\/www.sitsesp.org.br\/novo\/#website\",\"url\":\"https:\/\/www.sitsesp.org.br\/novo\/\",\"name\":\"Sitsesp\",\"description\":\"SIndicato da Socioeduca\u00e7\u00e3o do Estado de S\u00e3o Paulo\",\"publisher\":{\"@id\":\"https:\/\/www.sitsesp.org.br\/novo\/#organization\"},\"potentialAction\":[{\"@type\":\"SearchAction\",\"target\":{\"@type\":\"EntryPoint\",\"urlTemplate\":\"https:\/\/www.sitsesp.org.br\/novo\/?s={search_term_string}\"},\"query-input\":\"required name=search_term_string\"}],\"inLanguage\":\"pt-BR\"},{\"@type\":\"Organization\",\"@id\":\"https:\/\/www.sitsesp.org.br\/novo\/#organization\",\"name\":\"Sitsesp\",\"url\":\"https:\/\/www.sitsesp.org.br\/novo\/\",\"logo\":{\"@type\":\"ImageObject\",\"inLanguage\":\"pt-BR\",\"@id\":\"https:\/\/www.sitsesp.org.br\/novo\/#\/schema\/logo\/image\/\",\"url\":\"https:\/\/www.sitsesp.org.br\/novo\/wp-content\/uploads\/2020\/09\/Design-sem-nome-1.jpg\",\"contentUrl\":\"https:\/\/www.sitsesp.org.br\/novo\/wp-content\/uploads\/2020\/09\/Design-sem-nome-1.jpg\",\"width\":300,\"height\":300,\"caption\":\"Sitsesp\"},\"image\":{\"@id\":\"https:\/\/www.sitsesp.org.br\/novo\/#\/schema\/logo\/image\/\"}},{\"@type\":\"Person\",\"@id\":\"https:\/\/www.sitsesp.org.br\/novo\/#\/schema\/person\/2a4c180eb185645b3bef8657c75e305a\",\"name\":\"mhais\",\"image\":{\"@type\":\"ImageObject\",\"inLanguage\":\"pt-BR\",\"@id\":\"https:\/\/www.sitsesp.org.br\/novo\/#\/schema\/person\/image\/\",\"url\":\"https:\/\/secure.gravatar.com\/avatar\/6f4eabe86990e81328cf702edfa92a60?s=96&d=mm&r=g\",\"contentUrl\":\"https:\/\/secure.gravatar.com\/avatar\/6f4eabe86990e81328cf702edfa92a60?s=96&d=mm&r=g\",\"caption\":\"mhais\"},\"sameAs\":[\"http:\/\/localhost\/sitsesp\"]}]}<\/script>\n<!-- \/ Yoast SEO plugin. -->","yoast_head_json":{"title":"Movimentos de moradia se somam \u00e0 luta contra o fechamento de escolas - SITSESP","robots":{"index":"index","follow":"follow","max-snippet":"max-snippet:-1","max-image-preview":"max-image-preview:large","max-video-preview":"max-video-preview:-1"},"canonical":"https:\/\/www.sitsesp.org.br\/novo\/movimentos-de-moradia-se-somam-a-luta-contra-o-fechamento-de-escolas\/","og_locale":"pt_BR","og_type":"article","og_title":"Movimentos de moradia se somam \u00e0 luta contra o fechamento de escolas - SITSESP","og_description":"\u00a0 O protesto reuniu 5 mil pessoas entre sem-teto, sem-terra, estudantes, professores e trabalhadores de diferentes categorias, como petroleiros, em greve&hellip;","og_url":"https:\/\/www.sitsesp.org.br\/novo\/movimentos-de-moradia-se-somam-a-luta-contra-o-fechamento-de-escolas\/","og_site_name":"SITSESP","article_published_time":"2016-02-07T21:49:29+00:00","og_image":[{"width":599,"height":399,"url":"https:\/\/www.sitsesp.org.br\/novo\/wp-content\/uploads\/2020\/10\/1504283088-1.jpg","type":"image\/jpeg"}],"author":"mhais","twitter_card":"summary_large_image","twitter_misc":{"Escrito por":"mhais","Est. tempo de leitura":"5 minutos"},"schema":{"@context":"https:\/\/schema.org","@graph":[{"@type":"Article","@id":"https:\/\/www.sitsesp.org.br\/novo\/movimentos-de-moradia-se-somam-a-luta-contra-o-fechamento-de-escolas\/#article","isPartOf":{"@id":"https:\/\/www.sitsesp.org.br\/novo\/movimentos-de-moradia-se-somam-a-luta-contra-o-fechamento-de-escolas\/"},"author":{"name":"mhais","@id":"https:\/\/www.sitsesp.org.br\/novo\/#\/schema\/person\/2a4c180eb185645b3bef8657c75e305a"},"headline":"Movimentos de moradia se somam \u00e0 luta contra o fechamento de escolas","datePublished":"2016-02-07T21:49:29+00:00","dateModified":"2016-02-07T21:49:29+00:00","mainEntityOfPage":{"@id":"https:\/\/www.sitsesp.org.br\/novo\/movimentos-de-moradia-se-somam-a-luta-contra-o-fechamento-de-escolas\/"},"wordCount":1088,"commentCount":0,"publisher":{"@id":"https:\/\/www.sitsesp.org.br\/novo\/#organization"},"image":{"@id":"https:\/\/www.sitsesp.org.br\/novo\/movimentos-de-moradia-se-somam-a-luta-contra-o-fechamento-de-escolas\/#primaryimage"},"thumbnailUrl":"https:\/\/www.sitsesp.org.br\/novo\/wp-content\/uploads\/2020\/10\/1504283088-1.jpg","articleSection":["Noticias"],"inLanguage":"pt-BR","potentialAction":[{"@type":"CommentAction","name":"Comment","target":["https:\/\/www.sitsesp.org.br\/novo\/movimentos-de-moradia-se-somam-a-luta-contra-o-fechamento-de-escolas\/#respond"]}]},{"@type":"WebPage","@id":"https:\/\/www.sitsesp.org.br\/novo\/movimentos-de-moradia-se-somam-a-luta-contra-o-fechamento-de-escolas\/","url":"https:\/\/www.sitsesp.org.br\/novo\/movimentos-de-moradia-se-somam-a-luta-contra-o-fechamento-de-escolas\/","name":"Movimentos de moradia se somam \u00e0 luta contra o fechamento de escolas - SITSESP","isPartOf":{"@id":"https:\/\/www.sitsesp.org.br\/novo\/#website"},"primaryImageOfPage":{"@id":"https:\/\/www.sitsesp.org.br\/novo\/movimentos-de-moradia-se-somam-a-luta-contra-o-fechamento-de-escolas\/#primaryimage"},"image":{"@id":"https:\/\/www.sitsesp.org.br\/novo\/movimentos-de-moradia-se-somam-a-luta-contra-o-fechamento-de-escolas\/#primaryimage"},"thumbnailUrl":"https:\/\/www.sitsesp.org.br\/novo\/wp-content\/uploads\/2020\/10\/1504283088-1.jpg","datePublished":"2016-02-07T21:49:29+00:00","dateModified":"2016-02-07T21:49:29+00:00","breadcrumb":{"@id":"https:\/\/www.sitsesp.org.br\/novo\/movimentos-de-moradia-se-somam-a-luta-contra-o-fechamento-de-escolas\/#breadcrumb"},"inLanguage":"pt-BR","potentialAction":[{"@type":"ReadAction","target":["https:\/\/www.sitsesp.org.br\/novo\/movimentos-de-moradia-se-somam-a-luta-contra-o-fechamento-de-escolas\/"]}]},{"@type":"ImageObject","inLanguage":"pt-BR","@id":"https:\/\/www.sitsesp.org.br\/novo\/movimentos-de-moradia-se-somam-a-luta-contra-o-fechamento-de-escolas\/#primaryimage","url":"https:\/\/www.sitsesp.org.br\/novo\/wp-content\/uploads\/2020\/10\/1504283088-1.jpg","contentUrl":"https:\/\/www.sitsesp.org.br\/novo\/wp-content\/uploads\/2020\/10\/1504283088-1.jpg","width":599,"height":399},{"@type":"BreadcrumbList","@id":"https:\/\/www.sitsesp.org.br\/novo\/movimentos-de-moradia-se-somam-a-luta-contra-o-fechamento-de-escolas\/#breadcrumb","itemListElement":[{"@type":"ListItem","position":1,"name":"In\u00edcio","item":"https:\/\/www.sitsesp.org.br\/novo\/"},{"@type":"ListItem","position":2,"name":"Movimentos de moradia se somam \u00e0 luta contra o fechamento de escolas"}]},{"@type":"WebSite","@id":"https:\/\/www.sitsesp.org.br\/novo\/#website","url":"https:\/\/www.sitsesp.org.br\/novo\/","name":"Sitsesp","description":"SIndicato da Socioeduca\u00e7\u00e3o do Estado de S\u00e3o Paulo","publisher":{"@id":"https:\/\/www.sitsesp.org.br\/novo\/#organization"},"potentialAction":[{"@type":"SearchAction","target":{"@type":"EntryPoint","urlTemplate":"https:\/\/www.sitsesp.org.br\/novo\/?s={search_term_string}"},"query-input":"required name=search_term_string"}],"inLanguage":"pt-BR"},{"@type":"Organization","@id":"https:\/\/www.sitsesp.org.br\/novo\/#organization","name":"Sitsesp","url":"https:\/\/www.sitsesp.org.br\/novo\/","logo":{"@type":"ImageObject","inLanguage":"pt-BR","@id":"https:\/\/www.sitsesp.org.br\/novo\/#\/schema\/logo\/image\/","url":"https:\/\/www.sitsesp.org.br\/novo\/wp-content\/uploads\/2020\/09\/Design-sem-nome-1.jpg","contentUrl":"https:\/\/www.sitsesp.org.br\/novo\/wp-content\/uploads\/2020\/09\/Design-sem-nome-1.jpg","width":300,"height":300,"caption":"Sitsesp"},"image":{"@id":"https:\/\/www.sitsesp.org.br\/novo\/#\/schema\/logo\/image\/"}},{"@type":"Person","@id":"https:\/\/www.sitsesp.org.br\/novo\/#\/schema\/person\/2a4c180eb185645b3bef8657c75e305a","name":"mhais","image":{"@type":"ImageObject","inLanguage":"pt-BR","@id":"https:\/\/www.sitsesp.org.br\/novo\/#\/schema\/person\/image\/","url":"https:\/\/secure.gravatar.com\/avatar\/6f4eabe86990e81328cf702edfa92a60?s=96&d=mm&r=g","contentUrl":"https:\/\/secure.gravatar.com\/avatar\/6f4eabe86990e81328cf702edfa92a60?s=96&d=mm&r=g","caption":"mhais"},"sameAs":["http:\/\/localhost\/sitsesp"]}]}},"_links":{"self":[{"href":"https:\/\/www.sitsesp.org.br\/novo\/wp-json\/wp\/v2\/posts\/1959"}],"collection":[{"href":"https:\/\/www.sitsesp.org.br\/novo\/wp-json\/wp\/v2\/posts"}],"about":[{"href":"https:\/\/www.sitsesp.org.br\/novo\/wp-json\/wp\/v2\/types\/post"}],"author":[{"embeddable":true,"href":"https:\/\/www.sitsesp.org.br\/novo\/wp-json\/wp\/v2\/users\/1"}],"replies":[{"embeddable":true,"href":"https:\/\/www.sitsesp.org.br\/novo\/wp-json\/wp\/v2\/comments?post=1959"}],"version-history":[{"count":0,"href":"https:\/\/www.sitsesp.org.br\/novo\/wp-json\/wp\/v2\/posts\/1959\/revisions"}],"wp:featuredmedia":[{"embeddable":true,"href":"https:\/\/www.sitsesp.org.br\/novo\/wp-json\/wp\/v2\/media\/1960"}],"wp:attachment":[{"href":"https:\/\/www.sitsesp.org.br\/novo\/wp-json\/wp\/v2\/media?parent=1959"}],"wp:term":[{"taxonomy":"category","embeddable":true,"href":"https:\/\/www.sitsesp.org.br\/novo\/wp-json\/wp\/v2\/categories?post=1959"},{"taxonomy":"post_tag","embeddable":true,"href":"https:\/\/www.sitsesp.org.br\/novo\/wp-json\/wp\/v2\/tags?post=1959"}],"curies":[{"name":"wp","href":"https:\/\/api.w.org\/{rel}","templated":true}]}}