{"id":1961,"date":"2016-02-07T20:01:58","date_gmt":"2016-02-07T22:01:58","guid":{"rendered":"https:\/\/pecorari-cloud72.pecoraricloud.com.br\/~sitsesporg\/cut-convoca-para-3-de-outubro-dia-nacional-de-lutas\/"},"modified":"2016-02-07T20:01:58","modified_gmt":"2016-02-07T22:01:58","slug":"cut-convoca-para-3-de-outubro-dia-nacional-de-lutas","status":"publish","type":"post","link":"https:\/\/www.sitsesp.org.br\/novo\/cut-convoca-para-3-de-outubro-dia-nacional-de-lutas\/","title":{"rendered":"CUT convoca para 3 de outubro, Dia Nacional de Lutas"},"content":{"rendered":"<p><!-- VideographyWP Plugin Message: Automatic video embedding prevented by plugin options. --><\/p>\n<p class=\"MsoNormal\" style=\"margin-bottom: 0.0001pt; text-align: justify; line-height: normal; vertical-align: baseline; background-image: initial; background-attachment: initial; background-size: initial; background-origin: initial; background-clip: initial; background-position: initial; background-repeat: initial;\"><span style=\"font-size: 10.5pt; font-family: Arial, sans-serif;\">A Dire&#231;&#227;o Executiva da CUT, reunida no dia 16 de setembro em S&#227;o Paulo, manifestou sua preocupa&#231;&#227;o com o agravamento da crise pol&#237;tica e econ&#244;mica brasileira, particularmente com as medidas err&#225;ticas do governo, como o mais recente pacote de medidas fiscais, que apontam para o aprofundamento da recess&#227;o, na contram&#227;o do projeto que obteve o apoio popular nas &#250;ltimas elei&#231;&#245;es.<\/span><\/p>\n<p class=\"MsoNormal\" style=\"margin-bottom: 0.0001pt; text-align: justify; line-height: normal; vertical-align: baseline; background-image: initial; background-attachment: initial; background-size: initial; background-origin: initial; background-clip: initial; background-position: initial; background-repeat: initial;\"><span style=\"font-size: 10.5pt; font-family: Arial, sans-serif;\">A Central reafirma sua posi&#231;&#227;o contr&#225;ria &#224; atual pol&#237;tica econ&#244;mica do governo e ao pacote de medidas fiscais de 14 de setembro, pois os cortes atingem programas sociais reduzindo seus gastos, inibem o investimento p&#250;blico, e o recuo do Governo Federal nos acordos j&#225; praticamente alcan&#231;ados com as entidades dos servidores federais, como a Condsef e CNTSS-CUT, adiando em 6 meses a aplica&#231;&#227;o da primeira parcela de reajuste salarial. Do lado das receitas pretendidas, o pacote onera a produ&#231;&#227;o, sem tocar no capital especulativo e as altas taxas de juros que o beneficiam, aumenta impostos de forma regressiva, afetando os setores de menor renda. A nova proposta de CPMF cuja arrecada&#231;&#227;o seria destinada a pagar aposentadorias pode ser a antessala de um novo ataque &#224; Previd&#234;ncia da classe trabalhadora, como insinuou o ministro Levy.<\/span><\/p>\n<p class=\"MsoNormal\" style=\"margin-bottom: 0.0001pt; text-align: justify; line-height: normal; vertical-align: baseline; background-image: initial; background-attachment: initial; background-size: initial; background-origin: initial; background-clip: initial; background-position: initial; background-repeat: initial;\"><span style=\"font-size: 10.5pt; font-family: Arial, sans-serif;\">No seu conjunto, o pacote prolonga a pol&#237;tica de ajuste fiscal, que provoca recess&#227;o e n&#227;o crescimento econ&#244;mico, como sa&#237;da para a crise. Para a CUT as medidas para o equil&#237;brio or&#231;ament&#225;rio deveriam ser outras: combater a sonega&#231;&#227;o fiscal, taxar grandes fortunas e a remessa de lucros das multinacionais, al&#233;m de uma pol&#237;tica tribut&#225;ria progressiva. O pacote, al&#233;m disso, foi anunciado sem qualquer di&#225;logo com a sociedade, particularmente com os setores que v&#234;m dando sustenta&#231;&#227;o social ao governo.<\/span><\/p>\n<p class=\"MsoNormal\" style=\"margin-bottom: 0.0001pt; text-align: justify; line-height: normal; vertical-align: baseline; background-image: initial; background-attachment: initial; background-size: initial; background-origin: initial; background-clip: initial; background-position: initial; background-repeat: initial;\"><span style=\"font-size: 10.5pt; font-family: Arial, sans-serif;\">A insist&#234;ncia por parte do governo federal no aprofundamento das pol&#237;ticas de &#8220;austeridade&#8221; para gerar super&#225;vit prim&#225;rio (destinado a pagar banqueiros e especuladores de t&#237;tulos da d&#237;vida p&#250;blica) &#233; confirmada pelo conte&#250;do global desse pacote e tem sido a moeda de troca exigida pelo empresariado para continuar apoiando o governo. Os setores que apostam neste tipo de pol&#237;tica que agu&#231;ou j&#225; a crise com meio milh&#227;o de empregos perdidos e uma recess&#227;o prolongada, s&#227;o os mesmos interessados em rebaixar sal&#225;rios e retirar direitos, fragilizar os sindicatos, para criar condi&#231;&#245;es para um modelo econ&#244;mico que amplie as desigualdades sociais, fa&#231;a novas entregas do patrim&#244;nio p&#250;blico, diminua a prote&#231;&#227;o social, reduzindo ao m&#237;nimo as fun&#231;&#245;es do Estado e colocando o pa&#237;s numa situa&#231;&#227;o de subordina&#231;&#227;o aos interesses das corpora&#231;&#245;es multinacionais. Eles aproveitam a fragilidade do governo e seus desacertos na economia para desconstruir, com o apoio da m&#237;dia e de seus representantes no Congresso, o projeto que foi desenvolvido nos &#250;ltimos 12 anos.<\/span><\/p>\n<p class=\"MsoNormal\" style=\"margin-bottom: 0.0001pt; text-align: justify; line-height: normal; vertical-align: baseline; background-image: initial; background-attachment: initial; background-size: initial; background-origin: initial; background-clip: initial; background-position: initial; background-repeat: initial;\"><span style=\"font-size: 10.5pt; font-family: Arial, sans-serif;\">Diante deste quadro, a CUT reafirma sua posi&#231;&#227;o de que a sa&#237;da para a crise econ&#244;mica &#233; pela via do crescimento que preserve o patrim&#244;nio p&#250;blico, promova o emprego, distribua melhor a renda, diminua as desigualdades sociais e aumente a prote&#231;&#227;o social. Para combater a atual pol&#237;tica econ&#244;mica, a CUT seguir&#225; fortalecendo a unidade dos setores sindicais, populares e democr&#225;ticos, como integrante da Frente Brasil Popular lan&#231;ada em Belo Horizonte em 5 de setembro, espa&#231;o onde discutir&#225; suas propostas alternativas de pol&#237;tica econ&#244;mica e de aprofundamento da democracia no nosso pa&#237;s.<\/span><\/p>\n<p class=\"MsoNormal\" style=\"margin-bottom: 0.0001pt; text-align: justify; line-height: normal; vertical-align: baseline; background-image: initial; background-attachment: initial; background-size: initial; background-origin: initial; background-clip: initial; background-position: initial; background-repeat: initial;\"><span style=\"font-size: 10.5pt; font-family: Arial, sans-serif;\">A CUT continuar&#225; mobilizando suas bases, unificando as categorias em campanha salarial em torno das palavras de ordem &#8220;Nenhum direito a menos&#8221;, &#8220;Nenhuma demiss&#227;o&#8221;, defendendo ganhos reais de sal&#225;rio e a democracia. A unifica&#231;&#227;o das campanhas salariais, a greve nacional dos petroleiros que a FUP est&#225; organizando no per&#237;odo, as greves nas montadoras do ABC, como agora na Ford, contra as demiss&#245;es, colocam para a Central a urg&#234;ncia de intensificar a luta em defesa do emprego.<\/span><\/p>\n<p class=\"MsoNormal\" style=\"margin-bottom: 0.0001pt; text-align: justify; line-height: normal; vertical-align: baseline; background-image: initial; background-attachment: initial; background-size: initial; background-origin: initial; background-clip: initial; background-position: initial; background-repeat: initial;\"><span style=\"font-size: 10.5pt; font-family: Arial, sans-serif;\">De imediato, a Executiva nacional da CUT, diante do inaceit&#225;vel recuo do governo em conceder o reajuste salarial dos servidores p&#250;blicos federais, conclama todas as suas bases a engrossarem a luta da categoria em todo o pa&#237;s e o seu engajamento no Dia Nacional de Luta de 23 de setembro.<\/span><\/p>\n<p class=\"MsoNormal\" style=\"margin-bottom: 0.0001pt; text-align: justify; line-height: normal; vertical-align: baseline; background-image: initial; background-attachment: initial; background-size: initial; background-origin: initial; background-clip: initial; background-position: initial; background-repeat: initial;\"><span style=\"font-size: 10.5pt; font-family: Arial, sans-serif;\">A CUT conclama tamb&#233;m as suas bases a participarem do Dia Nacional de Mobiliza&#231;&#245;es de 3 de outubro chamado pela Frente Brasil Popular em todas as capitais em defesa da Petrobras, da democracia, dos direitos e por outra pol&#237;tica econ&#244;mica. Esta jornada, no caso do Estado do Rio de Janeiro, se dar&#225; no dia 2 de outubro em Niter&#243;i, num grande ato de iniciativa dos petroleiros (FUP) e metal&#250;rgicos dos estaleiros navais que sofrem uma onda de demiss&#245;es<\/span>&#160;<\/p>\n<p class=\"MsoNormal\" style=\"margin-bottom: 0.0001pt; text-align: justify; line-height: normal; vertical-align: baseline; background-image: initial; background-attachment: initial; background-size: initial; background-origin: initial; background-clip: initial; background-position: initial; background-repeat: initial;\"><span style=\"font-size: 10.5pt; font-family: Arial, sans-serif;\">O enfrentamento da atual pol&#237;tica econ&#244;mica e da ofensiva conservadora se dar&#225; com os trabalhadores e o povo nas ruas, pressionando o governo e o Congresso e preparando a greve geral que a Central pretende discutir em outubro no CONCUT.<\/span><\/p>\n<p class=\"MsoNormal\" style=\"margin-bottom: 0.0001pt; text-align: justify; line-height: normal; vertical-align: baseline; background-image: initial; background-attachment: initial; background-size: initial; background-origin: initial; background-clip: initial; background-position: initial; background-repeat: initial;\"><span style=\"font-size: 10.5pt; font-family: Arial, sans-serif;\">A Executiva Nacional da CUT se soma &#224;s centenas de entidades que lutam por uma reforma pol&#237;tica democr&#225;tica. Neste momento em que o STF acaba de julgar inconstitucional o financiamento empresarial de campanhas eleitorais, revindicamos o veto da Presidente Dilma ao PL 5735\/13 &#8211; Minirreforma Eleitoral &#8211; que o Congresso enviar&#225; &#224; san&#231;&#227;o presidencial mantendo esta forma de financiamento &#224;s campanhas eleitorais, raz&#227;o fundamental dos sucessivos casos de corrup&#231;&#227;o que gangrenam o sistema pol&#237;tico brasileiro. A CUT estar&#225; junto com todas essas entidades na campanha &#8220;Veta Dilma!&#8221;.<\/span><\/p>\n<p class=\"MsoNormal\" style=\"margin-bottom: 0.0001pt; text-align: justify; line-height: normal; vertical-align: baseline; background-image: initial; background-attachment: initial; background-size: initial; background-origin: initial; background-clip: initial; background-position: initial; background-repeat: initial;\"><span style=\"font-size: 10.5pt; font-family: Arial, sans-serif;\">&#160;<\/span><\/p>\n<p class=\"MsoNormal\" style=\"margin-bottom: 0.0001pt; text-align: justify; line-height: normal; vertical-align: baseline; background-image: initial; background-attachment: initial; background-size: initial; background-origin: initial; background-clip: initial; background-position: initial; background-repeat: initial;\"><b><span style=\"font-size: 10.5pt; font-family: Arial, sans-serif;\">FAP<\/span><\/b><\/p>\n<p class=\"MsoNormal\" style=\"margin-bottom: 0.0001pt; text-align: justify; line-height: normal; vertical-align: baseline; background-image: initial; background-attachment: initial; background-size: initial; background-origin: initial; background-clip: initial; background-position: initial; background-repeat: initial;\"><span style=\"font-size: 10.5pt; font-family: Arial, sans-serif;\">A Executiva Nacional, considerando a posi&#231;&#227;o apresentada pela Secretaria Nacional de ST e pelo Coletivo Nacional de ST, entendendo que as mudan&#231;as nas regras do Fator Acident&#225;rio de Preven&#231;&#227;o, propostas pelo governo, em nada favorecem aos trabalhadores, ao contr&#225;rio, representam um retrocesso relativamente &#224; pol&#237;tica de preven&#231;&#227;o de acidentes e doen&#231;as do trabalho, deliberou por orientar o representante da CUT no Conselho Nacional de Previd&#234;ncia Social &#8211; CNPS a posicionar-se contra a todas elas, &#224; exce&#231;&#227;o da proposta de retirada da redu&#231;&#227;o de 25% na faixa malus. Deliberou tamb&#233;m que nosso representante dever&#225; debater com os demais membros das bancadas dos trabalhadores e dos aposentados no sentido de votar de forma unificada, recha&#231;ando as propostas de 1) mudan&#231;a na forma de apura&#231;&#227;o de CNPJ raiz para estabelecimento; 2) retirada do c&#225;lculo do FAP das CAT com afastamentos at&#233; quinze dias; 3) retirada do c&#225;lculo do FAP das CAT por acidentes de trajeto; 4) retirada do bloqueio da faixa b&#244;nus (FAP &gt; 1) de empresas que apresentem casos de morte ou invalidez permanente por AT; 5) retirada do bloqueio da faixa b&#244;nus para empresas apresentem taxa de rotatividade maior que 75%; 6) altera&#231;&#227;o no crit&#233;rio de desempate e aprovando a proposta de retirada do desconto na faixa malus. Agendar, com as demais centrais, audi&#234;ncia com o ministro da Previd&#234;ncia para cobrar do governo federal uma postura mais comprometida com os interesses dos trabalhadores ao inv&#233;s de ceder &#224;s press&#245;es empresariais, n&#227;o somente em rela&#231;&#227;o ao FAP, bem como a outros ataques aos direitos previdenci&#225;rios em geral.<\/span><\/p>\n<p class=\"MsoNormal\" style=\"margin-bottom: 0.0001pt; text-align: justify; line-height: normal; vertical-align: baseline; background-image: initial; background-attachment: initial; background-size: initial; background-origin: initial; background-clip: initial; background-position: initial; background-repeat: initial;\"><b><span style=\"font-size: 10.5pt; font-family: Arial, sans-serif;\">&#160;<\/span><\/b><\/p>\n<p class=\"MsoNormal\" style=\"margin-bottom: 0.0001pt; text-align: justify; line-height: normal; vertical-align: baseline; background-image: initial; background-attachment: initial; background-size: initial; background-origin: initial; background-clip: initial; background-position: initial; background-repeat: initial;\"><b><span style=\"font-size: 10.5pt; font-family: Arial, sans-serif;\">NR 12<\/span><\/b><\/p>\n<p class=\"MsoNormal\" style=\"margin-bottom: 0.0001pt; text-align: justify; line-height: normal; vertical-align: baseline; background-image: initial; background-attachment: initial; background-size: initial; background-origin: initial; background-clip: initial; background-position: initial; background-repeat: initial;\"><span style=\"font-size: 10.5pt; font-family: Arial, sans-serif;\">Recha&#231;ar veementemente as tentativas de revoga&#231;&#227;o da NR 12 pelos patr&#245;es, tanto por meio de lobbies e press&#245;es junto ao ministro do Trabalho e Emprego, bem como com a&#231;&#245;es judiciais e apresenta&#231;&#227;o de Projetos de Lei na C&#226;mara e no Senado, deixando claro que, caso os empres&#225;rios continuem a desrespeitar as mesas tripartites das quais fazem parte, buscando alterar em outras inst&#226;ncias quest&#245;es consensuadas na CTPP e suas subcomiss&#245;es, os trabalhadores n&#227;o ter&#227;o mais interesse em participar do processo tripartite.<\/span><\/p>\n<p class=\"MsoNormal\" style=\"margin-bottom: 0.0001pt; text-align: justify; line-height: normal; vertical-align: baseline; background-image: initial; background-attachment: initial; background-size: initial; background-origin: initial; background-clip: initial; background-position: initial; background-repeat: initial;\"><span style=\"font-size: 10.5pt; font-family: Arial, sans-serif;\">&#160;<\/span><\/p>\n<p class=\"MsoNormal\" style=\"margin-bottom: 0.0001pt; text-align: justify; line-height: normal; vertical-align: baseline; background-image: initial; background-attachment: initial; background-size: initial; background-origin: initial; background-clip: initial; background-position: initial; background-repeat: initial;\"><span style=\"font-size: 10.5pt; font-family: Arial, sans-serif;\">EM DEFESA DA DEMOCRACIA<\/span><\/p>\n<p class=\"MsoNormal\" style=\"margin-bottom: 0.0001pt; text-align: justify; line-height: normal; vertical-align: baseline; background-image: initial; background-attachment: initial; background-size: initial; background-origin: initial; background-clip: initial; background-position: initial; background-repeat: initial;\"><span style=\"font-size: 10.5pt; font-family: Arial, sans-serif;\">CONTRA A ATUAL POL&#205;TICA ECON&#212;MICA<\/span><\/p>\n<p class=\"MsoNormal\" style=\"margin-bottom: 0.0001pt; text-align: justify; line-height: normal; vertical-align: baseline; background-image: initial; background-attachment: initial; background-size: initial; background-origin: initial; background-clip: initial; background-position: initial; background-repeat: initial;\"><span style=\"font-size: 10.5pt; font-family: Arial, sans-serif;\">EM DEFESA DO EMPREGO E DO SAL&#193;RIO<\/span><\/p>\n<p class=\"MsoNormal\" style=\"margin-bottom: 0.0001pt; text-align: justify; line-height: normal; vertical-align: baseline; background-image: initial; background-attachment: initial; background-size: initial; background-origin: initial; background-clip: initial; background-position: initial; background-repeat: initial;\"><span style=\"font-size: 10.5pt; font-family: Arial, sans-serif;\">EM DEFESA DA PETROBRAS<\/span><\/p>\n<p class=\"MsoNormal\" style=\"text-align: justify; line-height: normal; vertical-align: baseline; background-image: initial; background-attachment: initial; background-size: initial; background-origin: initial; background-clip: initial; background-position: initial; background-repeat: initial;\"><span style=\"font-size: 10.5pt; font-family: Arial, sans-serif;\">NENHUM DIREITO A MENOS<\/span><\/p>\n","protected":false},"excerpt":{"rendered":"<p>A Dire&#231;&#227;o Executiva da CUT, reunida no dia 16 de setembro em S&#227;o Paulo, manifestou sua preocupa&#231;&#227;o com o agravamento da&hellip;<\/p>\n","protected":false},"author":1,"featured_media":0,"comment_status":"open","ping_status":"open","sticky":false,"template":"","format":"standard","meta":{"cybocfi_hide_featured_image":"","footnotes":""},"categories":[22],"tags":[],"yoast_head":"<!-- This site is optimized with the Yoast SEO plugin v22.8 - https:\/\/yoast.com\/wordpress\/plugins\/seo\/ -->\n<title>CUT convoca para 3 de outubro, Dia Nacional de Lutas - SITSESP<\/title>\n<meta name=\"robots\" content=\"index, follow, max-snippet:-1, max-image-preview:large, max-video-preview:-1\" \/>\n<link rel=\"canonical\" href=\"https:\/\/www.sitsesp.org.br\/novo\/cut-convoca-para-3-de-outubro-dia-nacional-de-lutas\/\" \/>\n<meta property=\"og:locale\" content=\"pt_BR\" \/>\n<meta property=\"og:type\" content=\"article\" \/>\n<meta property=\"og:title\" content=\"CUT convoca para 3 de outubro, Dia Nacional de Lutas - SITSESP\" \/>\n<meta property=\"og:description\" content=\"A Dire&#231;&#227;o Executiva da CUT, reunida no dia 16 de setembro em S&#227;o Paulo, manifestou sua preocupa&#231;&#227;o com o agravamento da&hellip;\" \/>\n<meta property=\"og:url\" content=\"https:\/\/www.sitsesp.org.br\/novo\/cut-convoca-para-3-de-outubro-dia-nacional-de-lutas\/\" \/>\n<meta property=\"og:site_name\" content=\"SITSESP\" \/>\n<meta property=\"article:published_time\" content=\"2016-02-07T22:01:58+00:00\" \/>\n<meta name=\"author\" content=\"mhais\" \/>\n<meta name=\"twitter:card\" content=\"summary_large_image\" \/>\n<meta name=\"twitter:label1\" content=\"Escrito por\" \/>\n\t<meta name=\"twitter:data1\" content=\"mhais\" \/>\n\t<meta name=\"twitter:label2\" content=\"Est. tempo de leitura\" \/>\n\t<meta name=\"twitter:data2\" content=\"7 minutos\" \/>\n<script type=\"application\/ld+json\" class=\"yoast-schema-graph\">{\"@context\":\"https:\/\/schema.org\",\"@graph\":[{\"@type\":\"Article\",\"@id\":\"https:\/\/www.sitsesp.org.br\/novo\/cut-convoca-para-3-de-outubro-dia-nacional-de-lutas\/#article\",\"isPartOf\":{\"@id\":\"https:\/\/www.sitsesp.org.br\/novo\/cut-convoca-para-3-de-outubro-dia-nacional-de-lutas\/\"},\"author\":{\"name\":\"mhais\",\"@id\":\"https:\/\/www.sitsesp.org.br\/novo\/#\/schema\/person\/2a4c180eb185645b3bef8657c75e305a\"},\"headline\":\"CUT convoca para 3 de outubro, Dia Nacional de Lutas\",\"datePublished\":\"2016-02-07T22:01:58+00:00\",\"dateModified\":\"2016-02-07T22:01:58+00:00\",\"mainEntityOfPage\":{\"@id\":\"https:\/\/www.sitsesp.org.br\/novo\/cut-convoca-para-3-de-outubro-dia-nacional-de-lutas\/\"},\"wordCount\":1340,\"commentCount\":0,\"publisher\":{\"@id\":\"https:\/\/www.sitsesp.org.br\/novo\/#organization\"},\"articleSection\":[\"Noticias\"],\"inLanguage\":\"pt-BR\",\"potentialAction\":[{\"@type\":\"CommentAction\",\"name\":\"Comment\",\"target\":[\"https:\/\/www.sitsesp.org.br\/novo\/cut-convoca-para-3-de-outubro-dia-nacional-de-lutas\/#respond\"]}]},{\"@type\":\"WebPage\",\"@id\":\"https:\/\/www.sitsesp.org.br\/novo\/cut-convoca-para-3-de-outubro-dia-nacional-de-lutas\/\",\"url\":\"https:\/\/www.sitsesp.org.br\/novo\/cut-convoca-para-3-de-outubro-dia-nacional-de-lutas\/\",\"name\":\"CUT convoca para 3 de outubro, Dia Nacional de Lutas - SITSESP\",\"isPartOf\":{\"@id\":\"https:\/\/www.sitsesp.org.br\/novo\/#website\"},\"datePublished\":\"2016-02-07T22:01:58+00:00\",\"dateModified\":\"2016-02-07T22:01:58+00:00\",\"breadcrumb\":{\"@id\":\"https:\/\/www.sitsesp.org.br\/novo\/cut-convoca-para-3-de-outubro-dia-nacional-de-lutas\/#breadcrumb\"},\"inLanguage\":\"pt-BR\",\"potentialAction\":[{\"@type\":\"ReadAction\",\"target\":[\"https:\/\/www.sitsesp.org.br\/novo\/cut-convoca-para-3-de-outubro-dia-nacional-de-lutas\/\"]}]},{\"@type\":\"BreadcrumbList\",\"@id\":\"https:\/\/www.sitsesp.org.br\/novo\/cut-convoca-para-3-de-outubro-dia-nacional-de-lutas\/#breadcrumb\",\"itemListElement\":[{\"@type\":\"ListItem\",\"position\":1,\"name\":\"In\u00edcio\",\"item\":\"https:\/\/www.sitsesp.org.br\/novo\/\"},{\"@type\":\"ListItem\",\"position\":2,\"name\":\"CUT convoca para 3 de outubro, Dia Nacional de Lutas\"}]},{\"@type\":\"WebSite\",\"@id\":\"https:\/\/www.sitsesp.org.br\/novo\/#website\",\"url\":\"https:\/\/www.sitsesp.org.br\/novo\/\",\"name\":\"Sitsesp\",\"description\":\"SIndicato da Socioeduca\u00e7\u00e3o do Estado de S\u00e3o Paulo\",\"publisher\":{\"@id\":\"https:\/\/www.sitsesp.org.br\/novo\/#organization\"},\"potentialAction\":[{\"@type\":\"SearchAction\",\"target\":{\"@type\":\"EntryPoint\",\"urlTemplate\":\"https:\/\/www.sitsesp.org.br\/novo\/?s={search_term_string}\"},\"query-input\":\"required name=search_term_string\"}],\"inLanguage\":\"pt-BR\"},{\"@type\":\"Organization\",\"@id\":\"https:\/\/www.sitsesp.org.br\/novo\/#organization\",\"name\":\"Sitsesp\",\"url\":\"https:\/\/www.sitsesp.org.br\/novo\/\",\"logo\":{\"@type\":\"ImageObject\",\"inLanguage\":\"pt-BR\",\"@id\":\"https:\/\/www.sitsesp.org.br\/novo\/#\/schema\/logo\/image\/\",\"url\":\"https:\/\/www.sitsesp.org.br\/novo\/wp-content\/uploads\/2020\/09\/Design-sem-nome-1.jpg\",\"contentUrl\":\"https:\/\/www.sitsesp.org.br\/novo\/wp-content\/uploads\/2020\/09\/Design-sem-nome-1.jpg\",\"width\":300,\"height\":300,\"caption\":\"Sitsesp\"},\"image\":{\"@id\":\"https:\/\/www.sitsesp.org.br\/novo\/#\/schema\/logo\/image\/\"}},{\"@type\":\"Person\",\"@id\":\"https:\/\/www.sitsesp.org.br\/novo\/#\/schema\/person\/2a4c180eb185645b3bef8657c75e305a\",\"name\":\"mhais\",\"image\":{\"@type\":\"ImageObject\",\"inLanguage\":\"pt-BR\",\"@id\":\"https:\/\/www.sitsesp.org.br\/novo\/#\/schema\/person\/image\/\",\"url\":\"https:\/\/secure.gravatar.com\/avatar\/6f4eabe86990e81328cf702edfa92a60?s=96&d=mm&r=g\",\"contentUrl\":\"https:\/\/secure.gravatar.com\/avatar\/6f4eabe86990e81328cf702edfa92a60?s=96&d=mm&r=g\",\"caption\":\"mhais\"},\"sameAs\":[\"http:\/\/localhost\/sitsesp\"]}]}<\/script>\n<!-- \/ Yoast SEO plugin. -->","yoast_head_json":{"title":"CUT convoca para 3 de outubro, Dia Nacional de Lutas - SITSESP","robots":{"index":"index","follow":"follow","max-snippet":"max-snippet:-1","max-image-preview":"max-image-preview:large","max-video-preview":"max-video-preview:-1"},"canonical":"https:\/\/www.sitsesp.org.br\/novo\/cut-convoca-para-3-de-outubro-dia-nacional-de-lutas\/","og_locale":"pt_BR","og_type":"article","og_title":"CUT convoca para 3 de outubro, Dia Nacional de Lutas - SITSESP","og_description":"A Dire&#231;&#227;o Executiva da CUT, reunida no dia 16 de setembro em S&#227;o Paulo, manifestou sua preocupa&#231;&#227;o com o agravamento da&hellip;","og_url":"https:\/\/www.sitsesp.org.br\/novo\/cut-convoca-para-3-de-outubro-dia-nacional-de-lutas\/","og_site_name":"SITSESP","article_published_time":"2016-02-07T22:01:58+00:00","author":"mhais","twitter_card":"summary_large_image","twitter_misc":{"Escrito por":"mhais","Est. tempo de leitura":"7 minutos"},"schema":{"@context":"https:\/\/schema.org","@graph":[{"@type":"Article","@id":"https:\/\/www.sitsesp.org.br\/novo\/cut-convoca-para-3-de-outubro-dia-nacional-de-lutas\/#article","isPartOf":{"@id":"https:\/\/www.sitsesp.org.br\/novo\/cut-convoca-para-3-de-outubro-dia-nacional-de-lutas\/"},"author":{"name":"mhais","@id":"https:\/\/www.sitsesp.org.br\/novo\/#\/schema\/person\/2a4c180eb185645b3bef8657c75e305a"},"headline":"CUT convoca para 3 de outubro, Dia Nacional de Lutas","datePublished":"2016-02-07T22:01:58+00:00","dateModified":"2016-02-07T22:01:58+00:00","mainEntityOfPage":{"@id":"https:\/\/www.sitsesp.org.br\/novo\/cut-convoca-para-3-de-outubro-dia-nacional-de-lutas\/"},"wordCount":1340,"commentCount":0,"publisher":{"@id":"https:\/\/www.sitsesp.org.br\/novo\/#organization"},"articleSection":["Noticias"],"inLanguage":"pt-BR","potentialAction":[{"@type":"CommentAction","name":"Comment","target":["https:\/\/www.sitsesp.org.br\/novo\/cut-convoca-para-3-de-outubro-dia-nacional-de-lutas\/#respond"]}]},{"@type":"WebPage","@id":"https:\/\/www.sitsesp.org.br\/novo\/cut-convoca-para-3-de-outubro-dia-nacional-de-lutas\/","url":"https:\/\/www.sitsesp.org.br\/novo\/cut-convoca-para-3-de-outubro-dia-nacional-de-lutas\/","name":"CUT convoca para 3 de outubro, Dia Nacional de Lutas - SITSESP","isPartOf":{"@id":"https:\/\/www.sitsesp.org.br\/novo\/#website"},"datePublished":"2016-02-07T22:01:58+00:00","dateModified":"2016-02-07T22:01:58+00:00","breadcrumb":{"@id":"https:\/\/www.sitsesp.org.br\/novo\/cut-convoca-para-3-de-outubro-dia-nacional-de-lutas\/#breadcrumb"},"inLanguage":"pt-BR","potentialAction":[{"@type":"ReadAction","target":["https:\/\/www.sitsesp.org.br\/novo\/cut-convoca-para-3-de-outubro-dia-nacional-de-lutas\/"]}]},{"@type":"BreadcrumbList","@id":"https:\/\/www.sitsesp.org.br\/novo\/cut-convoca-para-3-de-outubro-dia-nacional-de-lutas\/#breadcrumb","itemListElement":[{"@type":"ListItem","position":1,"name":"In\u00edcio","item":"https:\/\/www.sitsesp.org.br\/novo\/"},{"@type":"ListItem","position":2,"name":"CUT convoca para 3 de outubro, Dia Nacional de Lutas"}]},{"@type":"WebSite","@id":"https:\/\/www.sitsesp.org.br\/novo\/#website","url":"https:\/\/www.sitsesp.org.br\/novo\/","name":"Sitsesp","description":"SIndicato da Socioeduca\u00e7\u00e3o do Estado de S\u00e3o Paulo","publisher":{"@id":"https:\/\/www.sitsesp.org.br\/novo\/#organization"},"potentialAction":[{"@type":"SearchAction","target":{"@type":"EntryPoint","urlTemplate":"https:\/\/www.sitsesp.org.br\/novo\/?s={search_term_string}"},"query-input":"required name=search_term_string"}],"inLanguage":"pt-BR"},{"@type":"Organization","@id":"https:\/\/www.sitsesp.org.br\/novo\/#organization","name":"Sitsesp","url":"https:\/\/www.sitsesp.org.br\/novo\/","logo":{"@type":"ImageObject","inLanguage":"pt-BR","@id":"https:\/\/www.sitsesp.org.br\/novo\/#\/schema\/logo\/image\/","url":"https:\/\/www.sitsesp.org.br\/novo\/wp-content\/uploads\/2020\/09\/Design-sem-nome-1.jpg","contentUrl":"https:\/\/www.sitsesp.org.br\/novo\/wp-content\/uploads\/2020\/09\/Design-sem-nome-1.jpg","width":300,"height":300,"caption":"Sitsesp"},"image":{"@id":"https:\/\/www.sitsesp.org.br\/novo\/#\/schema\/logo\/image\/"}},{"@type":"Person","@id":"https:\/\/www.sitsesp.org.br\/novo\/#\/schema\/person\/2a4c180eb185645b3bef8657c75e305a","name":"mhais","image":{"@type":"ImageObject","inLanguage":"pt-BR","@id":"https:\/\/www.sitsesp.org.br\/novo\/#\/schema\/person\/image\/","url":"https:\/\/secure.gravatar.com\/avatar\/6f4eabe86990e81328cf702edfa92a60?s=96&d=mm&r=g","contentUrl":"https:\/\/secure.gravatar.com\/avatar\/6f4eabe86990e81328cf702edfa92a60?s=96&d=mm&r=g","caption":"mhais"},"sameAs":["http:\/\/localhost\/sitsesp"]}]}},"_links":{"self":[{"href":"https:\/\/www.sitsesp.org.br\/novo\/wp-json\/wp\/v2\/posts\/1961"}],"collection":[{"href":"https:\/\/www.sitsesp.org.br\/novo\/wp-json\/wp\/v2\/posts"}],"about":[{"href":"https:\/\/www.sitsesp.org.br\/novo\/wp-json\/wp\/v2\/types\/post"}],"author":[{"embeddable":true,"href":"https:\/\/www.sitsesp.org.br\/novo\/wp-json\/wp\/v2\/users\/1"}],"replies":[{"embeddable":true,"href":"https:\/\/www.sitsesp.org.br\/novo\/wp-json\/wp\/v2\/comments?post=1961"}],"version-history":[{"count":0,"href":"https:\/\/www.sitsesp.org.br\/novo\/wp-json\/wp\/v2\/posts\/1961\/revisions"}],"wp:attachment":[{"href":"https:\/\/www.sitsesp.org.br\/novo\/wp-json\/wp\/v2\/media?parent=1961"}],"wp:term":[{"taxonomy":"category","embeddable":true,"href":"https:\/\/www.sitsesp.org.br\/novo\/wp-json\/wp\/v2\/categories?post=1961"},{"taxonomy":"post_tag","embeddable":true,"href":"https:\/\/www.sitsesp.org.br\/novo\/wp-json\/wp\/v2\/tags?post=1961"}],"curies":[{"name":"wp","href":"https:\/\/api.w.org\/{rel}","templated":true}]}}