{"id":1997,"date":"2016-06-07T22:03:42","date_gmt":"2016-06-08T01:03:42","guid":{"rendered":"https:\/\/pecorari-cloud72.pecoraricloud.com.br\/~sitsesporg\/advogado-do-sindicato-faz-peticao-contra-compensacao-de-horas\/"},"modified":"2016-06-07T22:03:42","modified_gmt":"2016-06-08T01:03:42","slug":"advogado-do-sindicato-faz-peticao-contra-compensacao-de-horas","status":"publish","type":"post","link":"https:\/\/www.sitsesp.org.br\/novo\/advogado-do-sindicato-faz-peticao-contra-compensacao-de-horas\/","title":{"rendered":"Advogado do Sindicato faz peti\u00e7\u00e3o contra compensa\u00e7\u00e3o de horas"},"content":{"rendered":"<p><!-- VideographyWP Plugin Message: Automatic video embedding prevented by plugin options. --><\/p>\n<p style=\"text-align: justify; text-indent: 35.4pt; line-height: 150%;\"><span style=\"font-size: 12pt; line-height: 150%; font-family: Verdana, sans-serif;\"> informando aos desembargadores sobre o prazo estipulado pela Funda&ccedil;&atilde;o CASA da compensa&ccedil;&atilde;o dos dias parados pelo prazo de at&eacute; tr&ecirc;s meses, conforme <\/span><span style=\"font-size: 12pt; line-height: 150%; font-family: Verdana, sans-serif;\">Comunicado DRH n&ordm; 32\/2016.<\/span><\/p>\n<p style=\"text-align: justify; text-indent: 35.4pt; line-height: 150%;\"><span style=\"font-size: 12pt; line-height: 150%; font-family: Verdana, sans-serif;\">Um prazo absurdo tendo em vista o ac&uacute;mulo de 96 horas para os servidores que laboram de segunda &agrave; sexta-feira, totalizando 40 horas semanais, por exemplo. <\/span><\/p>\n<p style=\"text-align: justify; text-indent: 35.4pt; line-height: 150%;\"><span style=\"font-size: 12pt; line-height: 150%; font-family: Verdana, sans-serif;\">E ainda fica pior para a &aacute;rea pedag&oacute;gica que possuem outras obriga&ccedil;&otilde;es fora da Institui&ccedil;&atilde;o. O mesmo ocorre com os trabalhadores da enfermagem que foram obrigados a compensar nos seus dias de folga. Por trabalharem 12&#215;36 ficou proibida a compensa&ccedil;&atilde;o no dia ap&oacute;s o trabalho.<\/span><\/p>\n<p style=\"text-align: justify; text-indent: 35.4pt; line-height: 150%;\"><span style=\"font-size: 12pt; line-height: 150%; font-family: Verdana, sans-serif;\">O Sindicato solicitou junto a dire&ccedil;&atilde;o da Funda&ccedil;&atilde;o CASA sobre os problemas atravessados pelos trabalhadores, no entanto, e mais uma vez, a Funda&ccedil;&atilde;o reagiu como sempre o fez&#8230;. N&atilde;o dando import&acirc;ncia as mazelas enfrentadas pelos servidores e negou o pedido.<\/span><\/p>\n<p style=\"text-align: justify; text-indent: 35.4pt; line-height: 150%;\"><span style=\"font-size: 12pt; line-height: 150%; font-family: Verdana, sans-serif;\">Essa a&ccedil;&atilde;o da Funda&ccedil;&atilde;o vai de encontro a todos os pedidos ora feitos diante do TRT e s&oacute; levar&aacute; aos trabalhadores a exaust&atilde;o, o que tamb&eacute;m comprometer&aacute; o resultado final, que &eacute; a medida s&oacute;cio educativa.<\/span><\/p>\n<p style=\"text-align: justify; text-indent: 35.4pt; line-height: 150%;\"><span style=\"font-size: 12pt; line-height: 150%; font-family: Verdana, sans-serif;\">Os advogados explanaram todos esses por menores aos desembargadores solicitando ainda a altera&ccedil;&atilde;o deste prazo para at&eacute; novembro de 2016.<\/span><\/p>\n<p style=\"text-align: justify; text-indent: 35.4pt; line-height: 150%;\"><span style=\"font-size: 12pt; line-height: 150%; font-family: Verdana, sans-serif;\"><\/span><\/p>\n","protected":false},"excerpt":{"rendered":"<p>informando aos desembargadores sobre o prazo estipulado pela Funda&ccedil;&atilde;o CASA da compensa&ccedil;&atilde;o dos dias parados pelo prazo de at&eacute; tr&ecirc;s meses,&hellip;<\/p>\n","protected":false},"author":1,"featured_media":0,"comment_status":"open","ping_status":"open","sticky":false,"template":"","format":"standard","meta":{"cybocfi_hide_featured_image":"","footnotes":""},"categories":[22],"tags":[],"yoast_head":"<!-- This site is optimized with the Yoast SEO plugin v22.8 - https:\/\/yoast.com\/wordpress\/plugins\/seo\/ -->\n<title>Advogado do Sindicato faz peti\u00e7\u00e3o contra compensa\u00e7\u00e3o de horas - SITSESP<\/title>\n<meta name=\"robots\" content=\"index, follow, max-snippet:-1, max-image-preview:large, max-video-preview:-1\" \/>\n<link rel=\"canonical\" href=\"https:\/\/www.sitsesp.org.br\/novo\/advogado-do-sindicato-faz-peticao-contra-compensacao-de-horas\/\" \/>\n<meta property=\"og:locale\" content=\"pt_BR\" \/>\n<meta property=\"og:type\" content=\"article\" \/>\n<meta property=\"og:title\" content=\"Advogado do Sindicato faz peti\u00e7\u00e3o contra compensa\u00e7\u00e3o de horas - SITSESP\" \/>\n<meta property=\"og:description\" content=\"informando aos desembargadores sobre o prazo estipulado pela Funda&ccedil;&atilde;o CASA da compensa&ccedil;&atilde;o dos dias parados pelo prazo de at&eacute; tr&ecirc;s meses,&hellip;\" \/>\n<meta property=\"og:url\" content=\"https:\/\/www.sitsesp.org.br\/novo\/advogado-do-sindicato-faz-peticao-contra-compensacao-de-horas\/\" \/>\n<meta property=\"og:site_name\" content=\"SITSESP\" \/>\n<meta property=\"article:published_time\" content=\"2016-06-08T01:03:42+00:00\" \/>\n<meta name=\"author\" content=\"mhais\" \/>\n<meta name=\"twitter:card\" content=\"summary_large_image\" \/>\n<meta name=\"twitter:label1\" content=\"Escrito por\" \/>\n\t<meta name=\"twitter:data1\" content=\"mhais\" \/>\n\t<meta name=\"twitter:label2\" content=\"Est. tempo de leitura\" \/>\n\t<meta name=\"twitter:data2\" content=\"1 minuto\" \/>\n<script type=\"application\/ld+json\" class=\"yoast-schema-graph\">{\"@context\":\"https:\/\/schema.org\",\"@graph\":[{\"@type\":\"Article\",\"@id\":\"https:\/\/www.sitsesp.org.br\/novo\/advogado-do-sindicato-faz-peticao-contra-compensacao-de-horas\/#article\",\"isPartOf\":{\"@id\":\"https:\/\/www.sitsesp.org.br\/novo\/advogado-do-sindicato-faz-peticao-contra-compensacao-de-horas\/\"},\"author\":{\"name\":\"mhais\",\"@id\":\"https:\/\/www.sitsesp.org.br\/novo\/#\/schema\/person\/2a4c180eb185645b3bef8657c75e305a\"},\"headline\":\"Advogado do Sindicato faz peti\u00e7\u00e3o contra compensa\u00e7\u00e3o de horas\",\"datePublished\":\"2016-06-08T01:03:42+00:00\",\"dateModified\":\"2016-06-08T01:03:42+00:00\",\"mainEntityOfPage\":{\"@id\":\"https:\/\/www.sitsesp.org.br\/novo\/advogado-do-sindicato-faz-peticao-contra-compensacao-de-horas\/\"},\"wordCount\":258,\"commentCount\":0,\"publisher\":{\"@id\":\"https:\/\/www.sitsesp.org.br\/novo\/#organization\"},\"articleSection\":[\"Noticias\"],\"inLanguage\":\"pt-BR\",\"potentialAction\":[{\"@type\":\"CommentAction\",\"name\":\"Comment\",\"target\":[\"https:\/\/www.sitsesp.org.br\/novo\/advogado-do-sindicato-faz-peticao-contra-compensacao-de-horas\/#respond\"]}]},{\"@type\":\"WebPage\",\"@id\":\"https:\/\/www.sitsesp.org.br\/novo\/advogado-do-sindicato-faz-peticao-contra-compensacao-de-horas\/\",\"url\":\"https:\/\/www.sitsesp.org.br\/novo\/advogado-do-sindicato-faz-peticao-contra-compensacao-de-horas\/\",\"name\":\"Advogado do Sindicato faz peti\u00e7\u00e3o contra compensa\u00e7\u00e3o de horas - SITSESP\",\"isPartOf\":{\"@id\":\"https:\/\/www.sitsesp.org.br\/novo\/#website\"},\"datePublished\":\"2016-06-08T01:03:42+00:00\",\"dateModified\":\"2016-06-08T01:03:42+00:00\",\"breadcrumb\":{\"@id\":\"https:\/\/www.sitsesp.org.br\/novo\/advogado-do-sindicato-faz-peticao-contra-compensacao-de-horas\/#breadcrumb\"},\"inLanguage\":\"pt-BR\",\"potentialAction\":[{\"@type\":\"ReadAction\",\"target\":[\"https:\/\/www.sitsesp.org.br\/novo\/advogado-do-sindicato-faz-peticao-contra-compensacao-de-horas\/\"]}]},{\"@type\":\"BreadcrumbList\",\"@id\":\"https:\/\/www.sitsesp.org.br\/novo\/advogado-do-sindicato-faz-peticao-contra-compensacao-de-horas\/#breadcrumb\",\"itemListElement\":[{\"@type\":\"ListItem\",\"position\":1,\"name\":\"In\u00edcio\",\"item\":\"https:\/\/www.sitsesp.org.br\/novo\/\"},{\"@type\":\"ListItem\",\"position\":2,\"name\":\"Advogado do Sindicato faz peti\u00e7\u00e3o contra compensa\u00e7\u00e3o de horas\"}]},{\"@type\":\"WebSite\",\"@id\":\"https:\/\/www.sitsesp.org.br\/novo\/#website\",\"url\":\"https:\/\/www.sitsesp.org.br\/novo\/\",\"name\":\"Sitsesp\",\"description\":\"SIndicato da Socioeduca\u00e7\u00e3o do Estado de S\u00e3o Paulo\",\"publisher\":{\"@id\":\"https:\/\/www.sitsesp.org.br\/novo\/#organization\"},\"potentialAction\":[{\"@type\":\"SearchAction\",\"target\":{\"@type\":\"EntryPoint\",\"urlTemplate\":\"https:\/\/www.sitsesp.org.br\/novo\/?s={search_term_string}\"},\"query-input\":\"required name=search_term_string\"}],\"inLanguage\":\"pt-BR\"},{\"@type\":\"Organization\",\"@id\":\"https:\/\/www.sitsesp.org.br\/novo\/#organization\",\"name\":\"Sitsesp\",\"url\":\"https:\/\/www.sitsesp.org.br\/novo\/\",\"logo\":{\"@type\":\"ImageObject\",\"inLanguage\":\"pt-BR\",\"@id\":\"https:\/\/www.sitsesp.org.br\/novo\/#\/schema\/logo\/image\/\",\"url\":\"https:\/\/www.sitsesp.org.br\/novo\/wp-content\/uploads\/2020\/09\/Design-sem-nome-1.jpg\",\"contentUrl\":\"https:\/\/www.sitsesp.org.br\/novo\/wp-content\/uploads\/2020\/09\/Design-sem-nome-1.jpg\",\"width\":300,\"height\":300,\"caption\":\"Sitsesp\"},\"image\":{\"@id\":\"https:\/\/www.sitsesp.org.br\/novo\/#\/schema\/logo\/image\/\"}},{\"@type\":\"Person\",\"@id\":\"https:\/\/www.sitsesp.org.br\/novo\/#\/schema\/person\/2a4c180eb185645b3bef8657c75e305a\",\"name\":\"mhais\",\"image\":{\"@type\":\"ImageObject\",\"inLanguage\":\"pt-BR\",\"@id\":\"https:\/\/www.sitsesp.org.br\/novo\/#\/schema\/person\/image\/\",\"url\":\"https:\/\/secure.gravatar.com\/avatar\/6f4eabe86990e81328cf702edfa92a60?s=96&d=mm&r=g\",\"contentUrl\":\"https:\/\/secure.gravatar.com\/avatar\/6f4eabe86990e81328cf702edfa92a60?s=96&d=mm&r=g\",\"caption\":\"mhais\"},\"sameAs\":[\"http:\/\/localhost\/sitsesp\"]}]}<\/script>\n<!-- \/ Yoast SEO plugin. -->","yoast_head_json":{"title":"Advogado do Sindicato faz peti\u00e7\u00e3o contra compensa\u00e7\u00e3o de horas - SITSESP","robots":{"index":"index","follow":"follow","max-snippet":"max-snippet:-1","max-image-preview":"max-image-preview:large","max-video-preview":"max-video-preview:-1"},"canonical":"https:\/\/www.sitsesp.org.br\/novo\/advogado-do-sindicato-faz-peticao-contra-compensacao-de-horas\/","og_locale":"pt_BR","og_type":"article","og_title":"Advogado do Sindicato faz peti\u00e7\u00e3o contra compensa\u00e7\u00e3o de horas - SITSESP","og_description":"informando aos desembargadores sobre o prazo estipulado pela Funda&ccedil;&atilde;o CASA da compensa&ccedil;&atilde;o dos dias parados pelo prazo de at&eacute; tr&ecirc;s meses,&hellip;","og_url":"https:\/\/www.sitsesp.org.br\/novo\/advogado-do-sindicato-faz-peticao-contra-compensacao-de-horas\/","og_site_name":"SITSESP","article_published_time":"2016-06-08T01:03:42+00:00","author":"mhais","twitter_card":"summary_large_image","twitter_misc":{"Escrito por":"mhais","Est. tempo de leitura":"1 minuto"},"schema":{"@context":"https:\/\/schema.org","@graph":[{"@type":"Article","@id":"https:\/\/www.sitsesp.org.br\/novo\/advogado-do-sindicato-faz-peticao-contra-compensacao-de-horas\/#article","isPartOf":{"@id":"https:\/\/www.sitsesp.org.br\/novo\/advogado-do-sindicato-faz-peticao-contra-compensacao-de-horas\/"},"author":{"name":"mhais","@id":"https:\/\/www.sitsesp.org.br\/novo\/#\/schema\/person\/2a4c180eb185645b3bef8657c75e305a"},"headline":"Advogado do Sindicato faz peti\u00e7\u00e3o contra compensa\u00e7\u00e3o de horas","datePublished":"2016-06-08T01:03:42+00:00","dateModified":"2016-06-08T01:03:42+00:00","mainEntityOfPage":{"@id":"https:\/\/www.sitsesp.org.br\/novo\/advogado-do-sindicato-faz-peticao-contra-compensacao-de-horas\/"},"wordCount":258,"commentCount":0,"publisher":{"@id":"https:\/\/www.sitsesp.org.br\/novo\/#organization"},"articleSection":["Noticias"],"inLanguage":"pt-BR","potentialAction":[{"@type":"CommentAction","name":"Comment","target":["https:\/\/www.sitsesp.org.br\/novo\/advogado-do-sindicato-faz-peticao-contra-compensacao-de-horas\/#respond"]}]},{"@type":"WebPage","@id":"https:\/\/www.sitsesp.org.br\/novo\/advogado-do-sindicato-faz-peticao-contra-compensacao-de-horas\/","url":"https:\/\/www.sitsesp.org.br\/novo\/advogado-do-sindicato-faz-peticao-contra-compensacao-de-horas\/","name":"Advogado do Sindicato faz peti\u00e7\u00e3o contra compensa\u00e7\u00e3o de horas - SITSESP","isPartOf":{"@id":"https:\/\/www.sitsesp.org.br\/novo\/#website"},"datePublished":"2016-06-08T01:03:42+00:00","dateModified":"2016-06-08T01:03:42+00:00","breadcrumb":{"@id":"https:\/\/www.sitsesp.org.br\/novo\/advogado-do-sindicato-faz-peticao-contra-compensacao-de-horas\/#breadcrumb"},"inLanguage":"pt-BR","potentialAction":[{"@type":"ReadAction","target":["https:\/\/www.sitsesp.org.br\/novo\/advogado-do-sindicato-faz-peticao-contra-compensacao-de-horas\/"]}]},{"@type":"BreadcrumbList","@id":"https:\/\/www.sitsesp.org.br\/novo\/advogado-do-sindicato-faz-peticao-contra-compensacao-de-horas\/#breadcrumb","itemListElement":[{"@type":"ListItem","position":1,"name":"In\u00edcio","item":"https:\/\/www.sitsesp.org.br\/novo\/"},{"@type":"ListItem","position":2,"name":"Advogado do Sindicato faz peti\u00e7\u00e3o contra compensa\u00e7\u00e3o de horas"}]},{"@type":"WebSite","@id":"https:\/\/www.sitsesp.org.br\/novo\/#website","url":"https:\/\/www.sitsesp.org.br\/novo\/","name":"Sitsesp","description":"SIndicato da Socioeduca\u00e7\u00e3o do Estado de S\u00e3o Paulo","publisher":{"@id":"https:\/\/www.sitsesp.org.br\/novo\/#organization"},"potentialAction":[{"@type":"SearchAction","target":{"@type":"EntryPoint","urlTemplate":"https:\/\/www.sitsesp.org.br\/novo\/?s={search_term_string}"},"query-input":"required name=search_term_string"}],"inLanguage":"pt-BR"},{"@type":"Organization","@id":"https:\/\/www.sitsesp.org.br\/novo\/#organization","name":"Sitsesp","url":"https:\/\/www.sitsesp.org.br\/novo\/","logo":{"@type":"ImageObject","inLanguage":"pt-BR","@id":"https:\/\/www.sitsesp.org.br\/novo\/#\/schema\/logo\/image\/","url":"https:\/\/www.sitsesp.org.br\/novo\/wp-content\/uploads\/2020\/09\/Design-sem-nome-1.jpg","contentUrl":"https:\/\/www.sitsesp.org.br\/novo\/wp-content\/uploads\/2020\/09\/Design-sem-nome-1.jpg","width":300,"height":300,"caption":"Sitsesp"},"image":{"@id":"https:\/\/www.sitsesp.org.br\/novo\/#\/schema\/logo\/image\/"}},{"@type":"Person","@id":"https:\/\/www.sitsesp.org.br\/novo\/#\/schema\/person\/2a4c180eb185645b3bef8657c75e305a","name":"mhais","image":{"@type":"ImageObject","inLanguage":"pt-BR","@id":"https:\/\/www.sitsesp.org.br\/novo\/#\/schema\/person\/image\/","url":"https:\/\/secure.gravatar.com\/avatar\/6f4eabe86990e81328cf702edfa92a60?s=96&d=mm&r=g","contentUrl":"https:\/\/secure.gravatar.com\/avatar\/6f4eabe86990e81328cf702edfa92a60?s=96&d=mm&r=g","caption":"mhais"},"sameAs":["http:\/\/localhost\/sitsesp"]}]}},"_links":{"self":[{"href":"https:\/\/www.sitsesp.org.br\/novo\/wp-json\/wp\/v2\/posts\/1997"}],"collection":[{"href":"https:\/\/www.sitsesp.org.br\/novo\/wp-json\/wp\/v2\/posts"}],"about":[{"href":"https:\/\/www.sitsesp.org.br\/novo\/wp-json\/wp\/v2\/types\/post"}],"author":[{"embeddable":true,"href":"https:\/\/www.sitsesp.org.br\/novo\/wp-json\/wp\/v2\/users\/1"}],"replies":[{"embeddable":true,"href":"https:\/\/www.sitsesp.org.br\/novo\/wp-json\/wp\/v2\/comments?post=1997"}],"version-history":[{"count":0,"href":"https:\/\/www.sitsesp.org.br\/novo\/wp-json\/wp\/v2\/posts\/1997\/revisions"}],"wp:attachment":[{"href":"https:\/\/www.sitsesp.org.br\/novo\/wp-json\/wp\/v2\/media?parent=1997"}],"wp:term":[{"taxonomy":"category","embeddable":true,"href":"https:\/\/www.sitsesp.org.br\/novo\/wp-json\/wp\/v2\/categories?post=1997"},{"taxonomy":"post_tag","embeddable":true,"href":"https:\/\/www.sitsesp.org.br\/novo\/wp-json\/wp\/v2\/tags?post=1997"}],"curies":[{"name":"wp","href":"https:\/\/api.w.org\/{rel}","templated":true}]}}