{"id":1998,"date":"2016-06-10T19:23:59","date_gmt":"2016-06-10T22:23:59","guid":{"rendered":"https:\/\/pecorari-cloud72.pecoraricloud.com.br\/~sitsesporg\/sindicato-requer-a-fundacao-pagamento-do-bonus\/"},"modified":"2016-06-10T19:23:59","modified_gmt":"2016-06-10T22:23:59","slug":"sindicato-requer-a-fundacao-pagamento-do-bonus","status":"publish","type":"post","link":"https:\/\/www.sitsesp.org.br\/novo\/sindicato-requer-a-fundacao-pagamento-do-bonus\/","title":{"rendered":"Sindicato requer \u00e0 Funda\u00e7\u00e3o pagamento do B\u00d4NUS"},"content":{"rendered":"<p><!-- VideographyWP Plugin Message: Automatic video embedding prevented by plugin options. --><\/p>\n<p style=\"text-align: justify; line-height: 150%;\">&nbsp;<\/p>\n<p style=\"text-align: justify; line-height: 150%;\"><span style=\"font-size: 12pt; line-height: 150%; font-family: Verdana, sans-serif;\">No oficio, o presidente reitera que a bonifica&ccedil;&atilde;o foi criada em 2012 pela portaria do Programa de Bonifica&ccedil;&atilde;o por Resultados &ndash; BR, o que constitui presta&ccedil;&atilde;o pecuni&aacute;ria eventual, o que n&atilde;o integra e nem incorpora aos vencimentos dos trabalhadores.<\/span><\/p>\n<p style=\"text-align: justify; line-height: 150%;\"><span style=\"font-size: 12pt; line-height: 150%; font-family: Verdana, sans-serif;\">Esta mesma Portaria &eacute; clara ao afirmar que o pagamento ser&aacute; na propor&ccedil;&atilde;o direta do CUMPRIMENTO DAS METAS DEFINIDAS PELA FUNDA&Ccedil;&Atilde;O CASA&#8230; &nbsp;&nbsp;<\/span><\/p>\n<p style=\"text-align: justify; line-height: 150%;\"><span style=\"font-size: 12pt; line-height: 150%; font-family: Verdana, sans-serif;\">No entanto, devemos recordar que a sugest&atilde;o do pagamento do b&ocirc;nus foi feita pela presidente da Institui&ccedil;&atilde;o em plena Campanha Salarial 2016, por mais que os trabalhadores tenham negado a continuidade das negocia&ccedil;&otilde;es, n&atilde;o estava impl&iacute;cito o n&atilde;o pagamento do b&ocirc;nus.<\/span><\/p>\n<p style=\"text-align: justify; line-height: 150%;\"><span style=\"font-size: 12pt; line-height: 150%; font-family: Verdana, sans-serif;\">Pois o b&ocirc;nus refere-se ao ano anterior, primordialmente daquele servidor engajado e focado em cumprir a rigor os requisitos impostos pelo Programa de bonifica&ccedil;&atilde;o.<\/span><\/p>\n<p style=\"text-align: justify; line-height: 150%;\"><span style=\"font-size: 12pt; line-height: 150%; font-family: Verdana, sans-serif;\">O presidente do Sindicato refor&ccedil;a que os trabalhadores cumpriram com as exig&ecirc;ncias do Programa e pede que a Funda&ccedil;&atilde;o reconhe&ccedil;a esse esfor&ccedil;o. Finaliza solicitando o pagamento imediato aos trabalhadores que cumpriram as metas.<\/span><\/p>\n","protected":false},"excerpt":{"rendered":"<p>&nbsp; No oficio, o presidente reitera que a bonifica&ccedil;&atilde;o foi criada em 2012 pela portaria do Programa de Bonifica&ccedil;&atilde;o por Resultados&hellip;<\/p>\n","protected":false},"author":1,"featured_media":0,"comment_status":"open","ping_status":"open","sticky":false,"template":"","format":"standard","meta":{"cybocfi_hide_featured_image":"","footnotes":""},"categories":[22],"tags":[],"yoast_head":"<!-- This site is optimized with the Yoast SEO plugin v22.8 - https:\/\/yoast.com\/wordpress\/plugins\/seo\/ -->\n<title>Sindicato requer \u00e0 Funda\u00e7\u00e3o pagamento do B\u00d4NUS - SITSESP<\/title>\n<meta name=\"robots\" content=\"index, follow, max-snippet:-1, max-image-preview:large, max-video-preview:-1\" \/>\n<link rel=\"canonical\" href=\"https:\/\/www.sitsesp.org.br\/novo\/sindicato-requer-a-fundacao-pagamento-do-bonus\/\" \/>\n<meta property=\"og:locale\" content=\"pt_BR\" \/>\n<meta property=\"og:type\" content=\"article\" \/>\n<meta property=\"og:title\" content=\"Sindicato requer \u00e0 Funda\u00e7\u00e3o pagamento do B\u00d4NUS - SITSESP\" \/>\n<meta property=\"og:description\" content=\"&nbsp; No oficio, o presidente reitera que a bonifica&ccedil;&atilde;o foi criada em 2012 pela portaria do Programa de Bonifica&ccedil;&atilde;o por Resultados&hellip;\" \/>\n<meta property=\"og:url\" content=\"https:\/\/www.sitsesp.org.br\/novo\/sindicato-requer-a-fundacao-pagamento-do-bonus\/\" \/>\n<meta property=\"og:site_name\" content=\"SITSESP\" \/>\n<meta property=\"article:published_time\" content=\"2016-06-10T22:23:59+00:00\" \/>\n<meta name=\"author\" content=\"mhais\" \/>\n<meta name=\"twitter:card\" content=\"summary_large_image\" \/>\n<meta name=\"twitter:label1\" content=\"Escrito por\" \/>\n\t<meta name=\"twitter:data1\" content=\"mhais\" \/>\n\t<meta name=\"twitter:label2\" content=\"Est. tempo de leitura\" \/>\n\t<meta name=\"twitter:data2\" content=\"1 minuto\" \/>\n<script type=\"application\/ld+json\" class=\"yoast-schema-graph\">{\"@context\":\"https:\/\/schema.org\",\"@graph\":[{\"@type\":\"Article\",\"@id\":\"https:\/\/www.sitsesp.org.br\/novo\/sindicato-requer-a-fundacao-pagamento-do-bonus\/#article\",\"isPartOf\":{\"@id\":\"https:\/\/www.sitsesp.org.br\/novo\/sindicato-requer-a-fundacao-pagamento-do-bonus\/\"},\"author\":{\"name\":\"mhais\",\"@id\":\"https:\/\/www.sitsesp.org.br\/novo\/#\/schema\/person\/2a4c180eb185645b3bef8657c75e305a\"},\"headline\":\"Sindicato requer \u00e0 Funda\u00e7\u00e3o pagamento do B\u00d4NUS\",\"datePublished\":\"2016-06-10T22:23:59+00:00\",\"dateModified\":\"2016-06-10T22:23:59+00:00\",\"mainEntityOfPage\":{\"@id\":\"https:\/\/www.sitsesp.org.br\/novo\/sindicato-requer-a-fundacao-pagamento-do-bonus\/\"},\"wordCount\":222,\"commentCount\":0,\"publisher\":{\"@id\":\"https:\/\/www.sitsesp.org.br\/novo\/#organization\"},\"articleSection\":[\"Noticias\"],\"inLanguage\":\"pt-BR\",\"potentialAction\":[{\"@type\":\"CommentAction\",\"name\":\"Comment\",\"target\":[\"https:\/\/www.sitsesp.org.br\/novo\/sindicato-requer-a-fundacao-pagamento-do-bonus\/#respond\"]}]},{\"@type\":\"WebPage\",\"@id\":\"https:\/\/www.sitsesp.org.br\/novo\/sindicato-requer-a-fundacao-pagamento-do-bonus\/\",\"url\":\"https:\/\/www.sitsesp.org.br\/novo\/sindicato-requer-a-fundacao-pagamento-do-bonus\/\",\"name\":\"Sindicato requer \u00e0 Funda\u00e7\u00e3o pagamento do B\u00d4NUS - SITSESP\",\"isPartOf\":{\"@id\":\"https:\/\/www.sitsesp.org.br\/novo\/#website\"},\"datePublished\":\"2016-06-10T22:23:59+00:00\",\"dateModified\":\"2016-06-10T22:23:59+00:00\",\"breadcrumb\":{\"@id\":\"https:\/\/www.sitsesp.org.br\/novo\/sindicato-requer-a-fundacao-pagamento-do-bonus\/#breadcrumb\"},\"inLanguage\":\"pt-BR\",\"potentialAction\":[{\"@type\":\"ReadAction\",\"target\":[\"https:\/\/www.sitsesp.org.br\/novo\/sindicato-requer-a-fundacao-pagamento-do-bonus\/\"]}]},{\"@type\":\"BreadcrumbList\",\"@id\":\"https:\/\/www.sitsesp.org.br\/novo\/sindicato-requer-a-fundacao-pagamento-do-bonus\/#breadcrumb\",\"itemListElement\":[{\"@type\":\"ListItem\",\"position\":1,\"name\":\"In\u00edcio\",\"item\":\"https:\/\/www.sitsesp.org.br\/novo\/\"},{\"@type\":\"ListItem\",\"position\":2,\"name\":\"Sindicato requer \u00e0 Funda\u00e7\u00e3o pagamento do B\u00d4NUS\"}]},{\"@type\":\"WebSite\",\"@id\":\"https:\/\/www.sitsesp.org.br\/novo\/#website\",\"url\":\"https:\/\/www.sitsesp.org.br\/novo\/\",\"name\":\"Sitsesp\",\"description\":\"SIndicato da Socioeduca\u00e7\u00e3o do Estado de S\u00e3o Paulo\",\"publisher\":{\"@id\":\"https:\/\/www.sitsesp.org.br\/novo\/#organization\"},\"potentialAction\":[{\"@type\":\"SearchAction\",\"target\":{\"@type\":\"EntryPoint\",\"urlTemplate\":\"https:\/\/www.sitsesp.org.br\/novo\/?s={search_term_string}\"},\"query-input\":\"required name=search_term_string\"}],\"inLanguage\":\"pt-BR\"},{\"@type\":\"Organization\",\"@id\":\"https:\/\/www.sitsesp.org.br\/novo\/#organization\",\"name\":\"Sitsesp\",\"url\":\"https:\/\/www.sitsesp.org.br\/novo\/\",\"logo\":{\"@type\":\"ImageObject\",\"inLanguage\":\"pt-BR\",\"@id\":\"https:\/\/www.sitsesp.org.br\/novo\/#\/schema\/logo\/image\/\",\"url\":\"https:\/\/www.sitsesp.org.br\/novo\/wp-content\/uploads\/2020\/09\/Design-sem-nome-1.jpg\",\"contentUrl\":\"https:\/\/www.sitsesp.org.br\/novo\/wp-content\/uploads\/2020\/09\/Design-sem-nome-1.jpg\",\"width\":300,\"height\":300,\"caption\":\"Sitsesp\"},\"image\":{\"@id\":\"https:\/\/www.sitsesp.org.br\/novo\/#\/schema\/logo\/image\/\"}},{\"@type\":\"Person\",\"@id\":\"https:\/\/www.sitsesp.org.br\/novo\/#\/schema\/person\/2a4c180eb185645b3bef8657c75e305a\",\"name\":\"mhais\",\"image\":{\"@type\":\"ImageObject\",\"inLanguage\":\"pt-BR\",\"@id\":\"https:\/\/www.sitsesp.org.br\/novo\/#\/schema\/person\/image\/\",\"url\":\"https:\/\/secure.gravatar.com\/avatar\/6f4eabe86990e81328cf702edfa92a60?s=96&d=mm&r=g\",\"contentUrl\":\"https:\/\/secure.gravatar.com\/avatar\/6f4eabe86990e81328cf702edfa92a60?s=96&d=mm&r=g\",\"caption\":\"mhais\"},\"sameAs\":[\"http:\/\/localhost\/sitsesp\"]}]}<\/script>\n<!-- \/ Yoast SEO plugin. -->","yoast_head_json":{"title":"Sindicato requer \u00e0 Funda\u00e7\u00e3o pagamento do B\u00d4NUS - SITSESP","robots":{"index":"index","follow":"follow","max-snippet":"max-snippet:-1","max-image-preview":"max-image-preview:large","max-video-preview":"max-video-preview:-1"},"canonical":"https:\/\/www.sitsesp.org.br\/novo\/sindicato-requer-a-fundacao-pagamento-do-bonus\/","og_locale":"pt_BR","og_type":"article","og_title":"Sindicato requer \u00e0 Funda\u00e7\u00e3o pagamento do B\u00d4NUS - SITSESP","og_description":"&nbsp; No oficio, o presidente reitera que a bonifica&ccedil;&atilde;o foi criada em 2012 pela portaria do Programa de Bonifica&ccedil;&atilde;o por Resultados&hellip;","og_url":"https:\/\/www.sitsesp.org.br\/novo\/sindicato-requer-a-fundacao-pagamento-do-bonus\/","og_site_name":"SITSESP","article_published_time":"2016-06-10T22:23:59+00:00","author":"mhais","twitter_card":"summary_large_image","twitter_misc":{"Escrito por":"mhais","Est. tempo de leitura":"1 minuto"},"schema":{"@context":"https:\/\/schema.org","@graph":[{"@type":"Article","@id":"https:\/\/www.sitsesp.org.br\/novo\/sindicato-requer-a-fundacao-pagamento-do-bonus\/#article","isPartOf":{"@id":"https:\/\/www.sitsesp.org.br\/novo\/sindicato-requer-a-fundacao-pagamento-do-bonus\/"},"author":{"name":"mhais","@id":"https:\/\/www.sitsesp.org.br\/novo\/#\/schema\/person\/2a4c180eb185645b3bef8657c75e305a"},"headline":"Sindicato requer \u00e0 Funda\u00e7\u00e3o pagamento do B\u00d4NUS","datePublished":"2016-06-10T22:23:59+00:00","dateModified":"2016-06-10T22:23:59+00:00","mainEntityOfPage":{"@id":"https:\/\/www.sitsesp.org.br\/novo\/sindicato-requer-a-fundacao-pagamento-do-bonus\/"},"wordCount":222,"commentCount":0,"publisher":{"@id":"https:\/\/www.sitsesp.org.br\/novo\/#organization"},"articleSection":["Noticias"],"inLanguage":"pt-BR","potentialAction":[{"@type":"CommentAction","name":"Comment","target":["https:\/\/www.sitsesp.org.br\/novo\/sindicato-requer-a-fundacao-pagamento-do-bonus\/#respond"]}]},{"@type":"WebPage","@id":"https:\/\/www.sitsesp.org.br\/novo\/sindicato-requer-a-fundacao-pagamento-do-bonus\/","url":"https:\/\/www.sitsesp.org.br\/novo\/sindicato-requer-a-fundacao-pagamento-do-bonus\/","name":"Sindicato requer \u00e0 Funda\u00e7\u00e3o pagamento do B\u00d4NUS - SITSESP","isPartOf":{"@id":"https:\/\/www.sitsesp.org.br\/novo\/#website"},"datePublished":"2016-06-10T22:23:59+00:00","dateModified":"2016-06-10T22:23:59+00:00","breadcrumb":{"@id":"https:\/\/www.sitsesp.org.br\/novo\/sindicato-requer-a-fundacao-pagamento-do-bonus\/#breadcrumb"},"inLanguage":"pt-BR","potentialAction":[{"@type":"ReadAction","target":["https:\/\/www.sitsesp.org.br\/novo\/sindicato-requer-a-fundacao-pagamento-do-bonus\/"]}]},{"@type":"BreadcrumbList","@id":"https:\/\/www.sitsesp.org.br\/novo\/sindicato-requer-a-fundacao-pagamento-do-bonus\/#breadcrumb","itemListElement":[{"@type":"ListItem","position":1,"name":"In\u00edcio","item":"https:\/\/www.sitsesp.org.br\/novo\/"},{"@type":"ListItem","position":2,"name":"Sindicato requer \u00e0 Funda\u00e7\u00e3o pagamento do B\u00d4NUS"}]},{"@type":"WebSite","@id":"https:\/\/www.sitsesp.org.br\/novo\/#website","url":"https:\/\/www.sitsesp.org.br\/novo\/","name":"Sitsesp","description":"SIndicato da Socioeduca\u00e7\u00e3o do Estado de S\u00e3o Paulo","publisher":{"@id":"https:\/\/www.sitsesp.org.br\/novo\/#organization"},"potentialAction":[{"@type":"SearchAction","target":{"@type":"EntryPoint","urlTemplate":"https:\/\/www.sitsesp.org.br\/novo\/?s={search_term_string}"},"query-input":"required name=search_term_string"}],"inLanguage":"pt-BR"},{"@type":"Organization","@id":"https:\/\/www.sitsesp.org.br\/novo\/#organization","name":"Sitsesp","url":"https:\/\/www.sitsesp.org.br\/novo\/","logo":{"@type":"ImageObject","inLanguage":"pt-BR","@id":"https:\/\/www.sitsesp.org.br\/novo\/#\/schema\/logo\/image\/","url":"https:\/\/www.sitsesp.org.br\/novo\/wp-content\/uploads\/2020\/09\/Design-sem-nome-1.jpg","contentUrl":"https:\/\/www.sitsesp.org.br\/novo\/wp-content\/uploads\/2020\/09\/Design-sem-nome-1.jpg","width":300,"height":300,"caption":"Sitsesp"},"image":{"@id":"https:\/\/www.sitsesp.org.br\/novo\/#\/schema\/logo\/image\/"}},{"@type":"Person","@id":"https:\/\/www.sitsesp.org.br\/novo\/#\/schema\/person\/2a4c180eb185645b3bef8657c75e305a","name":"mhais","image":{"@type":"ImageObject","inLanguage":"pt-BR","@id":"https:\/\/www.sitsesp.org.br\/novo\/#\/schema\/person\/image\/","url":"https:\/\/secure.gravatar.com\/avatar\/6f4eabe86990e81328cf702edfa92a60?s=96&d=mm&r=g","contentUrl":"https:\/\/secure.gravatar.com\/avatar\/6f4eabe86990e81328cf702edfa92a60?s=96&d=mm&r=g","caption":"mhais"},"sameAs":["http:\/\/localhost\/sitsesp"]}]}},"_links":{"self":[{"href":"https:\/\/www.sitsesp.org.br\/novo\/wp-json\/wp\/v2\/posts\/1998"}],"collection":[{"href":"https:\/\/www.sitsesp.org.br\/novo\/wp-json\/wp\/v2\/posts"}],"about":[{"href":"https:\/\/www.sitsesp.org.br\/novo\/wp-json\/wp\/v2\/types\/post"}],"author":[{"embeddable":true,"href":"https:\/\/www.sitsesp.org.br\/novo\/wp-json\/wp\/v2\/users\/1"}],"replies":[{"embeddable":true,"href":"https:\/\/www.sitsesp.org.br\/novo\/wp-json\/wp\/v2\/comments?post=1998"}],"version-history":[{"count":0,"href":"https:\/\/www.sitsesp.org.br\/novo\/wp-json\/wp\/v2\/posts\/1998\/revisions"}],"wp:attachment":[{"href":"https:\/\/www.sitsesp.org.br\/novo\/wp-json\/wp\/v2\/media?parent=1998"}],"wp:term":[{"taxonomy":"category","embeddable":true,"href":"https:\/\/www.sitsesp.org.br\/novo\/wp-json\/wp\/v2\/categories?post=1998"},{"taxonomy":"post_tag","embeddable":true,"href":"https:\/\/www.sitsesp.org.br\/novo\/wp-json\/wp\/v2\/tags?post=1998"}],"curies":[{"name":"wp","href":"https:\/\/api.w.org\/{rel}","templated":true}]}}