{"id":1999,"date":"2016-06-14T19:09:36","date_gmt":"2016-06-14T22:09:36","guid":{"rendered":"https:\/\/pecorari-cloud72.pecoraricloud.com.br\/~sitsesporg\/esclarecimentos-dos-dissidios-coletivos-2014-e-2015\/"},"modified":"2016-06-14T19:09:36","modified_gmt":"2016-06-14T22:09:36","slug":"esclarecimentos-dos-dissidios-coletivos-2014-e-2015","status":"publish","type":"post","link":"https:\/\/www.sitsesp.org.br\/novo\/esclarecimentos-dos-dissidios-coletivos-2014-e-2015\/","title":{"rendered":"Esclarecimentos dos diss\u00eddios coletivos 2014 e 2015"},"content":{"rendered":"<p><!-- VideographyWP Plugin Message: Automatic video embedding prevented by plugin options. --><\/p>\n<p style=\"margin-bottom: 0.0001pt; text-align: justify; line-height: 150%; background: white;\"><span style=\"font-size: 12pt; line-height: 150%; font-family: Verdana, sans-serif; color: #222222;\">, principalmente com rela&ccedil;&atilde;o ao tr&acirc;mite processual e recursos, venho explicitar as seguintes quest&otilde;es:<\/span><\/p>\n<p style=\"margin-bottom: 0.0001pt; text-align: justify; line-height: 150%; background: white;\"><strong><span style=\"font-size: 12pt; line-height: 150%; font-family: Verdana, sans-serif; color: #222222;\">DISS&Iacute;DIO COLETIVO DE 2014<\/span><\/strong><span style=\"font-size: 12pt; line-height: 150%; font-family: Verdana, sans-serif; color: #222222;\">:<\/span><\/p>\n<p style=\"margin-bottom: 0.0001pt; text-align: justify; text-indent: 35.4pt; line-height: 150%; background: white;\"><span style=\"font-size: 12pt; line-height: 150%; font-family: Verdana, sans-serif; color: #222222;\">O TST reformou a decis&atilde;o do TRT da 2&ordf;. Regi&atilde;o, entendendo pela abusividade da greve e, num primeiro momento do julgamento, a Ministra Relatora chegou a condenar o sindicato ao pagamento de uma multa de R$ 650.000,00. <\/span><\/p>\n<p style=\"margin-bottom: 0.0001pt; text-align: justify; text-indent: 35.4pt; line-height: 150%; background: white;\"><span style=\"font-size: 12pt; line-height: 150%; font-family: Verdana, sans-serif; color: #222222;\">O julgamento foi suspenso em raz&atilde;o do pedido de vista de dois ministros. Em raz&atilde;o disso, o SITRAEMFA contratou assessoria jur&iacute;dica em Bras&iacute;lia para um acompanhamento direto ao processo. Nesse intervalo (entre a suspens&atilde;o do julgamento em raz&atilde;o dos pedidos de vista e o julgamento final).<\/span><\/p>\n<p style=\"margin-bottom: 0.0001pt; text-align: justify; text-indent: 35.4pt; line-height: 150%; background: white;\"><span style=\"font-size: 12pt; line-height: 150%; font-family: Verdana, sans-serif; color: #222222;\">O Presidente do SITRAEMFA esteve em Bras&iacute;lia e, juntamente com a assessoria jur&iacute;dica contratada, esteve em audi&ecirc;ncia com cada um dos Ministros integrantes da Se&ccedil;&atilde;o Especializada em Diss&iacute;dios Coletivos do TST (SDC\/TST) para entrega de um memorial e esclarecimentos sobre a greve de 2014. Prosseguido e finalizado o julgamento, a abusividade da greve foi mantida, mas a multa foi reduzida para R$ 260.000,00. <\/span><\/p>\n<p style=\"margin-bottom: 0.0001pt; text-align: justify; text-indent: 35.4pt; line-height: 150%; background: white;\"><span style=\"font-size: 12pt; line-height: 150%; font-family: Verdana, sans-serif; color: #222222;\">Publicado o ac&oacute;rd&atilde;o, o SITRAEMFA interp&ocirc;s recurso extraordin&aacute;rio para o Supremo Tribunal Federal (STF), objetivando a reforma com rela&ccedil;&atilde;o &agrave; abusividade da greve a &agrave; multa.<\/span><\/p>\n<p style=\"margin-bottom: 0.0001pt; text-align: justify; text-indent: 35.4pt; line-height: 150%; background: white;\"><span style=\"text-decoration: underline;\"><span style=\"font-size: 12pt; line-height: 150%; font-family: Verdana, sans-serif; color: #222222;\">Explica&ccedil;&atilde;o do tr&acirc;mite processual<\/span><\/span><span style=\"font-size: 12pt; line-height: 150%; font-family: Verdana, sans-serif; color: #222222;\">: o Recurso Extraordin&aacute;rio &eacute; interposto perante o tribunal prolator do ac&oacute;rd&atilde;o recorrido, no caso o TST. O Presidente do TST dever&aacute; apreciar o recurso e pronunciar&aacute; se o admite ou n&atilde;o. Se o recurso for admitido, segue para o STF; se o recurso n&atilde;o for admitido, dever&aacute; ser interposto Agravo de Instrumento para o STF apreciar sua admissibilidade ou n&atilde;o.<\/span><\/p>\n<p style=\"margin-bottom: 0.0001pt; text-align: justify; text-indent: 35.4pt; line-height: 150%; background: white;\"><span style=\"text-decoration: underline;\"><span style=\"font-size: 12pt; line-height: 150%; font-family: Verdana, sans-serif; color: #222222;\">Andamento atual do processo<\/span><\/span><span style=\"font-size: 12pt; line-height: 150%; font-family: Verdana, sans-serif; color: #222222;\">: em 02\/12\/2015 foi concluso ao gabinete do Vice-Presidente do TST para aprecia&ccedil;&atilde;o da admissibilidade ou n&atilde;o do recurso extraordin&aacute;rio interposto pelo SITRAEMFA.<\/span><\/p>\n<p style=\"margin-bottom: 0.0001pt; text-align: justify; line-height: 150%; background: white;\"><strong><span style=\"font-size: 12pt; line-height: 150%; font-family: Verdana, sans-serif; color: #222222;\">DISS&Iacute;DIO COLETIVO DE 2015<\/span><\/strong><span style=\"font-size: 12pt; line-height: 150%; font-family: Verdana, sans-serif; color: #222222;\">:<\/span><\/p>\n<p style=\"margin-bottom: 0.0001pt; text-align: justify; text-indent: 35.4pt; line-height: 150%; background: white;\"><span style=\"font-size: 12pt; line-height: 150%; font-family: Verdana, sans-serif; color: #222222;\">O processo encontra-se concluso com a Relatora, Ministra K&aacute;tia Magalh&atilde;es Arruda, desde 30\/10\/2015.<\/span><\/p>\n<p style=\"margin-bottom: 0.0001pt; text-align: justify; text-indent: 35.4pt; line-height: 150%; background: white;\"><span style=\"font-size: 12pt; line-height: 150%; font-family: Verdana, sans-serif; color: #222222;\">O SITRAEMFA, por interm&eacute;dio da assessoria jur&iacute;dica em Bras&iacute;lia, j&aacute; procedeu a entrega de memorial para a Ministra Relatora.<\/span><\/p>\n<p style=\"margin-bottom: 0.0001pt; text-align: justify; line-height: 150%; background: white;\"><span style=\"font-size: 12pt; line-height: 150%; font-family: Verdana, sans-serif; color: #222222;\">Para os demais Ministros da SDC\/TST, o memorial ser&aacute; entregue quando a Relatora o colocar em pauta de julgamento.<\/span><\/p>\n<p style=\"margin-bottom: 0.0001pt; text-align: justify; line-height: 150%; background: white;\"><span style=\"font-size: 12pt; line-height: 150%; font-family: Verdana, sans-serif; color: #222222;\">Previs&atilde;o de julgamento: 2&ordm;. Semestre de 2016.<\/span><\/p>\n<p style=\"margin-bottom: 0.0001pt; text-align: justify; line-height: 150%; background: white;\"><strong><span style=\"font-size: 12pt; line-height: 150%; font-family: Verdana, sans-serif; color: #222222;\">Esclarecimentos quanto aos prazos de RO e ED&rsquo;s<\/span><\/strong><span style=\"font-size: 12pt; line-height: 150%; font-family: Verdana, sans-serif; color: #222222;\">:<\/span><\/p>\n<p style=\"margin-bottom: 0.0001pt; text-align: justify; text-indent: 35.4pt; line-height: 150%; background: white;\"><span style=\"font-size: 12pt; line-height: 150%; font-family: Verdana, sans-serif; color: #222222;\">Prazo para interposi&ccedil;&atilde;o de Embargos Declarat&oacute;rios (ED&rsquo;s) = 5 dias contados da publica&ccedil;&atilde;o do ac&oacute;rd&atilde;o.<\/span><\/p>\n<p style=\"margin-bottom: 0.0001pt; text-align: justify; line-height: 150%; background: white;\"><span style=\"font-size: 12pt; line-height: 150%; font-family: Verdana, sans-serif; color: #222222;\">Prazo para interposi&ccedil;&atilde;o do Recurso Ordin&aacute;rio (RO) = 8 dias contados da publica&ccedil;&atilde;o do ac&oacute;rd&atilde;o.<\/span><\/p>\n<p style=\"margin-bottom: 0.0001pt; text-align: justify; text-indent: 35.4pt; line-height: 150%; background: white;\"><span style=\"font-size: 12pt; line-height: 150%; font-family: Verdana, sans-serif; color: #222222;\">Os ED&rsquo;s, uma vez opostos, interrompem o prazo para interposi&ccedil;&atilde;o de quaisquer outros recursos. Por isso, a boa t&eacute;cnica processual orienta-se no sentido de que a parte que venha a opor os ED&rsquo;s e que pretenda interpor o RO, aguarde o julgamento dos ED&rsquo;s para posterior interposi&ccedil;&atilde;o do RO. Sendo este o procedimento, o prazo para interposi&ccedil;&atilde;o do RO contar&aacute; a partir da publica&ccedil;&atilde;o do ac&oacute;rd&atilde;o dos ED&rsquo;s.<\/span><\/p>\n<p style=\"margin-bottom: 0.0001pt; text-align: justify; text-indent: 35.4pt; line-height: 150%; background: white;\"><span style=\"font-size: 12pt; line-height: 150%; font-family: Verdana, sans-serif; color: #222222;\">Todavia, quando uma parte entra com os dois concomitantemente, a mesma poder&aacute; alterar ou complementar o RO ap&oacute;s o julgamento dos ED&rsquo;s.<\/span><\/p>\n<p>&nbsp;<\/p>\n<div>DENISE A RODRIGUES PINHEIRO<\/div>\n<div>Advogada contrata pelo sindicato para acompanhar os processos de Brasilia &nbsp;<\/div>\n","protected":false},"excerpt":{"rendered":"<p>, principalmente com rela&ccedil;&atilde;o ao tr&acirc;mite processual e recursos, venho explicitar as seguintes quest&otilde;es: DISS&Iacute;DIO COLETIVO DE 2014: O TST reformou&hellip;<\/p>\n","protected":false},"author":1,"featured_media":0,"comment_status":"open","ping_status":"open","sticky":false,"template":"","format":"standard","meta":{"cybocfi_hide_featured_image":"","footnotes":""},"categories":[22],"tags":[],"yoast_head":"<!-- This site is optimized with the Yoast SEO plugin v22.8 - https:\/\/yoast.com\/wordpress\/plugins\/seo\/ -->\n<title>Esclarecimentos dos diss\u00eddios coletivos 2014 e 2015 - SITSESP<\/title>\n<meta name=\"robots\" content=\"index, follow, max-snippet:-1, max-image-preview:large, max-video-preview:-1\" \/>\n<link rel=\"canonical\" href=\"https:\/\/www.sitsesp.org.br\/novo\/esclarecimentos-dos-dissidios-coletivos-2014-e-2015\/\" \/>\n<meta property=\"og:locale\" content=\"pt_BR\" \/>\n<meta property=\"og:type\" content=\"article\" \/>\n<meta property=\"og:title\" content=\"Esclarecimentos dos diss\u00eddios coletivos 2014 e 2015 - SITSESP\" \/>\n<meta property=\"og:description\" content=\", principalmente com rela&ccedil;&atilde;o ao tr&acirc;mite processual e recursos, venho explicitar as seguintes quest&otilde;es: DISS&Iacute;DIO COLETIVO DE 2014: O TST reformou&hellip;\" \/>\n<meta property=\"og:url\" content=\"https:\/\/www.sitsesp.org.br\/novo\/esclarecimentos-dos-dissidios-coletivos-2014-e-2015\/\" \/>\n<meta property=\"og:site_name\" content=\"SITSESP\" \/>\n<meta property=\"article:published_time\" content=\"2016-06-14T22:09:36+00:00\" \/>\n<meta name=\"author\" content=\"mhais\" \/>\n<meta name=\"twitter:card\" content=\"summary_large_image\" \/>\n<meta name=\"twitter:label1\" content=\"Escrito por\" \/>\n\t<meta name=\"twitter:data1\" content=\"mhais\" \/>\n\t<meta name=\"twitter:label2\" content=\"Est. tempo de leitura\" \/>\n\t<meta name=\"twitter:data2\" content=\"3 minutos\" \/>\n<script type=\"application\/ld+json\" class=\"yoast-schema-graph\">{\"@context\":\"https:\/\/schema.org\",\"@graph\":[{\"@type\":\"Article\",\"@id\":\"https:\/\/www.sitsesp.org.br\/novo\/esclarecimentos-dos-dissidios-coletivos-2014-e-2015\/#article\",\"isPartOf\":{\"@id\":\"https:\/\/www.sitsesp.org.br\/novo\/esclarecimentos-dos-dissidios-coletivos-2014-e-2015\/\"},\"author\":{\"name\":\"mhais\",\"@id\":\"https:\/\/www.sitsesp.org.br\/novo\/#\/schema\/person\/2a4c180eb185645b3bef8657c75e305a\"},\"headline\":\"Esclarecimentos dos diss\u00eddios coletivos 2014 e 2015\",\"datePublished\":\"2016-06-14T22:09:36+00:00\",\"dateModified\":\"2016-06-14T22:09:36+00:00\",\"mainEntityOfPage\":{\"@id\":\"https:\/\/www.sitsesp.org.br\/novo\/esclarecimentos-dos-dissidios-coletivos-2014-e-2015\/\"},\"wordCount\":631,\"commentCount\":0,\"publisher\":{\"@id\":\"https:\/\/www.sitsesp.org.br\/novo\/#organization\"},\"articleSection\":[\"Noticias\"],\"inLanguage\":\"pt-BR\",\"potentialAction\":[{\"@type\":\"CommentAction\",\"name\":\"Comment\",\"target\":[\"https:\/\/www.sitsesp.org.br\/novo\/esclarecimentos-dos-dissidios-coletivos-2014-e-2015\/#respond\"]}]},{\"@type\":\"WebPage\",\"@id\":\"https:\/\/www.sitsesp.org.br\/novo\/esclarecimentos-dos-dissidios-coletivos-2014-e-2015\/\",\"url\":\"https:\/\/www.sitsesp.org.br\/novo\/esclarecimentos-dos-dissidios-coletivos-2014-e-2015\/\",\"name\":\"Esclarecimentos dos diss\u00eddios coletivos 2014 e 2015 - SITSESP\",\"isPartOf\":{\"@id\":\"https:\/\/www.sitsesp.org.br\/novo\/#website\"},\"datePublished\":\"2016-06-14T22:09:36+00:00\",\"dateModified\":\"2016-06-14T22:09:36+00:00\",\"breadcrumb\":{\"@id\":\"https:\/\/www.sitsesp.org.br\/novo\/esclarecimentos-dos-dissidios-coletivos-2014-e-2015\/#breadcrumb\"},\"inLanguage\":\"pt-BR\",\"potentialAction\":[{\"@type\":\"ReadAction\",\"target\":[\"https:\/\/www.sitsesp.org.br\/novo\/esclarecimentos-dos-dissidios-coletivos-2014-e-2015\/\"]}]},{\"@type\":\"BreadcrumbList\",\"@id\":\"https:\/\/www.sitsesp.org.br\/novo\/esclarecimentos-dos-dissidios-coletivos-2014-e-2015\/#breadcrumb\",\"itemListElement\":[{\"@type\":\"ListItem\",\"position\":1,\"name\":\"In\u00edcio\",\"item\":\"https:\/\/www.sitsesp.org.br\/novo\/\"},{\"@type\":\"ListItem\",\"position\":2,\"name\":\"Esclarecimentos dos diss\u00eddios coletivos 2014 e 2015\"}]},{\"@type\":\"WebSite\",\"@id\":\"https:\/\/www.sitsesp.org.br\/novo\/#website\",\"url\":\"https:\/\/www.sitsesp.org.br\/novo\/\",\"name\":\"Sitsesp\",\"description\":\"SIndicato da Socioeduca\u00e7\u00e3o do Estado de S\u00e3o Paulo\",\"publisher\":{\"@id\":\"https:\/\/www.sitsesp.org.br\/novo\/#organization\"},\"potentialAction\":[{\"@type\":\"SearchAction\",\"target\":{\"@type\":\"EntryPoint\",\"urlTemplate\":\"https:\/\/www.sitsesp.org.br\/novo\/?s={search_term_string}\"},\"query-input\":\"required name=search_term_string\"}],\"inLanguage\":\"pt-BR\"},{\"@type\":\"Organization\",\"@id\":\"https:\/\/www.sitsesp.org.br\/novo\/#organization\",\"name\":\"Sitsesp\",\"url\":\"https:\/\/www.sitsesp.org.br\/novo\/\",\"logo\":{\"@type\":\"ImageObject\",\"inLanguage\":\"pt-BR\",\"@id\":\"https:\/\/www.sitsesp.org.br\/novo\/#\/schema\/logo\/image\/\",\"url\":\"https:\/\/www.sitsesp.org.br\/novo\/wp-content\/uploads\/2020\/09\/Design-sem-nome-1.jpg\",\"contentUrl\":\"https:\/\/www.sitsesp.org.br\/novo\/wp-content\/uploads\/2020\/09\/Design-sem-nome-1.jpg\",\"width\":300,\"height\":300,\"caption\":\"Sitsesp\"},\"image\":{\"@id\":\"https:\/\/www.sitsesp.org.br\/novo\/#\/schema\/logo\/image\/\"}},{\"@type\":\"Person\",\"@id\":\"https:\/\/www.sitsesp.org.br\/novo\/#\/schema\/person\/2a4c180eb185645b3bef8657c75e305a\",\"name\":\"mhais\",\"image\":{\"@type\":\"ImageObject\",\"inLanguage\":\"pt-BR\",\"@id\":\"https:\/\/www.sitsesp.org.br\/novo\/#\/schema\/person\/image\/\",\"url\":\"https:\/\/secure.gravatar.com\/avatar\/6f4eabe86990e81328cf702edfa92a60?s=96&d=mm&r=g\",\"contentUrl\":\"https:\/\/secure.gravatar.com\/avatar\/6f4eabe86990e81328cf702edfa92a60?s=96&d=mm&r=g\",\"caption\":\"mhais\"},\"sameAs\":[\"http:\/\/localhost\/sitsesp\"]}]}<\/script>\n<!-- \/ Yoast SEO plugin. -->","yoast_head_json":{"title":"Esclarecimentos dos diss\u00eddios coletivos 2014 e 2015 - SITSESP","robots":{"index":"index","follow":"follow","max-snippet":"max-snippet:-1","max-image-preview":"max-image-preview:large","max-video-preview":"max-video-preview:-1"},"canonical":"https:\/\/www.sitsesp.org.br\/novo\/esclarecimentos-dos-dissidios-coletivos-2014-e-2015\/","og_locale":"pt_BR","og_type":"article","og_title":"Esclarecimentos dos diss\u00eddios coletivos 2014 e 2015 - SITSESP","og_description":", principalmente com rela&ccedil;&atilde;o ao tr&acirc;mite processual e recursos, venho explicitar as seguintes quest&otilde;es: DISS&Iacute;DIO COLETIVO DE 2014: O TST reformou&hellip;","og_url":"https:\/\/www.sitsesp.org.br\/novo\/esclarecimentos-dos-dissidios-coletivos-2014-e-2015\/","og_site_name":"SITSESP","article_published_time":"2016-06-14T22:09:36+00:00","author":"mhais","twitter_card":"summary_large_image","twitter_misc":{"Escrito por":"mhais","Est. tempo de leitura":"3 minutos"},"schema":{"@context":"https:\/\/schema.org","@graph":[{"@type":"Article","@id":"https:\/\/www.sitsesp.org.br\/novo\/esclarecimentos-dos-dissidios-coletivos-2014-e-2015\/#article","isPartOf":{"@id":"https:\/\/www.sitsesp.org.br\/novo\/esclarecimentos-dos-dissidios-coletivos-2014-e-2015\/"},"author":{"name":"mhais","@id":"https:\/\/www.sitsesp.org.br\/novo\/#\/schema\/person\/2a4c180eb185645b3bef8657c75e305a"},"headline":"Esclarecimentos dos diss\u00eddios coletivos 2014 e 2015","datePublished":"2016-06-14T22:09:36+00:00","dateModified":"2016-06-14T22:09:36+00:00","mainEntityOfPage":{"@id":"https:\/\/www.sitsesp.org.br\/novo\/esclarecimentos-dos-dissidios-coletivos-2014-e-2015\/"},"wordCount":631,"commentCount":0,"publisher":{"@id":"https:\/\/www.sitsesp.org.br\/novo\/#organization"},"articleSection":["Noticias"],"inLanguage":"pt-BR","potentialAction":[{"@type":"CommentAction","name":"Comment","target":["https:\/\/www.sitsesp.org.br\/novo\/esclarecimentos-dos-dissidios-coletivos-2014-e-2015\/#respond"]}]},{"@type":"WebPage","@id":"https:\/\/www.sitsesp.org.br\/novo\/esclarecimentos-dos-dissidios-coletivos-2014-e-2015\/","url":"https:\/\/www.sitsesp.org.br\/novo\/esclarecimentos-dos-dissidios-coletivos-2014-e-2015\/","name":"Esclarecimentos dos diss\u00eddios coletivos 2014 e 2015 - SITSESP","isPartOf":{"@id":"https:\/\/www.sitsesp.org.br\/novo\/#website"},"datePublished":"2016-06-14T22:09:36+00:00","dateModified":"2016-06-14T22:09:36+00:00","breadcrumb":{"@id":"https:\/\/www.sitsesp.org.br\/novo\/esclarecimentos-dos-dissidios-coletivos-2014-e-2015\/#breadcrumb"},"inLanguage":"pt-BR","potentialAction":[{"@type":"ReadAction","target":["https:\/\/www.sitsesp.org.br\/novo\/esclarecimentos-dos-dissidios-coletivos-2014-e-2015\/"]}]},{"@type":"BreadcrumbList","@id":"https:\/\/www.sitsesp.org.br\/novo\/esclarecimentos-dos-dissidios-coletivos-2014-e-2015\/#breadcrumb","itemListElement":[{"@type":"ListItem","position":1,"name":"In\u00edcio","item":"https:\/\/www.sitsesp.org.br\/novo\/"},{"@type":"ListItem","position":2,"name":"Esclarecimentos dos diss\u00eddios coletivos 2014 e 2015"}]},{"@type":"WebSite","@id":"https:\/\/www.sitsesp.org.br\/novo\/#website","url":"https:\/\/www.sitsesp.org.br\/novo\/","name":"Sitsesp","description":"SIndicato da Socioeduca\u00e7\u00e3o do Estado de S\u00e3o Paulo","publisher":{"@id":"https:\/\/www.sitsesp.org.br\/novo\/#organization"},"potentialAction":[{"@type":"SearchAction","target":{"@type":"EntryPoint","urlTemplate":"https:\/\/www.sitsesp.org.br\/novo\/?s={search_term_string}"},"query-input":"required name=search_term_string"}],"inLanguage":"pt-BR"},{"@type":"Organization","@id":"https:\/\/www.sitsesp.org.br\/novo\/#organization","name":"Sitsesp","url":"https:\/\/www.sitsesp.org.br\/novo\/","logo":{"@type":"ImageObject","inLanguage":"pt-BR","@id":"https:\/\/www.sitsesp.org.br\/novo\/#\/schema\/logo\/image\/","url":"https:\/\/www.sitsesp.org.br\/novo\/wp-content\/uploads\/2020\/09\/Design-sem-nome-1.jpg","contentUrl":"https:\/\/www.sitsesp.org.br\/novo\/wp-content\/uploads\/2020\/09\/Design-sem-nome-1.jpg","width":300,"height":300,"caption":"Sitsesp"},"image":{"@id":"https:\/\/www.sitsesp.org.br\/novo\/#\/schema\/logo\/image\/"}},{"@type":"Person","@id":"https:\/\/www.sitsesp.org.br\/novo\/#\/schema\/person\/2a4c180eb185645b3bef8657c75e305a","name":"mhais","image":{"@type":"ImageObject","inLanguage":"pt-BR","@id":"https:\/\/www.sitsesp.org.br\/novo\/#\/schema\/person\/image\/","url":"https:\/\/secure.gravatar.com\/avatar\/6f4eabe86990e81328cf702edfa92a60?s=96&d=mm&r=g","contentUrl":"https:\/\/secure.gravatar.com\/avatar\/6f4eabe86990e81328cf702edfa92a60?s=96&d=mm&r=g","caption":"mhais"},"sameAs":["http:\/\/localhost\/sitsesp"]}]}},"_links":{"self":[{"href":"https:\/\/www.sitsesp.org.br\/novo\/wp-json\/wp\/v2\/posts\/1999"}],"collection":[{"href":"https:\/\/www.sitsesp.org.br\/novo\/wp-json\/wp\/v2\/posts"}],"about":[{"href":"https:\/\/www.sitsesp.org.br\/novo\/wp-json\/wp\/v2\/types\/post"}],"author":[{"embeddable":true,"href":"https:\/\/www.sitsesp.org.br\/novo\/wp-json\/wp\/v2\/users\/1"}],"replies":[{"embeddable":true,"href":"https:\/\/www.sitsesp.org.br\/novo\/wp-json\/wp\/v2\/comments?post=1999"}],"version-history":[{"count":0,"href":"https:\/\/www.sitsesp.org.br\/novo\/wp-json\/wp\/v2\/posts\/1999\/revisions"}],"wp:attachment":[{"href":"https:\/\/www.sitsesp.org.br\/novo\/wp-json\/wp\/v2\/media?parent=1999"}],"wp:term":[{"taxonomy":"category","embeddable":true,"href":"https:\/\/www.sitsesp.org.br\/novo\/wp-json\/wp\/v2\/categories?post=1999"},{"taxonomy":"post_tag","embeddable":true,"href":"https:\/\/www.sitsesp.org.br\/novo\/wp-json\/wp\/v2\/tags?post=1999"}],"curies":[{"name":"wp","href":"https:\/\/api.w.org\/{rel}","templated":true}]}}