{"id":2026,"date":"2016-10-05T12:13:08","date_gmt":"2016-10-05T15:13:08","guid":{"rendered":"https:\/\/pecorari-cloud72.pecoraricloud.com.br\/~sitsesporg\/outro-funcionario-e-morto-dentro-da-fundacao-casa-e-governo-novamente-se-esquiva-de-suas-obrigacoes\/"},"modified":"2016-10-05T12:13:08","modified_gmt":"2016-10-05T15:13:08","slug":"outro-funcionario-e-morto-dentro-da-fundacao-casa-e-governo-novamente-se-esquiva-de-suas-obrigacoes","status":"publish","type":"post","link":"https:\/\/www.sitsesp.org.br\/novo\/outro-funcionario-e-morto-dentro-da-fundacao-casa-e-governo-novamente-se-esquiva-de-suas-obrigacoes\/","title":{"rendered":"Outro funcion\u00e1rio \u00e9 morto dentro da Funda\u00e7\u00e3o CASA e  Governo novamente se esquiva de suas obriga\u00e7\u00f5es"},"content":{"rendered":"<p><!-- VideographyWP Plugin Message: Automatic video embedding prevented by plugin options. --><\/p>\n<p>falta de seguran&#231;a e politicas publicas, entre tantos outros descalabros que existem dentro da Funda&#231;&#227;o CASA, desta vez em Mar&#237;lia, os adolescentes iniciaram uma rebeli&#227;o que culminou na morte de um funcion&#225;rio, que foi dominado por quatro internos e teve o pesco&#231;o transfixado por um cabo de vassoura por quatro adolescentes, de 17 anos.<\/p>\n<p>Os quatro respons&#225;veis pelo crime j&#225; foram identificados!!! Agora me responde senhor Governador de um dos maiores estados do Mundo, como uma a&#231;&#227;o dessas ocorreu?<\/p>\n<p>A culpa &#233; do funcion&#225;rio que para receber seu suado sal&#225;rio precisa diariamente passar por risco de vida? Ou &#233; do Governo que n&#227;o tem uma pol&#237;tica p&#250;blica adequada para atender esses adolescentes?<\/p>\n<p>Ou pior ainda como atender a socioeduca&#231;&#227;o se n&#227;o h&#225; funcion&#225;rios suficientes? Cad&#234; os concursos p&#250;blicos? At&#233; quando os trabalhadores ter&#227;o que trabalhar com risco iminente de morte? At&#233; quando esses funcion&#225;rios estar&#227;o com a faca no pesco&#231;o?<\/p>\n<p>At&#233; quando senhor Governador de S&#227;o Paulo essas fam&#237;lias ter&#227;o que enterrar os corpos de seus entes mais queridos. Sim, para o Senhor eles s&#227;o n&#250;meros, mas para n&#243;s que temos sangue no corpo e algu&#233;m que nos espera diariamente, eles s&#227;o v&#237;timas desse governo inescrupuloso e que n&#227;o tem o olhar para o trabalhador.<\/p>\n<p>Hoje, vemos a morte de mais um colega de trabalho e quantos mais teremos que ver senhor governador?<\/p>\n<p>O SITSESP\/SITRAEMFA lamenta a morte deste companheiro de trabalho e de mais tantos outros que se feriram nesta e em tantas outras rebeli&#245;es, mas n&#227;o nos esquivaremos &#224; luta. E j&#225; estamos nos &#160;mobilizando para fazermos grande ato p&#250;blico contra a falta de seguran&#231;a e pelo descaso do governo do Estado.<\/p>\n","protected":false},"excerpt":{"rendered":"<p>falta de seguran&#231;a e politicas publicas, entre tantos outros descalabros que existem dentro da Funda&#231;&#227;o CASA, desta vez em Mar&#237;lia, os&hellip;<\/p>\n","protected":false},"author":1,"featured_media":0,"comment_status":"open","ping_status":"open","sticky":false,"template":"","format":"standard","meta":{"cybocfi_hide_featured_image":"","footnotes":""},"categories":[22],"tags":[],"yoast_head":"<!-- This site is optimized with the Yoast SEO plugin v22.8 - https:\/\/yoast.com\/wordpress\/plugins\/seo\/ -->\n<title>Outro funcion\u00e1rio \u00e9 morto dentro da Funda\u00e7\u00e3o CASA e Governo novamente se esquiva de suas obriga\u00e7\u00f5es - SITSESP<\/title>\n<meta name=\"robots\" content=\"index, follow, max-snippet:-1, max-image-preview:large, max-video-preview:-1\" \/>\n<link rel=\"canonical\" href=\"https:\/\/www.sitsesp.org.br\/novo\/outro-funcionario-e-morto-dentro-da-fundacao-casa-e-governo-novamente-se-esquiva-de-suas-obrigacoes\/\" \/>\n<meta property=\"og:locale\" content=\"pt_BR\" \/>\n<meta property=\"og:type\" content=\"article\" \/>\n<meta property=\"og:title\" content=\"Outro funcion\u00e1rio \u00e9 morto dentro da Funda\u00e7\u00e3o CASA e Governo novamente se esquiva de suas obriga\u00e7\u00f5es - SITSESP\" \/>\n<meta property=\"og:description\" content=\"falta de seguran&#231;a e politicas publicas, entre tantos outros descalabros que existem dentro da Funda&#231;&#227;o CASA, desta vez em Mar&#237;lia, os&hellip;\" \/>\n<meta property=\"og:url\" content=\"https:\/\/www.sitsesp.org.br\/novo\/outro-funcionario-e-morto-dentro-da-fundacao-casa-e-governo-novamente-se-esquiva-de-suas-obrigacoes\/\" \/>\n<meta property=\"og:site_name\" content=\"SITSESP\" \/>\n<meta property=\"article:published_time\" content=\"2016-10-05T15:13:08+00:00\" \/>\n<meta name=\"author\" content=\"mhais\" \/>\n<meta name=\"twitter:card\" content=\"summary_large_image\" \/>\n<meta name=\"twitter:label1\" content=\"Escrito por\" \/>\n\t<meta name=\"twitter:data1\" content=\"mhais\" \/>\n\t<meta name=\"twitter:label2\" content=\"Est. tempo de leitura\" \/>\n\t<meta name=\"twitter:data2\" content=\"2 minutos\" \/>\n<script type=\"application\/ld+json\" class=\"yoast-schema-graph\">{\"@context\":\"https:\/\/schema.org\",\"@graph\":[{\"@type\":\"Article\",\"@id\":\"https:\/\/www.sitsesp.org.br\/novo\/outro-funcionario-e-morto-dentro-da-fundacao-casa-e-governo-novamente-se-esquiva-de-suas-obrigacoes\/#article\",\"isPartOf\":{\"@id\":\"https:\/\/www.sitsesp.org.br\/novo\/outro-funcionario-e-morto-dentro-da-fundacao-casa-e-governo-novamente-se-esquiva-de-suas-obrigacoes\/\"},\"author\":{\"name\":\"mhais\",\"@id\":\"https:\/\/www.sitsesp.org.br\/novo\/#\/schema\/person\/2a4c180eb185645b3bef8657c75e305a\"},\"headline\":\"Outro funcion\u00e1rio \u00e9 morto dentro da Funda\u00e7\u00e3o CASA e Governo novamente se esquiva de suas obriga\u00e7\u00f5es\",\"datePublished\":\"2016-10-05T15:13:08+00:00\",\"dateModified\":\"2016-10-05T15:13:08+00:00\",\"mainEntityOfPage\":{\"@id\":\"https:\/\/www.sitsesp.org.br\/novo\/outro-funcionario-e-morto-dentro-da-fundacao-casa-e-governo-novamente-se-esquiva-de-suas-obrigacoes\/\"},\"wordCount\":324,\"commentCount\":0,\"publisher\":{\"@id\":\"https:\/\/www.sitsesp.org.br\/novo\/#organization\"},\"articleSection\":[\"Noticias\"],\"inLanguage\":\"pt-BR\",\"potentialAction\":[{\"@type\":\"CommentAction\",\"name\":\"Comment\",\"target\":[\"https:\/\/www.sitsesp.org.br\/novo\/outro-funcionario-e-morto-dentro-da-fundacao-casa-e-governo-novamente-se-esquiva-de-suas-obrigacoes\/#respond\"]}]},{\"@type\":\"WebPage\",\"@id\":\"https:\/\/www.sitsesp.org.br\/novo\/outro-funcionario-e-morto-dentro-da-fundacao-casa-e-governo-novamente-se-esquiva-de-suas-obrigacoes\/\",\"url\":\"https:\/\/www.sitsesp.org.br\/novo\/outro-funcionario-e-morto-dentro-da-fundacao-casa-e-governo-novamente-se-esquiva-de-suas-obrigacoes\/\",\"name\":\"Outro funcion\u00e1rio \u00e9 morto dentro da Funda\u00e7\u00e3o CASA e Governo novamente se esquiva de suas obriga\u00e7\u00f5es - SITSESP\",\"isPartOf\":{\"@id\":\"https:\/\/www.sitsesp.org.br\/novo\/#website\"},\"datePublished\":\"2016-10-05T15:13:08+00:00\",\"dateModified\":\"2016-10-05T15:13:08+00:00\",\"breadcrumb\":{\"@id\":\"https:\/\/www.sitsesp.org.br\/novo\/outro-funcionario-e-morto-dentro-da-fundacao-casa-e-governo-novamente-se-esquiva-de-suas-obrigacoes\/#breadcrumb\"},\"inLanguage\":\"pt-BR\",\"potentialAction\":[{\"@type\":\"ReadAction\",\"target\":[\"https:\/\/www.sitsesp.org.br\/novo\/outro-funcionario-e-morto-dentro-da-fundacao-casa-e-governo-novamente-se-esquiva-de-suas-obrigacoes\/\"]}]},{\"@type\":\"BreadcrumbList\",\"@id\":\"https:\/\/www.sitsesp.org.br\/novo\/outro-funcionario-e-morto-dentro-da-fundacao-casa-e-governo-novamente-se-esquiva-de-suas-obrigacoes\/#breadcrumb\",\"itemListElement\":[{\"@type\":\"ListItem\",\"position\":1,\"name\":\"In\u00edcio\",\"item\":\"https:\/\/www.sitsesp.org.br\/novo\/\"},{\"@type\":\"ListItem\",\"position\":2,\"name\":\"Outro funcion\u00e1rio \u00e9 morto dentro da Funda\u00e7\u00e3o CASA e Governo novamente se esquiva de suas obriga\u00e7\u00f5es\"}]},{\"@type\":\"WebSite\",\"@id\":\"https:\/\/www.sitsesp.org.br\/novo\/#website\",\"url\":\"https:\/\/www.sitsesp.org.br\/novo\/\",\"name\":\"Sitsesp\",\"description\":\"SIndicato da Socioeduca\u00e7\u00e3o do Estado de S\u00e3o Paulo\",\"publisher\":{\"@id\":\"https:\/\/www.sitsesp.org.br\/novo\/#organization\"},\"potentialAction\":[{\"@type\":\"SearchAction\",\"target\":{\"@type\":\"EntryPoint\",\"urlTemplate\":\"https:\/\/www.sitsesp.org.br\/novo\/?s={search_term_string}\"},\"query-input\":\"required name=search_term_string\"}],\"inLanguage\":\"pt-BR\"},{\"@type\":\"Organization\",\"@id\":\"https:\/\/www.sitsesp.org.br\/novo\/#organization\",\"name\":\"Sitsesp\",\"url\":\"https:\/\/www.sitsesp.org.br\/novo\/\",\"logo\":{\"@type\":\"ImageObject\",\"inLanguage\":\"pt-BR\",\"@id\":\"https:\/\/www.sitsesp.org.br\/novo\/#\/schema\/logo\/image\/\",\"url\":\"https:\/\/www.sitsesp.org.br\/novo\/wp-content\/uploads\/2020\/09\/Design-sem-nome-1.jpg\",\"contentUrl\":\"https:\/\/www.sitsesp.org.br\/novo\/wp-content\/uploads\/2020\/09\/Design-sem-nome-1.jpg\",\"width\":300,\"height\":300,\"caption\":\"Sitsesp\"},\"image\":{\"@id\":\"https:\/\/www.sitsesp.org.br\/novo\/#\/schema\/logo\/image\/\"}},{\"@type\":\"Person\",\"@id\":\"https:\/\/www.sitsesp.org.br\/novo\/#\/schema\/person\/2a4c180eb185645b3bef8657c75e305a\",\"name\":\"mhais\",\"image\":{\"@type\":\"ImageObject\",\"inLanguage\":\"pt-BR\",\"@id\":\"https:\/\/www.sitsesp.org.br\/novo\/#\/schema\/person\/image\/\",\"url\":\"https:\/\/secure.gravatar.com\/avatar\/6f4eabe86990e81328cf702edfa92a60?s=96&d=mm&r=g\",\"contentUrl\":\"https:\/\/secure.gravatar.com\/avatar\/6f4eabe86990e81328cf702edfa92a60?s=96&d=mm&r=g\",\"caption\":\"mhais\"},\"sameAs\":[\"http:\/\/localhost\/sitsesp\"]}]}<\/script>\n<!-- \/ Yoast SEO plugin. -->","yoast_head_json":{"title":"Outro funcion\u00e1rio \u00e9 morto dentro da Funda\u00e7\u00e3o CASA e Governo novamente se esquiva de suas obriga\u00e7\u00f5es - SITSESP","robots":{"index":"index","follow":"follow","max-snippet":"max-snippet:-1","max-image-preview":"max-image-preview:large","max-video-preview":"max-video-preview:-1"},"canonical":"https:\/\/www.sitsesp.org.br\/novo\/outro-funcionario-e-morto-dentro-da-fundacao-casa-e-governo-novamente-se-esquiva-de-suas-obrigacoes\/","og_locale":"pt_BR","og_type":"article","og_title":"Outro funcion\u00e1rio \u00e9 morto dentro da Funda\u00e7\u00e3o CASA e Governo novamente se esquiva de suas obriga\u00e7\u00f5es - SITSESP","og_description":"falta de seguran&#231;a e politicas publicas, entre tantos outros descalabros que existem dentro da Funda&#231;&#227;o CASA, desta vez em Mar&#237;lia, os&hellip;","og_url":"https:\/\/www.sitsesp.org.br\/novo\/outro-funcionario-e-morto-dentro-da-fundacao-casa-e-governo-novamente-se-esquiva-de-suas-obrigacoes\/","og_site_name":"SITSESP","article_published_time":"2016-10-05T15:13:08+00:00","author":"mhais","twitter_card":"summary_large_image","twitter_misc":{"Escrito por":"mhais","Est. tempo de leitura":"2 minutos"},"schema":{"@context":"https:\/\/schema.org","@graph":[{"@type":"Article","@id":"https:\/\/www.sitsesp.org.br\/novo\/outro-funcionario-e-morto-dentro-da-fundacao-casa-e-governo-novamente-se-esquiva-de-suas-obrigacoes\/#article","isPartOf":{"@id":"https:\/\/www.sitsesp.org.br\/novo\/outro-funcionario-e-morto-dentro-da-fundacao-casa-e-governo-novamente-se-esquiva-de-suas-obrigacoes\/"},"author":{"name":"mhais","@id":"https:\/\/www.sitsesp.org.br\/novo\/#\/schema\/person\/2a4c180eb185645b3bef8657c75e305a"},"headline":"Outro funcion\u00e1rio \u00e9 morto dentro da Funda\u00e7\u00e3o CASA e Governo novamente se esquiva de suas obriga\u00e7\u00f5es","datePublished":"2016-10-05T15:13:08+00:00","dateModified":"2016-10-05T15:13:08+00:00","mainEntityOfPage":{"@id":"https:\/\/www.sitsesp.org.br\/novo\/outro-funcionario-e-morto-dentro-da-fundacao-casa-e-governo-novamente-se-esquiva-de-suas-obrigacoes\/"},"wordCount":324,"commentCount":0,"publisher":{"@id":"https:\/\/www.sitsesp.org.br\/novo\/#organization"},"articleSection":["Noticias"],"inLanguage":"pt-BR","potentialAction":[{"@type":"CommentAction","name":"Comment","target":["https:\/\/www.sitsesp.org.br\/novo\/outro-funcionario-e-morto-dentro-da-fundacao-casa-e-governo-novamente-se-esquiva-de-suas-obrigacoes\/#respond"]}]},{"@type":"WebPage","@id":"https:\/\/www.sitsesp.org.br\/novo\/outro-funcionario-e-morto-dentro-da-fundacao-casa-e-governo-novamente-se-esquiva-de-suas-obrigacoes\/","url":"https:\/\/www.sitsesp.org.br\/novo\/outro-funcionario-e-morto-dentro-da-fundacao-casa-e-governo-novamente-se-esquiva-de-suas-obrigacoes\/","name":"Outro funcion\u00e1rio \u00e9 morto dentro da Funda\u00e7\u00e3o CASA e Governo novamente se esquiva de suas obriga\u00e7\u00f5es - SITSESP","isPartOf":{"@id":"https:\/\/www.sitsesp.org.br\/novo\/#website"},"datePublished":"2016-10-05T15:13:08+00:00","dateModified":"2016-10-05T15:13:08+00:00","breadcrumb":{"@id":"https:\/\/www.sitsesp.org.br\/novo\/outro-funcionario-e-morto-dentro-da-fundacao-casa-e-governo-novamente-se-esquiva-de-suas-obrigacoes\/#breadcrumb"},"inLanguage":"pt-BR","potentialAction":[{"@type":"ReadAction","target":["https:\/\/www.sitsesp.org.br\/novo\/outro-funcionario-e-morto-dentro-da-fundacao-casa-e-governo-novamente-se-esquiva-de-suas-obrigacoes\/"]}]},{"@type":"BreadcrumbList","@id":"https:\/\/www.sitsesp.org.br\/novo\/outro-funcionario-e-morto-dentro-da-fundacao-casa-e-governo-novamente-se-esquiva-de-suas-obrigacoes\/#breadcrumb","itemListElement":[{"@type":"ListItem","position":1,"name":"In\u00edcio","item":"https:\/\/www.sitsesp.org.br\/novo\/"},{"@type":"ListItem","position":2,"name":"Outro funcion\u00e1rio \u00e9 morto dentro da Funda\u00e7\u00e3o CASA e Governo novamente se esquiva de suas obriga\u00e7\u00f5es"}]},{"@type":"WebSite","@id":"https:\/\/www.sitsesp.org.br\/novo\/#website","url":"https:\/\/www.sitsesp.org.br\/novo\/","name":"Sitsesp","description":"SIndicato da Socioeduca\u00e7\u00e3o do Estado de S\u00e3o Paulo","publisher":{"@id":"https:\/\/www.sitsesp.org.br\/novo\/#organization"},"potentialAction":[{"@type":"SearchAction","target":{"@type":"EntryPoint","urlTemplate":"https:\/\/www.sitsesp.org.br\/novo\/?s={search_term_string}"},"query-input":"required name=search_term_string"}],"inLanguage":"pt-BR"},{"@type":"Organization","@id":"https:\/\/www.sitsesp.org.br\/novo\/#organization","name":"Sitsesp","url":"https:\/\/www.sitsesp.org.br\/novo\/","logo":{"@type":"ImageObject","inLanguage":"pt-BR","@id":"https:\/\/www.sitsesp.org.br\/novo\/#\/schema\/logo\/image\/","url":"https:\/\/www.sitsesp.org.br\/novo\/wp-content\/uploads\/2020\/09\/Design-sem-nome-1.jpg","contentUrl":"https:\/\/www.sitsesp.org.br\/novo\/wp-content\/uploads\/2020\/09\/Design-sem-nome-1.jpg","width":300,"height":300,"caption":"Sitsesp"},"image":{"@id":"https:\/\/www.sitsesp.org.br\/novo\/#\/schema\/logo\/image\/"}},{"@type":"Person","@id":"https:\/\/www.sitsesp.org.br\/novo\/#\/schema\/person\/2a4c180eb185645b3bef8657c75e305a","name":"mhais","image":{"@type":"ImageObject","inLanguage":"pt-BR","@id":"https:\/\/www.sitsesp.org.br\/novo\/#\/schema\/person\/image\/","url":"https:\/\/secure.gravatar.com\/avatar\/6f4eabe86990e81328cf702edfa92a60?s=96&d=mm&r=g","contentUrl":"https:\/\/secure.gravatar.com\/avatar\/6f4eabe86990e81328cf702edfa92a60?s=96&d=mm&r=g","caption":"mhais"},"sameAs":["http:\/\/localhost\/sitsesp"]}]}},"_links":{"self":[{"href":"https:\/\/www.sitsesp.org.br\/novo\/wp-json\/wp\/v2\/posts\/2026"}],"collection":[{"href":"https:\/\/www.sitsesp.org.br\/novo\/wp-json\/wp\/v2\/posts"}],"about":[{"href":"https:\/\/www.sitsesp.org.br\/novo\/wp-json\/wp\/v2\/types\/post"}],"author":[{"embeddable":true,"href":"https:\/\/www.sitsesp.org.br\/novo\/wp-json\/wp\/v2\/users\/1"}],"replies":[{"embeddable":true,"href":"https:\/\/www.sitsesp.org.br\/novo\/wp-json\/wp\/v2\/comments?post=2026"}],"version-history":[{"count":0,"href":"https:\/\/www.sitsesp.org.br\/novo\/wp-json\/wp\/v2\/posts\/2026\/revisions"}],"wp:attachment":[{"href":"https:\/\/www.sitsesp.org.br\/novo\/wp-json\/wp\/v2\/media?parent=2026"}],"wp:term":[{"taxonomy":"category","embeddable":true,"href":"https:\/\/www.sitsesp.org.br\/novo\/wp-json\/wp\/v2\/categories?post=2026"},{"taxonomy":"post_tag","embeddable":true,"href":"https:\/\/www.sitsesp.org.br\/novo\/wp-json\/wp\/v2\/tags?post=2026"}],"curies":[{"name":"wp","href":"https:\/\/api.w.org\/{rel}","templated":true}]}}