{"id":2031,"date":"2016-10-24T11:40:08","date_gmt":"2016-10-24T13:40:08","guid":{"rendered":"https:\/\/pecorari-cloud72.pecoraricloud.com.br\/~sitsesporg\/nota-de-pesar\/"},"modified":"2016-10-24T11:40:08","modified_gmt":"2016-10-24T13:40:08","slug":"nota-de-pesar","status":"publish","type":"post","link":"https:\/\/www.sitsesp.org.br\/novo\/nota-de-pesar\/","title":{"rendered":"NOTA DE PESAR"},"content":{"rendered":"<p><!-- VideographyWP Plugin Message: Automatic video embedding prevented by plugin options. --><\/p>\n<p>por meio de sua diretoria d&#225; suas condol&#234;ncias &#224;&#160;categoria do SINTASE, que perdeu violentamente uma companheiro de trabalho e refor&#231;a seu pesar &#224; fam&#237;lia desse trabalhador.<\/p>\n<p>O Sindicato dos T&#233;cnicos e Agentes em A&#231;&#245;es Socioeducativas do Acre &#8211; SINTASE, por meio de sua Diretoria, em nome de toda a categoria, vem de p&#250;blico manifestar o mais profundo pesar, pelo falecimento tr&#225;gico e violento, ocorrido no final da tarde deste Domingo (23), no Seringal Para&#237;so, na Zona Rural do Munic&#237;pio de Tarauac&#225;, onde o Agente Socioeducativo Vando Medeiros, profissional de grande reputa&#231;&#227;o e conduta ilibada, foi covardemente assassinado por um ex-presidiario.<\/p>\n<p>O Agente estaria na localidade do Seringal Para&#237;so na companhia de sua esposa a Senhora Nerimar, Vereadora eleita nas elei&#231;&#245;es deste ano, participando de um ato de agradecimento pelos votos que tivera no pleito eleitoral do ano em curso quando um elemento motivado por esp&#237;rito de disc&#243;rdia e de posse de uma espingarda disparou contra o Agente.<\/p>\n<p>Contudo, registramos a indigna&#231;&#227;o de nossa categoria diante desta barbaridade onde um servidor da qualidade que foi o nosso combatente teve sua vida ceifada de forma covarde e por elemento considerado como &#8220;estirpe negativa&#8221; da sociedade, onde estes mesmos indiv&#237;duos que desrespeitam a lei e a ordem social, praticam n&#227;o s&#243; um crime contra uma vida humana, o que por si s&#243; j&#225; &#233; motivo de repulsa, mas contra a paz e a ordem pol&#237;tico\/social, ao agredirem e exterminarem, covardemente, agentes p&#250;blicos imbu&#237;dos do proposito de zelar pela ordem social seja em qual segmento Institucional for.<\/p>\n<p>N&#243;s Agentes Socioeducativos, T&#233;cnicos Administrativos, Assistentes Sociais e Psic&#243;logas do Instituto Socioeducativo do Acre, vemos e sentimos as for&#231;as de seguran&#231;a como coirm&#227;s de nossa categoria e nos ali&#231;ercamos em suas atribui&#231;&#245;es para que fatos como este sejam tratados de forma imperativa, posto que temos a miss&#227;o comum de contribuirmos com a manuten&#231;&#227;o e preserva&#231;&#227;o da paz social, por isso nos sentimos violentados, feridos e enlutados diante de atos tr&#225;gicos como o que ocorrera com o combatente Vando, servidor de grande car&#225;ter, extrovertido e de grande apre&#231;o manifestado por toda a categoria, principalmente, pelos servidores do Centro Socioeducativo Feij&#243;.<\/p>\n<p>Nesse momento de tristeza e luto, esta entidade apresenta, em nome de todos os servidores filiados, as suas condol&#234;ncias &#224; fam&#237;lia do amigo e irm&#227;o de Farda Vando Medeiros, homem honesto, probo e comprometido com a causa p&#250;blica, que sempre orgulhou seus pares e a sua institui&#231;&#227;o . Pessoa de grande &#237;ndole e atua&#231;&#227;o plena dos servi&#231;os de seguran&#231;a e merecedor de nossa eterna admira&#231;&#227;o.<\/p>\n<p>Certamente, por suas obras e modo de viver, o Agente Vando, recebeu na gl&#243;ria o melhor lugar ao lado de nosso pai celestial, deixando saudades e a certeza de que sua conduta, postura e ensinamentos nunca ser&#227;o esquecidos.<\/p>\n<p>Este fat&#237;dico dia, infelizmente, ficar&#225; marcado em nossa mem&#243;ria, gravado no livro negro das trag&#233;dias ocorridas no &#226;mbito da Seguran&#231;a P&#250;blica do Estado do Acre, e com certeza ser&#225; lembrado com todo pesar pela nossa entidade sindical que no in&#237;cio desta gest&#227;o ocupou as fileiras de Delegado Sindical do Sindicato em Feij&#243;.<\/p>\n<p>Essa entidade defender&#225; veementemente a fiel e rigorosa apura&#231;&#227;o dos fatos, acompanhando o inqu&#233;rito policial respectivo e a a&#231;&#227;o penal futura, buscando sempre a mais estrita e cristalina justi&#231;a, ressaltando que quaisquer pr&#225;ticas de benef&#237;cios legais ao infrator, mormente algo desta forma, n&#227;o condizem com o atuar dos Servidores em Socioeduca&#231;&#227;o e tampouco contam com a aprova&#231;&#227;o de qualquer deles. Queremos a puni&#231;&#227;o imediata do delinquente e com o m&#225;ximo de rigor da lei.<\/p>\n<p>&#201; entristecedor que as a&#231;&#245;es de homicidas tenham o cond&#227;o de afetar de forma t&#227;o contundente o estado de &#226;nimo e o psicol&#243;gico n&#227;o s&#243; dos familiares, mas de todos os Amigos, colegas de trabalho e demais membros que integram a &#243;tica da Seguran&#231;a, chegando a um ponto de causar anormalidade no conv&#237;vio social destes membros.<\/p>\n<p>Todos n&#243;s, Servidores, estamos nesse momento com um &#8220;n&#243;&#8221; na garganta, em estado de choque, pelo que aconteceu, afinal, &#233; a primeira morte de servidor do quadro efetivo da Institui&#231;&#227;o registrada no momento. Esperamos que as Pol&#237;cias Militar e Civil tenham o &#234;xito na captura do meliante e adequem as suas caracter&#237;sticas o peso da lei, majorado ainda por se tratar de Agente P&#250;blico.<\/p>\n<p>Neste ato, informamos a todos os filiados do SINTASE que o Curso de Tiro, as constru&#231;&#245;es dos projetos de ascen&#231;&#227;o de classe, a formaliza&#231;&#227;o de requerimentos e a reuni&#227;o Sindical que haver&#237;amos de realizar nesta Ter&#231;a-feira com a categoria est&#225; suspensa, pois todos os nossos esfor&#231;os e aten&#231;&#245;es estar&#227;o voltados a prestar todo o suporte &#224; fam&#237;lia do colega Vando Medeiros e averiguar o acompanhamento da investiga&#231;&#227;o respectiva.<\/p>\n<p>Atenciosamente,<\/p>\n<p>Aldo Antonio, presidente do SITSESP<\/p>\n<p>Betho Calixto &#8211; Presidente do SINTASE<\/p>\n","protected":false},"excerpt":{"rendered":"<p>por meio de sua diretoria d&#225; suas condol&#234;ncias &#224;&#160;categoria do SINTASE, que perdeu violentamente uma companheiro de trabalho e refor&#231;a seu&hellip;<\/p>\n","protected":false},"author":1,"featured_media":0,"comment_status":"open","ping_status":"open","sticky":false,"template":"","format":"standard","meta":{"cybocfi_hide_featured_image":"","footnotes":""},"categories":[22],"tags":[],"yoast_head":"<!-- This site is optimized with the Yoast SEO plugin v22.8 - https:\/\/yoast.com\/wordpress\/plugins\/seo\/ -->\n<title>NOTA DE PESAR - SITSESP<\/title>\n<meta name=\"robots\" content=\"index, follow, max-snippet:-1, max-image-preview:large, max-video-preview:-1\" \/>\n<link rel=\"canonical\" href=\"https:\/\/www.sitsesp.org.br\/novo\/nota-de-pesar\/\" \/>\n<meta property=\"og:locale\" content=\"pt_BR\" \/>\n<meta property=\"og:type\" content=\"article\" \/>\n<meta property=\"og:title\" content=\"NOTA DE PESAR - SITSESP\" \/>\n<meta property=\"og:description\" content=\"por meio de sua diretoria d&#225; suas condol&#234;ncias &#224;&#160;categoria do SINTASE, que perdeu violentamente uma companheiro de trabalho e refor&#231;a seu&hellip;\" \/>\n<meta property=\"og:url\" content=\"https:\/\/www.sitsesp.org.br\/novo\/nota-de-pesar\/\" \/>\n<meta property=\"og:site_name\" content=\"SITSESP\" \/>\n<meta property=\"article:published_time\" content=\"2016-10-24T13:40:08+00:00\" \/>\n<meta name=\"author\" content=\"mhais\" \/>\n<meta name=\"twitter:card\" content=\"summary_large_image\" \/>\n<meta name=\"twitter:label1\" content=\"Escrito por\" \/>\n\t<meta name=\"twitter:data1\" content=\"mhais\" \/>\n\t<meta name=\"twitter:label2\" content=\"Est. tempo de leitura\" \/>\n\t<meta name=\"twitter:data2\" content=\"4 minutos\" \/>\n<script type=\"application\/ld+json\" class=\"yoast-schema-graph\">{\"@context\":\"https:\/\/schema.org\",\"@graph\":[{\"@type\":\"Article\",\"@id\":\"https:\/\/www.sitsesp.org.br\/novo\/nota-de-pesar\/#article\",\"isPartOf\":{\"@id\":\"https:\/\/www.sitsesp.org.br\/novo\/nota-de-pesar\/\"},\"author\":{\"name\":\"mhais\",\"@id\":\"https:\/\/www.sitsesp.org.br\/novo\/#\/schema\/person\/2a4c180eb185645b3bef8657c75e305a\"},\"headline\":\"NOTA DE PESAR\",\"datePublished\":\"2016-10-24T13:40:08+00:00\",\"dateModified\":\"2016-10-24T13:40:08+00:00\",\"mainEntityOfPage\":{\"@id\":\"https:\/\/www.sitsesp.org.br\/novo\/nota-de-pesar\/\"},\"wordCount\":863,\"commentCount\":0,\"publisher\":{\"@id\":\"https:\/\/www.sitsesp.org.br\/novo\/#organization\"},\"articleSection\":[\"Noticias\"],\"inLanguage\":\"pt-BR\",\"potentialAction\":[{\"@type\":\"CommentAction\",\"name\":\"Comment\",\"target\":[\"https:\/\/www.sitsesp.org.br\/novo\/nota-de-pesar\/#respond\"]}]},{\"@type\":\"WebPage\",\"@id\":\"https:\/\/www.sitsesp.org.br\/novo\/nota-de-pesar\/\",\"url\":\"https:\/\/www.sitsesp.org.br\/novo\/nota-de-pesar\/\",\"name\":\"NOTA DE PESAR - SITSESP\",\"isPartOf\":{\"@id\":\"https:\/\/www.sitsesp.org.br\/novo\/#website\"},\"datePublished\":\"2016-10-24T13:40:08+00:00\",\"dateModified\":\"2016-10-24T13:40:08+00:00\",\"breadcrumb\":{\"@id\":\"https:\/\/www.sitsesp.org.br\/novo\/nota-de-pesar\/#breadcrumb\"},\"inLanguage\":\"pt-BR\",\"potentialAction\":[{\"@type\":\"ReadAction\",\"target\":[\"https:\/\/www.sitsesp.org.br\/novo\/nota-de-pesar\/\"]}]},{\"@type\":\"BreadcrumbList\",\"@id\":\"https:\/\/www.sitsesp.org.br\/novo\/nota-de-pesar\/#breadcrumb\",\"itemListElement\":[{\"@type\":\"ListItem\",\"position\":1,\"name\":\"In\u00edcio\",\"item\":\"https:\/\/www.sitsesp.org.br\/novo\/\"},{\"@type\":\"ListItem\",\"position\":2,\"name\":\"NOTA DE PESAR\"}]},{\"@type\":\"WebSite\",\"@id\":\"https:\/\/www.sitsesp.org.br\/novo\/#website\",\"url\":\"https:\/\/www.sitsesp.org.br\/novo\/\",\"name\":\"Sitsesp\",\"description\":\"SIndicato da Socioeduca\u00e7\u00e3o do Estado de S\u00e3o Paulo\",\"publisher\":{\"@id\":\"https:\/\/www.sitsesp.org.br\/novo\/#organization\"},\"potentialAction\":[{\"@type\":\"SearchAction\",\"target\":{\"@type\":\"EntryPoint\",\"urlTemplate\":\"https:\/\/www.sitsesp.org.br\/novo\/?s={search_term_string}\"},\"query-input\":\"required name=search_term_string\"}],\"inLanguage\":\"pt-BR\"},{\"@type\":\"Organization\",\"@id\":\"https:\/\/www.sitsesp.org.br\/novo\/#organization\",\"name\":\"Sitsesp\",\"url\":\"https:\/\/www.sitsesp.org.br\/novo\/\",\"logo\":{\"@type\":\"ImageObject\",\"inLanguage\":\"pt-BR\",\"@id\":\"https:\/\/www.sitsesp.org.br\/novo\/#\/schema\/logo\/image\/\",\"url\":\"https:\/\/www.sitsesp.org.br\/novo\/wp-content\/uploads\/2020\/09\/Design-sem-nome-1.jpg\",\"contentUrl\":\"https:\/\/www.sitsesp.org.br\/novo\/wp-content\/uploads\/2020\/09\/Design-sem-nome-1.jpg\",\"width\":300,\"height\":300,\"caption\":\"Sitsesp\"},\"image\":{\"@id\":\"https:\/\/www.sitsesp.org.br\/novo\/#\/schema\/logo\/image\/\"}},{\"@type\":\"Person\",\"@id\":\"https:\/\/www.sitsesp.org.br\/novo\/#\/schema\/person\/2a4c180eb185645b3bef8657c75e305a\",\"name\":\"mhais\",\"image\":{\"@type\":\"ImageObject\",\"inLanguage\":\"pt-BR\",\"@id\":\"https:\/\/www.sitsesp.org.br\/novo\/#\/schema\/person\/image\/\",\"url\":\"https:\/\/secure.gravatar.com\/avatar\/6f4eabe86990e81328cf702edfa92a60?s=96&d=mm&r=g\",\"contentUrl\":\"https:\/\/secure.gravatar.com\/avatar\/6f4eabe86990e81328cf702edfa92a60?s=96&d=mm&r=g\",\"caption\":\"mhais\"},\"sameAs\":[\"http:\/\/localhost\/sitsesp\"]}]}<\/script>\n<!-- \/ Yoast SEO plugin. -->","yoast_head_json":{"title":"NOTA DE PESAR - SITSESP","robots":{"index":"index","follow":"follow","max-snippet":"max-snippet:-1","max-image-preview":"max-image-preview:large","max-video-preview":"max-video-preview:-1"},"canonical":"https:\/\/www.sitsesp.org.br\/novo\/nota-de-pesar\/","og_locale":"pt_BR","og_type":"article","og_title":"NOTA DE PESAR - SITSESP","og_description":"por meio de sua diretoria d&#225; suas condol&#234;ncias &#224;&#160;categoria do SINTASE, que perdeu violentamente uma companheiro de trabalho e refor&#231;a seu&hellip;","og_url":"https:\/\/www.sitsesp.org.br\/novo\/nota-de-pesar\/","og_site_name":"SITSESP","article_published_time":"2016-10-24T13:40:08+00:00","author":"mhais","twitter_card":"summary_large_image","twitter_misc":{"Escrito por":"mhais","Est. tempo de leitura":"4 minutos"},"schema":{"@context":"https:\/\/schema.org","@graph":[{"@type":"Article","@id":"https:\/\/www.sitsesp.org.br\/novo\/nota-de-pesar\/#article","isPartOf":{"@id":"https:\/\/www.sitsesp.org.br\/novo\/nota-de-pesar\/"},"author":{"name":"mhais","@id":"https:\/\/www.sitsesp.org.br\/novo\/#\/schema\/person\/2a4c180eb185645b3bef8657c75e305a"},"headline":"NOTA DE PESAR","datePublished":"2016-10-24T13:40:08+00:00","dateModified":"2016-10-24T13:40:08+00:00","mainEntityOfPage":{"@id":"https:\/\/www.sitsesp.org.br\/novo\/nota-de-pesar\/"},"wordCount":863,"commentCount":0,"publisher":{"@id":"https:\/\/www.sitsesp.org.br\/novo\/#organization"},"articleSection":["Noticias"],"inLanguage":"pt-BR","potentialAction":[{"@type":"CommentAction","name":"Comment","target":["https:\/\/www.sitsesp.org.br\/novo\/nota-de-pesar\/#respond"]}]},{"@type":"WebPage","@id":"https:\/\/www.sitsesp.org.br\/novo\/nota-de-pesar\/","url":"https:\/\/www.sitsesp.org.br\/novo\/nota-de-pesar\/","name":"NOTA DE PESAR - SITSESP","isPartOf":{"@id":"https:\/\/www.sitsesp.org.br\/novo\/#website"},"datePublished":"2016-10-24T13:40:08+00:00","dateModified":"2016-10-24T13:40:08+00:00","breadcrumb":{"@id":"https:\/\/www.sitsesp.org.br\/novo\/nota-de-pesar\/#breadcrumb"},"inLanguage":"pt-BR","potentialAction":[{"@type":"ReadAction","target":["https:\/\/www.sitsesp.org.br\/novo\/nota-de-pesar\/"]}]},{"@type":"BreadcrumbList","@id":"https:\/\/www.sitsesp.org.br\/novo\/nota-de-pesar\/#breadcrumb","itemListElement":[{"@type":"ListItem","position":1,"name":"In\u00edcio","item":"https:\/\/www.sitsesp.org.br\/novo\/"},{"@type":"ListItem","position":2,"name":"NOTA DE PESAR"}]},{"@type":"WebSite","@id":"https:\/\/www.sitsesp.org.br\/novo\/#website","url":"https:\/\/www.sitsesp.org.br\/novo\/","name":"Sitsesp","description":"SIndicato da Socioeduca\u00e7\u00e3o do Estado de S\u00e3o Paulo","publisher":{"@id":"https:\/\/www.sitsesp.org.br\/novo\/#organization"},"potentialAction":[{"@type":"SearchAction","target":{"@type":"EntryPoint","urlTemplate":"https:\/\/www.sitsesp.org.br\/novo\/?s={search_term_string}"},"query-input":"required name=search_term_string"}],"inLanguage":"pt-BR"},{"@type":"Organization","@id":"https:\/\/www.sitsesp.org.br\/novo\/#organization","name":"Sitsesp","url":"https:\/\/www.sitsesp.org.br\/novo\/","logo":{"@type":"ImageObject","inLanguage":"pt-BR","@id":"https:\/\/www.sitsesp.org.br\/novo\/#\/schema\/logo\/image\/","url":"https:\/\/www.sitsesp.org.br\/novo\/wp-content\/uploads\/2020\/09\/Design-sem-nome-1.jpg","contentUrl":"https:\/\/www.sitsesp.org.br\/novo\/wp-content\/uploads\/2020\/09\/Design-sem-nome-1.jpg","width":300,"height":300,"caption":"Sitsesp"},"image":{"@id":"https:\/\/www.sitsesp.org.br\/novo\/#\/schema\/logo\/image\/"}},{"@type":"Person","@id":"https:\/\/www.sitsesp.org.br\/novo\/#\/schema\/person\/2a4c180eb185645b3bef8657c75e305a","name":"mhais","image":{"@type":"ImageObject","inLanguage":"pt-BR","@id":"https:\/\/www.sitsesp.org.br\/novo\/#\/schema\/person\/image\/","url":"https:\/\/secure.gravatar.com\/avatar\/6f4eabe86990e81328cf702edfa92a60?s=96&d=mm&r=g","contentUrl":"https:\/\/secure.gravatar.com\/avatar\/6f4eabe86990e81328cf702edfa92a60?s=96&d=mm&r=g","caption":"mhais"},"sameAs":["http:\/\/localhost\/sitsesp"]}]}},"_links":{"self":[{"href":"https:\/\/www.sitsesp.org.br\/novo\/wp-json\/wp\/v2\/posts\/2031"}],"collection":[{"href":"https:\/\/www.sitsesp.org.br\/novo\/wp-json\/wp\/v2\/posts"}],"about":[{"href":"https:\/\/www.sitsesp.org.br\/novo\/wp-json\/wp\/v2\/types\/post"}],"author":[{"embeddable":true,"href":"https:\/\/www.sitsesp.org.br\/novo\/wp-json\/wp\/v2\/users\/1"}],"replies":[{"embeddable":true,"href":"https:\/\/www.sitsesp.org.br\/novo\/wp-json\/wp\/v2\/comments?post=2031"}],"version-history":[{"count":0,"href":"https:\/\/www.sitsesp.org.br\/novo\/wp-json\/wp\/v2\/posts\/2031\/revisions"}],"wp:attachment":[{"href":"https:\/\/www.sitsesp.org.br\/novo\/wp-json\/wp\/v2\/media?parent=2031"}],"wp:term":[{"taxonomy":"category","embeddable":true,"href":"https:\/\/www.sitsesp.org.br\/novo\/wp-json\/wp\/v2\/categories?post=2031"},{"taxonomy":"post_tag","embeddable":true,"href":"https:\/\/www.sitsesp.org.br\/novo\/wp-json\/wp\/v2\/tags?post=2031"}],"curies":[{"name":"wp","href":"https:\/\/api.w.org\/{rel}","templated":true}]}}