{"id":2033,"date":"2016-10-24T12:08:22","date_gmt":"2016-10-24T14:08:22","guid":{"rendered":"https:\/\/pecorari-cloud72.pecoraricloud.com.br\/~sitsesporg\/centrais-se-reunem-e-definem-agenda-de-lutas\/"},"modified":"2016-10-24T12:08:22","modified_gmt":"2016-10-24T14:08:22","slug":"centrais-se-reunem-e-definem-agenda-de-lutas","status":"publish","type":"post","link":"https:\/\/www.sitsesp.org.br\/novo\/centrais-se-reunem-e-definem-agenda-de-lutas\/","title":{"rendered":"Centrais se re\u00fanem e definem agenda de lutas"},"content":{"rendered":"<p><!-- VideographyWP Plugin Message: Automatic video embedding prevented by plugin options. --><\/p>\n<h2 class=\"noticiah2\">Durante a tarde desta quarta-feira (19), a CUT e demais centrais sindicais se reuniram em S&#227;o Paulo e definiram um calend&#225;rio de lutas para o pr&#243;ximo per&#237;odo. De acordo com os dirigentes que estiveram no encontro, a unidade &#233; fundamental para que as mobiliza&#231;&#245;es continuem crescendo e fortalecendo a resist&#234;ncia da classe trabalhadora.&#160;<\/h2>\n<h2 class=\"noticiah2\">J&#225; na pr&#243;xima segunda-feira (24), haver&#225; um ato das centrais sindicais, em Bras&#237;lia, contra a PEC 241, que no mesmo dia deve ser votada em segundo turno na C&#226;mara dos Deputados.<\/h2>\n<h2 class=\"noticiah2\">No dia 11 de Novembro, haver&#225; o &#8220;Dia Nacional de Greve e Paralisa&#231;&#227;o&#8221;, que chamar&#225; a aten&#231;&#227;o do Pa&#237;s para os riscos que corre a classe trabalhadora com o avan&#231;o da reforma da Previd&#234;ncia e Trabalhista no Congresso.<\/h2>\n<h2 class=\"noticiah2\">Na sa&#237;da da reuni&#227;o, o presidente nacional da CUT, Vagner Freitas, falou sobre o encontro. &#8220;O que as centrais sindicais fizeram aqui hoje foi fechar uma jornada de lutas contra a retirada de direitos da classe trabalhadora. Vamos lutar contra a PEC 241, a reforma da Previd&#234;ncia e a reforma Trabalhista.&#8221;<\/h2>\n<h2 class=\"noticiah2\">Dando continuidade, ap&#243;s as mobiliza&#231;&#245;es do dia 11 de novembro, as centrais sindicais voltar&#227;o a se reunir para definir os detalhes sobre os atos do dia 25 de novembro. Por&#233;m, explica Vagner Freitas, o que n&#227;o muda s&#227;o os prop&#243;sitos finais da agenda de lutas.<\/h2>\n<h2 class=\"noticiah2\">&#8220;Ser&#225; uma jornada de ac&#250;mulo de for&#231;as, estaremos nas ruas dia 11 e 25 e seguir caminhando rumo &#224; greve geral, se os governantes n&#227;o entenderem que n&#227;o podem retirar os direitos da classe trabalhadora&#8221;, encerrou o presidente da CUT.<\/h2>\n","protected":false},"excerpt":{"rendered":"<p>Durante a tarde desta quarta-feira (19), a CUT e demais centrais sindicais se reuniram em S&#227;o Paulo e definiram um calend&#225;rio&hellip;<\/p>\n","protected":false},"author":1,"featured_media":0,"comment_status":"open","ping_status":"open","sticky":false,"template":"","format":"standard","meta":{"cybocfi_hide_featured_image":"","footnotes":""},"categories":[22],"tags":[],"yoast_head":"<!-- This site is optimized with the Yoast SEO plugin v22.8 - https:\/\/yoast.com\/wordpress\/plugins\/seo\/ -->\n<title>Centrais se re\u00fanem e definem agenda de lutas - SITSESP<\/title>\n<meta name=\"robots\" content=\"index, follow, max-snippet:-1, max-image-preview:large, max-video-preview:-1\" \/>\n<link rel=\"canonical\" href=\"https:\/\/www.sitsesp.org.br\/novo\/centrais-se-reunem-e-definem-agenda-de-lutas\/\" \/>\n<meta property=\"og:locale\" content=\"pt_BR\" \/>\n<meta property=\"og:type\" content=\"article\" \/>\n<meta property=\"og:title\" content=\"Centrais se re\u00fanem e definem agenda de lutas - SITSESP\" \/>\n<meta property=\"og:description\" content=\"Durante a tarde desta quarta-feira (19), a CUT e demais centrais sindicais se reuniram em S&#227;o Paulo e definiram um calend&#225;rio&hellip;\" \/>\n<meta property=\"og:url\" content=\"https:\/\/www.sitsesp.org.br\/novo\/centrais-se-reunem-e-definem-agenda-de-lutas\/\" \/>\n<meta property=\"og:site_name\" content=\"SITSESP\" \/>\n<meta property=\"article:published_time\" content=\"2016-10-24T14:08:22+00:00\" \/>\n<meta name=\"author\" content=\"mhais\" \/>\n<meta name=\"twitter:card\" content=\"summary_large_image\" \/>\n<meta name=\"twitter:label1\" content=\"Escrito por\" \/>\n\t<meta name=\"twitter:data1\" content=\"mhais\" \/>\n\t<meta name=\"twitter:label2\" content=\"Est. tempo de leitura\" \/>\n\t<meta name=\"twitter:data2\" content=\"1 minuto\" \/>\n<script type=\"application\/ld+json\" class=\"yoast-schema-graph\">{\"@context\":\"https:\/\/schema.org\",\"@graph\":[{\"@type\":\"Article\",\"@id\":\"https:\/\/www.sitsesp.org.br\/novo\/centrais-se-reunem-e-definem-agenda-de-lutas\/#article\",\"isPartOf\":{\"@id\":\"https:\/\/www.sitsesp.org.br\/novo\/centrais-se-reunem-e-definem-agenda-de-lutas\/\"},\"author\":{\"name\":\"mhais\",\"@id\":\"https:\/\/www.sitsesp.org.br\/novo\/#\/schema\/person\/2a4c180eb185645b3bef8657c75e305a\"},\"headline\":\"Centrais se re\u00fanem e definem agenda de lutas\",\"datePublished\":\"2016-10-24T14:08:22+00:00\",\"dateModified\":\"2016-10-24T14:08:22+00:00\",\"mainEntityOfPage\":{\"@id\":\"https:\/\/www.sitsesp.org.br\/novo\/centrais-se-reunem-e-definem-agenda-de-lutas\/\"},\"wordCount\":284,\"commentCount\":0,\"publisher\":{\"@id\":\"https:\/\/www.sitsesp.org.br\/novo\/#organization\"},\"articleSection\":[\"Noticias\"],\"inLanguage\":\"pt-BR\",\"potentialAction\":[{\"@type\":\"CommentAction\",\"name\":\"Comment\",\"target\":[\"https:\/\/www.sitsesp.org.br\/novo\/centrais-se-reunem-e-definem-agenda-de-lutas\/#respond\"]}]},{\"@type\":\"WebPage\",\"@id\":\"https:\/\/www.sitsesp.org.br\/novo\/centrais-se-reunem-e-definem-agenda-de-lutas\/\",\"url\":\"https:\/\/www.sitsesp.org.br\/novo\/centrais-se-reunem-e-definem-agenda-de-lutas\/\",\"name\":\"Centrais se re\u00fanem e definem agenda de lutas - SITSESP\",\"isPartOf\":{\"@id\":\"https:\/\/www.sitsesp.org.br\/novo\/#website\"},\"datePublished\":\"2016-10-24T14:08:22+00:00\",\"dateModified\":\"2016-10-24T14:08:22+00:00\",\"breadcrumb\":{\"@id\":\"https:\/\/www.sitsesp.org.br\/novo\/centrais-se-reunem-e-definem-agenda-de-lutas\/#breadcrumb\"},\"inLanguage\":\"pt-BR\",\"potentialAction\":[{\"@type\":\"ReadAction\",\"target\":[\"https:\/\/www.sitsesp.org.br\/novo\/centrais-se-reunem-e-definem-agenda-de-lutas\/\"]}]},{\"@type\":\"BreadcrumbList\",\"@id\":\"https:\/\/www.sitsesp.org.br\/novo\/centrais-se-reunem-e-definem-agenda-de-lutas\/#breadcrumb\",\"itemListElement\":[{\"@type\":\"ListItem\",\"position\":1,\"name\":\"In\u00edcio\",\"item\":\"https:\/\/www.sitsesp.org.br\/novo\/\"},{\"@type\":\"ListItem\",\"position\":2,\"name\":\"Centrais se re\u00fanem e definem agenda de lutas\"}]},{\"@type\":\"WebSite\",\"@id\":\"https:\/\/www.sitsesp.org.br\/novo\/#website\",\"url\":\"https:\/\/www.sitsesp.org.br\/novo\/\",\"name\":\"Sitsesp\",\"description\":\"SIndicato da Socioeduca\u00e7\u00e3o do Estado de S\u00e3o Paulo\",\"publisher\":{\"@id\":\"https:\/\/www.sitsesp.org.br\/novo\/#organization\"},\"potentialAction\":[{\"@type\":\"SearchAction\",\"target\":{\"@type\":\"EntryPoint\",\"urlTemplate\":\"https:\/\/www.sitsesp.org.br\/novo\/?s={search_term_string}\"},\"query-input\":\"required name=search_term_string\"}],\"inLanguage\":\"pt-BR\"},{\"@type\":\"Organization\",\"@id\":\"https:\/\/www.sitsesp.org.br\/novo\/#organization\",\"name\":\"Sitsesp\",\"url\":\"https:\/\/www.sitsesp.org.br\/novo\/\",\"logo\":{\"@type\":\"ImageObject\",\"inLanguage\":\"pt-BR\",\"@id\":\"https:\/\/www.sitsesp.org.br\/novo\/#\/schema\/logo\/image\/\",\"url\":\"https:\/\/www.sitsesp.org.br\/novo\/wp-content\/uploads\/2020\/09\/Design-sem-nome-1.jpg\",\"contentUrl\":\"https:\/\/www.sitsesp.org.br\/novo\/wp-content\/uploads\/2020\/09\/Design-sem-nome-1.jpg\",\"width\":300,\"height\":300,\"caption\":\"Sitsesp\"},\"image\":{\"@id\":\"https:\/\/www.sitsesp.org.br\/novo\/#\/schema\/logo\/image\/\"}},{\"@type\":\"Person\",\"@id\":\"https:\/\/www.sitsesp.org.br\/novo\/#\/schema\/person\/2a4c180eb185645b3bef8657c75e305a\",\"name\":\"mhais\",\"image\":{\"@type\":\"ImageObject\",\"inLanguage\":\"pt-BR\",\"@id\":\"https:\/\/www.sitsesp.org.br\/novo\/#\/schema\/person\/image\/\",\"url\":\"https:\/\/secure.gravatar.com\/avatar\/6f4eabe86990e81328cf702edfa92a60?s=96&d=mm&r=g\",\"contentUrl\":\"https:\/\/secure.gravatar.com\/avatar\/6f4eabe86990e81328cf702edfa92a60?s=96&d=mm&r=g\",\"caption\":\"mhais\"},\"sameAs\":[\"http:\/\/localhost\/sitsesp\"]}]}<\/script>\n<!-- \/ Yoast SEO plugin. -->","yoast_head_json":{"title":"Centrais se re\u00fanem e definem agenda de lutas - SITSESP","robots":{"index":"index","follow":"follow","max-snippet":"max-snippet:-1","max-image-preview":"max-image-preview:large","max-video-preview":"max-video-preview:-1"},"canonical":"https:\/\/www.sitsesp.org.br\/novo\/centrais-se-reunem-e-definem-agenda-de-lutas\/","og_locale":"pt_BR","og_type":"article","og_title":"Centrais se re\u00fanem e definem agenda de lutas - SITSESP","og_description":"Durante a tarde desta quarta-feira (19), a CUT e demais centrais sindicais se reuniram em S&#227;o Paulo e definiram um calend&#225;rio&hellip;","og_url":"https:\/\/www.sitsesp.org.br\/novo\/centrais-se-reunem-e-definem-agenda-de-lutas\/","og_site_name":"SITSESP","article_published_time":"2016-10-24T14:08:22+00:00","author":"mhais","twitter_card":"summary_large_image","twitter_misc":{"Escrito por":"mhais","Est. tempo de leitura":"1 minuto"},"schema":{"@context":"https:\/\/schema.org","@graph":[{"@type":"Article","@id":"https:\/\/www.sitsesp.org.br\/novo\/centrais-se-reunem-e-definem-agenda-de-lutas\/#article","isPartOf":{"@id":"https:\/\/www.sitsesp.org.br\/novo\/centrais-se-reunem-e-definem-agenda-de-lutas\/"},"author":{"name":"mhais","@id":"https:\/\/www.sitsesp.org.br\/novo\/#\/schema\/person\/2a4c180eb185645b3bef8657c75e305a"},"headline":"Centrais se re\u00fanem e definem agenda de lutas","datePublished":"2016-10-24T14:08:22+00:00","dateModified":"2016-10-24T14:08:22+00:00","mainEntityOfPage":{"@id":"https:\/\/www.sitsesp.org.br\/novo\/centrais-se-reunem-e-definem-agenda-de-lutas\/"},"wordCount":284,"commentCount":0,"publisher":{"@id":"https:\/\/www.sitsesp.org.br\/novo\/#organization"},"articleSection":["Noticias"],"inLanguage":"pt-BR","potentialAction":[{"@type":"CommentAction","name":"Comment","target":["https:\/\/www.sitsesp.org.br\/novo\/centrais-se-reunem-e-definem-agenda-de-lutas\/#respond"]}]},{"@type":"WebPage","@id":"https:\/\/www.sitsesp.org.br\/novo\/centrais-se-reunem-e-definem-agenda-de-lutas\/","url":"https:\/\/www.sitsesp.org.br\/novo\/centrais-se-reunem-e-definem-agenda-de-lutas\/","name":"Centrais se re\u00fanem e definem agenda de lutas - SITSESP","isPartOf":{"@id":"https:\/\/www.sitsesp.org.br\/novo\/#website"},"datePublished":"2016-10-24T14:08:22+00:00","dateModified":"2016-10-24T14:08:22+00:00","breadcrumb":{"@id":"https:\/\/www.sitsesp.org.br\/novo\/centrais-se-reunem-e-definem-agenda-de-lutas\/#breadcrumb"},"inLanguage":"pt-BR","potentialAction":[{"@type":"ReadAction","target":["https:\/\/www.sitsesp.org.br\/novo\/centrais-se-reunem-e-definem-agenda-de-lutas\/"]}]},{"@type":"BreadcrumbList","@id":"https:\/\/www.sitsesp.org.br\/novo\/centrais-se-reunem-e-definem-agenda-de-lutas\/#breadcrumb","itemListElement":[{"@type":"ListItem","position":1,"name":"In\u00edcio","item":"https:\/\/www.sitsesp.org.br\/novo\/"},{"@type":"ListItem","position":2,"name":"Centrais se re\u00fanem e definem agenda de lutas"}]},{"@type":"WebSite","@id":"https:\/\/www.sitsesp.org.br\/novo\/#website","url":"https:\/\/www.sitsesp.org.br\/novo\/","name":"Sitsesp","description":"SIndicato da Socioeduca\u00e7\u00e3o do Estado de S\u00e3o Paulo","publisher":{"@id":"https:\/\/www.sitsesp.org.br\/novo\/#organization"},"potentialAction":[{"@type":"SearchAction","target":{"@type":"EntryPoint","urlTemplate":"https:\/\/www.sitsesp.org.br\/novo\/?s={search_term_string}"},"query-input":"required name=search_term_string"}],"inLanguage":"pt-BR"},{"@type":"Organization","@id":"https:\/\/www.sitsesp.org.br\/novo\/#organization","name":"Sitsesp","url":"https:\/\/www.sitsesp.org.br\/novo\/","logo":{"@type":"ImageObject","inLanguage":"pt-BR","@id":"https:\/\/www.sitsesp.org.br\/novo\/#\/schema\/logo\/image\/","url":"https:\/\/www.sitsesp.org.br\/novo\/wp-content\/uploads\/2020\/09\/Design-sem-nome-1.jpg","contentUrl":"https:\/\/www.sitsesp.org.br\/novo\/wp-content\/uploads\/2020\/09\/Design-sem-nome-1.jpg","width":300,"height":300,"caption":"Sitsesp"},"image":{"@id":"https:\/\/www.sitsesp.org.br\/novo\/#\/schema\/logo\/image\/"}},{"@type":"Person","@id":"https:\/\/www.sitsesp.org.br\/novo\/#\/schema\/person\/2a4c180eb185645b3bef8657c75e305a","name":"mhais","image":{"@type":"ImageObject","inLanguage":"pt-BR","@id":"https:\/\/www.sitsesp.org.br\/novo\/#\/schema\/person\/image\/","url":"https:\/\/secure.gravatar.com\/avatar\/6f4eabe86990e81328cf702edfa92a60?s=96&d=mm&r=g","contentUrl":"https:\/\/secure.gravatar.com\/avatar\/6f4eabe86990e81328cf702edfa92a60?s=96&d=mm&r=g","caption":"mhais"},"sameAs":["http:\/\/localhost\/sitsesp"]}]}},"_links":{"self":[{"href":"https:\/\/www.sitsesp.org.br\/novo\/wp-json\/wp\/v2\/posts\/2033"}],"collection":[{"href":"https:\/\/www.sitsesp.org.br\/novo\/wp-json\/wp\/v2\/posts"}],"about":[{"href":"https:\/\/www.sitsesp.org.br\/novo\/wp-json\/wp\/v2\/types\/post"}],"author":[{"embeddable":true,"href":"https:\/\/www.sitsesp.org.br\/novo\/wp-json\/wp\/v2\/users\/1"}],"replies":[{"embeddable":true,"href":"https:\/\/www.sitsesp.org.br\/novo\/wp-json\/wp\/v2\/comments?post=2033"}],"version-history":[{"count":0,"href":"https:\/\/www.sitsesp.org.br\/novo\/wp-json\/wp\/v2\/posts\/2033\/revisions"}],"wp:attachment":[{"href":"https:\/\/www.sitsesp.org.br\/novo\/wp-json\/wp\/v2\/media?parent=2033"}],"wp:term":[{"taxonomy":"category","embeddable":true,"href":"https:\/\/www.sitsesp.org.br\/novo\/wp-json\/wp\/v2\/categories?post=2033"},{"taxonomy":"post_tag","embeddable":true,"href":"https:\/\/www.sitsesp.org.br\/novo\/wp-json\/wp\/v2\/tags?post=2033"}],"curies":[{"name":"wp","href":"https:\/\/api.w.org\/{rel}","templated":true}]}}