{"id":2034,"date":"2016-10-27T17:42:41","date_gmt":"2016-10-27T19:42:41","guid":{"rendered":"https:\/\/pecorari-cloud72.pecoraricloud.com.br\/~sitsesporg\/cut-sp-promove-dia-de-mobilizacao-rumo-ao-11-de-novembro\/"},"modified":"2016-10-27T17:42:41","modified_gmt":"2016-10-27T19:42:41","slug":"cut-sp-promove-dia-de-mobilizacao-rumo-ao-11-de-novembro","status":"publish","type":"post","link":"https:\/\/www.sitsesp.org.br\/novo\/cut-sp-promove-dia-de-mobilizacao-rumo-ao-11-de-novembro\/","title":{"rendered":"CUT-SP promove dia de mobiliza\u00e7\u00e3o rumo ao 11 de novembro"},"content":{"rendered":"<p><!-- VideographyWP Plugin Message: Automatic video embedding prevented by plugin options. -->\n<\/div>\n<\/div>\n<p>As 20 subsedes de CUT S&#227;o Paulo ir&#227;o &#224;s ruas no pr&#243;ximo dia 31 para dialogar com a popula&#231;&#227;o sobre este momento de golpe no Brasil, em que um pacote de medidas do governo ileg&#237;timo de Michel Temer amea&#231;a os direitos trabalhistas.<\/p>\n<p>Convocado como o Dia Estadual de Panfletagem e Mobiliza&#231;&#227;o, a atividade mira o 11 de novembro, data em que a CUT e as demais centrais promover&#227;o atos e paralisa&#231;&#245;es.<\/p>\n<p>Secret&#225;rio Geral da CUT S&#227;o Paulo, Jo&#227;o Cayres diz ser necess&#225;rio ampliar a politiza&#231;&#227;o da sociedade sobre o que est&#225; por tr&#225;s das medidas que ir&#227;o afetar os direitos trabalhistas e sociais. &#8220;Muitas pessoas est&#227;o iludidas por informa&#231;&#245;es da grande m&#237;dia que, sabemos, chegam &#224; maioria da popula&#231;&#227;o. &#201; hora de desconstruir as fal&#225;cias e conscientizar sobre os riscos que o nosso pa&#237;s corre&#8221;, afirma.<\/p>\n<p><strong>Di&#225;logo com o povo &#8211; <\/strong>A publica&#231;&#227;o produzida para os meses de outubro e novembro traz entre os destaques o Dia Nacional de Greve contra os retrocessos que avan&#231;am em &#226;mbito federal e a PEC 241\/16. Caso aprovada, a medida ir&#225; frear a trajet&#243;ria de crescimento dos investimentos p&#250;blicos no Brasil por 20 anos, engessando pol&#237;ticas essenciais na sa&#250;de, educa&#231;&#227;o e assist&#234;ncia social.<\/p>\n<p>O jornal tamb&#233;m apresenta um &#8216;car&#244;metro&#8217; dos deputados federais por S&#227;o Paulo que votaram em primeiro turno a favor desta proposta, al&#233;m do rosto dos senadores que em breve decidir&#227;o sobre o futuro do Pa&#237;s. A edi&#231;&#227;o trata, ainda, sobre terceiriza&#231;&#227;o, aposentadoria, pr&#233;-sal e reforma do ensino m&#233;dio.<\/p>\n<p>&#160;<\/p>\n<p>Escrito por:&#160;<a href=\"mailto:vanessaramos.jornalista@gmail.com\">Vanessa Ramos &#8211; CUT S&#227;o Paulo<\/a><\/p>\n<p>&#160;<\/p>\n<\/div>\n","protected":false},"excerpt":{"rendered":"<p>As 20 subsedes de CUT S&#227;o Paulo ir&#227;o &#224;s ruas no pr&#243;ximo dia 31 para dialogar com a popula&#231;&#227;o sobre este&hellip;<\/p>\n","protected":false},"author":1,"featured_media":0,"comment_status":"open","ping_status":"open","sticky":false,"template":"","format":"standard","meta":{"cybocfi_hide_featured_image":"","footnotes":""},"categories":[22],"tags":[],"yoast_head":"<!-- This site is optimized with the Yoast SEO plugin v22.8 - https:\/\/yoast.com\/wordpress\/plugins\/seo\/ -->\n<title>CUT-SP promove dia de mobiliza\u00e7\u00e3o rumo ao 11 de novembro - SITSESP<\/title>\n<meta name=\"robots\" content=\"index, follow, max-snippet:-1, max-image-preview:large, max-video-preview:-1\" \/>\n<link rel=\"canonical\" href=\"https:\/\/www.sitsesp.org.br\/novo\/cut-sp-promove-dia-de-mobilizacao-rumo-ao-11-de-novembro\/\" \/>\n<meta property=\"og:locale\" content=\"pt_BR\" \/>\n<meta property=\"og:type\" content=\"article\" \/>\n<meta property=\"og:title\" content=\"CUT-SP promove dia de mobiliza\u00e7\u00e3o rumo ao 11 de novembro - SITSESP\" \/>\n<meta property=\"og:description\" content=\"As 20 subsedes de CUT S&#227;o Paulo ir&#227;o &#224;s ruas no pr&#243;ximo dia 31 para dialogar com a popula&#231;&#227;o sobre este&hellip;\" \/>\n<meta property=\"og:url\" content=\"https:\/\/www.sitsesp.org.br\/novo\/cut-sp-promove-dia-de-mobilizacao-rumo-ao-11-de-novembro\/\" \/>\n<meta property=\"og:site_name\" content=\"SITSESP\" \/>\n<meta property=\"article:published_time\" content=\"2016-10-27T19:42:41+00:00\" \/>\n<meta name=\"author\" content=\"mhais\" \/>\n<meta name=\"twitter:card\" content=\"summary_large_image\" \/>\n<meta name=\"twitter:label1\" content=\"Escrito por\" \/>\n\t<meta name=\"twitter:data1\" content=\"mhais\" \/>\n\t<meta name=\"twitter:label2\" content=\"Est. tempo de leitura\" \/>\n\t<meta name=\"twitter:data2\" content=\"1 minuto\" \/>\n<script type=\"application\/ld+json\" class=\"yoast-schema-graph\">{\"@context\":\"https:\/\/schema.org\",\"@graph\":[{\"@type\":\"Article\",\"@id\":\"https:\/\/www.sitsesp.org.br\/novo\/cut-sp-promove-dia-de-mobilizacao-rumo-ao-11-de-novembro\/#article\",\"isPartOf\":{\"@id\":\"https:\/\/www.sitsesp.org.br\/novo\/cut-sp-promove-dia-de-mobilizacao-rumo-ao-11-de-novembro\/\"},\"author\":{\"name\":\"mhais\",\"@id\":\"https:\/\/www.sitsesp.org.br\/novo\/#\/schema\/person\/2a4c180eb185645b3bef8657c75e305a\"},\"headline\":\"CUT-SP promove dia de mobiliza\u00e7\u00e3o rumo ao 11 de novembro\",\"datePublished\":\"2016-10-27T19:42:41+00:00\",\"dateModified\":\"2016-10-27T19:42:41+00:00\",\"mainEntityOfPage\":{\"@id\":\"https:\/\/www.sitsesp.org.br\/novo\/cut-sp-promove-dia-de-mobilizacao-rumo-ao-11-de-novembro\/\"},\"wordCount\":299,\"commentCount\":0,\"publisher\":{\"@id\":\"https:\/\/www.sitsesp.org.br\/novo\/#organization\"},\"articleSection\":[\"Noticias\"],\"inLanguage\":\"pt-BR\",\"potentialAction\":[{\"@type\":\"CommentAction\",\"name\":\"Comment\",\"target\":[\"https:\/\/www.sitsesp.org.br\/novo\/cut-sp-promove-dia-de-mobilizacao-rumo-ao-11-de-novembro\/#respond\"]}]},{\"@type\":\"WebPage\",\"@id\":\"https:\/\/www.sitsesp.org.br\/novo\/cut-sp-promove-dia-de-mobilizacao-rumo-ao-11-de-novembro\/\",\"url\":\"https:\/\/www.sitsesp.org.br\/novo\/cut-sp-promove-dia-de-mobilizacao-rumo-ao-11-de-novembro\/\",\"name\":\"CUT-SP promove dia de mobiliza\u00e7\u00e3o rumo ao 11 de novembro - SITSESP\",\"isPartOf\":{\"@id\":\"https:\/\/www.sitsesp.org.br\/novo\/#website\"},\"datePublished\":\"2016-10-27T19:42:41+00:00\",\"dateModified\":\"2016-10-27T19:42:41+00:00\",\"breadcrumb\":{\"@id\":\"https:\/\/www.sitsesp.org.br\/novo\/cut-sp-promove-dia-de-mobilizacao-rumo-ao-11-de-novembro\/#breadcrumb\"},\"inLanguage\":\"pt-BR\",\"potentialAction\":[{\"@type\":\"ReadAction\",\"target\":[\"https:\/\/www.sitsesp.org.br\/novo\/cut-sp-promove-dia-de-mobilizacao-rumo-ao-11-de-novembro\/\"]}]},{\"@type\":\"BreadcrumbList\",\"@id\":\"https:\/\/www.sitsesp.org.br\/novo\/cut-sp-promove-dia-de-mobilizacao-rumo-ao-11-de-novembro\/#breadcrumb\",\"itemListElement\":[{\"@type\":\"ListItem\",\"position\":1,\"name\":\"In\u00edcio\",\"item\":\"https:\/\/www.sitsesp.org.br\/novo\/\"},{\"@type\":\"ListItem\",\"position\":2,\"name\":\"CUT-SP promove dia de mobiliza\u00e7\u00e3o rumo ao 11 de novembro\"}]},{\"@type\":\"WebSite\",\"@id\":\"https:\/\/www.sitsesp.org.br\/novo\/#website\",\"url\":\"https:\/\/www.sitsesp.org.br\/novo\/\",\"name\":\"Sitsesp\",\"description\":\"SIndicato da Socioeduca\u00e7\u00e3o do Estado de S\u00e3o Paulo\",\"publisher\":{\"@id\":\"https:\/\/www.sitsesp.org.br\/novo\/#organization\"},\"potentialAction\":[{\"@type\":\"SearchAction\",\"target\":{\"@type\":\"EntryPoint\",\"urlTemplate\":\"https:\/\/www.sitsesp.org.br\/novo\/?s={search_term_string}\"},\"query-input\":\"required name=search_term_string\"}],\"inLanguage\":\"pt-BR\"},{\"@type\":\"Organization\",\"@id\":\"https:\/\/www.sitsesp.org.br\/novo\/#organization\",\"name\":\"Sitsesp\",\"url\":\"https:\/\/www.sitsesp.org.br\/novo\/\",\"logo\":{\"@type\":\"ImageObject\",\"inLanguage\":\"pt-BR\",\"@id\":\"https:\/\/www.sitsesp.org.br\/novo\/#\/schema\/logo\/image\/\",\"url\":\"https:\/\/www.sitsesp.org.br\/novo\/wp-content\/uploads\/2020\/09\/Design-sem-nome-1.jpg\",\"contentUrl\":\"https:\/\/www.sitsesp.org.br\/novo\/wp-content\/uploads\/2020\/09\/Design-sem-nome-1.jpg\",\"width\":300,\"height\":300,\"caption\":\"Sitsesp\"},\"image\":{\"@id\":\"https:\/\/www.sitsesp.org.br\/novo\/#\/schema\/logo\/image\/\"}},{\"@type\":\"Person\",\"@id\":\"https:\/\/www.sitsesp.org.br\/novo\/#\/schema\/person\/2a4c180eb185645b3bef8657c75e305a\",\"name\":\"mhais\",\"image\":{\"@type\":\"ImageObject\",\"inLanguage\":\"pt-BR\",\"@id\":\"https:\/\/www.sitsesp.org.br\/novo\/#\/schema\/person\/image\/\",\"url\":\"https:\/\/secure.gravatar.com\/avatar\/6f4eabe86990e81328cf702edfa92a60?s=96&d=mm&r=g\",\"contentUrl\":\"https:\/\/secure.gravatar.com\/avatar\/6f4eabe86990e81328cf702edfa92a60?s=96&d=mm&r=g\",\"caption\":\"mhais\"},\"sameAs\":[\"http:\/\/localhost\/sitsesp\"]}]}<\/script>\n<!-- \/ Yoast SEO plugin. -->","yoast_head_json":{"title":"CUT-SP promove dia de mobiliza\u00e7\u00e3o rumo ao 11 de novembro - SITSESP","robots":{"index":"index","follow":"follow","max-snippet":"max-snippet:-1","max-image-preview":"max-image-preview:large","max-video-preview":"max-video-preview:-1"},"canonical":"https:\/\/www.sitsesp.org.br\/novo\/cut-sp-promove-dia-de-mobilizacao-rumo-ao-11-de-novembro\/","og_locale":"pt_BR","og_type":"article","og_title":"CUT-SP promove dia de mobiliza\u00e7\u00e3o rumo ao 11 de novembro - SITSESP","og_description":"As 20 subsedes de CUT S&#227;o Paulo ir&#227;o &#224;s ruas no pr&#243;ximo dia 31 para dialogar com a popula&#231;&#227;o sobre este&hellip;","og_url":"https:\/\/www.sitsesp.org.br\/novo\/cut-sp-promove-dia-de-mobilizacao-rumo-ao-11-de-novembro\/","og_site_name":"SITSESP","article_published_time":"2016-10-27T19:42:41+00:00","author":"mhais","twitter_card":"summary_large_image","twitter_misc":{"Escrito por":"mhais","Est. tempo de leitura":"1 minuto"},"schema":{"@context":"https:\/\/schema.org","@graph":[{"@type":"Article","@id":"https:\/\/www.sitsesp.org.br\/novo\/cut-sp-promove-dia-de-mobilizacao-rumo-ao-11-de-novembro\/#article","isPartOf":{"@id":"https:\/\/www.sitsesp.org.br\/novo\/cut-sp-promove-dia-de-mobilizacao-rumo-ao-11-de-novembro\/"},"author":{"name":"mhais","@id":"https:\/\/www.sitsesp.org.br\/novo\/#\/schema\/person\/2a4c180eb185645b3bef8657c75e305a"},"headline":"CUT-SP promove dia de mobiliza\u00e7\u00e3o rumo ao 11 de novembro","datePublished":"2016-10-27T19:42:41+00:00","dateModified":"2016-10-27T19:42:41+00:00","mainEntityOfPage":{"@id":"https:\/\/www.sitsesp.org.br\/novo\/cut-sp-promove-dia-de-mobilizacao-rumo-ao-11-de-novembro\/"},"wordCount":299,"commentCount":0,"publisher":{"@id":"https:\/\/www.sitsesp.org.br\/novo\/#organization"},"articleSection":["Noticias"],"inLanguage":"pt-BR","potentialAction":[{"@type":"CommentAction","name":"Comment","target":["https:\/\/www.sitsesp.org.br\/novo\/cut-sp-promove-dia-de-mobilizacao-rumo-ao-11-de-novembro\/#respond"]}]},{"@type":"WebPage","@id":"https:\/\/www.sitsesp.org.br\/novo\/cut-sp-promove-dia-de-mobilizacao-rumo-ao-11-de-novembro\/","url":"https:\/\/www.sitsesp.org.br\/novo\/cut-sp-promove-dia-de-mobilizacao-rumo-ao-11-de-novembro\/","name":"CUT-SP promove dia de mobiliza\u00e7\u00e3o rumo ao 11 de novembro - SITSESP","isPartOf":{"@id":"https:\/\/www.sitsesp.org.br\/novo\/#website"},"datePublished":"2016-10-27T19:42:41+00:00","dateModified":"2016-10-27T19:42:41+00:00","breadcrumb":{"@id":"https:\/\/www.sitsesp.org.br\/novo\/cut-sp-promove-dia-de-mobilizacao-rumo-ao-11-de-novembro\/#breadcrumb"},"inLanguage":"pt-BR","potentialAction":[{"@type":"ReadAction","target":["https:\/\/www.sitsesp.org.br\/novo\/cut-sp-promove-dia-de-mobilizacao-rumo-ao-11-de-novembro\/"]}]},{"@type":"BreadcrumbList","@id":"https:\/\/www.sitsesp.org.br\/novo\/cut-sp-promove-dia-de-mobilizacao-rumo-ao-11-de-novembro\/#breadcrumb","itemListElement":[{"@type":"ListItem","position":1,"name":"In\u00edcio","item":"https:\/\/www.sitsesp.org.br\/novo\/"},{"@type":"ListItem","position":2,"name":"CUT-SP promove dia de mobiliza\u00e7\u00e3o rumo ao 11 de novembro"}]},{"@type":"WebSite","@id":"https:\/\/www.sitsesp.org.br\/novo\/#website","url":"https:\/\/www.sitsesp.org.br\/novo\/","name":"Sitsesp","description":"SIndicato da Socioeduca\u00e7\u00e3o do Estado de S\u00e3o Paulo","publisher":{"@id":"https:\/\/www.sitsesp.org.br\/novo\/#organization"},"potentialAction":[{"@type":"SearchAction","target":{"@type":"EntryPoint","urlTemplate":"https:\/\/www.sitsesp.org.br\/novo\/?s={search_term_string}"},"query-input":"required name=search_term_string"}],"inLanguage":"pt-BR"},{"@type":"Organization","@id":"https:\/\/www.sitsesp.org.br\/novo\/#organization","name":"Sitsesp","url":"https:\/\/www.sitsesp.org.br\/novo\/","logo":{"@type":"ImageObject","inLanguage":"pt-BR","@id":"https:\/\/www.sitsesp.org.br\/novo\/#\/schema\/logo\/image\/","url":"https:\/\/www.sitsesp.org.br\/novo\/wp-content\/uploads\/2020\/09\/Design-sem-nome-1.jpg","contentUrl":"https:\/\/www.sitsesp.org.br\/novo\/wp-content\/uploads\/2020\/09\/Design-sem-nome-1.jpg","width":300,"height":300,"caption":"Sitsesp"},"image":{"@id":"https:\/\/www.sitsesp.org.br\/novo\/#\/schema\/logo\/image\/"}},{"@type":"Person","@id":"https:\/\/www.sitsesp.org.br\/novo\/#\/schema\/person\/2a4c180eb185645b3bef8657c75e305a","name":"mhais","image":{"@type":"ImageObject","inLanguage":"pt-BR","@id":"https:\/\/www.sitsesp.org.br\/novo\/#\/schema\/person\/image\/","url":"https:\/\/secure.gravatar.com\/avatar\/6f4eabe86990e81328cf702edfa92a60?s=96&d=mm&r=g","contentUrl":"https:\/\/secure.gravatar.com\/avatar\/6f4eabe86990e81328cf702edfa92a60?s=96&d=mm&r=g","caption":"mhais"},"sameAs":["http:\/\/localhost\/sitsesp"]}]}},"_links":{"self":[{"href":"https:\/\/www.sitsesp.org.br\/novo\/wp-json\/wp\/v2\/posts\/2034"}],"collection":[{"href":"https:\/\/www.sitsesp.org.br\/novo\/wp-json\/wp\/v2\/posts"}],"about":[{"href":"https:\/\/www.sitsesp.org.br\/novo\/wp-json\/wp\/v2\/types\/post"}],"author":[{"embeddable":true,"href":"https:\/\/www.sitsesp.org.br\/novo\/wp-json\/wp\/v2\/users\/1"}],"replies":[{"embeddable":true,"href":"https:\/\/www.sitsesp.org.br\/novo\/wp-json\/wp\/v2\/comments?post=2034"}],"version-history":[{"count":0,"href":"https:\/\/www.sitsesp.org.br\/novo\/wp-json\/wp\/v2\/posts\/2034\/revisions"}],"wp:attachment":[{"href":"https:\/\/www.sitsesp.org.br\/novo\/wp-json\/wp\/v2\/media?parent=2034"}],"wp:term":[{"taxonomy":"category","embeddable":true,"href":"https:\/\/www.sitsesp.org.br\/novo\/wp-json\/wp\/v2\/categories?post=2034"},{"taxonomy":"post_tag","embeddable":true,"href":"https:\/\/www.sitsesp.org.br\/novo\/wp-json\/wp\/v2\/tags?post=2034"}],"curies":[{"name":"wp","href":"https:\/\/api.w.org\/{rel}","templated":true}]}}