{"id":2036,"date":"2016-11-08T15:40:43","date_gmt":"2016-11-08T17:40:43","guid":{"rendered":"https:\/\/pecorari-cloud72.pecoraricloud.com.br\/~sitsesporg\/informe-sobre-a-execucao-do-processo-de-reintegracao-de-2005\/"},"modified":"2016-11-08T15:40:43","modified_gmt":"2016-11-08T17:40:43","slug":"informe-sobre-a-execucao-do-processo-de-reintegracao-de-2005","status":"publish","type":"post","link":"https:\/\/www.sitsesp.org.br\/novo\/informe-sobre-a-execucao-do-processo-de-reintegracao-de-2005\/","title":{"rendered":"Informe sobre a execu\u00e7\u00e3o do processo de reintegra\u00e7\u00e3o de 2005"},"content":{"rendered":"<p><!-- VideographyWP Plugin Message: Automatic video embedding prevented by plugin options. --><\/p>\n<p>que a Funda&#231;&#227;o Casa ingressou para questionar a senten&#231;a de homologa&#231;&#227;o de c&#225;lculos.<\/p>\n<p>A Ju&#237;za n&#227;o acolheu o pedido de exclus&#227;o dos 155 Reclamantes que, supostamente, haviam ingressado com a&#231;&#245;es individuais. Ou seja, a execu&#231;&#227;o continua valendo para estes.<\/p>\n<p>A Funda&#231;&#227;o conseguiu apenas reduzir o valor do perito judicial de R$ 300.000,00 para R$ 50.000,00. Mas isto nada afeta os trabalhadores.<\/p>\n<p>Foi negada a aplica&#231;&#227;o do IPCA-E para a atualiza&#231;&#227;o dos c&#225;lculos, mantendo-se o &#237;ndice atualmente utilizado pelo Judici&#225;rio Trabalhista, considerado para os c&#225;lculos j&#225; efetivados.<\/p>\n<p>O mais importante da decis&#227;o foi a determina&#231;&#227;o para a expedi&#231;&#227;o imediata dos of&#237;cios para forma&#231;&#227;o dos precat&#243;rios em rela&#231;&#227;o somente &#224;queles em que n&#227;o h&#225; controv&#233;rsia dos c&#225;lculos. Ou seja, o processo de discuss&#227;o de c&#225;lculos seguir&#225; em rela&#231;&#227;o &#224;queles 155, formando os precat&#243;rios para os demais.<\/p>\n<p>Todavia, tal determina&#231;&#227;o n&#227;o encerra por completo a discuss&#227;o dos c&#225;lculos, pois a Funda&#231;&#227;o Casa poder&#225; buscar a suspens&#227;o da forma&#231;&#227;o dos precat&#243;rios mediante pedido cautelar ou semelhante, al&#233;m da possibilidade de um Recurso para buscar a reforma das Senten&#231;as de 1a Inst&#226;ncia da Execu&#231;&#227;o, o que submeteria a um novo julgamento no Tribunal.<\/p>\n<p>&#160;&#160;&#160;&#160;&#160;&#160;&#160; Estamos &#224; disposi&#231;&#227;o para quaisquer informa&#231;&#245;es ou d&#250;vidas.<\/p>\n<p>Departamento Jur&#237;dico<\/p>\n<p><strong>Danilo Uler Corregliano<\/strong><\/p>\n<p><strong>&#160;GEBRIM &#8211; Sociedade de Advogados<\/strong><\/p>\n","protected":false},"excerpt":{"rendered":"<p>que a Funda&#231;&#227;o Casa ingressou para questionar a senten&#231;a de homologa&#231;&#227;o de c&#225;lculos. A Ju&#237;za n&#227;o acolheu o pedido de exclus&#227;o&hellip;<\/p>\n","protected":false},"author":1,"featured_media":0,"comment_status":"open","ping_status":"open","sticky":false,"template":"","format":"standard","meta":{"cybocfi_hide_featured_image":"","footnotes":""},"categories":[22],"tags":[],"yoast_head":"<!-- This site is optimized with the Yoast SEO plugin v22.8 - https:\/\/yoast.com\/wordpress\/plugins\/seo\/ -->\n<title>Informe sobre a execu\u00e7\u00e3o do processo de reintegra\u00e7\u00e3o de 2005 - SITSESP<\/title>\n<meta name=\"robots\" content=\"index, follow, max-snippet:-1, max-image-preview:large, max-video-preview:-1\" \/>\n<link rel=\"canonical\" href=\"https:\/\/www.sitsesp.org.br\/novo\/informe-sobre-a-execucao-do-processo-de-reintegracao-de-2005\/\" \/>\n<meta property=\"og:locale\" content=\"pt_BR\" \/>\n<meta property=\"og:type\" content=\"article\" \/>\n<meta property=\"og:title\" content=\"Informe sobre a execu\u00e7\u00e3o do processo de reintegra\u00e7\u00e3o de 2005 - SITSESP\" \/>\n<meta property=\"og:description\" content=\"que a Funda&#231;&#227;o Casa ingressou para questionar a senten&#231;a de homologa&#231;&#227;o de c&#225;lculos. A Ju&#237;za n&#227;o acolheu o pedido de exclus&#227;o&hellip;\" \/>\n<meta property=\"og:url\" content=\"https:\/\/www.sitsesp.org.br\/novo\/informe-sobre-a-execucao-do-processo-de-reintegracao-de-2005\/\" \/>\n<meta property=\"og:site_name\" content=\"SITSESP\" \/>\n<meta property=\"article:published_time\" content=\"2016-11-08T17:40:43+00:00\" \/>\n<meta name=\"author\" content=\"mhais\" \/>\n<meta name=\"twitter:card\" content=\"summary_large_image\" \/>\n<meta name=\"twitter:label1\" content=\"Escrito por\" \/>\n\t<meta name=\"twitter:data1\" content=\"mhais\" \/>\n\t<meta name=\"twitter:label2\" content=\"Est. tempo de leitura\" \/>\n\t<meta name=\"twitter:data2\" content=\"1 minuto\" \/>\n<script type=\"application\/ld+json\" class=\"yoast-schema-graph\">{\"@context\":\"https:\/\/schema.org\",\"@graph\":[{\"@type\":\"Article\",\"@id\":\"https:\/\/www.sitsesp.org.br\/novo\/informe-sobre-a-execucao-do-processo-de-reintegracao-de-2005\/#article\",\"isPartOf\":{\"@id\":\"https:\/\/www.sitsesp.org.br\/novo\/informe-sobre-a-execucao-do-processo-de-reintegracao-de-2005\/\"},\"author\":{\"name\":\"mhais\",\"@id\":\"https:\/\/www.sitsesp.org.br\/novo\/#\/schema\/person\/2a4c180eb185645b3bef8657c75e305a\"},\"headline\":\"Informe sobre a execu\u00e7\u00e3o do processo de reintegra\u00e7\u00e3o de 2005\",\"datePublished\":\"2016-11-08T17:40:43+00:00\",\"dateModified\":\"2016-11-08T17:40:43+00:00\",\"mainEntityOfPage\":{\"@id\":\"https:\/\/www.sitsesp.org.br\/novo\/informe-sobre-a-execucao-do-processo-de-reintegracao-de-2005\/\"},\"wordCount\":257,\"commentCount\":0,\"publisher\":{\"@id\":\"https:\/\/www.sitsesp.org.br\/novo\/#organization\"},\"articleSection\":[\"Noticias\"],\"inLanguage\":\"pt-BR\",\"potentialAction\":[{\"@type\":\"CommentAction\",\"name\":\"Comment\",\"target\":[\"https:\/\/www.sitsesp.org.br\/novo\/informe-sobre-a-execucao-do-processo-de-reintegracao-de-2005\/#respond\"]}]},{\"@type\":\"WebPage\",\"@id\":\"https:\/\/www.sitsesp.org.br\/novo\/informe-sobre-a-execucao-do-processo-de-reintegracao-de-2005\/\",\"url\":\"https:\/\/www.sitsesp.org.br\/novo\/informe-sobre-a-execucao-do-processo-de-reintegracao-de-2005\/\",\"name\":\"Informe sobre a execu\u00e7\u00e3o do processo de reintegra\u00e7\u00e3o de 2005 - SITSESP\",\"isPartOf\":{\"@id\":\"https:\/\/www.sitsesp.org.br\/novo\/#website\"},\"datePublished\":\"2016-11-08T17:40:43+00:00\",\"dateModified\":\"2016-11-08T17:40:43+00:00\",\"breadcrumb\":{\"@id\":\"https:\/\/www.sitsesp.org.br\/novo\/informe-sobre-a-execucao-do-processo-de-reintegracao-de-2005\/#breadcrumb\"},\"inLanguage\":\"pt-BR\",\"potentialAction\":[{\"@type\":\"ReadAction\",\"target\":[\"https:\/\/www.sitsesp.org.br\/novo\/informe-sobre-a-execucao-do-processo-de-reintegracao-de-2005\/\"]}]},{\"@type\":\"BreadcrumbList\",\"@id\":\"https:\/\/www.sitsesp.org.br\/novo\/informe-sobre-a-execucao-do-processo-de-reintegracao-de-2005\/#breadcrumb\",\"itemListElement\":[{\"@type\":\"ListItem\",\"position\":1,\"name\":\"In\u00edcio\",\"item\":\"https:\/\/www.sitsesp.org.br\/novo\/\"},{\"@type\":\"ListItem\",\"position\":2,\"name\":\"Informe sobre a execu\u00e7\u00e3o do processo de reintegra\u00e7\u00e3o de 2005\"}]},{\"@type\":\"WebSite\",\"@id\":\"https:\/\/www.sitsesp.org.br\/novo\/#website\",\"url\":\"https:\/\/www.sitsesp.org.br\/novo\/\",\"name\":\"Sitsesp\",\"description\":\"SIndicato da Socioeduca\u00e7\u00e3o do Estado de S\u00e3o Paulo\",\"publisher\":{\"@id\":\"https:\/\/www.sitsesp.org.br\/novo\/#organization\"},\"potentialAction\":[{\"@type\":\"SearchAction\",\"target\":{\"@type\":\"EntryPoint\",\"urlTemplate\":\"https:\/\/www.sitsesp.org.br\/novo\/?s={search_term_string}\"},\"query-input\":\"required name=search_term_string\"}],\"inLanguage\":\"pt-BR\"},{\"@type\":\"Organization\",\"@id\":\"https:\/\/www.sitsesp.org.br\/novo\/#organization\",\"name\":\"Sitsesp\",\"url\":\"https:\/\/www.sitsesp.org.br\/novo\/\",\"logo\":{\"@type\":\"ImageObject\",\"inLanguage\":\"pt-BR\",\"@id\":\"https:\/\/www.sitsesp.org.br\/novo\/#\/schema\/logo\/image\/\",\"url\":\"https:\/\/www.sitsesp.org.br\/novo\/wp-content\/uploads\/2020\/09\/Design-sem-nome-1.jpg\",\"contentUrl\":\"https:\/\/www.sitsesp.org.br\/novo\/wp-content\/uploads\/2020\/09\/Design-sem-nome-1.jpg\",\"width\":300,\"height\":300,\"caption\":\"Sitsesp\"},\"image\":{\"@id\":\"https:\/\/www.sitsesp.org.br\/novo\/#\/schema\/logo\/image\/\"}},{\"@type\":\"Person\",\"@id\":\"https:\/\/www.sitsesp.org.br\/novo\/#\/schema\/person\/2a4c180eb185645b3bef8657c75e305a\",\"name\":\"mhais\",\"image\":{\"@type\":\"ImageObject\",\"inLanguage\":\"pt-BR\",\"@id\":\"https:\/\/www.sitsesp.org.br\/novo\/#\/schema\/person\/image\/\",\"url\":\"https:\/\/secure.gravatar.com\/avatar\/6f4eabe86990e81328cf702edfa92a60?s=96&d=mm&r=g\",\"contentUrl\":\"https:\/\/secure.gravatar.com\/avatar\/6f4eabe86990e81328cf702edfa92a60?s=96&d=mm&r=g\",\"caption\":\"mhais\"},\"sameAs\":[\"http:\/\/localhost\/sitsesp\"]}]}<\/script>\n<!-- \/ Yoast SEO plugin. -->","yoast_head_json":{"title":"Informe sobre a execu\u00e7\u00e3o do processo de reintegra\u00e7\u00e3o de 2005 - SITSESP","robots":{"index":"index","follow":"follow","max-snippet":"max-snippet:-1","max-image-preview":"max-image-preview:large","max-video-preview":"max-video-preview:-1"},"canonical":"https:\/\/www.sitsesp.org.br\/novo\/informe-sobre-a-execucao-do-processo-de-reintegracao-de-2005\/","og_locale":"pt_BR","og_type":"article","og_title":"Informe sobre a execu\u00e7\u00e3o do processo de reintegra\u00e7\u00e3o de 2005 - SITSESP","og_description":"que a Funda&#231;&#227;o Casa ingressou para questionar a senten&#231;a de homologa&#231;&#227;o de c&#225;lculos. A Ju&#237;za n&#227;o acolheu o pedido de exclus&#227;o&hellip;","og_url":"https:\/\/www.sitsesp.org.br\/novo\/informe-sobre-a-execucao-do-processo-de-reintegracao-de-2005\/","og_site_name":"SITSESP","article_published_time":"2016-11-08T17:40:43+00:00","author":"mhais","twitter_card":"summary_large_image","twitter_misc":{"Escrito por":"mhais","Est. tempo de leitura":"1 minuto"},"schema":{"@context":"https:\/\/schema.org","@graph":[{"@type":"Article","@id":"https:\/\/www.sitsesp.org.br\/novo\/informe-sobre-a-execucao-do-processo-de-reintegracao-de-2005\/#article","isPartOf":{"@id":"https:\/\/www.sitsesp.org.br\/novo\/informe-sobre-a-execucao-do-processo-de-reintegracao-de-2005\/"},"author":{"name":"mhais","@id":"https:\/\/www.sitsesp.org.br\/novo\/#\/schema\/person\/2a4c180eb185645b3bef8657c75e305a"},"headline":"Informe sobre a execu\u00e7\u00e3o do processo de reintegra\u00e7\u00e3o de 2005","datePublished":"2016-11-08T17:40:43+00:00","dateModified":"2016-11-08T17:40:43+00:00","mainEntityOfPage":{"@id":"https:\/\/www.sitsesp.org.br\/novo\/informe-sobre-a-execucao-do-processo-de-reintegracao-de-2005\/"},"wordCount":257,"commentCount":0,"publisher":{"@id":"https:\/\/www.sitsesp.org.br\/novo\/#organization"},"articleSection":["Noticias"],"inLanguage":"pt-BR","potentialAction":[{"@type":"CommentAction","name":"Comment","target":["https:\/\/www.sitsesp.org.br\/novo\/informe-sobre-a-execucao-do-processo-de-reintegracao-de-2005\/#respond"]}]},{"@type":"WebPage","@id":"https:\/\/www.sitsesp.org.br\/novo\/informe-sobre-a-execucao-do-processo-de-reintegracao-de-2005\/","url":"https:\/\/www.sitsesp.org.br\/novo\/informe-sobre-a-execucao-do-processo-de-reintegracao-de-2005\/","name":"Informe sobre a execu\u00e7\u00e3o do processo de reintegra\u00e7\u00e3o de 2005 - SITSESP","isPartOf":{"@id":"https:\/\/www.sitsesp.org.br\/novo\/#website"},"datePublished":"2016-11-08T17:40:43+00:00","dateModified":"2016-11-08T17:40:43+00:00","breadcrumb":{"@id":"https:\/\/www.sitsesp.org.br\/novo\/informe-sobre-a-execucao-do-processo-de-reintegracao-de-2005\/#breadcrumb"},"inLanguage":"pt-BR","potentialAction":[{"@type":"ReadAction","target":["https:\/\/www.sitsesp.org.br\/novo\/informe-sobre-a-execucao-do-processo-de-reintegracao-de-2005\/"]}]},{"@type":"BreadcrumbList","@id":"https:\/\/www.sitsesp.org.br\/novo\/informe-sobre-a-execucao-do-processo-de-reintegracao-de-2005\/#breadcrumb","itemListElement":[{"@type":"ListItem","position":1,"name":"In\u00edcio","item":"https:\/\/www.sitsesp.org.br\/novo\/"},{"@type":"ListItem","position":2,"name":"Informe sobre a execu\u00e7\u00e3o do processo de reintegra\u00e7\u00e3o de 2005"}]},{"@type":"WebSite","@id":"https:\/\/www.sitsesp.org.br\/novo\/#website","url":"https:\/\/www.sitsesp.org.br\/novo\/","name":"Sitsesp","description":"SIndicato da Socioeduca\u00e7\u00e3o do Estado de S\u00e3o Paulo","publisher":{"@id":"https:\/\/www.sitsesp.org.br\/novo\/#organization"},"potentialAction":[{"@type":"SearchAction","target":{"@type":"EntryPoint","urlTemplate":"https:\/\/www.sitsesp.org.br\/novo\/?s={search_term_string}"},"query-input":"required name=search_term_string"}],"inLanguage":"pt-BR"},{"@type":"Organization","@id":"https:\/\/www.sitsesp.org.br\/novo\/#organization","name":"Sitsesp","url":"https:\/\/www.sitsesp.org.br\/novo\/","logo":{"@type":"ImageObject","inLanguage":"pt-BR","@id":"https:\/\/www.sitsesp.org.br\/novo\/#\/schema\/logo\/image\/","url":"https:\/\/www.sitsesp.org.br\/novo\/wp-content\/uploads\/2020\/09\/Design-sem-nome-1.jpg","contentUrl":"https:\/\/www.sitsesp.org.br\/novo\/wp-content\/uploads\/2020\/09\/Design-sem-nome-1.jpg","width":300,"height":300,"caption":"Sitsesp"},"image":{"@id":"https:\/\/www.sitsesp.org.br\/novo\/#\/schema\/logo\/image\/"}},{"@type":"Person","@id":"https:\/\/www.sitsesp.org.br\/novo\/#\/schema\/person\/2a4c180eb185645b3bef8657c75e305a","name":"mhais","image":{"@type":"ImageObject","inLanguage":"pt-BR","@id":"https:\/\/www.sitsesp.org.br\/novo\/#\/schema\/person\/image\/","url":"https:\/\/secure.gravatar.com\/avatar\/6f4eabe86990e81328cf702edfa92a60?s=96&d=mm&r=g","contentUrl":"https:\/\/secure.gravatar.com\/avatar\/6f4eabe86990e81328cf702edfa92a60?s=96&d=mm&r=g","caption":"mhais"},"sameAs":["http:\/\/localhost\/sitsesp"]}]}},"_links":{"self":[{"href":"https:\/\/www.sitsesp.org.br\/novo\/wp-json\/wp\/v2\/posts\/2036"}],"collection":[{"href":"https:\/\/www.sitsesp.org.br\/novo\/wp-json\/wp\/v2\/posts"}],"about":[{"href":"https:\/\/www.sitsesp.org.br\/novo\/wp-json\/wp\/v2\/types\/post"}],"author":[{"embeddable":true,"href":"https:\/\/www.sitsesp.org.br\/novo\/wp-json\/wp\/v2\/users\/1"}],"replies":[{"embeddable":true,"href":"https:\/\/www.sitsesp.org.br\/novo\/wp-json\/wp\/v2\/comments?post=2036"}],"version-history":[{"count":0,"href":"https:\/\/www.sitsesp.org.br\/novo\/wp-json\/wp\/v2\/posts\/2036\/revisions"}],"wp:attachment":[{"href":"https:\/\/www.sitsesp.org.br\/novo\/wp-json\/wp\/v2\/media?parent=2036"}],"wp:term":[{"taxonomy":"category","embeddable":true,"href":"https:\/\/www.sitsesp.org.br\/novo\/wp-json\/wp\/v2\/categories?post=2036"},{"taxonomy":"post_tag","embeddable":true,"href":"https:\/\/www.sitsesp.org.br\/novo\/wp-json\/wp\/v2\/tags?post=2036"}],"curies":[{"name":"wp","href":"https:\/\/api.w.org\/{rel}","templated":true}]}}