{"id":2037,"date":"2016-11-08T15:45:39","date_gmt":"2016-11-08T17:45:39","guid":{"rendered":"https:\/\/pecorari-cloud72.pecoraricloud.com.br\/~sitsesporg\/cut-fara-ato-na-praca-da-se-em-sao-paulo-no-dia-11\/"},"modified":"2016-11-08T15:45:39","modified_gmt":"2016-11-08T17:45:39","slug":"cut-fara-ato-na-praca-da-se-em-sao-paulo-no-dia-11","status":"publish","type":"post","link":"https:\/\/www.sitsesp.org.br\/novo\/cut-fara-ato-na-praca-da-se-em-sao-paulo-no-dia-11\/","title":{"rendered":"CUT far\u00e1 ato na Pra\u00e7a da S\u00e9 em S\u00e3o Paulo no dia 11"},"content":{"rendered":"<p><!-- VideographyWP Plugin Message: Automatic video embedding prevented by plugin options. --><\/p>\n<p>&#160;No Dia Nacional de Greve e Paralisa&#231;&#227;o, em 11 de novembro, a CUT S&#227;o Paulo, ao lado de sindicatos e movimentos sociais que integram a Frente Brasil Popular, organiza diversas atividades por todo estado paulista. &#192;s 16h30, haver&#225; ato na Pra&#231;a da S&#233;, no centro da capital.<\/p>\n<p>Ocorrer&#227;o, no mesmo dia, paralisa&#231;&#245;es de diferentes categorias. Esta mobiliza&#231;&#227;o se soma a muitas outras em que os trabalhadores se mobilizam contra as propostas que o governo ileg&#237;timo de Michel Temer (PMDB) tenta impor ao Brasil.<\/p>\n<p>Entre as a&#231;&#245;es desse dia, haver&#225; uma assembleia organizada pela Apeoesp (Sindicato dos Professores do Estado de S&#227;o Paulo) na Pra&#231;a da Rep&#250;blica, a partir das 14h, e outra, &#224;s 15h, com concentra&#231;&#227;o no Masp, feita pelos movimentos que comp&#245;em a Frente Brasil Popular e Povo Sem Medo. Em seguida, todos seguir&#227;o em marcha &#224; Pra&#231;a da S&#233;.<\/p>\n<p>Os movimentos protestam contra a Proposta de Emenda &#224; Constitui&#231;&#227;o 241, que passa a tramitar no Senado como PEC 55, a qual, se aprovada, congelar&#225; gastos com sa&#250;de e educa&#231;&#227;o no Brasil por 20 anos. Tamb&#233;m levar&#227;o &#224;s ruas as bandeiras contra as reformas do ensino m&#233;dio, da Previd&#234;ncia e Trabalhista.<\/p>\n<p>Presidente da CUT S&#227;o Paulo, Douglas Izzo, avalia que o golpe tem se consolidado com a retirada de conquistas obtidas ao longo dos &#250;ltimos anos. &#8220;Vivemos um per&#237;odo de profundos ataques aos direitos no Brasil. O que est&#225; em jogo mais uma vez s&#227;o duas vis&#245;es diferentes do papel do Estado na sociedade. N&#227;o &#233; poss&#237;vel aceitar essa falsa propaganda de que cortar investimentos na sa&#250;de e educa&#231;&#227;o e retirar direitos dos trabalhadores &#233; a salva&#231;&#227;o para o pa&#237;s&#8221;<\/p>\n<p>Por isso, afirma o dirigente, o Dia Nacional de Greve ser&#225; uma importante oportunidade de denunciar os ataques aos direitos e conscientizar a classe trabalhadora sobre as articula&#231;&#245;es do golpe e dos setores mais conservadores do pa&#237;s.<\/p>\n<p>&#160;<\/p>\n<p>Escrito por:&#160;<a href=\"mailto:rafael.silva@cutsp.org.br\">Vanessa Ramos &#8211; CUT S&#227;o Paulo<\/a><\/p>\n","protected":false},"excerpt":{"rendered":"<p>&#160;No Dia Nacional de Greve e Paralisa&#231;&#227;o, em 11 de novembro, a CUT S&#227;o Paulo, ao lado de sindicatos e movimentos&hellip;<\/p>\n","protected":false},"author":1,"featured_media":2038,"comment_status":"open","ping_status":"open","sticky":false,"template":"","format":"standard","meta":{"cybocfi_hide_featured_image":"","footnotes":""},"categories":[22],"tags":[],"yoast_head":"<!-- This site is optimized with the Yoast SEO plugin v22.8 - https:\/\/yoast.com\/wordpress\/plugins\/seo\/ -->\n<title>CUT far\u00e1 ato na Pra\u00e7a da S\u00e9 em S\u00e3o Paulo no dia 11 - SITSESP<\/title>\n<meta name=\"robots\" content=\"index, follow, max-snippet:-1, max-image-preview:large, max-video-preview:-1\" \/>\n<link rel=\"canonical\" href=\"https:\/\/www.sitsesp.org.br\/novo\/cut-fara-ato-na-praca-da-se-em-sao-paulo-no-dia-11\/\" \/>\n<meta property=\"og:locale\" content=\"pt_BR\" \/>\n<meta property=\"og:type\" content=\"article\" \/>\n<meta property=\"og:title\" content=\"CUT far\u00e1 ato na Pra\u00e7a da S\u00e9 em S\u00e3o Paulo no dia 11 - SITSESP\" \/>\n<meta property=\"og:description\" content=\"&#160;No Dia Nacional de Greve e Paralisa&#231;&#227;o, em 11 de novembro, a CUT S&#227;o Paulo, ao lado de sindicatos e movimentos&hellip;\" \/>\n<meta property=\"og:url\" content=\"https:\/\/www.sitsesp.org.br\/novo\/cut-fara-ato-na-praca-da-se-em-sao-paulo-no-dia-11\/\" \/>\n<meta property=\"og:site_name\" content=\"SITSESP\" \/>\n<meta property=\"article:published_time\" content=\"2016-11-08T17:45:39+00:00\" \/>\n<meta property=\"og:image\" content=\"https:\/\/www.sitsesp.org.br\/novo\/wp-content\/uploads\/2020\/10\/1504281927-1.jpg\" \/>\n\t<meta property=\"og:image:width\" content=\"263\" \/>\n\t<meta property=\"og:image:height\" content=\"192\" \/>\n\t<meta property=\"og:image:type\" content=\"image\/jpeg\" \/>\n<meta name=\"author\" content=\"mhais\" \/>\n<meta name=\"twitter:card\" content=\"summary_large_image\" \/>\n<meta name=\"twitter:label1\" content=\"Escrito por\" \/>\n\t<meta name=\"twitter:data1\" content=\"mhais\" \/>\n\t<meta name=\"twitter:label2\" content=\"Est. tempo de leitura\" \/>\n\t<meta name=\"twitter:data2\" content=\"2 minutos\" \/>\n<script type=\"application\/ld+json\" class=\"yoast-schema-graph\">{\"@context\":\"https:\/\/schema.org\",\"@graph\":[{\"@type\":\"Article\",\"@id\":\"https:\/\/www.sitsesp.org.br\/novo\/cut-fara-ato-na-praca-da-se-em-sao-paulo-no-dia-11\/#article\",\"isPartOf\":{\"@id\":\"https:\/\/www.sitsesp.org.br\/novo\/cut-fara-ato-na-praca-da-se-em-sao-paulo-no-dia-11\/\"},\"author\":{\"name\":\"mhais\",\"@id\":\"https:\/\/www.sitsesp.org.br\/novo\/#\/schema\/person\/2a4c180eb185645b3bef8657c75e305a\"},\"headline\":\"CUT far\u00e1 ato na Pra\u00e7a da S\u00e9 em S\u00e3o Paulo no dia 11\",\"datePublished\":\"2016-11-08T17:45:39+00:00\",\"dateModified\":\"2016-11-08T17:45:39+00:00\",\"mainEntityOfPage\":{\"@id\":\"https:\/\/www.sitsesp.org.br\/novo\/cut-fara-ato-na-praca-da-se-em-sao-paulo-no-dia-11\/\"},\"wordCount\":357,\"commentCount\":0,\"publisher\":{\"@id\":\"https:\/\/www.sitsesp.org.br\/novo\/#organization\"},\"image\":{\"@id\":\"https:\/\/www.sitsesp.org.br\/novo\/cut-fara-ato-na-praca-da-se-em-sao-paulo-no-dia-11\/#primaryimage\"},\"thumbnailUrl\":\"https:\/\/www.sitsesp.org.br\/novo\/wp-content\/uploads\/2020\/10\/1504281927-1.jpg\",\"articleSection\":[\"Noticias\"],\"inLanguage\":\"pt-BR\",\"potentialAction\":[{\"@type\":\"CommentAction\",\"name\":\"Comment\",\"target\":[\"https:\/\/www.sitsesp.org.br\/novo\/cut-fara-ato-na-praca-da-se-em-sao-paulo-no-dia-11\/#respond\"]}]},{\"@type\":\"WebPage\",\"@id\":\"https:\/\/www.sitsesp.org.br\/novo\/cut-fara-ato-na-praca-da-se-em-sao-paulo-no-dia-11\/\",\"url\":\"https:\/\/www.sitsesp.org.br\/novo\/cut-fara-ato-na-praca-da-se-em-sao-paulo-no-dia-11\/\",\"name\":\"CUT far\u00e1 ato na Pra\u00e7a da S\u00e9 em S\u00e3o Paulo no dia 11 - SITSESP\",\"isPartOf\":{\"@id\":\"https:\/\/www.sitsesp.org.br\/novo\/#website\"},\"primaryImageOfPage\":{\"@id\":\"https:\/\/www.sitsesp.org.br\/novo\/cut-fara-ato-na-praca-da-se-em-sao-paulo-no-dia-11\/#primaryimage\"},\"image\":{\"@id\":\"https:\/\/www.sitsesp.org.br\/novo\/cut-fara-ato-na-praca-da-se-em-sao-paulo-no-dia-11\/#primaryimage\"},\"thumbnailUrl\":\"https:\/\/www.sitsesp.org.br\/novo\/wp-content\/uploads\/2020\/10\/1504281927-1.jpg\",\"datePublished\":\"2016-11-08T17:45:39+00:00\",\"dateModified\":\"2016-11-08T17:45:39+00:00\",\"breadcrumb\":{\"@id\":\"https:\/\/www.sitsesp.org.br\/novo\/cut-fara-ato-na-praca-da-se-em-sao-paulo-no-dia-11\/#breadcrumb\"},\"inLanguage\":\"pt-BR\",\"potentialAction\":[{\"@type\":\"ReadAction\",\"target\":[\"https:\/\/www.sitsesp.org.br\/novo\/cut-fara-ato-na-praca-da-se-em-sao-paulo-no-dia-11\/\"]}]},{\"@type\":\"ImageObject\",\"inLanguage\":\"pt-BR\",\"@id\":\"https:\/\/www.sitsesp.org.br\/novo\/cut-fara-ato-na-praca-da-se-em-sao-paulo-no-dia-11\/#primaryimage\",\"url\":\"https:\/\/www.sitsesp.org.br\/novo\/wp-content\/uploads\/2020\/10\/1504281927-1.jpg\",\"contentUrl\":\"https:\/\/www.sitsesp.org.br\/novo\/wp-content\/uploads\/2020\/10\/1504281927-1.jpg\",\"width\":263,\"height\":192},{\"@type\":\"BreadcrumbList\",\"@id\":\"https:\/\/www.sitsesp.org.br\/novo\/cut-fara-ato-na-praca-da-se-em-sao-paulo-no-dia-11\/#breadcrumb\",\"itemListElement\":[{\"@type\":\"ListItem\",\"position\":1,\"name\":\"In\u00edcio\",\"item\":\"https:\/\/www.sitsesp.org.br\/novo\/\"},{\"@type\":\"ListItem\",\"position\":2,\"name\":\"CUT far\u00e1 ato na Pra\u00e7a da S\u00e9 em S\u00e3o Paulo no dia 11\"}]},{\"@type\":\"WebSite\",\"@id\":\"https:\/\/www.sitsesp.org.br\/novo\/#website\",\"url\":\"https:\/\/www.sitsesp.org.br\/novo\/\",\"name\":\"Sitsesp\",\"description\":\"SIndicato da Socioeduca\u00e7\u00e3o do Estado de S\u00e3o Paulo\",\"publisher\":{\"@id\":\"https:\/\/www.sitsesp.org.br\/novo\/#organization\"},\"potentialAction\":[{\"@type\":\"SearchAction\",\"target\":{\"@type\":\"EntryPoint\",\"urlTemplate\":\"https:\/\/www.sitsesp.org.br\/novo\/?s={search_term_string}\"},\"query-input\":\"required name=search_term_string\"}],\"inLanguage\":\"pt-BR\"},{\"@type\":\"Organization\",\"@id\":\"https:\/\/www.sitsesp.org.br\/novo\/#organization\",\"name\":\"Sitsesp\",\"url\":\"https:\/\/www.sitsesp.org.br\/novo\/\",\"logo\":{\"@type\":\"ImageObject\",\"inLanguage\":\"pt-BR\",\"@id\":\"https:\/\/www.sitsesp.org.br\/novo\/#\/schema\/logo\/image\/\",\"url\":\"https:\/\/www.sitsesp.org.br\/novo\/wp-content\/uploads\/2020\/09\/Design-sem-nome-1.jpg\",\"contentUrl\":\"https:\/\/www.sitsesp.org.br\/novo\/wp-content\/uploads\/2020\/09\/Design-sem-nome-1.jpg\",\"width\":300,\"height\":300,\"caption\":\"Sitsesp\"},\"image\":{\"@id\":\"https:\/\/www.sitsesp.org.br\/novo\/#\/schema\/logo\/image\/\"}},{\"@type\":\"Person\",\"@id\":\"https:\/\/www.sitsesp.org.br\/novo\/#\/schema\/person\/2a4c180eb185645b3bef8657c75e305a\",\"name\":\"mhais\",\"image\":{\"@type\":\"ImageObject\",\"inLanguage\":\"pt-BR\",\"@id\":\"https:\/\/www.sitsesp.org.br\/novo\/#\/schema\/person\/image\/\",\"url\":\"https:\/\/secure.gravatar.com\/avatar\/6f4eabe86990e81328cf702edfa92a60?s=96&d=mm&r=g\",\"contentUrl\":\"https:\/\/secure.gravatar.com\/avatar\/6f4eabe86990e81328cf702edfa92a60?s=96&d=mm&r=g\",\"caption\":\"mhais\"},\"sameAs\":[\"http:\/\/localhost\/sitsesp\"]}]}<\/script>\n<!-- \/ Yoast SEO plugin. -->","yoast_head_json":{"title":"CUT far\u00e1 ato na Pra\u00e7a da S\u00e9 em S\u00e3o Paulo no dia 11 - SITSESP","robots":{"index":"index","follow":"follow","max-snippet":"max-snippet:-1","max-image-preview":"max-image-preview:large","max-video-preview":"max-video-preview:-1"},"canonical":"https:\/\/www.sitsesp.org.br\/novo\/cut-fara-ato-na-praca-da-se-em-sao-paulo-no-dia-11\/","og_locale":"pt_BR","og_type":"article","og_title":"CUT far\u00e1 ato na Pra\u00e7a da S\u00e9 em S\u00e3o Paulo no dia 11 - SITSESP","og_description":"&#160;No Dia Nacional de Greve e Paralisa&#231;&#227;o, em 11 de novembro, a CUT S&#227;o Paulo, ao lado de sindicatos e movimentos&hellip;","og_url":"https:\/\/www.sitsesp.org.br\/novo\/cut-fara-ato-na-praca-da-se-em-sao-paulo-no-dia-11\/","og_site_name":"SITSESP","article_published_time":"2016-11-08T17:45:39+00:00","og_image":[{"width":263,"height":192,"url":"https:\/\/www.sitsesp.org.br\/novo\/wp-content\/uploads\/2020\/10\/1504281927-1.jpg","type":"image\/jpeg"}],"author":"mhais","twitter_card":"summary_large_image","twitter_misc":{"Escrito por":"mhais","Est. tempo de leitura":"2 minutos"},"schema":{"@context":"https:\/\/schema.org","@graph":[{"@type":"Article","@id":"https:\/\/www.sitsesp.org.br\/novo\/cut-fara-ato-na-praca-da-se-em-sao-paulo-no-dia-11\/#article","isPartOf":{"@id":"https:\/\/www.sitsesp.org.br\/novo\/cut-fara-ato-na-praca-da-se-em-sao-paulo-no-dia-11\/"},"author":{"name":"mhais","@id":"https:\/\/www.sitsesp.org.br\/novo\/#\/schema\/person\/2a4c180eb185645b3bef8657c75e305a"},"headline":"CUT far\u00e1 ato na Pra\u00e7a da S\u00e9 em S\u00e3o Paulo no dia 11","datePublished":"2016-11-08T17:45:39+00:00","dateModified":"2016-11-08T17:45:39+00:00","mainEntityOfPage":{"@id":"https:\/\/www.sitsesp.org.br\/novo\/cut-fara-ato-na-praca-da-se-em-sao-paulo-no-dia-11\/"},"wordCount":357,"commentCount":0,"publisher":{"@id":"https:\/\/www.sitsesp.org.br\/novo\/#organization"},"image":{"@id":"https:\/\/www.sitsesp.org.br\/novo\/cut-fara-ato-na-praca-da-se-em-sao-paulo-no-dia-11\/#primaryimage"},"thumbnailUrl":"https:\/\/www.sitsesp.org.br\/novo\/wp-content\/uploads\/2020\/10\/1504281927-1.jpg","articleSection":["Noticias"],"inLanguage":"pt-BR","potentialAction":[{"@type":"CommentAction","name":"Comment","target":["https:\/\/www.sitsesp.org.br\/novo\/cut-fara-ato-na-praca-da-se-em-sao-paulo-no-dia-11\/#respond"]}]},{"@type":"WebPage","@id":"https:\/\/www.sitsesp.org.br\/novo\/cut-fara-ato-na-praca-da-se-em-sao-paulo-no-dia-11\/","url":"https:\/\/www.sitsesp.org.br\/novo\/cut-fara-ato-na-praca-da-se-em-sao-paulo-no-dia-11\/","name":"CUT far\u00e1 ato na Pra\u00e7a da S\u00e9 em S\u00e3o Paulo no dia 11 - SITSESP","isPartOf":{"@id":"https:\/\/www.sitsesp.org.br\/novo\/#website"},"primaryImageOfPage":{"@id":"https:\/\/www.sitsesp.org.br\/novo\/cut-fara-ato-na-praca-da-se-em-sao-paulo-no-dia-11\/#primaryimage"},"image":{"@id":"https:\/\/www.sitsesp.org.br\/novo\/cut-fara-ato-na-praca-da-se-em-sao-paulo-no-dia-11\/#primaryimage"},"thumbnailUrl":"https:\/\/www.sitsesp.org.br\/novo\/wp-content\/uploads\/2020\/10\/1504281927-1.jpg","datePublished":"2016-11-08T17:45:39+00:00","dateModified":"2016-11-08T17:45:39+00:00","breadcrumb":{"@id":"https:\/\/www.sitsesp.org.br\/novo\/cut-fara-ato-na-praca-da-se-em-sao-paulo-no-dia-11\/#breadcrumb"},"inLanguage":"pt-BR","potentialAction":[{"@type":"ReadAction","target":["https:\/\/www.sitsesp.org.br\/novo\/cut-fara-ato-na-praca-da-se-em-sao-paulo-no-dia-11\/"]}]},{"@type":"ImageObject","inLanguage":"pt-BR","@id":"https:\/\/www.sitsesp.org.br\/novo\/cut-fara-ato-na-praca-da-se-em-sao-paulo-no-dia-11\/#primaryimage","url":"https:\/\/www.sitsesp.org.br\/novo\/wp-content\/uploads\/2020\/10\/1504281927-1.jpg","contentUrl":"https:\/\/www.sitsesp.org.br\/novo\/wp-content\/uploads\/2020\/10\/1504281927-1.jpg","width":263,"height":192},{"@type":"BreadcrumbList","@id":"https:\/\/www.sitsesp.org.br\/novo\/cut-fara-ato-na-praca-da-se-em-sao-paulo-no-dia-11\/#breadcrumb","itemListElement":[{"@type":"ListItem","position":1,"name":"In\u00edcio","item":"https:\/\/www.sitsesp.org.br\/novo\/"},{"@type":"ListItem","position":2,"name":"CUT far\u00e1 ato na Pra\u00e7a da S\u00e9 em S\u00e3o Paulo no dia 11"}]},{"@type":"WebSite","@id":"https:\/\/www.sitsesp.org.br\/novo\/#website","url":"https:\/\/www.sitsesp.org.br\/novo\/","name":"Sitsesp","description":"SIndicato da Socioeduca\u00e7\u00e3o do Estado de S\u00e3o Paulo","publisher":{"@id":"https:\/\/www.sitsesp.org.br\/novo\/#organization"},"potentialAction":[{"@type":"SearchAction","target":{"@type":"EntryPoint","urlTemplate":"https:\/\/www.sitsesp.org.br\/novo\/?s={search_term_string}"},"query-input":"required name=search_term_string"}],"inLanguage":"pt-BR"},{"@type":"Organization","@id":"https:\/\/www.sitsesp.org.br\/novo\/#organization","name":"Sitsesp","url":"https:\/\/www.sitsesp.org.br\/novo\/","logo":{"@type":"ImageObject","inLanguage":"pt-BR","@id":"https:\/\/www.sitsesp.org.br\/novo\/#\/schema\/logo\/image\/","url":"https:\/\/www.sitsesp.org.br\/novo\/wp-content\/uploads\/2020\/09\/Design-sem-nome-1.jpg","contentUrl":"https:\/\/www.sitsesp.org.br\/novo\/wp-content\/uploads\/2020\/09\/Design-sem-nome-1.jpg","width":300,"height":300,"caption":"Sitsesp"},"image":{"@id":"https:\/\/www.sitsesp.org.br\/novo\/#\/schema\/logo\/image\/"}},{"@type":"Person","@id":"https:\/\/www.sitsesp.org.br\/novo\/#\/schema\/person\/2a4c180eb185645b3bef8657c75e305a","name":"mhais","image":{"@type":"ImageObject","inLanguage":"pt-BR","@id":"https:\/\/www.sitsesp.org.br\/novo\/#\/schema\/person\/image\/","url":"https:\/\/secure.gravatar.com\/avatar\/6f4eabe86990e81328cf702edfa92a60?s=96&d=mm&r=g","contentUrl":"https:\/\/secure.gravatar.com\/avatar\/6f4eabe86990e81328cf702edfa92a60?s=96&d=mm&r=g","caption":"mhais"},"sameAs":["http:\/\/localhost\/sitsesp"]}]}},"_links":{"self":[{"href":"https:\/\/www.sitsesp.org.br\/novo\/wp-json\/wp\/v2\/posts\/2037"}],"collection":[{"href":"https:\/\/www.sitsesp.org.br\/novo\/wp-json\/wp\/v2\/posts"}],"about":[{"href":"https:\/\/www.sitsesp.org.br\/novo\/wp-json\/wp\/v2\/types\/post"}],"author":[{"embeddable":true,"href":"https:\/\/www.sitsesp.org.br\/novo\/wp-json\/wp\/v2\/users\/1"}],"replies":[{"embeddable":true,"href":"https:\/\/www.sitsesp.org.br\/novo\/wp-json\/wp\/v2\/comments?post=2037"}],"version-history":[{"count":0,"href":"https:\/\/www.sitsesp.org.br\/novo\/wp-json\/wp\/v2\/posts\/2037\/revisions"}],"wp:featuredmedia":[{"embeddable":true,"href":"https:\/\/www.sitsesp.org.br\/novo\/wp-json\/wp\/v2\/media\/2038"}],"wp:attachment":[{"href":"https:\/\/www.sitsesp.org.br\/novo\/wp-json\/wp\/v2\/media?parent=2037"}],"wp:term":[{"taxonomy":"category","embeddable":true,"href":"https:\/\/www.sitsesp.org.br\/novo\/wp-json\/wp\/v2\/categories?post=2037"},{"taxonomy":"post_tag","embeddable":true,"href":"https:\/\/www.sitsesp.org.br\/novo\/wp-json\/wp\/v2\/tags?post=2037"}],"curies":[{"name":"wp","href":"https:\/\/api.w.org\/{rel}","templated":true}]}}