{"id":2041,"date":"2016-12-02T20:21:23","date_gmt":"2016-12-02T22:21:23","guid":{"rendered":"https:\/\/pecorari-cloud72.pecoraricloud.com.br\/~sitsesporg\/sindicato-na-luta-com-os-motoristas-contra-p-as-arbitrarios-da-fundacao-casa\/"},"modified":"2016-12-02T20:21:23","modified_gmt":"2016-12-02T22:21:23","slug":"sindicato-na-luta-com-os-motoristas-contra-p-as-arbitrarios-da-fundacao-casa","status":"publish","type":"post","link":"https:\/\/www.sitsesp.org.br\/novo\/sindicato-na-luta-com-os-motoristas-contra-p-as-arbitrarios-da-fundacao-casa\/","title":{"rendered":"Sindicato na luta com os motoristas contra P.As arbitr\u00e1rios da Funda\u00e7\u00e3o CASA"},"content":{"rendered":"<p><!-- VideographyWP Plugin Message: Automatic video embedding prevented by plugin options. --><\/p>\n<p>para discutir os PAs instaurados pela Funda&#231;&#227;o CASA, devido a multas e pontua&#231;&#245;es no exerc&#237;cio da fun&#231;&#227;o.<\/p>\n<p>Devido ao tema ser complexo e at&#237;pico, os diretores do Sindicato, Brito e Geraldo mais Comiss&#227;o de Motoristas acharam por bem consultar pessoal especializado da ABRAVUP, <strong>Associa&#231;&#227;o Brasileira de Ve&#237;culos de Utilidade Publica<\/strong>, onde foi realizado amplo debate sobre a atividade profissional dos motoristas da Funda&#231;&#227;o.<\/p>\n<p>Somente assim,&#160; vamos buscar resolu&#231;&#227;o de tais quest&#245;es&#160; junto aos &#243;rg&#227;o como&#160; DSV, Detran, CET e outros .Novidades est&#227;o por vir.<\/p>\n<p>&#160;<\/p>\n<p><strong>Corregedoria inova na persegui&#231;&#227;o a motoristas concursados<\/strong><\/p>\n<p>Nunca na historia da FEBEM, Hoje Funda&#231;&#227;o CASA, houve qualquer puni&#231;&#227;o administrativa a motoristas por multas ou pontua&#231;&#245;es no exerc&#237;cio da fun&#231;&#227;o.<\/p>\n<p>A Inova&#231;&#227;o ocorre porque&#160; a Corregedoria aplicou uma dezenas de PAs aos Profissionais do setor de transporte (Motoristas)&#160; devido excesso de&#160; pontua&#231;&#227;o&#160;&#160; em CNH, tal fato vem causando indigna&#231;&#227;o no Setor.<\/p>\n<p>O trabalho desenvolvido pelo setor de transporte da Funda&#231;&#227;o se assemelha ao que e prestado pela PM, Policia Militar e pela SAP Secretaria de Administra&#231;&#227;o Penitenciaria, j&#225; que transportam adolescentes em conflito com a lei a Foruns, Hospitais e unidades de interna&#231;&#227;o da Funda&#231;&#227;o CASA, sempre acompanhados de Escolta Policial, o que impossibilita a completa obediencia a legisla&#231;&#227;o de transito.<\/p>\n<p>Pois se a Escolta Policial avan&#231;ar um sinal vermelho, os motoristas s&#227;o obrigados a acompanhar, mesmo estando dirigindo um veiculo descaracterizado, placa cinza sem sirene ou &#160;giroflex.<\/p>\n<p>Al&#233;m disso, os Motoristas est&#227;o &#160;sujeitos a resgates, fugas, viol&#234;ncias e agress&#245;es &#160;como ser baleado, durante percurso, n&#227;o podemos ser comparados ao transporte coletivo ou de carga, pois fazemos um transporte diferenciado que envolve seguran&#231;a para os adolescentes, servidores e popula&#231;&#227;o em geral.<\/p>\n<p>&#160;<\/p>\n<p><strong>Por que s&#243; os motoristas concursados s&#227;o perseguidos?<\/strong><\/p>\n<p>Estas persegui&#231;&#245;es s&#227;o exclusivas &#160;aos motoristas concursados. E parece ter o objetivo de favorecer o transporte terceirizado, pois estes, mesmo tendo um custo bem superior ao transporte oficial, setores da Funda&#231;&#227;o insistem na terceiriza&#231;&#227;o e nas irregulares na emiss&#227;o de autoriza&#231;&#245;es para dirigir. A pergunta que n&#227;o quer calar!<\/p>\n<p>A quem interessa em momentos de crise financeira&#160; com baixa arrecada&#231;&#227;o, manter um sistema que custa muito mais que o oficial com servidores concursados? Quem esta tirando proveito disto?<\/p>\n<p>Precisamos unir todos os perseguidos e injusti&#231;ados em luta contra as arbitrariedades praticadas pela atual gest&#227;o da Funda&#231;&#227;o CASA.<\/p>\n","protected":false},"excerpt":{"rendered":"<p>para discutir os PAs instaurados pela Funda&#231;&#227;o CASA, devido a multas e pontua&#231;&#245;es no exerc&#237;cio da fun&#231;&#227;o. Devido ao tema ser&hellip;<\/p>\n","protected":false},"author":1,"featured_media":0,"comment_status":"open","ping_status":"open","sticky":false,"template":"","format":"standard","meta":{"cybocfi_hide_featured_image":"","footnotes":""},"categories":[22],"tags":[],"yoast_head":"<!-- This site is optimized with the Yoast SEO plugin v22.8 - https:\/\/yoast.com\/wordpress\/plugins\/seo\/ -->\n<title>Sindicato na luta com os motoristas contra P.As arbitr\u00e1rios da Funda\u00e7\u00e3o CASA - SITSESP<\/title>\n<meta name=\"robots\" content=\"index, follow, max-snippet:-1, max-image-preview:large, max-video-preview:-1\" \/>\n<link rel=\"canonical\" href=\"https:\/\/www.sitsesp.org.br\/novo\/sindicato-na-luta-com-os-motoristas-contra-p-as-arbitrarios-da-fundacao-casa\/\" \/>\n<meta property=\"og:locale\" content=\"pt_BR\" \/>\n<meta property=\"og:type\" content=\"article\" \/>\n<meta property=\"og:title\" content=\"Sindicato na luta com os motoristas contra P.As arbitr\u00e1rios da Funda\u00e7\u00e3o CASA - SITSESP\" \/>\n<meta property=\"og:description\" content=\"para discutir os PAs instaurados pela Funda&#231;&#227;o CASA, devido a multas e pontua&#231;&#245;es no exerc&#237;cio da fun&#231;&#227;o. Devido ao tema ser&hellip;\" \/>\n<meta property=\"og:url\" content=\"https:\/\/www.sitsesp.org.br\/novo\/sindicato-na-luta-com-os-motoristas-contra-p-as-arbitrarios-da-fundacao-casa\/\" \/>\n<meta property=\"og:site_name\" content=\"SITSESP\" \/>\n<meta property=\"article:published_time\" content=\"2016-12-02T22:21:23+00:00\" \/>\n<meta name=\"author\" content=\"mhais\" \/>\n<meta name=\"twitter:card\" content=\"summary_large_image\" \/>\n<meta name=\"twitter:label1\" content=\"Escrito por\" \/>\n\t<meta name=\"twitter:data1\" content=\"mhais\" \/>\n\t<meta name=\"twitter:label2\" content=\"Est. tempo de leitura\" \/>\n\t<meta name=\"twitter:data2\" content=\"2 minutos\" \/>\n<script type=\"application\/ld+json\" class=\"yoast-schema-graph\">{\"@context\":\"https:\/\/schema.org\",\"@graph\":[{\"@type\":\"Article\",\"@id\":\"https:\/\/www.sitsesp.org.br\/novo\/sindicato-na-luta-com-os-motoristas-contra-p-as-arbitrarios-da-fundacao-casa\/#article\",\"isPartOf\":{\"@id\":\"https:\/\/www.sitsesp.org.br\/novo\/sindicato-na-luta-com-os-motoristas-contra-p-as-arbitrarios-da-fundacao-casa\/\"},\"author\":{\"name\":\"mhais\",\"@id\":\"https:\/\/www.sitsesp.org.br\/novo\/#\/schema\/person\/2a4c180eb185645b3bef8657c75e305a\"},\"headline\":\"Sindicato na luta com os motoristas contra P.As arbitr\u00e1rios da Funda\u00e7\u00e3o CASA\",\"datePublished\":\"2016-12-02T22:21:23+00:00\",\"dateModified\":\"2016-12-02T22:21:23+00:00\",\"mainEntityOfPage\":{\"@id\":\"https:\/\/www.sitsesp.org.br\/novo\/sindicato-na-luta-com-os-motoristas-contra-p-as-arbitrarios-da-fundacao-casa\/\"},\"wordCount\":442,\"commentCount\":0,\"publisher\":{\"@id\":\"https:\/\/www.sitsesp.org.br\/novo\/#organization\"},\"articleSection\":[\"Noticias\"],\"inLanguage\":\"pt-BR\",\"potentialAction\":[{\"@type\":\"CommentAction\",\"name\":\"Comment\",\"target\":[\"https:\/\/www.sitsesp.org.br\/novo\/sindicato-na-luta-com-os-motoristas-contra-p-as-arbitrarios-da-fundacao-casa\/#respond\"]}]},{\"@type\":\"WebPage\",\"@id\":\"https:\/\/www.sitsesp.org.br\/novo\/sindicato-na-luta-com-os-motoristas-contra-p-as-arbitrarios-da-fundacao-casa\/\",\"url\":\"https:\/\/www.sitsesp.org.br\/novo\/sindicato-na-luta-com-os-motoristas-contra-p-as-arbitrarios-da-fundacao-casa\/\",\"name\":\"Sindicato na luta com os motoristas contra P.As arbitr\u00e1rios da Funda\u00e7\u00e3o CASA - SITSESP\",\"isPartOf\":{\"@id\":\"https:\/\/www.sitsesp.org.br\/novo\/#website\"},\"datePublished\":\"2016-12-02T22:21:23+00:00\",\"dateModified\":\"2016-12-02T22:21:23+00:00\",\"breadcrumb\":{\"@id\":\"https:\/\/www.sitsesp.org.br\/novo\/sindicato-na-luta-com-os-motoristas-contra-p-as-arbitrarios-da-fundacao-casa\/#breadcrumb\"},\"inLanguage\":\"pt-BR\",\"potentialAction\":[{\"@type\":\"ReadAction\",\"target\":[\"https:\/\/www.sitsesp.org.br\/novo\/sindicato-na-luta-com-os-motoristas-contra-p-as-arbitrarios-da-fundacao-casa\/\"]}]},{\"@type\":\"BreadcrumbList\",\"@id\":\"https:\/\/www.sitsesp.org.br\/novo\/sindicato-na-luta-com-os-motoristas-contra-p-as-arbitrarios-da-fundacao-casa\/#breadcrumb\",\"itemListElement\":[{\"@type\":\"ListItem\",\"position\":1,\"name\":\"In\u00edcio\",\"item\":\"https:\/\/www.sitsesp.org.br\/novo\/\"},{\"@type\":\"ListItem\",\"position\":2,\"name\":\"Sindicato na luta com os motoristas contra P.As arbitr\u00e1rios da Funda\u00e7\u00e3o CASA\"}]},{\"@type\":\"WebSite\",\"@id\":\"https:\/\/www.sitsesp.org.br\/novo\/#website\",\"url\":\"https:\/\/www.sitsesp.org.br\/novo\/\",\"name\":\"Sitsesp\",\"description\":\"SIndicato da Socioeduca\u00e7\u00e3o do Estado de S\u00e3o Paulo\",\"publisher\":{\"@id\":\"https:\/\/www.sitsesp.org.br\/novo\/#organization\"},\"potentialAction\":[{\"@type\":\"SearchAction\",\"target\":{\"@type\":\"EntryPoint\",\"urlTemplate\":\"https:\/\/www.sitsesp.org.br\/novo\/?s={search_term_string}\"},\"query-input\":\"required name=search_term_string\"}],\"inLanguage\":\"pt-BR\"},{\"@type\":\"Organization\",\"@id\":\"https:\/\/www.sitsesp.org.br\/novo\/#organization\",\"name\":\"Sitsesp\",\"url\":\"https:\/\/www.sitsesp.org.br\/novo\/\",\"logo\":{\"@type\":\"ImageObject\",\"inLanguage\":\"pt-BR\",\"@id\":\"https:\/\/www.sitsesp.org.br\/novo\/#\/schema\/logo\/image\/\",\"url\":\"https:\/\/www.sitsesp.org.br\/novo\/wp-content\/uploads\/2020\/09\/Design-sem-nome-1.jpg\",\"contentUrl\":\"https:\/\/www.sitsesp.org.br\/novo\/wp-content\/uploads\/2020\/09\/Design-sem-nome-1.jpg\",\"width\":300,\"height\":300,\"caption\":\"Sitsesp\"},\"image\":{\"@id\":\"https:\/\/www.sitsesp.org.br\/novo\/#\/schema\/logo\/image\/\"}},{\"@type\":\"Person\",\"@id\":\"https:\/\/www.sitsesp.org.br\/novo\/#\/schema\/person\/2a4c180eb185645b3bef8657c75e305a\",\"name\":\"mhais\",\"image\":{\"@type\":\"ImageObject\",\"inLanguage\":\"pt-BR\",\"@id\":\"https:\/\/www.sitsesp.org.br\/novo\/#\/schema\/person\/image\/\",\"url\":\"https:\/\/secure.gravatar.com\/avatar\/6f4eabe86990e81328cf702edfa92a60?s=96&d=mm&r=g\",\"contentUrl\":\"https:\/\/secure.gravatar.com\/avatar\/6f4eabe86990e81328cf702edfa92a60?s=96&d=mm&r=g\",\"caption\":\"mhais\"},\"sameAs\":[\"http:\/\/localhost\/sitsesp\"]}]}<\/script>\n<!-- \/ Yoast SEO plugin. -->","yoast_head_json":{"title":"Sindicato na luta com os motoristas contra P.As arbitr\u00e1rios da Funda\u00e7\u00e3o CASA - SITSESP","robots":{"index":"index","follow":"follow","max-snippet":"max-snippet:-1","max-image-preview":"max-image-preview:large","max-video-preview":"max-video-preview:-1"},"canonical":"https:\/\/www.sitsesp.org.br\/novo\/sindicato-na-luta-com-os-motoristas-contra-p-as-arbitrarios-da-fundacao-casa\/","og_locale":"pt_BR","og_type":"article","og_title":"Sindicato na luta com os motoristas contra P.As arbitr\u00e1rios da Funda\u00e7\u00e3o CASA - SITSESP","og_description":"para discutir os PAs instaurados pela Funda&#231;&#227;o CASA, devido a multas e pontua&#231;&#245;es no exerc&#237;cio da fun&#231;&#227;o. Devido ao tema ser&hellip;","og_url":"https:\/\/www.sitsesp.org.br\/novo\/sindicato-na-luta-com-os-motoristas-contra-p-as-arbitrarios-da-fundacao-casa\/","og_site_name":"SITSESP","article_published_time":"2016-12-02T22:21:23+00:00","author":"mhais","twitter_card":"summary_large_image","twitter_misc":{"Escrito por":"mhais","Est. tempo de leitura":"2 minutos"},"schema":{"@context":"https:\/\/schema.org","@graph":[{"@type":"Article","@id":"https:\/\/www.sitsesp.org.br\/novo\/sindicato-na-luta-com-os-motoristas-contra-p-as-arbitrarios-da-fundacao-casa\/#article","isPartOf":{"@id":"https:\/\/www.sitsesp.org.br\/novo\/sindicato-na-luta-com-os-motoristas-contra-p-as-arbitrarios-da-fundacao-casa\/"},"author":{"name":"mhais","@id":"https:\/\/www.sitsesp.org.br\/novo\/#\/schema\/person\/2a4c180eb185645b3bef8657c75e305a"},"headline":"Sindicato na luta com os motoristas contra P.As arbitr\u00e1rios da Funda\u00e7\u00e3o CASA","datePublished":"2016-12-02T22:21:23+00:00","dateModified":"2016-12-02T22:21:23+00:00","mainEntityOfPage":{"@id":"https:\/\/www.sitsesp.org.br\/novo\/sindicato-na-luta-com-os-motoristas-contra-p-as-arbitrarios-da-fundacao-casa\/"},"wordCount":442,"commentCount":0,"publisher":{"@id":"https:\/\/www.sitsesp.org.br\/novo\/#organization"},"articleSection":["Noticias"],"inLanguage":"pt-BR","potentialAction":[{"@type":"CommentAction","name":"Comment","target":["https:\/\/www.sitsesp.org.br\/novo\/sindicato-na-luta-com-os-motoristas-contra-p-as-arbitrarios-da-fundacao-casa\/#respond"]}]},{"@type":"WebPage","@id":"https:\/\/www.sitsesp.org.br\/novo\/sindicato-na-luta-com-os-motoristas-contra-p-as-arbitrarios-da-fundacao-casa\/","url":"https:\/\/www.sitsesp.org.br\/novo\/sindicato-na-luta-com-os-motoristas-contra-p-as-arbitrarios-da-fundacao-casa\/","name":"Sindicato na luta com os motoristas contra P.As arbitr\u00e1rios da Funda\u00e7\u00e3o CASA - SITSESP","isPartOf":{"@id":"https:\/\/www.sitsesp.org.br\/novo\/#website"},"datePublished":"2016-12-02T22:21:23+00:00","dateModified":"2016-12-02T22:21:23+00:00","breadcrumb":{"@id":"https:\/\/www.sitsesp.org.br\/novo\/sindicato-na-luta-com-os-motoristas-contra-p-as-arbitrarios-da-fundacao-casa\/#breadcrumb"},"inLanguage":"pt-BR","potentialAction":[{"@type":"ReadAction","target":["https:\/\/www.sitsesp.org.br\/novo\/sindicato-na-luta-com-os-motoristas-contra-p-as-arbitrarios-da-fundacao-casa\/"]}]},{"@type":"BreadcrumbList","@id":"https:\/\/www.sitsesp.org.br\/novo\/sindicato-na-luta-com-os-motoristas-contra-p-as-arbitrarios-da-fundacao-casa\/#breadcrumb","itemListElement":[{"@type":"ListItem","position":1,"name":"In\u00edcio","item":"https:\/\/www.sitsesp.org.br\/novo\/"},{"@type":"ListItem","position":2,"name":"Sindicato na luta com os motoristas contra P.As arbitr\u00e1rios da Funda\u00e7\u00e3o CASA"}]},{"@type":"WebSite","@id":"https:\/\/www.sitsesp.org.br\/novo\/#website","url":"https:\/\/www.sitsesp.org.br\/novo\/","name":"Sitsesp","description":"SIndicato da Socioeduca\u00e7\u00e3o do Estado de S\u00e3o Paulo","publisher":{"@id":"https:\/\/www.sitsesp.org.br\/novo\/#organization"},"potentialAction":[{"@type":"SearchAction","target":{"@type":"EntryPoint","urlTemplate":"https:\/\/www.sitsesp.org.br\/novo\/?s={search_term_string}"},"query-input":"required name=search_term_string"}],"inLanguage":"pt-BR"},{"@type":"Organization","@id":"https:\/\/www.sitsesp.org.br\/novo\/#organization","name":"Sitsesp","url":"https:\/\/www.sitsesp.org.br\/novo\/","logo":{"@type":"ImageObject","inLanguage":"pt-BR","@id":"https:\/\/www.sitsesp.org.br\/novo\/#\/schema\/logo\/image\/","url":"https:\/\/www.sitsesp.org.br\/novo\/wp-content\/uploads\/2020\/09\/Design-sem-nome-1.jpg","contentUrl":"https:\/\/www.sitsesp.org.br\/novo\/wp-content\/uploads\/2020\/09\/Design-sem-nome-1.jpg","width":300,"height":300,"caption":"Sitsesp"},"image":{"@id":"https:\/\/www.sitsesp.org.br\/novo\/#\/schema\/logo\/image\/"}},{"@type":"Person","@id":"https:\/\/www.sitsesp.org.br\/novo\/#\/schema\/person\/2a4c180eb185645b3bef8657c75e305a","name":"mhais","image":{"@type":"ImageObject","inLanguage":"pt-BR","@id":"https:\/\/www.sitsesp.org.br\/novo\/#\/schema\/person\/image\/","url":"https:\/\/secure.gravatar.com\/avatar\/6f4eabe86990e81328cf702edfa92a60?s=96&d=mm&r=g","contentUrl":"https:\/\/secure.gravatar.com\/avatar\/6f4eabe86990e81328cf702edfa92a60?s=96&d=mm&r=g","caption":"mhais"},"sameAs":["http:\/\/localhost\/sitsesp"]}]}},"_links":{"self":[{"href":"https:\/\/www.sitsesp.org.br\/novo\/wp-json\/wp\/v2\/posts\/2041"}],"collection":[{"href":"https:\/\/www.sitsesp.org.br\/novo\/wp-json\/wp\/v2\/posts"}],"about":[{"href":"https:\/\/www.sitsesp.org.br\/novo\/wp-json\/wp\/v2\/types\/post"}],"author":[{"embeddable":true,"href":"https:\/\/www.sitsesp.org.br\/novo\/wp-json\/wp\/v2\/users\/1"}],"replies":[{"embeddable":true,"href":"https:\/\/www.sitsesp.org.br\/novo\/wp-json\/wp\/v2\/comments?post=2041"}],"version-history":[{"count":0,"href":"https:\/\/www.sitsesp.org.br\/novo\/wp-json\/wp\/v2\/posts\/2041\/revisions"}],"wp:attachment":[{"href":"https:\/\/www.sitsesp.org.br\/novo\/wp-json\/wp\/v2\/media?parent=2041"}],"wp:term":[{"taxonomy":"category","embeddable":true,"href":"https:\/\/www.sitsesp.org.br\/novo\/wp-json\/wp\/v2\/categories?post=2041"},{"taxonomy":"post_tag","embeddable":true,"href":"https:\/\/www.sitsesp.org.br\/novo\/wp-json\/wp\/v2\/tags?post=2041"}],"curies":[{"name":"wp","href":"https:\/\/api.w.org\/{rel}","templated":true}]}}