{"id":2044,"date":"2017-01-03T13:21:41","date_gmt":"2017-01-03T15:21:41","guid":{"rendered":"https:\/\/pecorari-cloud72.pecoraricloud.com.br\/~sitsesporg\/sitraemfa-sitsesp-e-abravup-se-reunem-com-a-cet\/"},"modified":"2017-01-03T13:21:41","modified_gmt":"2017-01-03T15:21:41","slug":"sitraemfa-sitsesp-e-abravup-se-reunem-com-a-cet","status":"publish","type":"post","link":"https:\/\/www.sitsesp.org.br\/novo\/sitraemfa-sitsesp-e-abravup-se-reunem-com-a-cet\/","title":{"rendered":"SITRAEMFA\/SITSESP e ABRAVUP se re\u00fanem com a CET"},"content":{"rendered":"<p><!-- VideographyWP Plugin Message: Automatic video embedding prevented by plugin options. --><\/p>\n<p>e o consequente processo administrativo impetrado por parte do da corregedoria da Funda&#231;&#227;o sobre os motoristas que excedesse aos 20 (vinte) pontos em suas CNH.<\/p>\n<p>Na reuni&#227;o estiveram representando os motoristas, pelo setor de transportes da Funda&#231;&#227;o CASA-SP, Enoch de Souza Luz, pela ABRAVUP ( Associa&#231;&#227;o Brasileira de Ve&#237;culos de Utilidade P&#250;blica ) a Dr&#170; &#205;ria e pela CET o diretor de Educa&#231;&#227;o de Tr&#226;nsito e Fiscaliza&#231;&#227;o, Mauricio Haruo Koshiyama, o agente de fiscaliza&#231;&#227;o da Diretoria de Educa&#231;&#227;o de Tr&#226;nsito, coronel Renato Pereira Concei&#231;&#227;o e o 1&#186; tenente Rui Alves Feitosa.<\/p>\n<p>Segundo a CET n&#227;o h&#225; possibilidade de cadastrar os ve&#237;culos que prestam servi&#231;o &#224; Funda&#231;&#227;o CASA-SP, pois estes s&#227;o considerados ve&#237;culos particulares, e para que houvesse o cadastramento a Funda&#231;&#227;o teria que adquirir ve&#237;culos oficiais.<\/p>\n<p>Foi sugerida uma reuni&#227;o entre motoristas, sindicato e Abravup com a presidente da Funda&#231;&#227;o CASA-SP para &#160;fazer uma rela&#231;&#227;o com todos os ve&#237;culos que prestam servi&#231;o &#224; Institui&#231;&#227;o e que essa rela&#231;&#227;o fosse enviada ao setor da Diretoria de Educa&#231;&#227;o de Tr&#226;nsito e Fiscaliza&#231;&#227;o, solicitando um melhor tratamento e uma especial aten&#231;&#227;o ao encaminhar os recursos de autua&#231;&#227;o de tr&#226;nsito por parte dos nossos motoristas na condu&#231;&#227;o dos referidos ve&#237;culos, motoristas concursados para o cargo.<\/p>\n<p>Com este procedimento toda vez que um dos ve&#237;culos relacionados fosse multado pela CET, DSV, ao impetrar o recurso contra a autua&#231;&#227;o, dever&#225; ser anexado uma c&#243;pia com a rela&#231;&#227;o, &#160;enviando ao setor de Diretoria de Educa&#231;&#227;o de Tr&#226;nsito e Fiscaliza&#231;&#227;o e que atrav&#233;s desse procedimento os &#243;rg&#227;os julgadores ao apreciar o recurso teria um melhor entendimento sobre o servi&#231;o prestado por aquele ve&#237;culo autuado.<\/p>\n<p>Todos ficaram cientes do servi&#231;o p&#250;blico que prestamos e que &#233; considerado essencial, e que na opini&#227;o deles deveria ser prestados com ve&#237;culos oficiais, e que nosso servi&#231;o assemelha-se ao mesmo que da SAP, e que eles n&#227;o tinham conhecimento dos problemas que os motoristas da Funda&#231;&#227;o Casa-SP enfrentam com as autua&#231;&#245;es e os processos administrativos ao exceder os 20 (vinte) pontos na CNH, e esperam que consigamos convencer a presidente a fazer a rela&#231;&#227;o de ve&#237;culos que prestam servi&#231;o &#224; Funda&#231;&#227;o Casa-SP atrav&#233;s de Of&#237;cio a ser a eles enviado.<\/p>\n","protected":false},"excerpt":{"rendered":"<p>e o consequente processo administrativo impetrado por parte do da corregedoria da Funda&#231;&#227;o sobre os motoristas que excedesse aos 20 (vinte)&hellip;<\/p>\n","protected":false},"author":1,"featured_media":0,"comment_status":"open","ping_status":"open","sticky":false,"template":"","format":"standard","meta":{"cybocfi_hide_featured_image":"","footnotes":""},"categories":[22],"tags":[],"yoast_head":"<!-- This site is optimized with the Yoast SEO plugin v22.8 - https:\/\/yoast.com\/wordpress\/plugins\/seo\/ -->\n<title>SITRAEMFA\/SITSESP e ABRAVUP se re\u00fanem com a CET - SITSESP<\/title>\n<meta name=\"robots\" content=\"index, follow, max-snippet:-1, max-image-preview:large, max-video-preview:-1\" \/>\n<link rel=\"canonical\" href=\"https:\/\/www.sitsesp.org.br\/novo\/sitraemfa-sitsesp-e-abravup-se-reunem-com-a-cet\/\" \/>\n<meta property=\"og:locale\" content=\"pt_BR\" \/>\n<meta property=\"og:type\" content=\"article\" \/>\n<meta property=\"og:title\" content=\"SITRAEMFA\/SITSESP e ABRAVUP se re\u00fanem com a CET - SITSESP\" \/>\n<meta property=\"og:description\" content=\"e o consequente processo administrativo impetrado por parte do da corregedoria da Funda&#231;&#227;o sobre os motoristas que excedesse aos 20 (vinte)&hellip;\" \/>\n<meta property=\"og:url\" content=\"https:\/\/www.sitsesp.org.br\/novo\/sitraemfa-sitsesp-e-abravup-se-reunem-com-a-cet\/\" \/>\n<meta property=\"og:site_name\" content=\"SITSESP\" \/>\n<meta property=\"article:published_time\" content=\"2017-01-03T15:21:41+00:00\" \/>\n<meta name=\"author\" content=\"mhais\" \/>\n<meta name=\"twitter:card\" content=\"summary_large_image\" \/>\n<meta name=\"twitter:label1\" content=\"Escrito por\" \/>\n\t<meta name=\"twitter:data1\" content=\"mhais\" \/>\n\t<meta name=\"twitter:label2\" content=\"Est. tempo de leitura\" \/>\n\t<meta name=\"twitter:data2\" content=\"2 minutos\" \/>\n<script type=\"application\/ld+json\" class=\"yoast-schema-graph\">{\"@context\":\"https:\/\/schema.org\",\"@graph\":[{\"@type\":\"Article\",\"@id\":\"https:\/\/www.sitsesp.org.br\/novo\/sitraemfa-sitsesp-e-abravup-se-reunem-com-a-cet\/#article\",\"isPartOf\":{\"@id\":\"https:\/\/www.sitsesp.org.br\/novo\/sitraemfa-sitsesp-e-abravup-se-reunem-com-a-cet\/\"},\"author\":{\"name\":\"mhais\",\"@id\":\"https:\/\/www.sitsesp.org.br\/novo\/#\/schema\/person\/2a4c180eb185645b3bef8657c75e305a\"},\"headline\":\"SITRAEMFA\/SITSESP e ABRAVUP se re\u00fanem com a CET\",\"datePublished\":\"2017-01-03T15:21:41+00:00\",\"dateModified\":\"2017-01-03T15:21:41+00:00\",\"mainEntityOfPage\":{\"@id\":\"https:\/\/www.sitsesp.org.br\/novo\/sitraemfa-sitsesp-e-abravup-se-reunem-com-a-cet\/\"},\"wordCount\":419,\"commentCount\":0,\"publisher\":{\"@id\":\"https:\/\/www.sitsesp.org.br\/novo\/#organization\"},\"articleSection\":[\"Noticias\"],\"inLanguage\":\"pt-BR\",\"potentialAction\":[{\"@type\":\"CommentAction\",\"name\":\"Comment\",\"target\":[\"https:\/\/www.sitsesp.org.br\/novo\/sitraemfa-sitsesp-e-abravup-se-reunem-com-a-cet\/#respond\"]}]},{\"@type\":\"WebPage\",\"@id\":\"https:\/\/www.sitsesp.org.br\/novo\/sitraemfa-sitsesp-e-abravup-se-reunem-com-a-cet\/\",\"url\":\"https:\/\/www.sitsesp.org.br\/novo\/sitraemfa-sitsesp-e-abravup-se-reunem-com-a-cet\/\",\"name\":\"SITRAEMFA\/SITSESP e ABRAVUP se re\u00fanem com a CET - SITSESP\",\"isPartOf\":{\"@id\":\"https:\/\/www.sitsesp.org.br\/novo\/#website\"},\"datePublished\":\"2017-01-03T15:21:41+00:00\",\"dateModified\":\"2017-01-03T15:21:41+00:00\",\"breadcrumb\":{\"@id\":\"https:\/\/www.sitsesp.org.br\/novo\/sitraemfa-sitsesp-e-abravup-se-reunem-com-a-cet\/#breadcrumb\"},\"inLanguage\":\"pt-BR\",\"potentialAction\":[{\"@type\":\"ReadAction\",\"target\":[\"https:\/\/www.sitsesp.org.br\/novo\/sitraemfa-sitsesp-e-abravup-se-reunem-com-a-cet\/\"]}]},{\"@type\":\"BreadcrumbList\",\"@id\":\"https:\/\/www.sitsesp.org.br\/novo\/sitraemfa-sitsesp-e-abravup-se-reunem-com-a-cet\/#breadcrumb\",\"itemListElement\":[{\"@type\":\"ListItem\",\"position\":1,\"name\":\"In\u00edcio\",\"item\":\"https:\/\/www.sitsesp.org.br\/novo\/\"},{\"@type\":\"ListItem\",\"position\":2,\"name\":\"SITRAEMFA\/SITSESP e ABRAVUP se re\u00fanem com a CET\"}]},{\"@type\":\"WebSite\",\"@id\":\"https:\/\/www.sitsesp.org.br\/novo\/#website\",\"url\":\"https:\/\/www.sitsesp.org.br\/novo\/\",\"name\":\"Sitsesp\",\"description\":\"SIndicato da Socioeduca\u00e7\u00e3o do Estado de S\u00e3o Paulo\",\"publisher\":{\"@id\":\"https:\/\/www.sitsesp.org.br\/novo\/#organization\"},\"potentialAction\":[{\"@type\":\"SearchAction\",\"target\":{\"@type\":\"EntryPoint\",\"urlTemplate\":\"https:\/\/www.sitsesp.org.br\/novo\/?s={search_term_string}\"},\"query-input\":\"required name=search_term_string\"}],\"inLanguage\":\"pt-BR\"},{\"@type\":\"Organization\",\"@id\":\"https:\/\/www.sitsesp.org.br\/novo\/#organization\",\"name\":\"Sitsesp\",\"url\":\"https:\/\/www.sitsesp.org.br\/novo\/\",\"logo\":{\"@type\":\"ImageObject\",\"inLanguage\":\"pt-BR\",\"@id\":\"https:\/\/www.sitsesp.org.br\/novo\/#\/schema\/logo\/image\/\",\"url\":\"https:\/\/www.sitsesp.org.br\/novo\/wp-content\/uploads\/2020\/09\/Design-sem-nome-1.jpg\",\"contentUrl\":\"https:\/\/www.sitsesp.org.br\/novo\/wp-content\/uploads\/2020\/09\/Design-sem-nome-1.jpg\",\"width\":300,\"height\":300,\"caption\":\"Sitsesp\"},\"image\":{\"@id\":\"https:\/\/www.sitsesp.org.br\/novo\/#\/schema\/logo\/image\/\"}},{\"@type\":\"Person\",\"@id\":\"https:\/\/www.sitsesp.org.br\/novo\/#\/schema\/person\/2a4c180eb185645b3bef8657c75e305a\",\"name\":\"mhais\",\"image\":{\"@type\":\"ImageObject\",\"inLanguage\":\"pt-BR\",\"@id\":\"https:\/\/www.sitsesp.org.br\/novo\/#\/schema\/person\/image\/\",\"url\":\"https:\/\/secure.gravatar.com\/avatar\/6f4eabe86990e81328cf702edfa92a60?s=96&d=mm&r=g\",\"contentUrl\":\"https:\/\/secure.gravatar.com\/avatar\/6f4eabe86990e81328cf702edfa92a60?s=96&d=mm&r=g\",\"caption\":\"mhais\"},\"sameAs\":[\"http:\/\/localhost\/sitsesp\"]}]}<\/script>\n<!-- \/ Yoast SEO plugin. -->","yoast_head_json":{"title":"SITRAEMFA\/SITSESP e ABRAVUP se re\u00fanem com a CET - SITSESP","robots":{"index":"index","follow":"follow","max-snippet":"max-snippet:-1","max-image-preview":"max-image-preview:large","max-video-preview":"max-video-preview:-1"},"canonical":"https:\/\/www.sitsesp.org.br\/novo\/sitraemfa-sitsesp-e-abravup-se-reunem-com-a-cet\/","og_locale":"pt_BR","og_type":"article","og_title":"SITRAEMFA\/SITSESP e ABRAVUP se re\u00fanem com a CET - SITSESP","og_description":"e o consequente processo administrativo impetrado por parte do da corregedoria da Funda&#231;&#227;o sobre os motoristas que excedesse aos 20 (vinte)&hellip;","og_url":"https:\/\/www.sitsesp.org.br\/novo\/sitraemfa-sitsesp-e-abravup-se-reunem-com-a-cet\/","og_site_name":"SITSESP","article_published_time":"2017-01-03T15:21:41+00:00","author":"mhais","twitter_card":"summary_large_image","twitter_misc":{"Escrito por":"mhais","Est. tempo de leitura":"2 minutos"},"schema":{"@context":"https:\/\/schema.org","@graph":[{"@type":"Article","@id":"https:\/\/www.sitsesp.org.br\/novo\/sitraemfa-sitsesp-e-abravup-se-reunem-com-a-cet\/#article","isPartOf":{"@id":"https:\/\/www.sitsesp.org.br\/novo\/sitraemfa-sitsesp-e-abravup-se-reunem-com-a-cet\/"},"author":{"name":"mhais","@id":"https:\/\/www.sitsesp.org.br\/novo\/#\/schema\/person\/2a4c180eb185645b3bef8657c75e305a"},"headline":"SITRAEMFA\/SITSESP e ABRAVUP se re\u00fanem com a CET","datePublished":"2017-01-03T15:21:41+00:00","dateModified":"2017-01-03T15:21:41+00:00","mainEntityOfPage":{"@id":"https:\/\/www.sitsesp.org.br\/novo\/sitraemfa-sitsesp-e-abravup-se-reunem-com-a-cet\/"},"wordCount":419,"commentCount":0,"publisher":{"@id":"https:\/\/www.sitsesp.org.br\/novo\/#organization"},"articleSection":["Noticias"],"inLanguage":"pt-BR","potentialAction":[{"@type":"CommentAction","name":"Comment","target":["https:\/\/www.sitsesp.org.br\/novo\/sitraemfa-sitsesp-e-abravup-se-reunem-com-a-cet\/#respond"]}]},{"@type":"WebPage","@id":"https:\/\/www.sitsesp.org.br\/novo\/sitraemfa-sitsesp-e-abravup-se-reunem-com-a-cet\/","url":"https:\/\/www.sitsesp.org.br\/novo\/sitraemfa-sitsesp-e-abravup-se-reunem-com-a-cet\/","name":"SITRAEMFA\/SITSESP e ABRAVUP se re\u00fanem com a CET - SITSESP","isPartOf":{"@id":"https:\/\/www.sitsesp.org.br\/novo\/#website"},"datePublished":"2017-01-03T15:21:41+00:00","dateModified":"2017-01-03T15:21:41+00:00","breadcrumb":{"@id":"https:\/\/www.sitsesp.org.br\/novo\/sitraemfa-sitsesp-e-abravup-se-reunem-com-a-cet\/#breadcrumb"},"inLanguage":"pt-BR","potentialAction":[{"@type":"ReadAction","target":["https:\/\/www.sitsesp.org.br\/novo\/sitraemfa-sitsesp-e-abravup-se-reunem-com-a-cet\/"]}]},{"@type":"BreadcrumbList","@id":"https:\/\/www.sitsesp.org.br\/novo\/sitraemfa-sitsesp-e-abravup-se-reunem-com-a-cet\/#breadcrumb","itemListElement":[{"@type":"ListItem","position":1,"name":"In\u00edcio","item":"https:\/\/www.sitsesp.org.br\/novo\/"},{"@type":"ListItem","position":2,"name":"SITRAEMFA\/SITSESP e ABRAVUP se re\u00fanem com a CET"}]},{"@type":"WebSite","@id":"https:\/\/www.sitsesp.org.br\/novo\/#website","url":"https:\/\/www.sitsesp.org.br\/novo\/","name":"Sitsesp","description":"SIndicato da Socioeduca\u00e7\u00e3o do Estado de S\u00e3o Paulo","publisher":{"@id":"https:\/\/www.sitsesp.org.br\/novo\/#organization"},"potentialAction":[{"@type":"SearchAction","target":{"@type":"EntryPoint","urlTemplate":"https:\/\/www.sitsesp.org.br\/novo\/?s={search_term_string}"},"query-input":"required name=search_term_string"}],"inLanguage":"pt-BR"},{"@type":"Organization","@id":"https:\/\/www.sitsesp.org.br\/novo\/#organization","name":"Sitsesp","url":"https:\/\/www.sitsesp.org.br\/novo\/","logo":{"@type":"ImageObject","inLanguage":"pt-BR","@id":"https:\/\/www.sitsesp.org.br\/novo\/#\/schema\/logo\/image\/","url":"https:\/\/www.sitsesp.org.br\/novo\/wp-content\/uploads\/2020\/09\/Design-sem-nome-1.jpg","contentUrl":"https:\/\/www.sitsesp.org.br\/novo\/wp-content\/uploads\/2020\/09\/Design-sem-nome-1.jpg","width":300,"height":300,"caption":"Sitsesp"},"image":{"@id":"https:\/\/www.sitsesp.org.br\/novo\/#\/schema\/logo\/image\/"}},{"@type":"Person","@id":"https:\/\/www.sitsesp.org.br\/novo\/#\/schema\/person\/2a4c180eb185645b3bef8657c75e305a","name":"mhais","image":{"@type":"ImageObject","inLanguage":"pt-BR","@id":"https:\/\/www.sitsesp.org.br\/novo\/#\/schema\/person\/image\/","url":"https:\/\/secure.gravatar.com\/avatar\/6f4eabe86990e81328cf702edfa92a60?s=96&d=mm&r=g","contentUrl":"https:\/\/secure.gravatar.com\/avatar\/6f4eabe86990e81328cf702edfa92a60?s=96&d=mm&r=g","caption":"mhais"},"sameAs":["http:\/\/localhost\/sitsesp"]}]}},"_links":{"self":[{"href":"https:\/\/www.sitsesp.org.br\/novo\/wp-json\/wp\/v2\/posts\/2044"}],"collection":[{"href":"https:\/\/www.sitsesp.org.br\/novo\/wp-json\/wp\/v2\/posts"}],"about":[{"href":"https:\/\/www.sitsesp.org.br\/novo\/wp-json\/wp\/v2\/types\/post"}],"author":[{"embeddable":true,"href":"https:\/\/www.sitsesp.org.br\/novo\/wp-json\/wp\/v2\/users\/1"}],"replies":[{"embeddable":true,"href":"https:\/\/www.sitsesp.org.br\/novo\/wp-json\/wp\/v2\/comments?post=2044"}],"version-history":[{"count":0,"href":"https:\/\/www.sitsesp.org.br\/novo\/wp-json\/wp\/v2\/posts\/2044\/revisions"}],"wp:attachment":[{"href":"https:\/\/www.sitsesp.org.br\/novo\/wp-json\/wp\/v2\/media?parent=2044"}],"wp:term":[{"taxonomy":"category","embeddable":true,"href":"https:\/\/www.sitsesp.org.br\/novo\/wp-json\/wp\/v2\/categories?post=2044"},{"taxonomy":"post_tag","embeddable":true,"href":"https:\/\/www.sitsesp.org.br\/novo\/wp-json\/wp\/v2\/tags?post=2044"}],"curies":[{"name":"wp","href":"https:\/\/api.w.org\/{rel}","templated":true}]}}