{"id":2046,"date":"2017-01-10T23:55:27","date_gmt":"2017-01-11T01:55:27","guid":{"rendered":"https:\/\/pecorari-cloud72.pecoraricloud.com.br\/~sitsesporg\/sindicato-tera-reuniao-com-a-fundacao-casa-sobre-a-portaria-297-17\/"},"modified":"2017-01-10T23:55:27","modified_gmt":"2017-01-11T01:55:27","slug":"sindicato-tera-reuniao-com-a-fundacao-casa-sobre-a-portaria-297-17","status":"publish","type":"post","link":"https:\/\/www.sitsesp.org.br\/novo\/sindicato-tera-reuniao-com-a-fundacao-casa-sobre-a-portaria-297-17\/","title":{"rendered":"Sindicato ter\u00e1 reuni\u00e3o com a Funda\u00e7\u00e3o CASA sobre a Portaria 297\/17"},"content":{"rendered":"<p><!-- VideographyWP Plugin Message: Automatic video embedding prevented by plugin options. --><\/p>\n<p style=\"text-align: justify;\">O sindicato ir&#225; questionar qual estrat&#233;gia de conting&#234;ncia para seguran&#231;a dentro do centro este ano, uma vez que estamos passando por uma verdadeira crise no sistema carcer&#225;rio e qual a possibilidade dos recursos que v&#227;o ser disponibilizados para o sistema carcer&#225;rio chegarem at&#233; a Funda&#231;&#227;o Casa de S&#227;o Paulo.<\/p>\n<p style=\"text-align: justify;\">Dentre outros assuntos ser&#225; questionada a Funda&#231;&#227;o Casa quanto ao pagamento do Planos Cargos Carreira. O PCCS at&#233; porque ocorrer&#227;o as avalia&#231;&#245;es de 2014 e at&#233; agora n&#227;o foi realizado o pagamento referente a evolu&#231;&#227;o salarial.<\/p>\n<p style=\"text-align: justify;\">Sanearemos as d&#250;vidas quanto a n&#227;o resposta do of&#237;cio sindical que solicitou revoga&#231;&#227;o da portaria 296\/16.<\/p>\n<p style=\"text-align: justify;\">Tamb&#233;m, ser&#227;o levados &#224; mesa quest&#245;es, supostos atestados m&#233;dicos falsos, que deram origem a processo administrativo, contra dezenas de Servidores do se interior.<\/p>\n<p style=\"text-align: justify;\">Al&#233;m disso, tamb&#233;m ser&#225; levantado o caso dos motoristas concursados que est&#227;o sofrendo processos administrativos em decorr&#234;ncia de pontua&#231;&#227;o em habilita&#231;&#227;o por dirigir carro locado pela Funda&#231;&#227;o Casa.<\/p>\n<p style=\"text-align: justify;\">Esta reuni&#227;o ser&#225; realizada com registro Ata, em ato cont&#237;nuo, que ser&#225; publicada ap&#243;s t&#233;rmino da reuni&#227;o.<\/p>\n<p style=\"text-align: justify;\">Lembrando a todos os membros da categoria que este m&#234;s daremos in&#237;cio &#224; CAMPANHA SALARIAL 2017, portanto vamos canalizar as nossas energias. Foco!!!<\/p>\n","protected":false},"excerpt":{"rendered":"<p>O sindicato ir&#225; questionar qual estrat&#233;gia de conting&#234;ncia para seguran&#231;a dentro do centro este ano, uma vez que estamos passando por&hellip;<\/p>\n","protected":false},"author":1,"featured_media":0,"comment_status":"open","ping_status":"open","sticky":false,"template":"","format":"standard","meta":{"cybocfi_hide_featured_image":"","footnotes":""},"categories":[22],"tags":[],"yoast_head":"<!-- This site is optimized with the Yoast SEO plugin v22.8 - https:\/\/yoast.com\/wordpress\/plugins\/seo\/ -->\n<title>Sindicato ter\u00e1 reuni\u00e3o com a Funda\u00e7\u00e3o CASA sobre a Portaria 297\/17 - SITSESP<\/title>\n<meta name=\"robots\" content=\"index, follow, max-snippet:-1, max-image-preview:large, max-video-preview:-1\" \/>\n<link rel=\"canonical\" href=\"https:\/\/www.sitsesp.org.br\/novo\/sindicato-tera-reuniao-com-a-fundacao-casa-sobre-a-portaria-297-17\/\" \/>\n<meta property=\"og:locale\" content=\"pt_BR\" \/>\n<meta property=\"og:type\" content=\"article\" \/>\n<meta property=\"og:title\" content=\"Sindicato ter\u00e1 reuni\u00e3o com a Funda\u00e7\u00e3o CASA sobre a Portaria 297\/17 - SITSESP\" \/>\n<meta property=\"og:description\" content=\"O sindicato ir&#225; questionar qual estrat&#233;gia de conting&#234;ncia para seguran&#231;a dentro do centro este ano, uma vez que estamos passando por&hellip;\" \/>\n<meta property=\"og:url\" content=\"https:\/\/www.sitsesp.org.br\/novo\/sindicato-tera-reuniao-com-a-fundacao-casa-sobre-a-portaria-297-17\/\" \/>\n<meta property=\"og:site_name\" content=\"SITSESP\" \/>\n<meta property=\"article:published_time\" content=\"2017-01-11T01:55:27+00:00\" \/>\n<meta name=\"author\" content=\"mhais\" \/>\n<meta name=\"twitter:card\" content=\"summary_large_image\" \/>\n<meta name=\"twitter:label1\" content=\"Escrito por\" \/>\n\t<meta name=\"twitter:data1\" content=\"mhais\" \/>\n\t<meta name=\"twitter:label2\" content=\"Est. tempo de leitura\" \/>\n\t<meta name=\"twitter:data2\" content=\"1 minuto\" \/>\n<script type=\"application\/ld+json\" class=\"yoast-schema-graph\">{\"@context\":\"https:\/\/schema.org\",\"@graph\":[{\"@type\":\"Article\",\"@id\":\"https:\/\/www.sitsesp.org.br\/novo\/sindicato-tera-reuniao-com-a-fundacao-casa-sobre-a-portaria-297-17\/#article\",\"isPartOf\":{\"@id\":\"https:\/\/www.sitsesp.org.br\/novo\/sindicato-tera-reuniao-com-a-fundacao-casa-sobre-a-portaria-297-17\/\"},\"author\":{\"name\":\"mhais\",\"@id\":\"https:\/\/www.sitsesp.org.br\/novo\/#\/schema\/person\/2a4c180eb185645b3bef8657c75e305a\"},\"headline\":\"Sindicato ter\u00e1 reuni\u00e3o com a Funda\u00e7\u00e3o CASA sobre a Portaria 297\/17\",\"datePublished\":\"2017-01-11T01:55:27+00:00\",\"dateModified\":\"2017-01-11T01:55:27+00:00\",\"mainEntityOfPage\":{\"@id\":\"https:\/\/www.sitsesp.org.br\/novo\/sindicato-tera-reuniao-com-a-fundacao-casa-sobre-a-portaria-297-17\/\"},\"wordCount\":234,\"commentCount\":0,\"publisher\":{\"@id\":\"https:\/\/www.sitsesp.org.br\/novo\/#organization\"},\"articleSection\":[\"Noticias\"],\"inLanguage\":\"pt-BR\",\"potentialAction\":[{\"@type\":\"CommentAction\",\"name\":\"Comment\",\"target\":[\"https:\/\/www.sitsesp.org.br\/novo\/sindicato-tera-reuniao-com-a-fundacao-casa-sobre-a-portaria-297-17\/#respond\"]}]},{\"@type\":\"WebPage\",\"@id\":\"https:\/\/www.sitsesp.org.br\/novo\/sindicato-tera-reuniao-com-a-fundacao-casa-sobre-a-portaria-297-17\/\",\"url\":\"https:\/\/www.sitsesp.org.br\/novo\/sindicato-tera-reuniao-com-a-fundacao-casa-sobre-a-portaria-297-17\/\",\"name\":\"Sindicato ter\u00e1 reuni\u00e3o com a Funda\u00e7\u00e3o CASA sobre a Portaria 297\/17 - SITSESP\",\"isPartOf\":{\"@id\":\"https:\/\/www.sitsesp.org.br\/novo\/#website\"},\"datePublished\":\"2017-01-11T01:55:27+00:00\",\"dateModified\":\"2017-01-11T01:55:27+00:00\",\"breadcrumb\":{\"@id\":\"https:\/\/www.sitsesp.org.br\/novo\/sindicato-tera-reuniao-com-a-fundacao-casa-sobre-a-portaria-297-17\/#breadcrumb\"},\"inLanguage\":\"pt-BR\",\"potentialAction\":[{\"@type\":\"ReadAction\",\"target\":[\"https:\/\/www.sitsesp.org.br\/novo\/sindicato-tera-reuniao-com-a-fundacao-casa-sobre-a-portaria-297-17\/\"]}]},{\"@type\":\"BreadcrumbList\",\"@id\":\"https:\/\/www.sitsesp.org.br\/novo\/sindicato-tera-reuniao-com-a-fundacao-casa-sobre-a-portaria-297-17\/#breadcrumb\",\"itemListElement\":[{\"@type\":\"ListItem\",\"position\":1,\"name\":\"In\u00edcio\",\"item\":\"https:\/\/www.sitsesp.org.br\/novo\/\"},{\"@type\":\"ListItem\",\"position\":2,\"name\":\"Sindicato ter\u00e1 reuni\u00e3o com a Funda\u00e7\u00e3o CASA sobre a Portaria 297\/17\"}]},{\"@type\":\"WebSite\",\"@id\":\"https:\/\/www.sitsesp.org.br\/novo\/#website\",\"url\":\"https:\/\/www.sitsesp.org.br\/novo\/\",\"name\":\"Sitsesp\",\"description\":\"SIndicato da Socioeduca\u00e7\u00e3o do Estado de S\u00e3o Paulo\",\"publisher\":{\"@id\":\"https:\/\/www.sitsesp.org.br\/novo\/#organization\"},\"potentialAction\":[{\"@type\":\"SearchAction\",\"target\":{\"@type\":\"EntryPoint\",\"urlTemplate\":\"https:\/\/www.sitsesp.org.br\/novo\/?s={search_term_string}\"},\"query-input\":\"required name=search_term_string\"}],\"inLanguage\":\"pt-BR\"},{\"@type\":\"Organization\",\"@id\":\"https:\/\/www.sitsesp.org.br\/novo\/#organization\",\"name\":\"Sitsesp\",\"url\":\"https:\/\/www.sitsesp.org.br\/novo\/\",\"logo\":{\"@type\":\"ImageObject\",\"inLanguage\":\"pt-BR\",\"@id\":\"https:\/\/www.sitsesp.org.br\/novo\/#\/schema\/logo\/image\/\",\"url\":\"https:\/\/www.sitsesp.org.br\/novo\/wp-content\/uploads\/2020\/09\/Design-sem-nome-1.jpg\",\"contentUrl\":\"https:\/\/www.sitsesp.org.br\/novo\/wp-content\/uploads\/2020\/09\/Design-sem-nome-1.jpg\",\"width\":300,\"height\":300,\"caption\":\"Sitsesp\"},\"image\":{\"@id\":\"https:\/\/www.sitsesp.org.br\/novo\/#\/schema\/logo\/image\/\"}},{\"@type\":\"Person\",\"@id\":\"https:\/\/www.sitsesp.org.br\/novo\/#\/schema\/person\/2a4c180eb185645b3bef8657c75e305a\",\"name\":\"mhais\",\"image\":{\"@type\":\"ImageObject\",\"inLanguage\":\"pt-BR\",\"@id\":\"https:\/\/www.sitsesp.org.br\/novo\/#\/schema\/person\/image\/\",\"url\":\"https:\/\/secure.gravatar.com\/avatar\/6f4eabe86990e81328cf702edfa92a60?s=96&d=mm&r=g\",\"contentUrl\":\"https:\/\/secure.gravatar.com\/avatar\/6f4eabe86990e81328cf702edfa92a60?s=96&d=mm&r=g\",\"caption\":\"mhais\"},\"sameAs\":[\"http:\/\/localhost\/sitsesp\"]}]}<\/script>\n<!-- \/ Yoast SEO plugin. -->","yoast_head_json":{"title":"Sindicato ter\u00e1 reuni\u00e3o com a Funda\u00e7\u00e3o CASA sobre a Portaria 297\/17 - SITSESP","robots":{"index":"index","follow":"follow","max-snippet":"max-snippet:-1","max-image-preview":"max-image-preview:large","max-video-preview":"max-video-preview:-1"},"canonical":"https:\/\/www.sitsesp.org.br\/novo\/sindicato-tera-reuniao-com-a-fundacao-casa-sobre-a-portaria-297-17\/","og_locale":"pt_BR","og_type":"article","og_title":"Sindicato ter\u00e1 reuni\u00e3o com a Funda\u00e7\u00e3o CASA sobre a Portaria 297\/17 - SITSESP","og_description":"O sindicato ir&#225; questionar qual estrat&#233;gia de conting&#234;ncia para seguran&#231;a dentro do centro este ano, uma vez que estamos passando por&hellip;","og_url":"https:\/\/www.sitsesp.org.br\/novo\/sindicato-tera-reuniao-com-a-fundacao-casa-sobre-a-portaria-297-17\/","og_site_name":"SITSESP","article_published_time":"2017-01-11T01:55:27+00:00","author":"mhais","twitter_card":"summary_large_image","twitter_misc":{"Escrito por":"mhais","Est. tempo de leitura":"1 minuto"},"schema":{"@context":"https:\/\/schema.org","@graph":[{"@type":"Article","@id":"https:\/\/www.sitsesp.org.br\/novo\/sindicato-tera-reuniao-com-a-fundacao-casa-sobre-a-portaria-297-17\/#article","isPartOf":{"@id":"https:\/\/www.sitsesp.org.br\/novo\/sindicato-tera-reuniao-com-a-fundacao-casa-sobre-a-portaria-297-17\/"},"author":{"name":"mhais","@id":"https:\/\/www.sitsesp.org.br\/novo\/#\/schema\/person\/2a4c180eb185645b3bef8657c75e305a"},"headline":"Sindicato ter\u00e1 reuni\u00e3o com a Funda\u00e7\u00e3o CASA sobre a Portaria 297\/17","datePublished":"2017-01-11T01:55:27+00:00","dateModified":"2017-01-11T01:55:27+00:00","mainEntityOfPage":{"@id":"https:\/\/www.sitsesp.org.br\/novo\/sindicato-tera-reuniao-com-a-fundacao-casa-sobre-a-portaria-297-17\/"},"wordCount":234,"commentCount":0,"publisher":{"@id":"https:\/\/www.sitsesp.org.br\/novo\/#organization"},"articleSection":["Noticias"],"inLanguage":"pt-BR","potentialAction":[{"@type":"CommentAction","name":"Comment","target":["https:\/\/www.sitsesp.org.br\/novo\/sindicato-tera-reuniao-com-a-fundacao-casa-sobre-a-portaria-297-17\/#respond"]}]},{"@type":"WebPage","@id":"https:\/\/www.sitsesp.org.br\/novo\/sindicato-tera-reuniao-com-a-fundacao-casa-sobre-a-portaria-297-17\/","url":"https:\/\/www.sitsesp.org.br\/novo\/sindicato-tera-reuniao-com-a-fundacao-casa-sobre-a-portaria-297-17\/","name":"Sindicato ter\u00e1 reuni\u00e3o com a Funda\u00e7\u00e3o CASA sobre a Portaria 297\/17 - SITSESP","isPartOf":{"@id":"https:\/\/www.sitsesp.org.br\/novo\/#website"},"datePublished":"2017-01-11T01:55:27+00:00","dateModified":"2017-01-11T01:55:27+00:00","breadcrumb":{"@id":"https:\/\/www.sitsesp.org.br\/novo\/sindicato-tera-reuniao-com-a-fundacao-casa-sobre-a-portaria-297-17\/#breadcrumb"},"inLanguage":"pt-BR","potentialAction":[{"@type":"ReadAction","target":["https:\/\/www.sitsesp.org.br\/novo\/sindicato-tera-reuniao-com-a-fundacao-casa-sobre-a-portaria-297-17\/"]}]},{"@type":"BreadcrumbList","@id":"https:\/\/www.sitsesp.org.br\/novo\/sindicato-tera-reuniao-com-a-fundacao-casa-sobre-a-portaria-297-17\/#breadcrumb","itemListElement":[{"@type":"ListItem","position":1,"name":"In\u00edcio","item":"https:\/\/www.sitsesp.org.br\/novo\/"},{"@type":"ListItem","position":2,"name":"Sindicato ter\u00e1 reuni\u00e3o com a Funda\u00e7\u00e3o CASA sobre a Portaria 297\/17"}]},{"@type":"WebSite","@id":"https:\/\/www.sitsesp.org.br\/novo\/#website","url":"https:\/\/www.sitsesp.org.br\/novo\/","name":"Sitsesp","description":"SIndicato da Socioeduca\u00e7\u00e3o do Estado de S\u00e3o Paulo","publisher":{"@id":"https:\/\/www.sitsesp.org.br\/novo\/#organization"},"potentialAction":[{"@type":"SearchAction","target":{"@type":"EntryPoint","urlTemplate":"https:\/\/www.sitsesp.org.br\/novo\/?s={search_term_string}"},"query-input":"required name=search_term_string"}],"inLanguage":"pt-BR"},{"@type":"Organization","@id":"https:\/\/www.sitsesp.org.br\/novo\/#organization","name":"Sitsesp","url":"https:\/\/www.sitsesp.org.br\/novo\/","logo":{"@type":"ImageObject","inLanguage":"pt-BR","@id":"https:\/\/www.sitsesp.org.br\/novo\/#\/schema\/logo\/image\/","url":"https:\/\/www.sitsesp.org.br\/novo\/wp-content\/uploads\/2020\/09\/Design-sem-nome-1.jpg","contentUrl":"https:\/\/www.sitsesp.org.br\/novo\/wp-content\/uploads\/2020\/09\/Design-sem-nome-1.jpg","width":300,"height":300,"caption":"Sitsesp"},"image":{"@id":"https:\/\/www.sitsesp.org.br\/novo\/#\/schema\/logo\/image\/"}},{"@type":"Person","@id":"https:\/\/www.sitsesp.org.br\/novo\/#\/schema\/person\/2a4c180eb185645b3bef8657c75e305a","name":"mhais","image":{"@type":"ImageObject","inLanguage":"pt-BR","@id":"https:\/\/www.sitsesp.org.br\/novo\/#\/schema\/person\/image\/","url":"https:\/\/secure.gravatar.com\/avatar\/6f4eabe86990e81328cf702edfa92a60?s=96&d=mm&r=g","contentUrl":"https:\/\/secure.gravatar.com\/avatar\/6f4eabe86990e81328cf702edfa92a60?s=96&d=mm&r=g","caption":"mhais"},"sameAs":["http:\/\/localhost\/sitsesp"]}]}},"_links":{"self":[{"href":"https:\/\/www.sitsesp.org.br\/novo\/wp-json\/wp\/v2\/posts\/2046"}],"collection":[{"href":"https:\/\/www.sitsesp.org.br\/novo\/wp-json\/wp\/v2\/posts"}],"about":[{"href":"https:\/\/www.sitsesp.org.br\/novo\/wp-json\/wp\/v2\/types\/post"}],"author":[{"embeddable":true,"href":"https:\/\/www.sitsesp.org.br\/novo\/wp-json\/wp\/v2\/users\/1"}],"replies":[{"embeddable":true,"href":"https:\/\/www.sitsesp.org.br\/novo\/wp-json\/wp\/v2\/comments?post=2046"}],"version-history":[{"count":0,"href":"https:\/\/www.sitsesp.org.br\/novo\/wp-json\/wp\/v2\/posts\/2046\/revisions"}],"wp:attachment":[{"href":"https:\/\/www.sitsesp.org.br\/novo\/wp-json\/wp\/v2\/media?parent=2046"}],"wp:term":[{"taxonomy":"category","embeddable":true,"href":"https:\/\/www.sitsesp.org.br\/novo\/wp-json\/wp\/v2\/categories?post=2046"},{"taxonomy":"post_tag","embeddable":true,"href":"https:\/\/www.sitsesp.org.br\/novo\/wp-json\/wp\/v2\/tags?post=2046"}],"curies":[{"name":"wp","href":"https:\/\/api.w.org\/{rel}","templated":true}]}}