{"id":2047,"date":"2017-01-11T00:06:04","date_gmt":"2017-01-11T02:06:04","guid":{"rendered":"https:\/\/pecorari-cloud72.pecoraricloud.com.br\/~sitsesporg\/o-que-esta-por-tras-da-propaganda-da-previdencia\/"},"modified":"2017-01-11T00:06:04","modified_gmt":"2017-01-11T02:06:04","slug":"o-que-esta-por-tras-da-propaganda-da-previdencia","status":"publish","type":"post","link":"https:\/\/www.sitsesp.org.br\/novo\/o-que-esta-por-tras-da-propaganda-da-previdencia\/","title":{"rendered":"O que est\u00e1 por tr\u00e1s da propaganda da Previd\u00eancia"},"content":{"rendered":"<p><!-- VideographyWP Plugin Message: Automatic video embedding prevented by plugin options. --><\/p>\n<p>Para tentar conquistar o apoio da popula&#231;&#227;o &#224; reforma da Previd&#234;ncia, o governo Temer investiu em propaganda massiva via redes sociais. As p&#225;ginas oficiais governamentais publicaram nas &#250;ltimas semanas uma s&#233;rie de v&#237;deos defendendo as mudan&#231;as, muitos deles usados como propaganda nos meios de comunica&#231;&#227;o. Mas alguns pontos precisam ser mais bem esclarecidos, para que os trabalhadores n&#227;o sejam enganados.<\/p>\n<p>Um deles, intitulado&#160;Entenda a Reforma da Previd&#234;ncia, foi publicado na p&#225;gina do Pal&#225;cio do Planalto no Facebook em 6 de dezembro &#8211; mesmo dia em que o governo encaminhou a proposta ao Congresso. Nele, o secret&#225;rio de Previd&#234;ncia Social, Marcelo Caetano, aparece &#8220;explicando&#8221; a medida. Veja, ponto a ponto, o que se esconde nas entrelinhas dessa propaganda:<\/p>\n<p>&#8216;Idade m&#237;nima para se aposentar passa para 65 anos&#8217;<br \/> VERDADE CRUEL &#8211; Idade m&#237;nima para se aposentar passa a ser 65 anos para todos, em vez dos atuais 55 para mulheres ou 60, para homens. No caso dos trabalhadores rurais vale a mesma regra, ou seja, idade m&#237;nima de 65 anos para a aposentadoria, apesar de, via de regra, ingressarem mais cedo no mercado e da rotina mais penosa de trabalho.<\/p>\n<p>&#8216;Tempo m&#237;nimo de contribui&#231;&#227;o ser&#225; de 25 anos&#8217;<br \/> VAMOS DETALHAR &#8211; De fato, o tempo m&#237;nimo ser&#225; de 25 anos. Entretanto, para ter direito a receber o valor integral do benef&#237;cio de aposentadoria (ou seja, m&#233;dia salarial durante tempo de contribui&#231;&#227;o), s&#227;o necess&#225;rios 49 anos de contribui&#231;&#227;o ininterruptos. Isso porque o benef&#237;cio passa a ser calculado levando-se em conta a parcela de 51% das maiores contribui&#231;&#245;es com 1% adicionais a cada ano de contribui&#231;&#227;o. Ou seja, para atingir os 100%, o trabalhador precisa ficar 49 anos na ativa, sem interromper o pagamento ao INSS. &#160;Caso n&#227;o consiga cumprir todos estes requisitos, o trabalhador tem direito ao equivalente a 76% da m&#233;dia salarial, acrescido de 1 ponto porcentual por ano de contribui&#231;&#227;o al&#233;m dos 25 exigidos.<\/p>\n<p>&#160;<\/p>\n<p>&#8216;Homens a partir de 50 anos e mulheres com 45 ou mais ter&#227;o regra de transi&#231;&#227;o&#8217;&#160;<\/p>\n<p>VAMOS DETALHAR &#8211; O trabalhador ou a trabalhadora que estiver na faixa et&#225;ria citada ter&#225; de pagar um &#8220;ped&#225;gio&#8221;, que equivale a 50% do tempo que seria necess&#225;rio para se aposentar pelas regras atuais. Ou seja, se voc&#234; precisa contribuir por mais quatro anos pela regra atual para se aposentar, vai precisar ficar na ativa por mais seis anos caso a reforma seja aprovada (4 + 50%).<\/p>\n<p>&#8216;O objetivo da reforma &#233; dar sustentabilidade &#224; previd&#234;ncia no longo prazo, poder garantir o pagamento das aposentadorias e pens&#245;es das pessoas l&#225; pra frente&#8217;&#160;<\/p>\n<p> N&#195;O &#201; BEM ASSIM &#8211; O principal argumento do governo para aprovar a proposta &#233; o chamado &#8220;rombo da previd&#234;ncia&#8221;. Entretanto, a maior parte deste d&#233;ficit alegado pelos defensores da reforma tem causas n&#227;o relacionadas &#224; previd&#234;ncia propriamente dita, como benef&#237;cios concedidos a empresas e a Desvincula&#231;&#227;o de Receitas da Uni&#227;o. Dessa forma, o aumento no tempo de contribui&#231;&#227;o pelo trabalhador n&#227;o garantiria, por si s&#243;, o equil&#237;brio dessas contas tal como apresentadas pelo governo.<\/p>\n<p>&#8216;Reforma valer&#225; tamb&#233;m para pol&#237;ticos e servidores&#8217;&#160;<br \/> N&#195;O &#201; BEM ASSIM &#8211; Os militares foram exclu&#237;dos da reforma, apesar de serem os respons&#225;veis por metade do dito &#8220;d&#233;ficit&#8221;. Eles continuariam nas regras atuais: a categoria pode se aposentar com 30 anos de servi&#231;o recebendo sal&#225;rio integral. Enquanto que os civis, como j&#225; detalhamos, precisariam contribuir ininterruptamente por 49 anos para ter direito &#224; aposentadoria integral.<\/p>\n<p>&#8216;A gente gasta com pens&#227;o por morte muito mais que pa&#237;ses mais velhos e mais ricos que a gente em termos proporcionais&#8217;&#160;<br \/> N&#195;O &#201; BEM ASSIM &#8211; O Jap&#227;o &#233; o pa&#237;s com a maior expectativa de vida do planeta: 83,7 anos, segundo a Organiza&#231;&#227;o Mundial da Sa&#250;de. Mesmo assim, em novembro passado, o parlamento do pa&#237;s aprovou uma reforma na lei da previd&#234;ncia social que reduz o tempo m&#237;nimo de contribui&#231;&#227;o para aposentadoria, de 25 anos para 10 anos.<\/p>\n<p>Hoje, o Brasil tem 20,2 milh&#245;es de trabalhadores com 65 anos de idade ou mais. Destes, somente 13,4% comp&#245;em a for&#231;a de trabalho, estando os demais est&#227;o fora do sistema. Esta caracter&#237;stica demogr&#225;fica brasileira evidencia a dificuldade que a popula&#231;&#227;o idosa ter&#225; para se manter na ativa e contribuindo para poder se aposentar.<\/p>\n<p>Escrito por: Danilo Motta &#8211; Spbancarios<\/p>\n","protected":false},"excerpt":{"rendered":"<p>Para tentar conquistar o apoio da popula&#231;&#227;o &#224; reforma da Previd&#234;ncia, o governo Temer investiu em propaganda massiva via redes sociais.&hellip;<\/p>\n","protected":false},"author":1,"featured_media":0,"comment_status":"open","ping_status":"open","sticky":false,"template":"","format":"standard","meta":{"cybocfi_hide_featured_image":"","footnotes":""},"categories":[22],"tags":[],"yoast_head":"<!-- This site is optimized with the Yoast SEO plugin v22.8 - https:\/\/yoast.com\/wordpress\/plugins\/seo\/ -->\n<title>O que est\u00e1 por tr\u00e1s da propaganda da Previd\u00eancia - SITSESP<\/title>\n<meta name=\"robots\" content=\"index, follow, max-snippet:-1, max-image-preview:large, max-video-preview:-1\" \/>\n<link rel=\"canonical\" href=\"https:\/\/www.sitsesp.org.br\/novo\/o-que-esta-por-tras-da-propaganda-da-previdencia\/\" \/>\n<meta property=\"og:locale\" content=\"pt_BR\" \/>\n<meta property=\"og:type\" content=\"article\" \/>\n<meta property=\"og:title\" content=\"O que est\u00e1 por tr\u00e1s da propaganda da Previd\u00eancia - SITSESP\" \/>\n<meta property=\"og:description\" content=\"Para tentar conquistar o apoio da popula&#231;&#227;o &#224; reforma da Previd&#234;ncia, o governo Temer investiu em propaganda massiva via redes sociais.&hellip;\" \/>\n<meta property=\"og:url\" content=\"https:\/\/www.sitsesp.org.br\/novo\/o-que-esta-por-tras-da-propaganda-da-previdencia\/\" \/>\n<meta property=\"og:site_name\" content=\"SITSESP\" \/>\n<meta property=\"article:published_time\" content=\"2017-01-11T02:06:04+00:00\" \/>\n<meta name=\"author\" content=\"mhais\" \/>\n<meta name=\"twitter:card\" content=\"summary_large_image\" \/>\n<meta name=\"twitter:label1\" content=\"Escrito por\" \/>\n\t<meta name=\"twitter:data1\" content=\"mhais\" \/>\n\t<meta name=\"twitter:label2\" content=\"Est. tempo de leitura\" \/>\n\t<meta name=\"twitter:data2\" content=\"4 minutos\" \/>\n<script type=\"application\/ld+json\" class=\"yoast-schema-graph\">{\"@context\":\"https:\/\/schema.org\",\"@graph\":[{\"@type\":\"Article\",\"@id\":\"https:\/\/www.sitsesp.org.br\/novo\/o-que-esta-por-tras-da-propaganda-da-previdencia\/#article\",\"isPartOf\":{\"@id\":\"https:\/\/www.sitsesp.org.br\/novo\/o-que-esta-por-tras-da-propaganda-da-previdencia\/\"},\"author\":{\"name\":\"mhais\",\"@id\":\"https:\/\/www.sitsesp.org.br\/novo\/#\/schema\/person\/2a4c180eb185645b3bef8657c75e305a\"},\"headline\":\"O que est\u00e1 por tr\u00e1s da propaganda da Previd\u00eancia\",\"datePublished\":\"2017-01-11T02:06:04+00:00\",\"dateModified\":\"2017-01-11T02:06:04+00:00\",\"mainEntityOfPage\":{\"@id\":\"https:\/\/www.sitsesp.org.br\/novo\/o-que-esta-por-tras-da-propaganda-da-previdencia\/\"},\"wordCount\":740,\"commentCount\":0,\"publisher\":{\"@id\":\"https:\/\/www.sitsesp.org.br\/novo\/#organization\"},\"articleSection\":[\"Noticias\"],\"inLanguage\":\"pt-BR\",\"potentialAction\":[{\"@type\":\"CommentAction\",\"name\":\"Comment\",\"target\":[\"https:\/\/www.sitsesp.org.br\/novo\/o-que-esta-por-tras-da-propaganda-da-previdencia\/#respond\"]}]},{\"@type\":\"WebPage\",\"@id\":\"https:\/\/www.sitsesp.org.br\/novo\/o-que-esta-por-tras-da-propaganda-da-previdencia\/\",\"url\":\"https:\/\/www.sitsesp.org.br\/novo\/o-que-esta-por-tras-da-propaganda-da-previdencia\/\",\"name\":\"O que est\u00e1 por tr\u00e1s da propaganda da Previd\u00eancia - SITSESP\",\"isPartOf\":{\"@id\":\"https:\/\/www.sitsesp.org.br\/novo\/#website\"},\"datePublished\":\"2017-01-11T02:06:04+00:00\",\"dateModified\":\"2017-01-11T02:06:04+00:00\",\"breadcrumb\":{\"@id\":\"https:\/\/www.sitsesp.org.br\/novo\/o-que-esta-por-tras-da-propaganda-da-previdencia\/#breadcrumb\"},\"inLanguage\":\"pt-BR\",\"potentialAction\":[{\"@type\":\"ReadAction\",\"target\":[\"https:\/\/www.sitsesp.org.br\/novo\/o-que-esta-por-tras-da-propaganda-da-previdencia\/\"]}]},{\"@type\":\"BreadcrumbList\",\"@id\":\"https:\/\/www.sitsesp.org.br\/novo\/o-que-esta-por-tras-da-propaganda-da-previdencia\/#breadcrumb\",\"itemListElement\":[{\"@type\":\"ListItem\",\"position\":1,\"name\":\"In\u00edcio\",\"item\":\"https:\/\/www.sitsesp.org.br\/novo\/\"},{\"@type\":\"ListItem\",\"position\":2,\"name\":\"O que est\u00e1 por tr\u00e1s da propaganda da Previd\u00eancia\"}]},{\"@type\":\"WebSite\",\"@id\":\"https:\/\/www.sitsesp.org.br\/novo\/#website\",\"url\":\"https:\/\/www.sitsesp.org.br\/novo\/\",\"name\":\"Sitsesp\",\"description\":\"SIndicato da Socioeduca\u00e7\u00e3o do Estado de S\u00e3o Paulo\",\"publisher\":{\"@id\":\"https:\/\/www.sitsesp.org.br\/novo\/#organization\"},\"potentialAction\":[{\"@type\":\"SearchAction\",\"target\":{\"@type\":\"EntryPoint\",\"urlTemplate\":\"https:\/\/www.sitsesp.org.br\/novo\/?s={search_term_string}\"},\"query-input\":\"required name=search_term_string\"}],\"inLanguage\":\"pt-BR\"},{\"@type\":\"Organization\",\"@id\":\"https:\/\/www.sitsesp.org.br\/novo\/#organization\",\"name\":\"Sitsesp\",\"url\":\"https:\/\/www.sitsesp.org.br\/novo\/\",\"logo\":{\"@type\":\"ImageObject\",\"inLanguage\":\"pt-BR\",\"@id\":\"https:\/\/www.sitsesp.org.br\/novo\/#\/schema\/logo\/image\/\",\"url\":\"https:\/\/www.sitsesp.org.br\/novo\/wp-content\/uploads\/2020\/09\/Design-sem-nome-1.jpg\",\"contentUrl\":\"https:\/\/www.sitsesp.org.br\/novo\/wp-content\/uploads\/2020\/09\/Design-sem-nome-1.jpg\",\"width\":300,\"height\":300,\"caption\":\"Sitsesp\"},\"image\":{\"@id\":\"https:\/\/www.sitsesp.org.br\/novo\/#\/schema\/logo\/image\/\"}},{\"@type\":\"Person\",\"@id\":\"https:\/\/www.sitsesp.org.br\/novo\/#\/schema\/person\/2a4c180eb185645b3bef8657c75e305a\",\"name\":\"mhais\",\"image\":{\"@type\":\"ImageObject\",\"inLanguage\":\"pt-BR\",\"@id\":\"https:\/\/www.sitsesp.org.br\/novo\/#\/schema\/person\/image\/\",\"url\":\"https:\/\/secure.gravatar.com\/avatar\/6f4eabe86990e81328cf702edfa92a60?s=96&d=mm&r=g\",\"contentUrl\":\"https:\/\/secure.gravatar.com\/avatar\/6f4eabe86990e81328cf702edfa92a60?s=96&d=mm&r=g\",\"caption\":\"mhais\"},\"sameAs\":[\"http:\/\/localhost\/sitsesp\"]}]}<\/script>\n<!-- \/ Yoast SEO plugin. -->","yoast_head_json":{"title":"O que est\u00e1 por tr\u00e1s da propaganda da Previd\u00eancia - SITSESP","robots":{"index":"index","follow":"follow","max-snippet":"max-snippet:-1","max-image-preview":"max-image-preview:large","max-video-preview":"max-video-preview:-1"},"canonical":"https:\/\/www.sitsesp.org.br\/novo\/o-que-esta-por-tras-da-propaganda-da-previdencia\/","og_locale":"pt_BR","og_type":"article","og_title":"O que est\u00e1 por tr\u00e1s da propaganda da Previd\u00eancia - SITSESP","og_description":"Para tentar conquistar o apoio da popula&#231;&#227;o &#224; reforma da Previd&#234;ncia, o governo Temer investiu em propaganda massiva via redes sociais.&hellip;","og_url":"https:\/\/www.sitsesp.org.br\/novo\/o-que-esta-por-tras-da-propaganda-da-previdencia\/","og_site_name":"SITSESP","article_published_time":"2017-01-11T02:06:04+00:00","author":"mhais","twitter_card":"summary_large_image","twitter_misc":{"Escrito por":"mhais","Est. tempo de leitura":"4 minutos"},"schema":{"@context":"https:\/\/schema.org","@graph":[{"@type":"Article","@id":"https:\/\/www.sitsesp.org.br\/novo\/o-que-esta-por-tras-da-propaganda-da-previdencia\/#article","isPartOf":{"@id":"https:\/\/www.sitsesp.org.br\/novo\/o-que-esta-por-tras-da-propaganda-da-previdencia\/"},"author":{"name":"mhais","@id":"https:\/\/www.sitsesp.org.br\/novo\/#\/schema\/person\/2a4c180eb185645b3bef8657c75e305a"},"headline":"O que est\u00e1 por tr\u00e1s da propaganda da Previd\u00eancia","datePublished":"2017-01-11T02:06:04+00:00","dateModified":"2017-01-11T02:06:04+00:00","mainEntityOfPage":{"@id":"https:\/\/www.sitsesp.org.br\/novo\/o-que-esta-por-tras-da-propaganda-da-previdencia\/"},"wordCount":740,"commentCount":0,"publisher":{"@id":"https:\/\/www.sitsesp.org.br\/novo\/#organization"},"articleSection":["Noticias"],"inLanguage":"pt-BR","potentialAction":[{"@type":"CommentAction","name":"Comment","target":["https:\/\/www.sitsesp.org.br\/novo\/o-que-esta-por-tras-da-propaganda-da-previdencia\/#respond"]}]},{"@type":"WebPage","@id":"https:\/\/www.sitsesp.org.br\/novo\/o-que-esta-por-tras-da-propaganda-da-previdencia\/","url":"https:\/\/www.sitsesp.org.br\/novo\/o-que-esta-por-tras-da-propaganda-da-previdencia\/","name":"O que est\u00e1 por tr\u00e1s da propaganda da Previd\u00eancia - SITSESP","isPartOf":{"@id":"https:\/\/www.sitsesp.org.br\/novo\/#website"},"datePublished":"2017-01-11T02:06:04+00:00","dateModified":"2017-01-11T02:06:04+00:00","breadcrumb":{"@id":"https:\/\/www.sitsesp.org.br\/novo\/o-que-esta-por-tras-da-propaganda-da-previdencia\/#breadcrumb"},"inLanguage":"pt-BR","potentialAction":[{"@type":"ReadAction","target":["https:\/\/www.sitsesp.org.br\/novo\/o-que-esta-por-tras-da-propaganda-da-previdencia\/"]}]},{"@type":"BreadcrumbList","@id":"https:\/\/www.sitsesp.org.br\/novo\/o-que-esta-por-tras-da-propaganda-da-previdencia\/#breadcrumb","itemListElement":[{"@type":"ListItem","position":1,"name":"In\u00edcio","item":"https:\/\/www.sitsesp.org.br\/novo\/"},{"@type":"ListItem","position":2,"name":"O que est\u00e1 por tr\u00e1s da propaganda da Previd\u00eancia"}]},{"@type":"WebSite","@id":"https:\/\/www.sitsesp.org.br\/novo\/#website","url":"https:\/\/www.sitsesp.org.br\/novo\/","name":"Sitsesp","description":"SIndicato da Socioeduca\u00e7\u00e3o do Estado de S\u00e3o Paulo","publisher":{"@id":"https:\/\/www.sitsesp.org.br\/novo\/#organization"},"potentialAction":[{"@type":"SearchAction","target":{"@type":"EntryPoint","urlTemplate":"https:\/\/www.sitsesp.org.br\/novo\/?s={search_term_string}"},"query-input":"required name=search_term_string"}],"inLanguage":"pt-BR"},{"@type":"Organization","@id":"https:\/\/www.sitsesp.org.br\/novo\/#organization","name":"Sitsesp","url":"https:\/\/www.sitsesp.org.br\/novo\/","logo":{"@type":"ImageObject","inLanguage":"pt-BR","@id":"https:\/\/www.sitsesp.org.br\/novo\/#\/schema\/logo\/image\/","url":"https:\/\/www.sitsesp.org.br\/novo\/wp-content\/uploads\/2020\/09\/Design-sem-nome-1.jpg","contentUrl":"https:\/\/www.sitsesp.org.br\/novo\/wp-content\/uploads\/2020\/09\/Design-sem-nome-1.jpg","width":300,"height":300,"caption":"Sitsesp"},"image":{"@id":"https:\/\/www.sitsesp.org.br\/novo\/#\/schema\/logo\/image\/"}},{"@type":"Person","@id":"https:\/\/www.sitsesp.org.br\/novo\/#\/schema\/person\/2a4c180eb185645b3bef8657c75e305a","name":"mhais","image":{"@type":"ImageObject","inLanguage":"pt-BR","@id":"https:\/\/www.sitsesp.org.br\/novo\/#\/schema\/person\/image\/","url":"https:\/\/secure.gravatar.com\/avatar\/6f4eabe86990e81328cf702edfa92a60?s=96&d=mm&r=g","contentUrl":"https:\/\/secure.gravatar.com\/avatar\/6f4eabe86990e81328cf702edfa92a60?s=96&d=mm&r=g","caption":"mhais"},"sameAs":["http:\/\/localhost\/sitsesp"]}]}},"_links":{"self":[{"href":"https:\/\/www.sitsesp.org.br\/novo\/wp-json\/wp\/v2\/posts\/2047"}],"collection":[{"href":"https:\/\/www.sitsesp.org.br\/novo\/wp-json\/wp\/v2\/posts"}],"about":[{"href":"https:\/\/www.sitsesp.org.br\/novo\/wp-json\/wp\/v2\/types\/post"}],"author":[{"embeddable":true,"href":"https:\/\/www.sitsesp.org.br\/novo\/wp-json\/wp\/v2\/users\/1"}],"replies":[{"embeddable":true,"href":"https:\/\/www.sitsesp.org.br\/novo\/wp-json\/wp\/v2\/comments?post=2047"}],"version-history":[{"count":0,"href":"https:\/\/www.sitsesp.org.br\/novo\/wp-json\/wp\/v2\/posts\/2047\/revisions"}],"wp:attachment":[{"href":"https:\/\/www.sitsesp.org.br\/novo\/wp-json\/wp\/v2\/media?parent=2047"}],"wp:term":[{"taxonomy":"category","embeddable":true,"href":"https:\/\/www.sitsesp.org.br\/novo\/wp-json\/wp\/v2\/categories?post=2047"},{"taxonomy":"post_tag","embeddable":true,"href":"https:\/\/www.sitsesp.org.br\/novo\/wp-json\/wp\/v2\/tags?post=2047"}],"curies":[{"name":"wp","href":"https:\/\/api.w.org\/{rel}","templated":true}]}}