{"id":2054,"date":"2017-02-10T19:31:12","date_gmt":"2017-02-10T21:31:12","guid":{"rendered":"https:\/\/pecorari-cloud72.pecoraricloud.com.br\/~sitsesporg\/o-departamento-juridico-do-sitsesp-sitraemfa-vem-prestar-esclarecimentos-perante-a-categoria-acerca-da-acao-de-cumprimento-de-2016\/"},"modified":"2017-02-10T19:31:12","modified_gmt":"2017-02-10T21:31:12","slug":"o-departamento-juridico-do-sitsesp-sitraemfa-vem-prestar-esclarecimentos-perante-a-categoria-acerca-da-acao-de-cumprimento-de-2016","status":"publish","type":"post","link":"https:\/\/www.sitsesp.org.br\/novo\/o-departamento-juridico-do-sitsesp-sitraemfa-vem-prestar-esclarecimentos-perante-a-categoria-acerca-da-acao-de-cumprimento-de-2016\/","title":{"rendered":"O departamento jur\u00eddico do Sitsesp\/Sitraemfa vem prestar esclarecimentos perante a categoria, acerca da a\u00e7\u00e3o de cumprimento de 2016."},"content":{"rendered":"<p><!-- VideographyWP Plugin Message: Automatic video embedding prevented by plugin options. -->\n<\/li>\n<\/ol>\n<p>Nesta a&#231;&#227;o, pedimos o ressarcimento dos (a). descontos do plant&#227;o noturno do dia 24 (retorno da greve), a (b).multa pela litig&#226;ncia de m&#225;-f&#233; da Funda&#231;&#227;o Casa, (c.)prazo para a compensa&#231;&#227;o dos dias parados, (d). pagamento imediato efetivo do plano de cargos, (e). as tr&#234;s folgas anuais a partir de maio de 2016 (f). execu&#231;&#227;o das cl&#225;usulas sociais n&#227;o suspensas pelo TST. Os pedidos s&#227;o somente estes<\/p>\n<p>&#160;<\/p>\n<ol start=\"2\">\n<li>AS TR&#202;S FOLGAS ANUAIS<\/li>\n<\/ol>\n<p>&#160;<\/p>\n<p>O pedido das tr&#234;s folgas de 2015 a 2016 est&#225; contido na outra a&#231;&#227;o de cumprimento, relativa ao diss&#237;dio de 2015, que ainda n&#227;o foi julgado<\/p>\n<p>&#160;<\/p>\n<ol start=\"3\">\n<li>ENTENDA A SITUA&#199;&#195;O A&#199;&#195;O DE CUMPRIMENTO.<\/li>\n<\/ol>\n<p>&#160;<\/p>\n<p>A&#231;&#227;o foi distribu&#237;da em agosto 2016 e a contesta&#231;&#227;o da Funda&#231;&#227;o CASA foi protocolada e meados de novembro ocasi&#227;o em que houve TENTATIVA DE CONCILIA&#199;&#195;O com a funda&#231;&#227;o Casa, sendo&#160; infrut&#237;fera.<\/p>\n<p>&#160;<\/p>\n<p>A fun&#231;&#227;o da da audi&#234;ncia &#233; dupla:<\/p>\n<p>A primeira audi&#234;ncia para produzir provas (nesse caso trata-se apenas de mat&#233;rias de direito, logo, prova documental) a segunda para tentar &#234;xito na concilia&#231;&#227;o.<\/p>\n<p>&#160;<\/p>\n<p>Por fim o juiz abre para as partes se manifestar em alega&#231;&#245;es finais e julga a senten&#231;a.<\/p>\n<p>&#160;<\/p>\n<p>&#160;<\/p>\n<ol start=\"4\">\n<li>AUDI&#202;NCIA DO DIA 31\/01\/2017 MERAMENTE CONCILIAT&#211;RIA&#8230;<\/li>\n<\/ol>\n<p> A audi&#234;ncia marcada para o dia 31\/01\/17 era meramente protocolar, uma vez que n&#227;o havia necessidade de prova oral, pois o conte&#250;do da A&#231;&#227;o &#233; de MAT&#201;RIA DE DIREITO, todas as provas s&#227;o DOCUMENTAIS. Ou seja, a presen&#231;a do Sindicato em audi&#234;ncia era desnecess&#225;ria. Todas as provas foram juntadas pelas partes no processo, fazendo com que se tratasse de mat&#233;ria exclusiva de direito.<\/p>\n<p>&#160;<\/p>\n<p>4.a) O PR&#211;PRIO JU&#205;Z CONFIRMA&#160; EM SENTEN&#199;A.<\/p>\n<p> O pr&#243;prio juiz confirmou isto na senten&#231;a: &#8220;Trata-se de a&#231;&#227;o de cumprimento, SEM MAT&#201;RIA DE FATO envolvida. As pr&#243;prias partes estavam cientes de que a audi&#234;ncia seria para a tentativa de eventual COMPOSI&#199;&#195;O (concilia&#231;&#227;o).<\/p>\n<p>&#160;Rejeito [o pedido de Revelia]&#8221;.<\/p>\n<p>Ora nobres companheiros n&#227;o existe concilia&#231;&#227;o com a Funda&#231;&#227;o Casa, todo mundo sabe disso.<\/p>\n<p>&#160;<\/p>\n<ol start=\"5\">\n<li>JULGAMENTO DA A&#199;&#195;O DE CUMPRIMENTO DO DIA 06\/02\/2017.<\/li>\n<\/ol>\n<p>&#160;<\/p>\n<p>Analisando o m&#233;rito da a&#231;&#227;o, o juiz julgou a a&#231;&#227;o totalmente improcedente. Obviamente, n&#243;s recorreremos dentro do prazo. Pois, entendemos que o magistrado mostrou desconhecimento quanto &#224;s quest&#245;es envolvidas.<\/p>\n<p>&#160;<\/p>\n<p>Um exemplo &#233; o indeferimento de amplia&#231;&#227;o de prazo para compensa&#231;&#227;o dos dias da greve 2016, para servidores que cumpre dupla jornada.<\/p>\n<p>&#160;<\/p>\n<p>Outro Bom exemplo &#233; que o juiz indeferiu o pedido da aplica&#231;&#227;o imediata do plano cargo e sal&#225;rios (PCCS) tendo em vista que a funda&#231;&#227;o apenas divulgou a lista dos aprovados, mas n&#227;o efetivou o pagamento para aqueles que subir&#227;o de n&#237;vel ou step.<\/p>\n<p>&#160;<\/p>\n<p>&#160;<\/p>\n<p>&#160;<\/p>\n<p>5.a) QUAL PR&#211;XIMO PASSO DA A&#199;&#195;O DE CUMPRIMENTO 2016.<\/p>\n<p>&#160;<\/p>\n<p>&#160;Aguardemos o julgamento de nosso <strong>RECURSO<\/strong> pelo Tribunal. Pelo teor da senten&#231;a, o magistrado mostrou desconhecimento quanto &#224;s quest&#245;es envolvidas, motivo pelo qual estamos seguros quanto ao recurso.<br \/> Seguimos lutando e pressionando a Funda&#231;&#227;o Casa por melhorias nas condi&#231;&#245;es de trabalho. Lembremos que o jur&#237;dico do sindicato est&#225; &#224; disposi&#231;&#227;o da categoria.<\/p>\n<p>&#160;<\/p>\n<p>&#160;Da nossa parte estamos cuidando para que n&#227;o haja qualquer oportunidade perdida, erro ou algo que atrapalham o processo ou prejudica a categoria.<\/p>\n<p>&#160;<\/p>\n<p>Sabemos do interesse da categoria na r&#225;pida resolu&#231;&#227;o deste tema.<\/p>\n<p>Mas devemos evitar&#160; pol&#234;micas laterais e n&#227;o ver&#237;dicas, para juntarmos for&#231;as nesta nova campanha salarial.<\/p>\n","protected":false},"excerpt":{"rendered":"<p>Nesta a&#231;&#227;o, pedimos o ressarcimento dos (a). descontos do plant&#227;o noturno do dia 24 (retorno da greve), a (b).multa pela litig&#226;ncia&hellip;<\/p>\n","protected":false},"author":1,"featured_media":0,"comment_status":"open","ping_status":"open","sticky":false,"template":"","format":"standard","meta":{"cybocfi_hide_featured_image":"","footnotes":""},"categories":[22],"tags":[],"yoast_head":"<!-- This site is optimized with the Yoast SEO plugin v22.8 - https:\/\/yoast.com\/wordpress\/plugins\/seo\/ -->\n<title>O departamento jur\u00eddico do Sitsesp\/Sitraemfa vem prestar esclarecimentos perante a categoria, acerca da a\u00e7\u00e3o de cumprimento de 2016. - SITSESP<\/title>\n<meta name=\"robots\" content=\"index, follow, max-snippet:-1, max-image-preview:large, max-video-preview:-1\" \/>\n<link rel=\"canonical\" href=\"https:\/\/www.sitsesp.org.br\/novo\/o-departamento-juridico-do-sitsesp-sitraemfa-vem-prestar-esclarecimentos-perante-a-categoria-acerca-da-acao-de-cumprimento-de-2016\/\" \/>\n<meta property=\"og:locale\" content=\"pt_BR\" \/>\n<meta property=\"og:type\" content=\"article\" \/>\n<meta property=\"og:title\" content=\"O departamento jur\u00eddico do Sitsesp\/Sitraemfa vem prestar esclarecimentos perante a categoria, acerca da a\u00e7\u00e3o de cumprimento de 2016. - SITSESP\" \/>\n<meta property=\"og:description\" content=\"Nesta a&#231;&#227;o, pedimos o ressarcimento dos (a). descontos do plant&#227;o noturno do dia 24 (retorno da greve), a (b).multa pela litig&#226;ncia&hellip;\" \/>\n<meta property=\"og:url\" content=\"https:\/\/www.sitsesp.org.br\/novo\/o-departamento-juridico-do-sitsesp-sitraemfa-vem-prestar-esclarecimentos-perante-a-categoria-acerca-da-acao-de-cumprimento-de-2016\/\" \/>\n<meta property=\"og:site_name\" content=\"SITSESP\" \/>\n<meta property=\"article:published_time\" content=\"2017-02-10T21:31:12+00:00\" \/>\n<meta name=\"author\" content=\"mhais\" \/>\n<meta name=\"twitter:card\" content=\"summary_large_image\" \/>\n<meta name=\"twitter:label1\" content=\"Escrito por\" \/>\n\t<meta name=\"twitter:data1\" content=\"mhais\" \/>\n\t<meta name=\"twitter:label2\" content=\"Est. tempo de leitura\" \/>\n\t<meta name=\"twitter:data2\" content=\"3 minutos\" \/>\n<script type=\"application\/ld+json\" class=\"yoast-schema-graph\">{\"@context\":\"https:\/\/schema.org\",\"@graph\":[{\"@type\":\"Article\",\"@id\":\"https:\/\/www.sitsesp.org.br\/novo\/o-departamento-juridico-do-sitsesp-sitraemfa-vem-prestar-esclarecimentos-perante-a-categoria-acerca-da-acao-de-cumprimento-de-2016\/#article\",\"isPartOf\":{\"@id\":\"https:\/\/www.sitsesp.org.br\/novo\/o-departamento-juridico-do-sitsesp-sitraemfa-vem-prestar-esclarecimentos-perante-a-categoria-acerca-da-acao-de-cumprimento-de-2016\/\"},\"author\":{\"name\":\"mhais\",\"@id\":\"https:\/\/www.sitsesp.org.br\/novo\/#\/schema\/person\/2a4c180eb185645b3bef8657c75e305a\"},\"headline\":\"O departamento jur\u00eddico do Sitsesp\/Sitraemfa vem prestar esclarecimentos perante a categoria, acerca da a\u00e7\u00e3o de cumprimento de 2016.\",\"datePublished\":\"2017-02-10T21:31:12+00:00\",\"dateModified\":\"2017-02-10T21:31:12+00:00\",\"mainEntityOfPage\":{\"@id\":\"https:\/\/www.sitsesp.org.br\/novo\/o-departamento-juridico-do-sitsesp-sitraemfa-vem-prestar-esclarecimentos-perante-a-categoria-acerca-da-acao-de-cumprimento-de-2016\/\"},\"wordCount\":616,\"commentCount\":0,\"publisher\":{\"@id\":\"https:\/\/www.sitsesp.org.br\/novo\/#organization\"},\"articleSection\":[\"Noticias\"],\"inLanguage\":\"pt-BR\",\"potentialAction\":[{\"@type\":\"CommentAction\",\"name\":\"Comment\",\"target\":[\"https:\/\/www.sitsesp.org.br\/novo\/o-departamento-juridico-do-sitsesp-sitraemfa-vem-prestar-esclarecimentos-perante-a-categoria-acerca-da-acao-de-cumprimento-de-2016\/#respond\"]}]},{\"@type\":\"WebPage\",\"@id\":\"https:\/\/www.sitsesp.org.br\/novo\/o-departamento-juridico-do-sitsesp-sitraemfa-vem-prestar-esclarecimentos-perante-a-categoria-acerca-da-acao-de-cumprimento-de-2016\/\",\"url\":\"https:\/\/www.sitsesp.org.br\/novo\/o-departamento-juridico-do-sitsesp-sitraemfa-vem-prestar-esclarecimentos-perante-a-categoria-acerca-da-acao-de-cumprimento-de-2016\/\",\"name\":\"O departamento jur\u00eddico do Sitsesp\/Sitraemfa vem prestar esclarecimentos perante a categoria, acerca da a\u00e7\u00e3o de cumprimento de 2016. - SITSESP\",\"isPartOf\":{\"@id\":\"https:\/\/www.sitsesp.org.br\/novo\/#website\"},\"datePublished\":\"2017-02-10T21:31:12+00:00\",\"dateModified\":\"2017-02-10T21:31:12+00:00\",\"breadcrumb\":{\"@id\":\"https:\/\/www.sitsesp.org.br\/novo\/o-departamento-juridico-do-sitsesp-sitraemfa-vem-prestar-esclarecimentos-perante-a-categoria-acerca-da-acao-de-cumprimento-de-2016\/#breadcrumb\"},\"inLanguage\":\"pt-BR\",\"potentialAction\":[{\"@type\":\"ReadAction\",\"target\":[\"https:\/\/www.sitsesp.org.br\/novo\/o-departamento-juridico-do-sitsesp-sitraemfa-vem-prestar-esclarecimentos-perante-a-categoria-acerca-da-acao-de-cumprimento-de-2016\/\"]}]},{\"@type\":\"BreadcrumbList\",\"@id\":\"https:\/\/www.sitsesp.org.br\/novo\/o-departamento-juridico-do-sitsesp-sitraemfa-vem-prestar-esclarecimentos-perante-a-categoria-acerca-da-acao-de-cumprimento-de-2016\/#breadcrumb\",\"itemListElement\":[{\"@type\":\"ListItem\",\"position\":1,\"name\":\"In\u00edcio\",\"item\":\"https:\/\/www.sitsesp.org.br\/novo\/\"},{\"@type\":\"ListItem\",\"position\":2,\"name\":\"O departamento jur\u00eddico do Sitsesp\/Sitraemfa vem prestar esclarecimentos perante a categoria, acerca da a\u00e7\u00e3o de cumprimento de 2016.\"}]},{\"@type\":\"WebSite\",\"@id\":\"https:\/\/www.sitsesp.org.br\/novo\/#website\",\"url\":\"https:\/\/www.sitsesp.org.br\/novo\/\",\"name\":\"Sitsesp\",\"description\":\"SIndicato da Socioeduca\u00e7\u00e3o do Estado de S\u00e3o Paulo\",\"publisher\":{\"@id\":\"https:\/\/www.sitsesp.org.br\/novo\/#organization\"},\"potentialAction\":[{\"@type\":\"SearchAction\",\"target\":{\"@type\":\"EntryPoint\",\"urlTemplate\":\"https:\/\/www.sitsesp.org.br\/novo\/?s={search_term_string}\"},\"query-input\":\"required name=search_term_string\"}],\"inLanguage\":\"pt-BR\"},{\"@type\":\"Organization\",\"@id\":\"https:\/\/www.sitsesp.org.br\/novo\/#organization\",\"name\":\"Sitsesp\",\"url\":\"https:\/\/www.sitsesp.org.br\/novo\/\",\"logo\":{\"@type\":\"ImageObject\",\"inLanguage\":\"pt-BR\",\"@id\":\"https:\/\/www.sitsesp.org.br\/novo\/#\/schema\/logo\/image\/\",\"url\":\"https:\/\/www.sitsesp.org.br\/novo\/wp-content\/uploads\/2020\/09\/Design-sem-nome-1.jpg\",\"contentUrl\":\"https:\/\/www.sitsesp.org.br\/novo\/wp-content\/uploads\/2020\/09\/Design-sem-nome-1.jpg\",\"width\":300,\"height\":300,\"caption\":\"Sitsesp\"},\"image\":{\"@id\":\"https:\/\/www.sitsesp.org.br\/novo\/#\/schema\/logo\/image\/\"}},{\"@type\":\"Person\",\"@id\":\"https:\/\/www.sitsesp.org.br\/novo\/#\/schema\/person\/2a4c180eb185645b3bef8657c75e305a\",\"name\":\"mhais\",\"image\":{\"@type\":\"ImageObject\",\"inLanguage\":\"pt-BR\",\"@id\":\"https:\/\/www.sitsesp.org.br\/novo\/#\/schema\/person\/image\/\",\"url\":\"https:\/\/secure.gravatar.com\/avatar\/6f4eabe86990e81328cf702edfa92a60?s=96&d=mm&r=g\",\"contentUrl\":\"https:\/\/secure.gravatar.com\/avatar\/6f4eabe86990e81328cf702edfa92a60?s=96&d=mm&r=g\",\"caption\":\"mhais\"},\"sameAs\":[\"http:\/\/localhost\/sitsesp\"]}]}<\/script>\n<!-- \/ Yoast SEO plugin. -->","yoast_head_json":{"title":"O departamento jur\u00eddico do Sitsesp\/Sitraemfa vem prestar esclarecimentos perante a categoria, acerca da a\u00e7\u00e3o de cumprimento de 2016. - SITSESP","robots":{"index":"index","follow":"follow","max-snippet":"max-snippet:-1","max-image-preview":"max-image-preview:large","max-video-preview":"max-video-preview:-1"},"canonical":"https:\/\/www.sitsesp.org.br\/novo\/o-departamento-juridico-do-sitsesp-sitraemfa-vem-prestar-esclarecimentos-perante-a-categoria-acerca-da-acao-de-cumprimento-de-2016\/","og_locale":"pt_BR","og_type":"article","og_title":"O departamento jur\u00eddico do Sitsesp\/Sitraemfa vem prestar esclarecimentos perante a categoria, acerca da a\u00e7\u00e3o de cumprimento de 2016. - SITSESP","og_description":"Nesta a&#231;&#227;o, pedimos o ressarcimento dos (a). descontos do plant&#227;o noturno do dia 24 (retorno da greve), a (b).multa pela litig&#226;ncia&hellip;","og_url":"https:\/\/www.sitsesp.org.br\/novo\/o-departamento-juridico-do-sitsesp-sitraemfa-vem-prestar-esclarecimentos-perante-a-categoria-acerca-da-acao-de-cumprimento-de-2016\/","og_site_name":"SITSESP","article_published_time":"2017-02-10T21:31:12+00:00","author":"mhais","twitter_card":"summary_large_image","twitter_misc":{"Escrito por":"mhais","Est. tempo de leitura":"3 minutos"},"schema":{"@context":"https:\/\/schema.org","@graph":[{"@type":"Article","@id":"https:\/\/www.sitsesp.org.br\/novo\/o-departamento-juridico-do-sitsesp-sitraemfa-vem-prestar-esclarecimentos-perante-a-categoria-acerca-da-acao-de-cumprimento-de-2016\/#article","isPartOf":{"@id":"https:\/\/www.sitsesp.org.br\/novo\/o-departamento-juridico-do-sitsesp-sitraemfa-vem-prestar-esclarecimentos-perante-a-categoria-acerca-da-acao-de-cumprimento-de-2016\/"},"author":{"name":"mhais","@id":"https:\/\/www.sitsesp.org.br\/novo\/#\/schema\/person\/2a4c180eb185645b3bef8657c75e305a"},"headline":"O departamento jur\u00eddico do Sitsesp\/Sitraemfa vem prestar esclarecimentos perante a categoria, acerca da a\u00e7\u00e3o de cumprimento de 2016.","datePublished":"2017-02-10T21:31:12+00:00","dateModified":"2017-02-10T21:31:12+00:00","mainEntityOfPage":{"@id":"https:\/\/www.sitsesp.org.br\/novo\/o-departamento-juridico-do-sitsesp-sitraemfa-vem-prestar-esclarecimentos-perante-a-categoria-acerca-da-acao-de-cumprimento-de-2016\/"},"wordCount":616,"commentCount":0,"publisher":{"@id":"https:\/\/www.sitsesp.org.br\/novo\/#organization"},"articleSection":["Noticias"],"inLanguage":"pt-BR","potentialAction":[{"@type":"CommentAction","name":"Comment","target":["https:\/\/www.sitsesp.org.br\/novo\/o-departamento-juridico-do-sitsesp-sitraemfa-vem-prestar-esclarecimentos-perante-a-categoria-acerca-da-acao-de-cumprimento-de-2016\/#respond"]}]},{"@type":"WebPage","@id":"https:\/\/www.sitsesp.org.br\/novo\/o-departamento-juridico-do-sitsesp-sitraemfa-vem-prestar-esclarecimentos-perante-a-categoria-acerca-da-acao-de-cumprimento-de-2016\/","url":"https:\/\/www.sitsesp.org.br\/novo\/o-departamento-juridico-do-sitsesp-sitraemfa-vem-prestar-esclarecimentos-perante-a-categoria-acerca-da-acao-de-cumprimento-de-2016\/","name":"O departamento jur\u00eddico do Sitsesp\/Sitraemfa vem prestar esclarecimentos perante a categoria, acerca da a\u00e7\u00e3o de cumprimento de 2016. - SITSESP","isPartOf":{"@id":"https:\/\/www.sitsesp.org.br\/novo\/#website"},"datePublished":"2017-02-10T21:31:12+00:00","dateModified":"2017-02-10T21:31:12+00:00","breadcrumb":{"@id":"https:\/\/www.sitsesp.org.br\/novo\/o-departamento-juridico-do-sitsesp-sitraemfa-vem-prestar-esclarecimentos-perante-a-categoria-acerca-da-acao-de-cumprimento-de-2016\/#breadcrumb"},"inLanguage":"pt-BR","potentialAction":[{"@type":"ReadAction","target":["https:\/\/www.sitsesp.org.br\/novo\/o-departamento-juridico-do-sitsesp-sitraemfa-vem-prestar-esclarecimentos-perante-a-categoria-acerca-da-acao-de-cumprimento-de-2016\/"]}]},{"@type":"BreadcrumbList","@id":"https:\/\/www.sitsesp.org.br\/novo\/o-departamento-juridico-do-sitsesp-sitraemfa-vem-prestar-esclarecimentos-perante-a-categoria-acerca-da-acao-de-cumprimento-de-2016\/#breadcrumb","itemListElement":[{"@type":"ListItem","position":1,"name":"In\u00edcio","item":"https:\/\/www.sitsesp.org.br\/novo\/"},{"@type":"ListItem","position":2,"name":"O departamento jur\u00eddico do Sitsesp\/Sitraemfa vem prestar esclarecimentos perante a categoria, acerca da a\u00e7\u00e3o de cumprimento de 2016."}]},{"@type":"WebSite","@id":"https:\/\/www.sitsesp.org.br\/novo\/#website","url":"https:\/\/www.sitsesp.org.br\/novo\/","name":"Sitsesp","description":"SIndicato da Socioeduca\u00e7\u00e3o do Estado de S\u00e3o Paulo","publisher":{"@id":"https:\/\/www.sitsesp.org.br\/novo\/#organization"},"potentialAction":[{"@type":"SearchAction","target":{"@type":"EntryPoint","urlTemplate":"https:\/\/www.sitsesp.org.br\/novo\/?s={search_term_string}"},"query-input":"required name=search_term_string"}],"inLanguage":"pt-BR"},{"@type":"Organization","@id":"https:\/\/www.sitsesp.org.br\/novo\/#organization","name":"Sitsesp","url":"https:\/\/www.sitsesp.org.br\/novo\/","logo":{"@type":"ImageObject","inLanguage":"pt-BR","@id":"https:\/\/www.sitsesp.org.br\/novo\/#\/schema\/logo\/image\/","url":"https:\/\/www.sitsesp.org.br\/novo\/wp-content\/uploads\/2020\/09\/Design-sem-nome-1.jpg","contentUrl":"https:\/\/www.sitsesp.org.br\/novo\/wp-content\/uploads\/2020\/09\/Design-sem-nome-1.jpg","width":300,"height":300,"caption":"Sitsesp"},"image":{"@id":"https:\/\/www.sitsesp.org.br\/novo\/#\/schema\/logo\/image\/"}},{"@type":"Person","@id":"https:\/\/www.sitsesp.org.br\/novo\/#\/schema\/person\/2a4c180eb185645b3bef8657c75e305a","name":"mhais","image":{"@type":"ImageObject","inLanguage":"pt-BR","@id":"https:\/\/www.sitsesp.org.br\/novo\/#\/schema\/person\/image\/","url":"https:\/\/secure.gravatar.com\/avatar\/6f4eabe86990e81328cf702edfa92a60?s=96&d=mm&r=g","contentUrl":"https:\/\/secure.gravatar.com\/avatar\/6f4eabe86990e81328cf702edfa92a60?s=96&d=mm&r=g","caption":"mhais"},"sameAs":["http:\/\/localhost\/sitsesp"]}]}},"_links":{"self":[{"href":"https:\/\/www.sitsesp.org.br\/novo\/wp-json\/wp\/v2\/posts\/2054"}],"collection":[{"href":"https:\/\/www.sitsesp.org.br\/novo\/wp-json\/wp\/v2\/posts"}],"about":[{"href":"https:\/\/www.sitsesp.org.br\/novo\/wp-json\/wp\/v2\/types\/post"}],"author":[{"embeddable":true,"href":"https:\/\/www.sitsesp.org.br\/novo\/wp-json\/wp\/v2\/users\/1"}],"replies":[{"embeddable":true,"href":"https:\/\/www.sitsesp.org.br\/novo\/wp-json\/wp\/v2\/comments?post=2054"}],"version-history":[{"count":0,"href":"https:\/\/www.sitsesp.org.br\/novo\/wp-json\/wp\/v2\/posts\/2054\/revisions"}],"wp:attachment":[{"href":"https:\/\/www.sitsesp.org.br\/novo\/wp-json\/wp\/v2\/media?parent=2054"}],"wp:term":[{"taxonomy":"category","embeddable":true,"href":"https:\/\/www.sitsesp.org.br\/novo\/wp-json\/wp\/v2\/categories?post=2054"},{"taxonomy":"post_tag","embeddable":true,"href":"https:\/\/www.sitsesp.org.br\/novo\/wp-json\/wp\/v2\/tags?post=2054"}],"curies":[{"name":"wp","href":"https:\/\/api.w.org\/{rel}","templated":true}]}}