{"id":2055,"date":"2017-02-11T18:45:41","date_gmt":"2017-02-11T20:45:41","guid":{"rendered":"https:\/\/pecorari-cloud72.pecoraricloud.com.br\/~sitsesporg\/assembleia-geral-de-campanha-salarial-2017-aprova-pauta-de-reivindicacoes-2017\/"},"modified":"2017-02-11T18:45:41","modified_gmt":"2017-02-11T20:45:41","slug":"assembleia-geral-de-campanha-salarial-2017-aprova-pauta-de-reivindicacoes-2017","status":"publish","type":"post","link":"https:\/\/www.sitsesp.org.br\/novo\/assembleia-geral-de-campanha-salarial-2017-aprova-pauta-de-reivindicacoes-2017\/","title":{"rendered":"Assembleia Geral de Campanha Salarial 2017 aprova pauta de reivindica\u00e7\u00f5es 2017"},"content":{"rendered":"<p><!-- VideographyWP Plugin Message: Automatic video embedding prevented by plugin options. --><\/p>\n<p>Na assembleia estiveram presentes, al&#233;m da dire&#231;&#227;o do Sitsesp\/Sitraemfa, o presidente Aldo Dami&#227;o, os advogados Ronaldo e Danilo respons&#225;veis pelo diss&#237;dio coletivo dos trabalhadores; Presidente da CUT, Douglas; representando o Conselho Nacional da Socioeduca&#231;&#227;o &#8211; CONASSE esteve o presidente, Cristiano Torres e o conselheiro do Esp&#237;rito Santo, Bruno Dalpiero.<\/p>\n<p>O presidente da CUT SP, Douglas ressaltou que as portas da Central sempre estar&#227;o abertas para ouvir o trabalhador, os temas que significam organizar e fortalecer o sindicalismo. O funcionalismo n&#227;o tem reposi&#231;&#227;o h&#225; dois anos, esse governo golpista aprovou a PEC 255, que representa o congelamento dos sal&#225;rios dos trabalhadores. No m&#234;s de fevereiro iremos construir comit&#234;s municipais para mostrar o retrocesso dessa PEC.<\/p>\n<p>O advogado respons&#225;vel pelo diss&#237;dio coletivo dos trabalhadores da Funda&#231;&#227;o CASA, Ronaldo explanou sobre as quest&#245;es jur&#237;dicas que abrangem a categoria. E ressaltou que nesta campanha a Institui&#231;&#227;o refor&#231;ar&#225; o seu lado de patr&#227;o, e alerta que esta campanha dever&#225; ser uma das maiores da categoria.<\/p>\n<p>&#160;&#160;&#160;&#160;&#160;&#160;&#160; Durante a assembleia esteve presente tamb&#233;m deputado federal, Major Ol&#237;mpio que ressaltou a farsa governamental sobre a previd&#234;ncia que afirma que est&#225; falida. &#8220;Isso &#233; mentira!!! E estou na luta contra esta farsa contra essa PEC. E ainda se coloco na luta desta categoria. Sou policial, filho de agente e sei da dificuldade que essa categoria passa&#8221;, finaliza.<\/p>\n<p>&#160;&#160;&#160;&#160;&#160;&#160;&#160; Para o conselheiro do Esp&#237;rito Santo, Bruno Dalpiero a uni&#227;o &#233; importante na categoria, hoje estamos discutindo a campanha salarial 2017. &#8220;Vamos nos unir, o sistema educacional precisa de S&#227;o Paulo, o Brasil precisa desta uni&#227;o&#8221;.<\/p>\n<p>&#160;&#160;&#160;&#160;&#160;&#160;&#160; O presidente do CONASSE relatou as lutas que est&#227;o sendo travadas em Bras&#237;lia. At&#233; h&#225; pouco tempo n&#227;o se ouvia a men&#231;&#227;o da socioeduca&#231;&#227;o. Junto aos deputados o Conselho luta pelo reconhecimento da categoria, que se enquadra como periculosa. Outro item est&#225; no porte de arma e pela implanta&#231;&#227;o nacional do dia do socioeducador para o dia 04\/10, data em que morreu Francisco Calixto, no mesmo projeto pedimos a regulamenta&#231;&#227;o da profissionaliza&#231;&#227;o da socioeduca&#231;&#227;o.<\/p>\n<p>&#160;<\/p>\n<p>CAMPANHA SALARIAL 2017<\/p>\n<p>&#160;&#160;&#160;&#160;&#160;&#160;&#160; Num primeiro momento foi referendada a comiss&#227;o que dever&#225; se reunir com a Central &#218;nica dos Trabalhadores, para discutir a quest&#227;o sindical.<\/p>\n<p>&#160;&#160;&#160;&#160;&#160;&#160;&#160; Foram lidas para assembleia num primeiro momento as propostas econ&#244;micas, que entre elas est&#227;o reajuste salarial, vale refei&#231;&#227;o e alimenta&#231;&#227;o. Logo depois foram lidas as propostas referendadas nas reuni&#245;es setoriais.<\/p>\n<p>&#160;&#160;&#160;&#160;&#160;&#160;&#160; Os destaques foram encaminhados &#224; mesa para inclus&#227;o da pauta. Ap&#243;s explana&#231;&#227;o e destaques os trabalhadores aprovaram a pauta de reivindica&#231;&#245;es.<\/p>\n<p>&#160;&#160;&#160;&#160;&#160;&#160;&#160; Entre os itens reivindicados e aprovados pelos trabalhadores foram o percentual de negocia&#231;&#227;o de 11,55%, recomposi&#231;&#227;o salarial de 6,5%, e mais 5% de reivindica&#231;&#227;o de aumento real de sal&#225;rio.<\/p>\n<p>&#160;&#160;&#160;&#160;&#160;&#160;&#160; O revezamento esteve entre os itens que gerou maior pol&#234;mica, no entanto, os trabalhadores chegaram a um consenso decidiram por excluir o item de reivindica&#231;&#227;o.<\/p>\n<p>Ap&#243;s a aprova&#231;&#227;o da pauta de reivindica&#231;&#245;es os trabalhadores elegeram a comiss&#227;o que dever&#225; acompanhar as negocia&#231;&#245;es da campanha salarial 2017. Foram eleitos dois trabalhadores, (titular e suplente) do litoral, quatro do interior, (2 titulares e 2 suplentes) e para a capital foram eleitos quatro (2 titulares e 2 suplentes).<\/p>\n","protected":false},"excerpt":{"rendered":"<p>Na assembleia estiveram presentes, al&#233;m da dire&#231;&#227;o do Sitsesp\/Sitraemfa, o presidente Aldo Dami&#227;o, os advogados Ronaldo e Danilo respons&#225;veis pelo diss&#237;dio&hellip;<\/p>\n","protected":false},"author":1,"featured_media":0,"comment_status":"open","ping_status":"open","sticky":false,"template":"","format":"standard","meta":{"cybocfi_hide_featured_image":"","footnotes":""},"categories":[22],"tags":[],"yoast_head":"<!-- This site is optimized with the Yoast SEO plugin v22.8 - https:\/\/yoast.com\/wordpress\/plugins\/seo\/ -->\n<title>Assembleia Geral de Campanha Salarial 2017 aprova pauta de reivindica\u00e7\u00f5es 2017 - SITSESP<\/title>\n<meta name=\"robots\" content=\"index, follow, max-snippet:-1, max-image-preview:large, max-video-preview:-1\" \/>\n<link rel=\"canonical\" href=\"https:\/\/www.sitsesp.org.br\/novo\/assembleia-geral-de-campanha-salarial-2017-aprova-pauta-de-reivindicacoes-2017\/\" \/>\n<meta property=\"og:locale\" content=\"pt_BR\" \/>\n<meta property=\"og:type\" content=\"article\" \/>\n<meta property=\"og:title\" content=\"Assembleia Geral de Campanha Salarial 2017 aprova pauta de reivindica\u00e7\u00f5es 2017 - SITSESP\" \/>\n<meta property=\"og:description\" content=\"Na assembleia estiveram presentes, al&#233;m da dire&#231;&#227;o do Sitsesp\/Sitraemfa, o presidente Aldo Dami&#227;o, os advogados Ronaldo e Danilo respons&#225;veis pelo diss&#237;dio&hellip;\" \/>\n<meta property=\"og:url\" content=\"https:\/\/www.sitsesp.org.br\/novo\/assembleia-geral-de-campanha-salarial-2017-aprova-pauta-de-reivindicacoes-2017\/\" \/>\n<meta property=\"og:site_name\" content=\"SITSESP\" \/>\n<meta property=\"article:published_time\" content=\"2017-02-11T20:45:41+00:00\" \/>\n<meta name=\"author\" content=\"mhais\" \/>\n<meta name=\"twitter:card\" content=\"summary_large_image\" \/>\n<meta name=\"twitter:label1\" content=\"Escrito por\" \/>\n\t<meta name=\"twitter:data1\" content=\"mhais\" \/>\n\t<meta name=\"twitter:label2\" content=\"Est. tempo de leitura\" \/>\n\t<meta name=\"twitter:data2\" content=\"3 minutos\" \/>\n<script type=\"application\/ld+json\" class=\"yoast-schema-graph\">{\"@context\":\"https:\/\/schema.org\",\"@graph\":[{\"@type\":\"Article\",\"@id\":\"https:\/\/www.sitsesp.org.br\/novo\/assembleia-geral-de-campanha-salarial-2017-aprova-pauta-de-reivindicacoes-2017\/#article\",\"isPartOf\":{\"@id\":\"https:\/\/www.sitsesp.org.br\/novo\/assembleia-geral-de-campanha-salarial-2017-aprova-pauta-de-reivindicacoes-2017\/\"},\"author\":{\"name\":\"mhais\",\"@id\":\"https:\/\/www.sitsesp.org.br\/novo\/#\/schema\/person\/2a4c180eb185645b3bef8657c75e305a\"},\"headline\":\"Assembleia Geral de Campanha Salarial 2017 aprova pauta de reivindica\u00e7\u00f5es 2017\",\"datePublished\":\"2017-02-11T20:45:41+00:00\",\"dateModified\":\"2017-02-11T20:45:41+00:00\",\"mainEntityOfPage\":{\"@id\":\"https:\/\/www.sitsesp.org.br\/novo\/assembleia-geral-de-campanha-salarial-2017-aprova-pauta-de-reivindicacoes-2017\/\"},\"wordCount\":562,\"commentCount\":0,\"publisher\":{\"@id\":\"https:\/\/www.sitsesp.org.br\/novo\/#organization\"},\"articleSection\":[\"Noticias\"],\"inLanguage\":\"pt-BR\",\"potentialAction\":[{\"@type\":\"CommentAction\",\"name\":\"Comment\",\"target\":[\"https:\/\/www.sitsesp.org.br\/novo\/assembleia-geral-de-campanha-salarial-2017-aprova-pauta-de-reivindicacoes-2017\/#respond\"]}]},{\"@type\":\"WebPage\",\"@id\":\"https:\/\/www.sitsesp.org.br\/novo\/assembleia-geral-de-campanha-salarial-2017-aprova-pauta-de-reivindicacoes-2017\/\",\"url\":\"https:\/\/www.sitsesp.org.br\/novo\/assembleia-geral-de-campanha-salarial-2017-aprova-pauta-de-reivindicacoes-2017\/\",\"name\":\"Assembleia Geral de Campanha Salarial 2017 aprova pauta de reivindica\u00e7\u00f5es 2017 - SITSESP\",\"isPartOf\":{\"@id\":\"https:\/\/www.sitsesp.org.br\/novo\/#website\"},\"datePublished\":\"2017-02-11T20:45:41+00:00\",\"dateModified\":\"2017-02-11T20:45:41+00:00\",\"breadcrumb\":{\"@id\":\"https:\/\/www.sitsesp.org.br\/novo\/assembleia-geral-de-campanha-salarial-2017-aprova-pauta-de-reivindicacoes-2017\/#breadcrumb\"},\"inLanguage\":\"pt-BR\",\"potentialAction\":[{\"@type\":\"ReadAction\",\"target\":[\"https:\/\/www.sitsesp.org.br\/novo\/assembleia-geral-de-campanha-salarial-2017-aprova-pauta-de-reivindicacoes-2017\/\"]}]},{\"@type\":\"BreadcrumbList\",\"@id\":\"https:\/\/www.sitsesp.org.br\/novo\/assembleia-geral-de-campanha-salarial-2017-aprova-pauta-de-reivindicacoes-2017\/#breadcrumb\",\"itemListElement\":[{\"@type\":\"ListItem\",\"position\":1,\"name\":\"In\u00edcio\",\"item\":\"https:\/\/www.sitsesp.org.br\/novo\/\"},{\"@type\":\"ListItem\",\"position\":2,\"name\":\"Assembleia Geral de Campanha Salarial 2017 aprova pauta de reivindica\u00e7\u00f5es 2017\"}]},{\"@type\":\"WebSite\",\"@id\":\"https:\/\/www.sitsesp.org.br\/novo\/#website\",\"url\":\"https:\/\/www.sitsesp.org.br\/novo\/\",\"name\":\"Sitsesp\",\"description\":\"SIndicato da Socioeduca\u00e7\u00e3o do Estado de S\u00e3o Paulo\",\"publisher\":{\"@id\":\"https:\/\/www.sitsesp.org.br\/novo\/#organization\"},\"potentialAction\":[{\"@type\":\"SearchAction\",\"target\":{\"@type\":\"EntryPoint\",\"urlTemplate\":\"https:\/\/www.sitsesp.org.br\/novo\/?s={search_term_string}\"},\"query-input\":\"required name=search_term_string\"}],\"inLanguage\":\"pt-BR\"},{\"@type\":\"Organization\",\"@id\":\"https:\/\/www.sitsesp.org.br\/novo\/#organization\",\"name\":\"Sitsesp\",\"url\":\"https:\/\/www.sitsesp.org.br\/novo\/\",\"logo\":{\"@type\":\"ImageObject\",\"inLanguage\":\"pt-BR\",\"@id\":\"https:\/\/www.sitsesp.org.br\/novo\/#\/schema\/logo\/image\/\",\"url\":\"https:\/\/www.sitsesp.org.br\/novo\/wp-content\/uploads\/2020\/09\/Design-sem-nome-1.jpg\",\"contentUrl\":\"https:\/\/www.sitsesp.org.br\/novo\/wp-content\/uploads\/2020\/09\/Design-sem-nome-1.jpg\",\"width\":300,\"height\":300,\"caption\":\"Sitsesp\"},\"image\":{\"@id\":\"https:\/\/www.sitsesp.org.br\/novo\/#\/schema\/logo\/image\/\"}},{\"@type\":\"Person\",\"@id\":\"https:\/\/www.sitsesp.org.br\/novo\/#\/schema\/person\/2a4c180eb185645b3bef8657c75e305a\",\"name\":\"mhais\",\"image\":{\"@type\":\"ImageObject\",\"inLanguage\":\"pt-BR\",\"@id\":\"https:\/\/www.sitsesp.org.br\/novo\/#\/schema\/person\/image\/\",\"url\":\"https:\/\/secure.gravatar.com\/avatar\/6f4eabe86990e81328cf702edfa92a60?s=96&d=mm&r=g\",\"contentUrl\":\"https:\/\/secure.gravatar.com\/avatar\/6f4eabe86990e81328cf702edfa92a60?s=96&d=mm&r=g\",\"caption\":\"mhais\"},\"sameAs\":[\"http:\/\/localhost\/sitsesp\"]}]}<\/script>\n<!-- \/ Yoast SEO plugin. -->","yoast_head_json":{"title":"Assembleia Geral de Campanha Salarial 2017 aprova pauta de reivindica\u00e7\u00f5es 2017 - SITSESP","robots":{"index":"index","follow":"follow","max-snippet":"max-snippet:-1","max-image-preview":"max-image-preview:large","max-video-preview":"max-video-preview:-1"},"canonical":"https:\/\/www.sitsesp.org.br\/novo\/assembleia-geral-de-campanha-salarial-2017-aprova-pauta-de-reivindicacoes-2017\/","og_locale":"pt_BR","og_type":"article","og_title":"Assembleia Geral de Campanha Salarial 2017 aprova pauta de reivindica\u00e7\u00f5es 2017 - SITSESP","og_description":"Na assembleia estiveram presentes, al&#233;m da dire&#231;&#227;o do Sitsesp\/Sitraemfa, o presidente Aldo Dami&#227;o, os advogados Ronaldo e Danilo respons&#225;veis pelo diss&#237;dio&hellip;","og_url":"https:\/\/www.sitsesp.org.br\/novo\/assembleia-geral-de-campanha-salarial-2017-aprova-pauta-de-reivindicacoes-2017\/","og_site_name":"SITSESP","article_published_time":"2017-02-11T20:45:41+00:00","author":"mhais","twitter_card":"summary_large_image","twitter_misc":{"Escrito por":"mhais","Est. tempo de leitura":"3 minutos"},"schema":{"@context":"https:\/\/schema.org","@graph":[{"@type":"Article","@id":"https:\/\/www.sitsesp.org.br\/novo\/assembleia-geral-de-campanha-salarial-2017-aprova-pauta-de-reivindicacoes-2017\/#article","isPartOf":{"@id":"https:\/\/www.sitsesp.org.br\/novo\/assembleia-geral-de-campanha-salarial-2017-aprova-pauta-de-reivindicacoes-2017\/"},"author":{"name":"mhais","@id":"https:\/\/www.sitsesp.org.br\/novo\/#\/schema\/person\/2a4c180eb185645b3bef8657c75e305a"},"headline":"Assembleia Geral de Campanha Salarial 2017 aprova pauta de reivindica\u00e7\u00f5es 2017","datePublished":"2017-02-11T20:45:41+00:00","dateModified":"2017-02-11T20:45:41+00:00","mainEntityOfPage":{"@id":"https:\/\/www.sitsesp.org.br\/novo\/assembleia-geral-de-campanha-salarial-2017-aprova-pauta-de-reivindicacoes-2017\/"},"wordCount":562,"commentCount":0,"publisher":{"@id":"https:\/\/www.sitsesp.org.br\/novo\/#organization"},"articleSection":["Noticias"],"inLanguage":"pt-BR","potentialAction":[{"@type":"CommentAction","name":"Comment","target":["https:\/\/www.sitsesp.org.br\/novo\/assembleia-geral-de-campanha-salarial-2017-aprova-pauta-de-reivindicacoes-2017\/#respond"]}]},{"@type":"WebPage","@id":"https:\/\/www.sitsesp.org.br\/novo\/assembleia-geral-de-campanha-salarial-2017-aprova-pauta-de-reivindicacoes-2017\/","url":"https:\/\/www.sitsesp.org.br\/novo\/assembleia-geral-de-campanha-salarial-2017-aprova-pauta-de-reivindicacoes-2017\/","name":"Assembleia Geral de Campanha Salarial 2017 aprova pauta de reivindica\u00e7\u00f5es 2017 - SITSESP","isPartOf":{"@id":"https:\/\/www.sitsesp.org.br\/novo\/#website"},"datePublished":"2017-02-11T20:45:41+00:00","dateModified":"2017-02-11T20:45:41+00:00","breadcrumb":{"@id":"https:\/\/www.sitsesp.org.br\/novo\/assembleia-geral-de-campanha-salarial-2017-aprova-pauta-de-reivindicacoes-2017\/#breadcrumb"},"inLanguage":"pt-BR","potentialAction":[{"@type":"ReadAction","target":["https:\/\/www.sitsesp.org.br\/novo\/assembleia-geral-de-campanha-salarial-2017-aprova-pauta-de-reivindicacoes-2017\/"]}]},{"@type":"BreadcrumbList","@id":"https:\/\/www.sitsesp.org.br\/novo\/assembleia-geral-de-campanha-salarial-2017-aprova-pauta-de-reivindicacoes-2017\/#breadcrumb","itemListElement":[{"@type":"ListItem","position":1,"name":"In\u00edcio","item":"https:\/\/www.sitsesp.org.br\/novo\/"},{"@type":"ListItem","position":2,"name":"Assembleia Geral de Campanha Salarial 2017 aprova pauta de reivindica\u00e7\u00f5es 2017"}]},{"@type":"WebSite","@id":"https:\/\/www.sitsesp.org.br\/novo\/#website","url":"https:\/\/www.sitsesp.org.br\/novo\/","name":"Sitsesp","description":"SIndicato da Socioeduca\u00e7\u00e3o do Estado de S\u00e3o Paulo","publisher":{"@id":"https:\/\/www.sitsesp.org.br\/novo\/#organization"},"potentialAction":[{"@type":"SearchAction","target":{"@type":"EntryPoint","urlTemplate":"https:\/\/www.sitsesp.org.br\/novo\/?s={search_term_string}"},"query-input":"required name=search_term_string"}],"inLanguage":"pt-BR"},{"@type":"Organization","@id":"https:\/\/www.sitsesp.org.br\/novo\/#organization","name":"Sitsesp","url":"https:\/\/www.sitsesp.org.br\/novo\/","logo":{"@type":"ImageObject","inLanguage":"pt-BR","@id":"https:\/\/www.sitsesp.org.br\/novo\/#\/schema\/logo\/image\/","url":"https:\/\/www.sitsesp.org.br\/novo\/wp-content\/uploads\/2020\/09\/Design-sem-nome-1.jpg","contentUrl":"https:\/\/www.sitsesp.org.br\/novo\/wp-content\/uploads\/2020\/09\/Design-sem-nome-1.jpg","width":300,"height":300,"caption":"Sitsesp"},"image":{"@id":"https:\/\/www.sitsesp.org.br\/novo\/#\/schema\/logo\/image\/"}},{"@type":"Person","@id":"https:\/\/www.sitsesp.org.br\/novo\/#\/schema\/person\/2a4c180eb185645b3bef8657c75e305a","name":"mhais","image":{"@type":"ImageObject","inLanguage":"pt-BR","@id":"https:\/\/www.sitsesp.org.br\/novo\/#\/schema\/person\/image\/","url":"https:\/\/secure.gravatar.com\/avatar\/6f4eabe86990e81328cf702edfa92a60?s=96&d=mm&r=g","contentUrl":"https:\/\/secure.gravatar.com\/avatar\/6f4eabe86990e81328cf702edfa92a60?s=96&d=mm&r=g","caption":"mhais"},"sameAs":["http:\/\/localhost\/sitsesp"]}]}},"_links":{"self":[{"href":"https:\/\/www.sitsesp.org.br\/novo\/wp-json\/wp\/v2\/posts\/2055"}],"collection":[{"href":"https:\/\/www.sitsesp.org.br\/novo\/wp-json\/wp\/v2\/posts"}],"about":[{"href":"https:\/\/www.sitsesp.org.br\/novo\/wp-json\/wp\/v2\/types\/post"}],"author":[{"embeddable":true,"href":"https:\/\/www.sitsesp.org.br\/novo\/wp-json\/wp\/v2\/users\/1"}],"replies":[{"embeddable":true,"href":"https:\/\/www.sitsesp.org.br\/novo\/wp-json\/wp\/v2\/comments?post=2055"}],"version-history":[{"count":0,"href":"https:\/\/www.sitsesp.org.br\/novo\/wp-json\/wp\/v2\/posts\/2055\/revisions"}],"wp:attachment":[{"href":"https:\/\/www.sitsesp.org.br\/novo\/wp-json\/wp\/v2\/media?parent=2055"}],"wp:term":[{"taxonomy":"category","embeddable":true,"href":"https:\/\/www.sitsesp.org.br\/novo\/wp-json\/wp\/v2\/categories?post=2055"},{"taxonomy":"post_tag","embeddable":true,"href":"https:\/\/www.sitsesp.org.br\/novo\/wp-json\/wp\/v2\/tags?post=2055"}],"curies":[{"name":"wp","href":"https:\/\/api.w.org\/{rel}","templated":true}]}}