{"id":2056,"date":"2017-02-17T15:40:36","date_gmt":"2017-02-17T17:40:36","guid":{"rendered":"https:\/\/pecorari-cloud72.pecoraricloud.com.br\/~sitsesporg\/dia-estadual-dos-agentes-socioeducadores-2\/"},"modified":"2017-02-17T15:40:36","modified_gmt":"2017-02-17T17:40:36","slug":"dia-estadual-dos-agentes-socioeducadores-2","status":"publish","type":"post","link":"https:\/\/www.sitsesp.org.br\/novo\/dia-estadual-dos-agentes-socioeducadores-2\/","title":{"rendered":"Dia Estadual dos Agentes Socioeducadores"},"content":{"rendered":"<p><!-- VideographyWP Plugin Message: Automatic video embedding prevented by plugin options. --><\/p>\n<p>Neste dia, h&#225; 11 anos, 1751 trabalhadores foram injustamente demitidos e apresentados &#224; sociedade como maus funcion&#225;rios, espancadores de menores, banda podre da institui&#231;&#227;o, conforme noticiado pela imprensa &#224; &#233;poca.<\/p>\n<p>Hoje, 17\/02 lembramos todos &#224;queles que sofreram humilha&#231;&#245;es diante da sociedade e tiveram suas dignidades jogadas na lama. Muitos passaram necessidades at&#233; mesmo de alimentar suas fam&#237;lias.<\/p>\n<p>Hoje, 17\/02 enaltecemos a esses mesmos trabalhadores que lutaram e ainda lutam para enaltecer o profissional da socioeduca&#231;&#227;o. Saudamos a todos aqueles que enfrentam os sabores e dissabores de trabalharem na socioeduca&#231;&#227;o, que d&#227;o suas energias para tornar essa profiss&#227;o mais digna a cada dia. De uma profiss&#227;o que &#233; necess&#225;ria e essencial ao servi&#231;o publico.<\/p>\n<p>&#160;&#160;&#160;&#160;&#160;&#160;&#160; &#160;&#8220;Dia Estadual dos Agentes Socioeducadores&#8221;, est&#225; Lei j&#225; aprovada, &#233; uma iniciativa dos Dirigentes Sindicais da atual Gest&#227;o SITSESP\/SITRAEMFA, institu&#237;da pelo Nobre Mandato do DEP. Carlos Giannazi.<\/p>\n<p>&#160;<\/p>\n<p style=\"padding-left: 300px;\"><strong>LEI No 16.202, DE 20 DE ABRIL DE 2016<\/strong> (Projeto de lei no 1273\/14, do Deputado Carlos Giannazi &#8211; PSOL) Institui o &#8220;Dia Estadual dos Agentes Socioeducadores&#8221; O GOVERNADOR DO ESTADO DE S&#195;O PAULO: Fa&#231;o saber que a Assembleia Legislativa decreta e eu promulgo a seguinte lei: Artigo 1o &#8211; Fica institu&#237;do o &#8220;Dia Estadual dos Agentes Socioeducadores&#8221;, a ser celebrado, anualmente, em 17 de fevereiro. Artigo 2o &#8211; Esta lei entra em vigor na data de sua publica&#231;&#227;o. Pal&#225;cio dos Bandeirantes, 20 de abril de 2016. GERALDO ALCKMIN<\/p>\n","protected":false},"excerpt":{"rendered":"<p>Neste dia, h&#225; 11 anos, 1751 trabalhadores foram injustamente demitidos e apresentados &#224; sociedade como maus funcion&#225;rios, espancadores de menores, banda&hellip;<\/p>\n","protected":false},"author":1,"featured_media":0,"comment_status":"open","ping_status":"open","sticky":false,"template":"","format":"standard","meta":{"cybocfi_hide_featured_image":"","footnotes":""},"categories":[22],"tags":[],"yoast_head":"<!-- This site is optimized with the Yoast SEO plugin v22.8 - https:\/\/yoast.com\/wordpress\/plugins\/seo\/ -->\n<title>Dia Estadual dos Agentes Socioeducadores - SITSESP<\/title>\n<meta name=\"robots\" content=\"index, follow, max-snippet:-1, max-image-preview:large, max-video-preview:-1\" \/>\n<link rel=\"canonical\" href=\"https:\/\/www.sitsesp.org.br\/novo\/dia-estadual-dos-agentes-socioeducadores-2\/\" \/>\n<meta property=\"og:locale\" content=\"pt_BR\" \/>\n<meta property=\"og:type\" content=\"article\" \/>\n<meta property=\"og:title\" content=\"Dia Estadual dos Agentes Socioeducadores - SITSESP\" \/>\n<meta property=\"og:description\" content=\"Neste dia, h&#225; 11 anos, 1751 trabalhadores foram injustamente demitidos e apresentados &#224; sociedade como maus funcion&#225;rios, espancadores de menores, banda&hellip;\" \/>\n<meta property=\"og:url\" content=\"https:\/\/www.sitsesp.org.br\/novo\/dia-estadual-dos-agentes-socioeducadores-2\/\" \/>\n<meta property=\"og:site_name\" content=\"SITSESP\" \/>\n<meta property=\"article:published_time\" content=\"2017-02-17T17:40:36+00:00\" \/>\n<meta name=\"author\" content=\"mhais\" \/>\n<meta name=\"twitter:card\" content=\"summary_large_image\" \/>\n<meta name=\"twitter:label1\" content=\"Escrito por\" \/>\n\t<meta name=\"twitter:data1\" content=\"mhais\" \/>\n\t<meta name=\"twitter:label2\" content=\"Est. tempo de leitura\" \/>\n\t<meta name=\"twitter:data2\" content=\"1 minuto\" \/>\n<script type=\"application\/ld+json\" class=\"yoast-schema-graph\">{\"@context\":\"https:\/\/schema.org\",\"@graph\":[{\"@type\":\"Article\",\"@id\":\"https:\/\/www.sitsesp.org.br\/novo\/dia-estadual-dos-agentes-socioeducadores-2\/#article\",\"isPartOf\":{\"@id\":\"https:\/\/www.sitsesp.org.br\/novo\/dia-estadual-dos-agentes-socioeducadores-2\/\"},\"author\":{\"name\":\"mhais\",\"@id\":\"https:\/\/www.sitsesp.org.br\/novo\/#\/schema\/person\/2a4c180eb185645b3bef8657c75e305a\"},\"headline\":\"Dia Estadual dos Agentes Socioeducadores\",\"datePublished\":\"2017-02-17T17:40:36+00:00\",\"dateModified\":\"2017-02-17T17:40:36+00:00\",\"mainEntityOfPage\":{\"@id\":\"https:\/\/www.sitsesp.org.br\/novo\/dia-estadual-dos-agentes-socioeducadores-2\/\"},\"wordCount\":238,\"commentCount\":0,\"publisher\":{\"@id\":\"https:\/\/www.sitsesp.org.br\/novo\/#organization\"},\"articleSection\":[\"Noticias\"],\"inLanguage\":\"pt-BR\",\"potentialAction\":[{\"@type\":\"CommentAction\",\"name\":\"Comment\",\"target\":[\"https:\/\/www.sitsesp.org.br\/novo\/dia-estadual-dos-agentes-socioeducadores-2\/#respond\"]}]},{\"@type\":\"WebPage\",\"@id\":\"https:\/\/www.sitsesp.org.br\/novo\/dia-estadual-dos-agentes-socioeducadores-2\/\",\"url\":\"https:\/\/www.sitsesp.org.br\/novo\/dia-estadual-dos-agentes-socioeducadores-2\/\",\"name\":\"Dia Estadual dos Agentes Socioeducadores - SITSESP\",\"isPartOf\":{\"@id\":\"https:\/\/www.sitsesp.org.br\/novo\/#website\"},\"datePublished\":\"2017-02-17T17:40:36+00:00\",\"dateModified\":\"2017-02-17T17:40:36+00:00\",\"breadcrumb\":{\"@id\":\"https:\/\/www.sitsesp.org.br\/novo\/dia-estadual-dos-agentes-socioeducadores-2\/#breadcrumb\"},\"inLanguage\":\"pt-BR\",\"potentialAction\":[{\"@type\":\"ReadAction\",\"target\":[\"https:\/\/www.sitsesp.org.br\/novo\/dia-estadual-dos-agentes-socioeducadores-2\/\"]}]},{\"@type\":\"BreadcrumbList\",\"@id\":\"https:\/\/www.sitsesp.org.br\/novo\/dia-estadual-dos-agentes-socioeducadores-2\/#breadcrumb\",\"itemListElement\":[{\"@type\":\"ListItem\",\"position\":1,\"name\":\"In\u00edcio\",\"item\":\"https:\/\/www.sitsesp.org.br\/novo\/\"},{\"@type\":\"ListItem\",\"position\":2,\"name\":\"Dia Estadual dos Agentes Socioeducadores\"}]},{\"@type\":\"WebSite\",\"@id\":\"https:\/\/www.sitsesp.org.br\/novo\/#website\",\"url\":\"https:\/\/www.sitsesp.org.br\/novo\/\",\"name\":\"Sitsesp\",\"description\":\"SIndicato da Socioeduca\u00e7\u00e3o do Estado de S\u00e3o Paulo\",\"publisher\":{\"@id\":\"https:\/\/www.sitsesp.org.br\/novo\/#organization\"},\"potentialAction\":[{\"@type\":\"SearchAction\",\"target\":{\"@type\":\"EntryPoint\",\"urlTemplate\":\"https:\/\/www.sitsesp.org.br\/novo\/?s={search_term_string}\"},\"query-input\":\"required name=search_term_string\"}],\"inLanguage\":\"pt-BR\"},{\"@type\":\"Organization\",\"@id\":\"https:\/\/www.sitsesp.org.br\/novo\/#organization\",\"name\":\"Sitsesp\",\"url\":\"https:\/\/www.sitsesp.org.br\/novo\/\",\"logo\":{\"@type\":\"ImageObject\",\"inLanguage\":\"pt-BR\",\"@id\":\"https:\/\/www.sitsesp.org.br\/novo\/#\/schema\/logo\/image\/\",\"url\":\"https:\/\/www.sitsesp.org.br\/novo\/wp-content\/uploads\/2020\/09\/Design-sem-nome-1.jpg\",\"contentUrl\":\"https:\/\/www.sitsesp.org.br\/novo\/wp-content\/uploads\/2020\/09\/Design-sem-nome-1.jpg\",\"width\":300,\"height\":300,\"caption\":\"Sitsesp\"},\"image\":{\"@id\":\"https:\/\/www.sitsesp.org.br\/novo\/#\/schema\/logo\/image\/\"}},{\"@type\":\"Person\",\"@id\":\"https:\/\/www.sitsesp.org.br\/novo\/#\/schema\/person\/2a4c180eb185645b3bef8657c75e305a\",\"name\":\"mhais\",\"image\":{\"@type\":\"ImageObject\",\"inLanguage\":\"pt-BR\",\"@id\":\"https:\/\/www.sitsesp.org.br\/novo\/#\/schema\/person\/image\/\",\"url\":\"https:\/\/secure.gravatar.com\/avatar\/6f4eabe86990e81328cf702edfa92a60?s=96&d=mm&r=g\",\"contentUrl\":\"https:\/\/secure.gravatar.com\/avatar\/6f4eabe86990e81328cf702edfa92a60?s=96&d=mm&r=g\",\"caption\":\"mhais\"},\"sameAs\":[\"http:\/\/localhost\/sitsesp\"]}]}<\/script>\n<!-- \/ Yoast SEO plugin. -->","yoast_head_json":{"title":"Dia Estadual dos Agentes Socioeducadores - SITSESP","robots":{"index":"index","follow":"follow","max-snippet":"max-snippet:-1","max-image-preview":"max-image-preview:large","max-video-preview":"max-video-preview:-1"},"canonical":"https:\/\/www.sitsesp.org.br\/novo\/dia-estadual-dos-agentes-socioeducadores-2\/","og_locale":"pt_BR","og_type":"article","og_title":"Dia Estadual dos Agentes Socioeducadores - SITSESP","og_description":"Neste dia, h&#225; 11 anos, 1751 trabalhadores foram injustamente demitidos e apresentados &#224; sociedade como maus funcion&#225;rios, espancadores de menores, banda&hellip;","og_url":"https:\/\/www.sitsesp.org.br\/novo\/dia-estadual-dos-agentes-socioeducadores-2\/","og_site_name":"SITSESP","article_published_time":"2017-02-17T17:40:36+00:00","author":"mhais","twitter_card":"summary_large_image","twitter_misc":{"Escrito por":"mhais","Est. tempo de leitura":"1 minuto"},"schema":{"@context":"https:\/\/schema.org","@graph":[{"@type":"Article","@id":"https:\/\/www.sitsesp.org.br\/novo\/dia-estadual-dos-agentes-socioeducadores-2\/#article","isPartOf":{"@id":"https:\/\/www.sitsesp.org.br\/novo\/dia-estadual-dos-agentes-socioeducadores-2\/"},"author":{"name":"mhais","@id":"https:\/\/www.sitsesp.org.br\/novo\/#\/schema\/person\/2a4c180eb185645b3bef8657c75e305a"},"headline":"Dia Estadual dos Agentes Socioeducadores","datePublished":"2017-02-17T17:40:36+00:00","dateModified":"2017-02-17T17:40:36+00:00","mainEntityOfPage":{"@id":"https:\/\/www.sitsesp.org.br\/novo\/dia-estadual-dos-agentes-socioeducadores-2\/"},"wordCount":238,"commentCount":0,"publisher":{"@id":"https:\/\/www.sitsesp.org.br\/novo\/#organization"},"articleSection":["Noticias"],"inLanguage":"pt-BR","potentialAction":[{"@type":"CommentAction","name":"Comment","target":["https:\/\/www.sitsesp.org.br\/novo\/dia-estadual-dos-agentes-socioeducadores-2\/#respond"]}]},{"@type":"WebPage","@id":"https:\/\/www.sitsesp.org.br\/novo\/dia-estadual-dos-agentes-socioeducadores-2\/","url":"https:\/\/www.sitsesp.org.br\/novo\/dia-estadual-dos-agentes-socioeducadores-2\/","name":"Dia Estadual dos Agentes Socioeducadores - SITSESP","isPartOf":{"@id":"https:\/\/www.sitsesp.org.br\/novo\/#website"},"datePublished":"2017-02-17T17:40:36+00:00","dateModified":"2017-02-17T17:40:36+00:00","breadcrumb":{"@id":"https:\/\/www.sitsesp.org.br\/novo\/dia-estadual-dos-agentes-socioeducadores-2\/#breadcrumb"},"inLanguage":"pt-BR","potentialAction":[{"@type":"ReadAction","target":["https:\/\/www.sitsesp.org.br\/novo\/dia-estadual-dos-agentes-socioeducadores-2\/"]}]},{"@type":"BreadcrumbList","@id":"https:\/\/www.sitsesp.org.br\/novo\/dia-estadual-dos-agentes-socioeducadores-2\/#breadcrumb","itemListElement":[{"@type":"ListItem","position":1,"name":"In\u00edcio","item":"https:\/\/www.sitsesp.org.br\/novo\/"},{"@type":"ListItem","position":2,"name":"Dia Estadual dos Agentes Socioeducadores"}]},{"@type":"WebSite","@id":"https:\/\/www.sitsesp.org.br\/novo\/#website","url":"https:\/\/www.sitsesp.org.br\/novo\/","name":"Sitsesp","description":"SIndicato da Socioeduca\u00e7\u00e3o do Estado de S\u00e3o Paulo","publisher":{"@id":"https:\/\/www.sitsesp.org.br\/novo\/#organization"},"potentialAction":[{"@type":"SearchAction","target":{"@type":"EntryPoint","urlTemplate":"https:\/\/www.sitsesp.org.br\/novo\/?s={search_term_string}"},"query-input":"required name=search_term_string"}],"inLanguage":"pt-BR"},{"@type":"Organization","@id":"https:\/\/www.sitsesp.org.br\/novo\/#organization","name":"Sitsesp","url":"https:\/\/www.sitsesp.org.br\/novo\/","logo":{"@type":"ImageObject","inLanguage":"pt-BR","@id":"https:\/\/www.sitsesp.org.br\/novo\/#\/schema\/logo\/image\/","url":"https:\/\/www.sitsesp.org.br\/novo\/wp-content\/uploads\/2020\/09\/Design-sem-nome-1.jpg","contentUrl":"https:\/\/www.sitsesp.org.br\/novo\/wp-content\/uploads\/2020\/09\/Design-sem-nome-1.jpg","width":300,"height":300,"caption":"Sitsesp"},"image":{"@id":"https:\/\/www.sitsesp.org.br\/novo\/#\/schema\/logo\/image\/"}},{"@type":"Person","@id":"https:\/\/www.sitsesp.org.br\/novo\/#\/schema\/person\/2a4c180eb185645b3bef8657c75e305a","name":"mhais","image":{"@type":"ImageObject","inLanguage":"pt-BR","@id":"https:\/\/www.sitsesp.org.br\/novo\/#\/schema\/person\/image\/","url":"https:\/\/secure.gravatar.com\/avatar\/6f4eabe86990e81328cf702edfa92a60?s=96&d=mm&r=g","contentUrl":"https:\/\/secure.gravatar.com\/avatar\/6f4eabe86990e81328cf702edfa92a60?s=96&d=mm&r=g","caption":"mhais"},"sameAs":["http:\/\/localhost\/sitsesp"]}]}},"_links":{"self":[{"href":"https:\/\/www.sitsesp.org.br\/novo\/wp-json\/wp\/v2\/posts\/2056"}],"collection":[{"href":"https:\/\/www.sitsesp.org.br\/novo\/wp-json\/wp\/v2\/posts"}],"about":[{"href":"https:\/\/www.sitsesp.org.br\/novo\/wp-json\/wp\/v2\/types\/post"}],"author":[{"embeddable":true,"href":"https:\/\/www.sitsesp.org.br\/novo\/wp-json\/wp\/v2\/users\/1"}],"replies":[{"embeddable":true,"href":"https:\/\/www.sitsesp.org.br\/novo\/wp-json\/wp\/v2\/comments?post=2056"}],"version-history":[{"count":0,"href":"https:\/\/www.sitsesp.org.br\/novo\/wp-json\/wp\/v2\/posts\/2056\/revisions"}],"wp:attachment":[{"href":"https:\/\/www.sitsesp.org.br\/novo\/wp-json\/wp\/v2\/media?parent=2056"}],"wp:term":[{"taxonomy":"category","embeddable":true,"href":"https:\/\/www.sitsesp.org.br\/novo\/wp-json\/wp\/v2\/categories?post=2056"},{"taxonomy":"post_tag","embeddable":true,"href":"https:\/\/www.sitsesp.org.br\/novo\/wp-json\/wp\/v2\/tags?post=2056"}],"curies":[{"name":"wp","href":"https:\/\/api.w.org\/{rel}","templated":true}]}}